{"id":10364,"date":"2017-09-04T12:56:11","date_gmt":"2017-09-04T15:56:11","guid":{"rendered":"http:\/\/www.clebinho.pro.br\/?p=10364"},"modified":"2017-10-19T07:39:55","modified_gmt":"2017-10-19T10:39:55","slug":"178-era-vargas-estado-novo","status":"publish","type":"post","link":"https:\/\/www.clebinho.pro.br\/wp\/?p=10364","title":{"rendered":"178. Era Vargas: Estado Novo 1937 &#8211; 1945"},"content":{"rendered":"<p style=\"text-align: justify;\">Em nossos <a href=\"https:\/\/www.clebinho.pro.br\/wp\/wp\/?p=10324\" target=\"_blank\" rel=\"noopener\">\u00faltimos textos <\/a>abordamos as duas primeiras fases da Era Vargas, assunto conclu\u00eddo hoje com a terceira, chamada de Estado Novo.<\/p>\n<p style=\"text-align: justify;\">Ap\u00f3s o inescrupuloso <strong>Plano Cohen<\/strong>, Vargas destituiu o Congresso Nacional, assim como os poderes legislativos estaduais e municipais. As elei\u00e7\u00f5es marcadas para 1938, com os candidatos\u00a0Jos\u00e9 Am\u00e9rico de Almeida, Armando de Sales Oliveira e o integralista Pl\u00ednio Salgado foram anuladas.<\/p>\n<div id=\"attachment_10483\" style=\"width: 310px\" class=\"wp-caption aligncenter\"><a href=\"https:\/\/clebinho.pro.br\/wp\/wp-content\/uploads\/2017\/09\/GVFOTO37.jpg\"><img loading=\"lazy\" decoding=\"async\" aria-describedby=\"caption-attachment-10483\" class=\"wp-image-10483 size-medium\" src=\"https:\/\/clebinho.pro.br\/wp\/wp-content\/uploads\/2017\/09\/GVFOTO37-300x189.jpg\" alt=\"\" width=\"300\" height=\"189\" srcset=\"https:\/\/www.clebinho.pro.br\/wp\/wp-content\/uploads\/2017\/09\/GVFOTO37-300x189.jpg 300w, https:\/\/www.clebinho.pro.br\/wp\/wp-content\/uploads\/2017\/09\/GVFOTO37.jpg 469w\" sizes=\"(max-width: 300px) 100vw, 300px\" \/><\/a><p id=\"caption-attachment-10483\" class=\"wp-caption-text\">Get\u00falio instaura o Estado Novo em 10\/11\/1937 &#8211; Acervo CPDOC Funda\u00e7\u00e3o GV &#8211; RJ<\/p><\/div>\n<p style=\"text-align: justify;\">.<\/p>\n<p style=\"text-align: justify;\">Um nova constitui\u00e7\u00e3o foi promulgada, nossa quarta, com o apoio de boa parte da sociedade. Os movimentos desp\u00f3ticos de Vargas tiveram suporte da popula\u00e7\u00e3o, amedrontada pela amea\u00e7a comunista, t\u00e3o disseminada pelo governo. Com medo de perder seus bens e que a sociedade entrasse em uma barb\u00e1rie, acreditavam que um governo forte e com plenos poderes seria uma seguran\u00e7a para o pa\u00eds.<\/p>\n<p style=\"text-align: justify;\">A estrat\u00e9gia foi perfeita e o povo mais uma vez se viu levado por uma mentira. Em novembro de 1937 tem in\u00edcio o <strong>Estado Novo<\/strong>, tamb\u00e9m chamado de <strong>Ditadura Vargas<\/strong>.<\/p>\n<p style=\"text-align: justify;\"><strong><span style=\"color: #ff0000;\">Polaca\u00a0<\/span><\/strong><\/p>\n<p style=\"text-align: justify;\">Inspirada pela constitui\u00e7\u00e3o fascista polonesa, da\u00ed o apelido <strong>Polaca<\/strong>, nossa nova carta magna dava ao presidente poderes plenos. Tamb\u00e9m foram copiadas leis vigentes na It\u00e1lia de Mussolini.<\/p>\n<p style=\"text-align: justify;\">Ap\u00f3s a dissolu\u00e7\u00e3o do congresso um novo legislativo estava previsto em lei, mas isso nunca saiu do papel. O poder judici\u00e1rio estava nas m\u00e3os de Vargas, j\u00e1 que em uma ditadura sabemos que ir contra o governo central \u00e9 temer\u00e1rio.\u00a0Outros importantes itens foram a volta da pena de morte, fim do direito de greve e poderes totais a pol\u00edcia especial.<\/p>\n<p>Nosso blog j\u00e1 abordou, de forma resumida, as constitui\u00e7\u00f5es de 1934 e 1937 no <a href=\"https:\/\/www.clebinho.pro.br\/wp\/wp\/?p=1946\" target=\"_blank\" rel=\"noopener\">texto 56.<\/a><\/p>\n<p><strong><span style=\"color: #ff0000;\">DIP<\/span><\/strong><\/p>\n<p style=\"text-align: justify;\">Tamb\u00e9m foi criado o DIP (Departamento de Imprensa e Propaganda), com o objetivo de censurar a imprensa e disseminar as propagandas do governo. Utilizava v\u00e1rios meios de comunica\u00e7\u00e3o, principalmente o programa &#8220;Hora do Brasil&#8221;, criado por Vargas em 1935, retransmitido obrigatoriamente por todas as emissoras do pa\u00eds, em hor\u00e1rio nobre, a partir de 1938. Somente divulgavam atos do Poder Executivo. Atualmente a atra\u00e7\u00e3o se chama &#8220;Voz do Brasil&#8221; e ainda desperta muita pol\u00eamica em rela\u00e7\u00e3o a sua obrigatoriedade.<\/p>\n<div id=\"attachment_10497\" style=\"width: 310px\" class=\"wp-caption aligncenter\"><a href=\"https:\/\/clebinho.pro.br\/wp\/wp-content\/uploads\/2017\/09\/fAWLijsgezpeMAZVUbcCUPKv.jpeg\"><img loading=\"lazy\" decoding=\"async\" aria-describedby=\"caption-attachment-10497\" class=\"wp-image-10497 size-medium\" src=\"https:\/\/clebinho.pro.br\/wp\/wp-content\/uploads\/2017\/09\/fAWLijsgezpeMAZVUbcCUPKv-300x225.jpeg\" alt=\"\" width=\"300\" height=\"225\" srcset=\"https:\/\/www.clebinho.pro.br\/wp\/wp-content\/uploads\/2017\/09\/fAWLijsgezpeMAZVUbcCUPKv-300x225.jpeg 300w, https:\/\/www.clebinho.pro.br\/wp\/wp-content\/uploads\/2017\/09\/fAWLijsgezpeMAZVUbcCUPKv.jpeg 728w\" sizes=\"(max-width: 300px) 100vw, 300px\" \/><\/a><p id=\"caption-attachment-10497\" class=\"wp-caption-text\">O DIP se esfor\u00e7ava para divulgar a imagem de Vargas como um homem bom, caridoso, \u00a0como pode ser observado nesta propaganda com crian\u00e7as. Imagem: Internet<\/p><\/div>\n<p>.<\/p>\n<p style=\"text-align: justify;\">N\u00e3o podemos cravar o Estado Novo \u00a0como um governo fascista, pela inexist\u00eancia da quest\u00e3o racial nos discursos do governo. N\u00e3o tivemos no Brasil, at\u00e9 pela enorme miscigena\u00e7\u00e3o de nosso povo, a quest\u00e3o de ra\u00e7a pura ou superior, tema central do nazi-fascismo. As caracter\u00edsticas restantes realmente continham tra\u00e7os marcantes da ideologia criada por Mussolini, principalmente nas quest\u00f5es da centraliza\u00e7\u00e3o do poder, militarismo, censura, propaganda pessoal do l\u00edder e persegui\u00e7\u00e3o intensa a comunistas.<\/p>\n<p style=\"text-align: justify;\">Apesar de Get\u00falio ter \u00a0uma imagem de paiz\u00e3o, explorada e enaltecida pelo DIP, o Estado Novo foi um per\u00edodo ditatorial, com graves ind\u00edcios de torturas e assassinatos por parte dos agentes de seguran\u00e7a. Entenda melhor estas acusa\u00e7\u00f5es no site <a href=\"http:\/\/mundoeducacao.bol.uol.com.br\/historiadobrasil\/tortura-no-estado-novo.htm\" target=\"_blank\" rel=\"noopener\">Mundo Educa\u00e7\u00e3o.<\/a><\/p>\n<p style=\"text-align: justify;\"><span style=\"color: #ff0000;\"><strong>As Ind\u00fastrias de Base\u00a0<\/strong><\/span><\/p>\n<p style=\"text-align: justify;\">O Estado Novo n\u00e3o se constituiu s\u00f3 de pontos negativos. Vargas se notabilizou pela cria\u00e7\u00e3o das ind\u00fastrias de base, essenciais para a industrializa\u00e7\u00e3o brasileira. \u00a0Entre o per\u00edodo de 1940 e 1943 destacamos o surgimento da gigantesca CSN (Companhia Sider\u00fargica Nacional), a Companhia Vale do Rio Doce e a F\u00e1brica Nacional de Motores. Atualmente, milhares de empregos s\u00e3o gerados por essas empresas, principalmente Vale e CSN, j\u00e1 que a FNM, conhecida popularmente como &#8220;F\u00eaN\u00eaM\u00ea&#8221;, j\u00e1 se extinguiu.<\/p>\n<div id=\"attachment_10492\" style=\"width: 310px\" class=\"wp-caption aligncenter\"><a href=\"https:\/\/clebinho.pro.br\/wp\/wp-content\/uploads\/2017\/09\/CSN01.jpg\"><img loading=\"lazy\" decoding=\"async\" aria-describedby=\"caption-attachment-10492\" class=\"wp-image-10492 size-medium\" src=\"https:\/\/clebinho.pro.br\/wp\/wp-content\/uploads\/2017\/09\/CSN01-300x200.jpg\" alt=\"\" width=\"300\" height=\"200\" srcset=\"https:\/\/www.clebinho.pro.br\/wp\/wp-content\/uploads\/2017\/09\/CSN01-300x200.jpg 300w, https:\/\/www.clebinho.pro.br\/wp\/wp-content\/uploads\/2017\/09\/CSN01-768x512.jpg 768w, https:\/\/www.clebinho.pro.br\/wp\/wp-content\/uploads\/2017\/09\/CSN01-1024x683.jpg 1024w, https:\/\/www.clebinho.pro.br\/wp\/wp-content\/uploads\/2017\/09\/CSN01.jpg 1440w\" sizes=\"(max-width: 300px) 100vw, 300px\" \/><\/a><p id=\"caption-attachment-10492\" class=\"wp-caption-text\">Vista atual e parcial da CSN, maior sider\u00fargica da Am\u00e9rica Latina, gerando 19.000 emprego diretos. Est\u00e1 localizada em Volta Redonda-RJ. Imagem: Internet<\/p><\/div>\n<p style=\"text-align: justify;\">.<\/p>\n<p><strong><span style=\"color: #ff0000;\">CLT<\/span><\/strong><\/p>\n<p style=\"text-align: justify;\">Em 1\u00ba de maio de 1943, o governo Vargas criou a CLT, <strong>Consolida\u00e7\u00e3o das Leis Trabalhistas<\/strong>, uma jun\u00e7\u00e3o de regras criadas ao longo de todo o seu governo a favor do trabalhador. Entre os principais direitos adquiridos est\u00e3o\u00a0o sal\u00e1rio m\u00ednimo, a jornada di\u00e1ria de 8 horas, a carteira de trabalho, as f\u00e9rias remuneradas, a previd\u00eancia social, o fundo de garantia e o descanso semanal. A CLT tamb\u00e9m regulamentou o trabalho de menores de idade e das mulheres. Um grande marco foi a cria\u00e7\u00e3o da Justi\u00e7a do Trabalho, como o pr\u00f3prio nome j\u00e1 diz, especializada em quest\u00f5es trabalhistas.<\/p>\n<p style=\"text-align: justify;\">O DIP referia-se a Vargas como &#8220;Pai dos Pobres&#8221;. Apesar de ser uma propaganda com o objetivo de cultuar a figura do presidente, faz sentido quando percebemos o qu\u00e3o importante \u00e9 a CLT at\u00e9 os dias de hoje.<\/p>\n<p style=\"text-align: justify;\">Atualmente vivemos uma possibilidade muito perigosa de flexibiliza\u00e7\u00e3o de algumas dessas leis, o que coloca o trabalhador brasileiro bastante preocupado. N\u00e3o sabemos exatamente o resultado pr\u00e1tico dessas mudan\u00e7as e, ressabiados, temos que ficar atentos.<\/p>\n<p style=\"text-align: justify;\"><strong><span style=\"color: #ff0000;\">Entrada na 2\u00ba Guerra e Fim de Uma Era<\/span><\/strong><\/p>\n<p style=\"text-align: justify;\">Em 1939 eclodiu a maior guerra de todos os tempos em nosso planeta, tema de 5 textos <a href=\"https:\/\/www.clebinho.pro.br\/wp\/wp\/?p=4502\" target=\"_blank\" rel=\"noopener\">em nosso blog.<\/a>\u00a0 O Brasil ficou em uma situa\u00e7\u00e3o complicada, tinha um governo ditatorial como o nazista, mas estava localizado na \u00e1rea de influ\u00eancia dos EUA. Na d\u00favida, nosso governo anunciava a neutralidade e, de forma sutil, ora apoiava um lado, ora outro.<\/p>\n<p style=\"text-align: justify;\">O conflito se acirrou, em dezembro de 1941 os EUA entraram na guerra e Vargas teve que, enfim, escolher um lado. O interessante \u00e9 que vendemos nossa participa\u00e7\u00e3o na contenda. Precis\u00e1vamos de financiamento para a constru\u00e7\u00e3o da CSN, ainda hoje a maior sider\u00fargica da Am\u00e9rica Latina. Ap\u00f3s uma recusa, o governo norte-americano intermediou um empr\u00e9stimo de 20 milh\u00f5es de d\u00f3lares na \u00e9poca, definindo nosso lado no conflito. Em agosto de 1942 entramos no maior conflito de todos os tempos.<\/p>\n<p style=\"text-align: justify;\">Nosso blog j\u00e1 abordou nossa participa\u00e7\u00e3o na 2\u00ba Guerra Mundial a no texto <a href=\"https:\/\/www.clebinho.pro.br\/wp\/wp\/?p=3240\" target=\"_blank\" rel=\"noopener\">&#8220;E a Cobra Fumou&#8221;.<\/a><\/p>\n<div id=\"attachment_10490\" style=\"width: 310px\" class=\"wp-caption aligncenter\"><a href=\"https:\/\/clebinho.pro.br\/wp\/wp-content\/uploads\/2017\/09\/Vargas-e-Roosevelt-em-Natal.jpg\"><img loading=\"lazy\" decoding=\"async\" aria-describedby=\"caption-attachment-10490\" class=\"wp-image-10490 size-medium\" src=\"https:\/\/clebinho.pro.br\/wp\/wp-content\/uploads\/2017\/09\/Vargas-e-Roosevelt-em-Natal-300x212.jpg\" alt=\"\" width=\"300\" height=\"212\" srcset=\"https:\/\/www.clebinho.pro.br\/wp\/wp-content\/uploads\/2017\/09\/Vargas-e-Roosevelt-em-Natal-300x212.jpg 300w, https:\/\/www.clebinho.pro.br\/wp\/wp-content\/uploads\/2017\/09\/Vargas-e-Roosevelt-em-Natal.jpg 520w\" sizes=\"(max-width: 300px) 100vw, 300px\" \/><\/a><p id=\"caption-attachment-10490\" class=\"wp-caption-text\">O presidente Norte-americano Roosevelt (a frente) e Vargas (logo atr\u00e1s), em Natal-RN no ano de 1943. Os yankees tinham uma base a\u00e9rea no Brasil. Imagem: Internet<\/p><\/div>\n<p style=\"text-align: justify;\">.<\/p>\n<p style=\"text-align: justify;\">A escolha feita por Vargas custou caro para ele. Nossos militares foram lutar na Europa contra governos nazifascistas, e aqui dentro davam suporte a uma administra\u00e7\u00e3o com tra\u00e7os muito parecidos. Foi criado um paradoxo. Com a ditadura j\u00e1 dando sinais de esgotamento ap\u00f3s 8 anos, parte da sociedade j\u00e1 n\u00e3o suportava a situa\u00e7\u00e3o vigente e sem o apoio das for\u00e7as armadas o fim era quest\u00e3o de tempo.<\/p>\n<p style=\"text-align: justify;\">Os pr\u00f3prios militares que estiveram com Vargas durante a Revolu\u00e7\u00e3o de 1930 foram os mesmos que o retiraram do poder atrav\u00e9s de um golpe em 29 de outubro de 1945. Get\u00falio foi conduzido ao ex\u00edlio na sua cidade natal, S\u00e3o Borja, no RS.<\/p>\n<p><span style=\"color: #ff0000;\"><strong>Queremismo<\/strong><\/span><\/p>\n<p style=\"text-align: justify;\">Um fato bem curioso ocorreu antes de Vargas ser deposto. Sentido sua fragilidade, milhares de pessoas foram as ruas pedindo a continuidade do ditador, algo bem inusitado, mas compreens\u00edvel, tamanho as vantagens conquistadas pelo povo em termos trabalhistas.<\/p>\n<p style=\"text-align: justify;\">Esse movimento pol\u00edtico, com apoio das multid\u00f5es, ficou conhecido como <strong>Queremismo<\/strong>, refer\u00eancia ao slogan &#8220;Queremos Get\u00falio&#8221;. A ideia era ter elei\u00e7\u00f5es para presidente com Vargas candidato. N\u00e3o surtiu efeito, inclusive as For\u00e7as Armadas se apressaram para retirar o ga\u00facho antes que o movimento se agigantasse. Foi o fim da Era Vargas.<\/p>\n<div id=\"attachment_10488\" style=\"width: 310px\" class=\"wp-caption aligncenter\"><a href=\"https:\/\/clebinho.pro.br\/wp\/wp-content\/uploads\/2017\/09\/cda_vargasgov30-45ebn_1_0.jpg\"><img loading=\"lazy\" decoding=\"async\" aria-describedby=\"caption-attachment-10488\" class=\"wp-image-10488 size-medium\" src=\"https:\/\/clebinho.pro.br\/wp\/wp-content\/uploads\/2017\/09\/cda_vargasgov30-45ebn_1_0-300x214.jpg\" alt=\"\" width=\"300\" height=\"214\" srcset=\"https:\/\/www.clebinho.pro.br\/wp\/wp-content\/uploads\/2017\/09\/cda_vargasgov30-45ebn_1_0-300x214.jpg 300w, https:\/\/www.clebinho.pro.br\/wp\/wp-content\/uploads\/2017\/09\/cda_vargasgov30-45ebn_1_0.jpg 643w\" sizes=\"(max-width: 300px) 100vw, 300px\" \/><\/a><p id=\"caption-attachment-10488\" class=\"wp-caption-text\">Queremismo foi um movimento pol\u00edtico com o apoio de milhares de pessoas. Vargas era odiado por uns e muito amado por outros. Imagem: Internet<\/p><\/div>\n<p>.<\/p>\n<p style=\"text-align: justify;\">A sa\u00edda do poder n\u00e3o foi o cap\u00edtulo final deste que \u00e9 considerado por muitos o maior presidente da hist\u00f3ria do Brasil. Em 2 de dezembro de 1945 tivemos elei\u00e7\u00f5es diretas para o executivo e legislativo. Vargas, n\u00e3o podendo concorrer \u00e0 presid\u00eancia, foi eleito senador pelo Rio Grande do Sul, com a maior vota\u00e7\u00e3o da \u00e9poca.<\/p>\n<p style=\"text-align: justify;\">Nosso pr\u00f3ximo texto continua essa hist\u00f3ria, mostrando o sucessor de Vargas no poder, Eurico Gaspar Dutra.<\/p>\n<p style=\"text-align: justify;\"><strong>Espero ter aum<\/strong><strong>entado seu conhecimento. Curta nossa p\u00e1gina<a href=\"https:\/\/www.facebook.com\/pages\/Clebinho\/1551769148421187?ref=settings\" target=\"_blank\" rel=\"noopener noreferrer\">\u00a0no Facebook\u00a0<\/a>e compartilhe nosso texto! Abra\u00e7o do Clebinho!<\/strong><\/p>\n<p style=\"text-align: justify;\">Publicado em 05.09.2017<\/p>\n<p>&nbsp;<\/p>\n","protected":false},"excerpt":{"rendered":"<p>Em nossos \u00faltimos textos abordamos as duas primeiras fases da Era Vargas, assunto conclu\u00eddo hoje com a terceira, chamada de Estado Novo. Ap\u00f3s o inescrupuloso Plano Cohen, Vargas destituiu o Congresso Nacional, assim como os poderes legislativos estaduais e municipais. As elei\u00e7\u00f5es marcadas para 1938, com os candidatos\u00a0Jos\u00e9 Am\u00e9rico de Almeida, Armando de Sales Oliveira [&hellip;]<\/p>\n","protected":false},"author":2,"featured_media":10490,"comment_status":"open","ping_status":"open","sticky":false,"template":"","format":"standard","meta":{"footnotes":""},"categories":[8,71,1,5,3],"tags":[25,1616,1614,890,1617,341,1580,1599,858,20,372,441,1615,1601,84,1045,1600,1618],"yoast_head":"<!-- This site is optimized with the Yoast SEO plugin v20.3 - https:\/\/yoast.com\/wordpress\/plugins\/seo\/ -->\n<title>178. Era Vargas: Estado Novo 1937 - 1945 - Blog do Professor Clebinho<\/title>\n<meta name=\"robots\" content=\"index, follow, max-snippet:-1, max-image-preview:large, max-video-preview:-1\" \/>\n<link rel=\"canonical\" href=\"https:\/\/www.clebinho.pro.br\/wp\/?p=10364\" \/>\n<meta property=\"og:locale\" content=\"pt_BR\" \/>\n<meta property=\"og:type\" content=\"article\" \/>\n<meta property=\"og:title\" content=\"178. Era Vargas: Estado Novo 1937 - 1945 - Blog do Professor Clebinho\" \/>\n<meta property=\"og:description\" content=\"Em nossos \u00faltimos textos abordamos as duas primeiras fases da Era Vargas, assunto conclu\u00eddo hoje com a terceira, chamada de Estado Novo. Ap\u00f3s o inescrupuloso Plano Cohen, Vargas destituiu o Congresso Nacional, assim como os poderes legislativos estaduais e municipais. As elei\u00e7\u00f5es marcadas para 1938, com os candidatos\u00a0Jos\u00e9 Am\u00e9rico de Almeida, Armando de Sales Oliveira [&hellip;]\" \/>\n<meta property=\"og:url\" content=\"https:\/\/www.clebinho.pro.br\/wp\/?p=10364\" \/>\n<meta property=\"og:site_name\" content=\"Blog do Professor Clebinho\" \/>\n<meta property=\"article:published_time\" content=\"2017-09-04T15:56:11+00:00\" \/>\n<meta property=\"article:modified_time\" content=\"2017-10-19T10:39:55+00:00\" \/>\n<meta property=\"og:image\" content=\"https:\/\/clebinho.pro.br\/wp\/wp-content\/uploads\/2017\/09\/Vargas-e-Roosevelt-em-Natal.jpg\" \/>\n\t<meta property=\"og:image:width\" content=\"520\" \/>\n\t<meta property=\"og:image:height\" content=\"367\" \/>\n\t<meta property=\"og:image:type\" content=\"image\/jpeg\" \/>\n<meta name=\"author\" content=\"Professor Clebinho\" \/>\n<meta name=\"twitter:card\" content=\"summary_large_image\" \/>\n<meta name=\"twitter:label1\" content=\"Escrito por\" \/>\n\t<meta name=\"twitter:data1\" content=\"Professor Clebinho\" \/>\n\t<meta name=\"twitter:label2\" content=\"Est. tempo de leitura\" \/>\n\t<meta name=\"twitter:data2\" content=\"7 minutos\" \/>\n<script type=\"application\/ld+json\" class=\"yoast-schema-graph\">{\"@context\":\"https:\/\/schema.org\",\"@graph\":[{\"@type\":\"WebPage\",\"@id\":\"https:\/\/www.clebinho.pro.br\/wp\/?p=10364\",\"url\":\"https:\/\/www.clebinho.pro.br\/wp\/?p=10364\",\"name\":\"178. Era Vargas: Estado Novo 1937 - 1945 - Blog do Professor Clebinho\",\"isPartOf\":{\"@id\":\"https:\/\/www.clebinho.pro.br\/wp\/#website\"},\"datePublished\":\"2017-09-04T15:56:11+00:00\",\"dateModified\":\"2017-10-19T10:39:55+00:00\",\"author\":{\"@id\":\"https:\/\/www.clebinho.pro.br\/wp\/#\/schema\/person\/73417286de03a1ad762ac7d8ca8c6b77\"},\"breadcrumb\":{\"@id\":\"https:\/\/www.clebinho.pro.br\/wp\/?p=10364#breadcrumb\"},\"inLanguage\":\"pt-BR\",\"potentialAction\":[{\"@type\":\"ReadAction\",\"target\":[\"https:\/\/www.clebinho.pro.br\/wp\/?p=10364\"]}]},{\"@type\":\"BreadcrumbList\",\"@id\":\"https:\/\/www.clebinho.pro.br\/wp\/?p=10364#breadcrumb\",\"itemListElement\":[{\"@type\":\"ListItem\",\"position\":1,\"name\":\"In\u00edcio\",\"item\":\"https:\/\/www.clebinho.pro.br\/wp\"},{\"@type\":\"ListItem\",\"position\":2,\"name\":\"178. Era Vargas: Estado Novo 1937 &#8211; 1945\"}]},{\"@type\":\"WebSite\",\"@id\":\"https:\/\/www.clebinho.pro.br\/wp\/#website\",\"url\":\"https:\/\/www.clebinho.pro.br\/wp\/\",\"name\":\"Blog do Professor Clebinho\",\"description\":\"Um espa\u00e7o virtual privilegiado oferecido pelo professor Clebinho, seus alunos, ex-alunos e demais interessados no debate de atualidades, hist\u00f3ria, geografia, geopolitica e meio ambiente\",\"potentialAction\":[{\"@type\":\"SearchAction\",\"target\":{\"@type\":\"EntryPoint\",\"urlTemplate\":\"https:\/\/www.clebinho.pro.br\/wp\/?s={search_term_string}\"},\"query-input\":\"required name=search_term_string\"}],\"inLanguage\":\"pt-BR\"},{\"@type\":\"Person\",\"@id\":\"https:\/\/www.clebinho.pro.br\/wp\/#\/schema\/person\/73417286de03a1ad762ac7d8ca8c6b77\",\"name\":\"Professor Clebinho\",\"image\":{\"@type\":\"ImageObject\",\"inLanguage\":\"pt-BR\",\"@id\":\"https:\/\/www.clebinho.pro.br\/wp\/#\/schema\/person\/image\/\",\"url\":\"https:\/\/secure.gravatar.com\/avatar\/bb922115afcbfb086f9c52d1dd4a20fa?s=96&d=mm&r=g\",\"contentUrl\":\"https:\/\/secure.gravatar.com\/avatar\/bb922115afcbfb086f9c52d1dd4a20fa?s=96&d=mm&r=g\",\"caption\":\"Professor Clebinho\"},\"sameAs\":[\"https:\/\/www.clebinho.pro.br\/wp\"],\"url\":\"https:\/\/www.clebinho.pro.br\/wp\/?author=2\"}]}<\/script>\n<!-- \/ Yoast SEO plugin. -->","yoast_head_json":{"title":"178. Era Vargas: Estado Novo 1937 - 1945 - Blog do Professor Clebinho","robots":{"index":"index","follow":"follow","max-snippet":"max-snippet:-1","max-image-preview":"max-image-preview:large","max-video-preview":"max-video-preview:-1"},"canonical":"https:\/\/www.clebinho.pro.br\/wp\/?p=10364","og_locale":"pt_BR","og_type":"article","og_title":"178. Era Vargas: Estado Novo 1937 - 1945 - Blog do Professor Clebinho","og_description":"Em nossos \u00faltimos textos abordamos as duas primeiras fases da Era Vargas, assunto conclu\u00eddo hoje com a terceira, chamada de Estado Novo. Ap\u00f3s o inescrupuloso Plano Cohen, Vargas destituiu o Congresso Nacional, assim como os poderes legislativos estaduais e municipais. As elei\u00e7\u00f5es marcadas para 1938, com os candidatos\u00a0Jos\u00e9 Am\u00e9rico de Almeida, Armando de Sales Oliveira [&hellip;]","og_url":"https:\/\/www.clebinho.pro.br\/wp\/?p=10364","og_site_name":"Blog do Professor Clebinho","article_published_time":"2017-09-04T15:56:11+00:00","article_modified_time":"2017-10-19T10:39:55+00:00","og_image":[{"width":520,"height":367,"url":"https:\/\/clebinho.pro.br\/wp\/wp-content\/uploads\/2017\/09\/Vargas-e-Roosevelt-em-Natal.jpg","type":"image\/jpeg"}],"author":"Professor Clebinho","twitter_card":"summary_large_image","twitter_misc":{"Escrito por":"Professor Clebinho","Est. tempo de leitura":"7 minutos"},"schema":{"@context":"https:\/\/schema.org","@graph":[{"@type":"WebPage","@id":"https:\/\/www.clebinho.pro.br\/wp\/?p=10364","url":"https:\/\/www.clebinho.pro.br\/wp\/?p=10364","name":"178. Era Vargas: Estado Novo 1937 - 1945 - Blog do Professor Clebinho","isPartOf":{"@id":"https:\/\/www.clebinho.pro.br\/wp\/#website"},"datePublished":"2017-09-04T15:56:11+00:00","dateModified":"2017-10-19T10:39:55+00:00","author":{"@id":"https:\/\/www.clebinho.pro.br\/wp\/#\/schema\/person\/73417286de03a1ad762ac7d8ca8c6b77"},"breadcrumb":{"@id":"https:\/\/www.clebinho.pro.br\/wp\/?p=10364#breadcrumb"},"inLanguage":"pt-BR","potentialAction":[{"@type":"ReadAction","target":["https:\/\/www.clebinho.pro.br\/wp\/?p=10364"]}]},{"@type":"BreadcrumbList","@id":"https:\/\/www.clebinho.pro.br\/wp\/?p=10364#breadcrumb","itemListElement":[{"@type":"ListItem","position":1,"name":"In\u00edcio","item":"https:\/\/www.clebinho.pro.br\/wp"},{"@type":"ListItem","position":2,"name":"178. Era Vargas: Estado Novo 1937 &#8211; 1945"}]},{"@type":"WebSite","@id":"https:\/\/www.clebinho.pro.br\/wp\/#website","url":"https:\/\/www.clebinho.pro.br\/wp\/","name":"Blog do Professor Clebinho","description":"Um espa\u00e7o virtual privilegiado oferecido pelo professor Clebinho, seus alunos, ex-alunos e demais interessados no debate de atualidades, hist\u00f3ria, geografia, geopolitica e meio ambiente","potentialAction":[{"@type":"SearchAction","target":{"@type":"EntryPoint","urlTemplate":"https:\/\/www.clebinho.pro.br\/wp\/?s={search_term_string}"},"query-input":"required name=search_term_string"}],"inLanguage":"pt-BR"},{"@type":"Person","@id":"https:\/\/www.clebinho.pro.br\/wp\/#\/schema\/person\/73417286de03a1ad762ac7d8ca8c6b77","name":"Professor Clebinho","image":{"@type":"ImageObject","inLanguage":"pt-BR","@id":"https:\/\/www.clebinho.pro.br\/wp\/#\/schema\/person\/image\/","url":"https:\/\/secure.gravatar.com\/avatar\/bb922115afcbfb086f9c52d1dd4a20fa?s=96&d=mm&r=g","contentUrl":"https:\/\/secure.gravatar.com\/avatar\/bb922115afcbfb086f9c52d1dd4a20fa?s=96&d=mm&r=g","caption":"Professor Clebinho"},"sameAs":["https:\/\/www.clebinho.pro.br\/wp"],"url":"https:\/\/www.clebinho.pro.br\/wp\/?author=2"}]}},"_links":{"self":[{"href":"https:\/\/www.clebinho.pro.br\/wp\/index.php?rest_route=\/wp\/v2\/posts\/10364"}],"collection":[{"href":"https:\/\/www.clebinho.pro.br\/wp\/index.php?rest_route=\/wp\/v2\/posts"}],"about":[{"href":"https:\/\/www.clebinho.pro.br\/wp\/index.php?rest_route=\/wp\/v2\/types\/post"}],"author":[{"embeddable":true,"href":"https:\/\/www.clebinho.pro.br\/wp\/index.php?rest_route=\/wp\/v2\/users\/2"}],"replies":[{"embeddable":true,"href":"https:\/\/www.clebinho.pro.br\/wp\/index.php?rest_route=%2Fwp%2Fv2%2Fcomments&post=10364"}],"version-history":[{"count":59,"href":"https:\/\/www.clebinho.pro.br\/wp\/index.php?rest_route=\/wp\/v2\/posts\/10364\/revisions"}],"predecessor-version":[{"id":11356,"href":"https:\/\/www.clebinho.pro.br\/wp\/index.php?rest_route=\/wp\/v2\/posts\/10364\/revisions\/11356"}],"wp:featuredmedia":[{"embeddable":true,"href":"https:\/\/www.clebinho.pro.br\/wp\/index.php?rest_route=\/wp\/v2\/media\/10490"}],"wp:attachment":[{"href":"https:\/\/www.clebinho.pro.br\/wp\/index.php?rest_route=%2Fwp%2Fv2%2Fmedia&parent=10364"}],"wp:term":[{"taxonomy":"category","embeddable":true,"href":"https:\/\/www.clebinho.pro.br\/wp\/index.php?rest_route=%2Fwp%2Fv2%2Fcategories&post=10364"},{"taxonomy":"post_tag","embeddable":true,"href":"https:\/\/www.clebinho.pro.br\/wp\/index.php?rest_route=%2Fwp%2Fv2%2Ftags&post=10364"}],"curies":[{"name":"wp","href":"https:\/\/api.w.org\/{rel}","templated":true}]}}