{"id":1412,"date":"2015-06-10T06:30:41","date_gmt":"2015-06-10T09:30:41","guid":{"rendered":"http:\/\/www.clebinho.pro.br\/?p=1412"},"modified":"2017-07-12T11:08:28","modified_gmt":"2017-07-12T14:08:28","slug":"migracao","status":"publish","type":"post","link":"https:\/\/www.clebinho.pro.br\/wp\/?p=1412","title":{"rendered":"41. Trag\u00e9dia no Mediterr\u00e2neo"},"content":{"rendered":"<p style=\"text-align: justify;\">Nosso texto de hoje aborda um tema atual, bastante debatido e problem\u00e1ticos para o planeta: as numerosas e tr\u00e1gicas migra\u00e7\u00f5es de africanos em dire\u00e7\u00e3o a Europa.<\/p>\n<h4 style=\"text-align: justify;\"><strong> Conceito de Migra\u00e7\u00e3o<\/strong><\/h4>\n<p style=\"text-align: justify;\">\u00c9 o deslocamento de indiv\u00edduos dentro de um espa\u00e7o geogr\u00e1fico, de forma tempor\u00e1ria ou permanente. Esses fluxos migrat\u00f3rios podem ser desencadeados por v\u00e1rios motivos: econ\u00f4micos, culturais, religiosos, pol\u00edticos e naturais (secas, terremotos, enchentes, etc).<\/p>\n<p style=\"text-align: justify;\"><strong><em>Migrante<\/em> <\/strong>\u00e9 aquele que se desloca. <strong><em>Emigrante<\/em><\/strong> \u00e9 aquele que deixou seu local de origem.<strong> <em>Imigrante<\/em><\/strong> \u00e9 aquele que chegou a outro local.<\/p>\n<h4 style=\"text-align: justify;\"><strong>Rumo \u00e0 Europa<\/strong><\/h4>\n<p style=\"text-align: justify;\">Explorados por d\u00e9cadas pelos colonizadores europeus, os africanos tiveram suas riquezas exploradas, foram humilhados, divididos e\u00a0 tiveram milh\u00f5es arrancados de suas casas para se tornarem escravos em outros locais. Hoje, buscam desesperadamente chegar at\u00e9 o velho continente.<\/p>\n<div style=\"width: 583px\" class=\"wp-caption aligncenter\"><img loading=\"lazy\" decoding=\"async\" src=\"http:\/\/s2.glbimg.com\/0qyC230urogCgzSoutzONvnxcbU=\/s.glbimg.com\/jo\/g1\/f\/original\/2013\/11\/25\/mapa-bbc.jpg\" alt=\"http:\/\/s2.glbimg.com\/0qyC230urogCgzSoutzONvnxcbU=\/s.glbimg.com\/jo\/g1\/f\/original\/2013\/11\/25\/mapa-bbc.jpg\" width=\"573\" height=\"351\" \/><p class=\"wp-caption-text\">Principais rotas de migra\u00e7\u00f5es entre \u00c1frica e Europa. Destaques para It\u00e1lia, Malta, Gr\u00e9cia, Fran\u00e7a e Espanha, grandes receptores. Fonte: BBC<\/p><\/div>\n<p style=\"text-align: justify;\">Os motivos de arriscarem a vida atravessando o perigoso Mediterr\u00e2neo s\u00e3o resultado das condi\u00e7\u00f5es socioecon\u00f4micas prec\u00e1rias, a viol\u00eancia, o reaparecimento de doen\u00e7as como a causada pelo v\u00edrus Ebola, a escassez de alimentos, as guerras \u00e9tnicas e a falta de perspectiva de uma vida melhor. A dist\u00e2ncia pequena e a l\u00edngua comum, heran\u00e7a deixada pelos colonizadores, tamb\u00e9m impulsionam este fen\u00f4meno.<\/p>\n<p style=\"text-align: justify;\">A travessia \u00e9 feita por m\u00e1fias de\u00a0 traficantes que chegam a cobrar US$ 10 mil, utilizando barcos velhos e superlotados sem a garantia de chegada a um porto seguro. Na maioria dos casos, o imigrante trabalha anos para juntar o dinheiro ou \u00e9 subsidiado por parentes que vivem no Velho Continente.<\/p>\n<div style=\"width: 603px\" class=\"wp-caption alignnone\"><img loading=\"lazy\" decoding=\"async\" src=\"http:\/\/www.dw.de\/image\/0,,17971965_403,00.jpg\" alt=\"\" width=\"593\" height=\"334\" border=\"0\" \/><p class=\"wp-caption-text\">Imigrantes enfrentando o Mar Mediterr\u00e2neo (de Janeiro a Abril ele \u00e9 bem perigoso) Imagem: Internet.<\/p><\/div>\n<p style=\"text-align: justify;\">Organiza\u00e7\u00f5es n\u00e3o governamentais estimam que 17 milh\u00f5es de africanos j\u00e1 sa\u00edram de seu pa\u00eds de origem, destes, aproximadamente 20 mil\u00a0 morreram tentando chegar \u00e0 Europa nas \u00faltimas duas d\u00e9cadas. Estima-se que, em 2014, 219 mil africanos cruzaram o mar tentando chegar a Europa.<\/p>\n<p style=\"text-align: justify;\">Pela proximidade com o continente africano, It\u00e1lia, Malta e Gr\u00e9cia s\u00e3o os maiores receptores de imigrantes, mesmo n\u00e3o sendo o destino final da maioria dos viajantes.<\/p>\n<p style=\"text-align: justify;\">L\u00edbia, Eritreia (5\u00ba pior IDH do mundo), Sud\u00e3o, Gana, Nig\u00e9ria e S\u00edria (este do Oriente M\u00e9dio) est\u00e3o entre os pa\u00edses de origem dos imigrantes.<\/p>\n<div style=\"width: 528px\" class=\"wp-caption aligncenter\"><img loading=\"lazy\" decoding=\"async\" src=\"http:\/\/ansabrasil.com.br\/webimages\/al_news_476x\/2015\/3\/20\/1cff94ea47412906bcba7d3398b6f81a.jpg\" alt=\"http:\/\/ansabrasil.com.br\/webimages\/al_news_476x\/2015\/3\/20\/1cff94ea47412906bcba7d3398b6f81a.jpg\" width=\"518\" height=\"345\" \/><p class=\"wp-caption-text\">Foto mostra como os prec\u00e1rios barcos saem lotados da \u00c1frica. Imagem: internet.<\/p><\/div>\n<p style=\"text-align: justify;\">Toda a Europa est\u00e1 sentindo a press\u00e3o migrat\u00f3ria africana. A Organiza\u00e7\u00e3o das Na\u00e7\u00f5es Unidas (ONU) informou que, neste ano,\u00a0 houve um aumento de 300% na quantidade de imigrantes que tentam chegar por mar a Europa, via ilha de Lampedusa (It\u00e1lia).<\/p>\n<p style=\"text-align: justify;\">Nos \u00faltimos meses, os italianos j\u00e1 salvaram 15 mil africanos e outros 300 mil esperam na L\u00edbia para tentar fazer a perigosa travessia.<\/p>\n<h4 style=\"text-align: justify;\"><strong>Desastres Recentes<br \/>\n<\/strong><\/h4>\n<p style=\"text-align: justify;\"><strong>Outubro de 2013: <\/strong>cerca de 360 pessoas morreram em naufr\u00e1gio pr\u00f3ximo \u00e0 ilha de Lampedusa, It\u00e1lia.<\/p>\n<p style=\"text-align: justify;\"><strong>Setembro de 2014: <\/strong>pelo menos 300 imigrantes naufragaram em Malta, quando traficantes fizeram um &#8220;assassinato em massa&#8221; depois que as pessoas se recusaram a mudar para uma embarca\u00e7\u00e3o menor.<\/p>\n<div id=\"attachment_4051\" style=\"width: 310px\" class=\"wp-caption aligncenter\"><a href=\"https:\/\/clebinho.pro.br\/wp\/wp-content\/uploads\/2015\/06\/malta.gif\"><img loading=\"lazy\" decoding=\"async\" aria-describedby=\"caption-attachment-4051\" class=\"wp-image-4051 size-medium\" src=\"https:\/\/clebinho.pro.br\/wp\/wp-content\/uploads\/2015\/06\/malta-300x169.gif\" alt=\"malta\" width=\"300\" height=\"169\" \/><\/a><p id=\"caption-attachment-4051\" class=\"wp-caption-text\">Pela proximidade com a \u00c1frica, A ilha de Lampedusa (It\u00e1lia) e Malta s\u00e3o grandes receptores de imigrantes ilegais. Imagem: internet.<\/p><\/div>\n<p style=\"text-align: justify;\"><strong>Fevereiro de 2015: <\/strong>pelo menos 300 imigrantes teriam se afogado quando 4 botes entraram em apuros depois de deixarem a Costa da L\u00edbia com condi\u00e7\u00f5es clim\u00e1ticas ruins.<\/p>\n<p style=\"text-align: justify;\"><strong>Abril de 2015: <\/strong>cerca de 400 imigrantes se afogaram quando o barco deles virou na costa da L\u00edbia.<\/p>\n<p style=\"text-align: justify;\"><strong>Abril de 2015: <\/strong>cerca de 700 imigrantes teriam se afogado ap\u00f3s o barco ter virado pr\u00f3ximo \u00e0 Lampedusa.<\/p>\n<div style=\"width: 560px\" class=\"wp-caption aligncenter\"><img loading=\"lazy\" decoding=\"async\" src=\"http:\/\/www.diariodocentrodomundo.com.br\/wp-content\/uploads\/2013\/02\/african.jpg\" alt=\"\" width=\"550\" height=\"351\" \/><p class=\"wp-caption-text\">Marinha espanhola abordando navio lotado de africanos pr\u00f3ximo a costa. Imagem: Internet<\/p><\/div>\n<p style=\"text-align: justify;\">Por terem uma baixa taxa de natalidade, os europeus sempre necessitaram de um certo n\u00famero de imigrantes, para reporem a m\u00e3o de obra. Nos \u00faltimos anos por\u00e9m, com a crise econ\u00f4mica e o aumento do desemprego, esses imigrantes se tornaram indesej\u00e1veis.\u00a0Alguns membros da extrema direita europeia acusam os imigrantes de roubarem empregos dos locais.<\/p>\n<h4 style=\"text-align: justify;\"><strong> Destino dos Sobreviventes<br \/>\n<\/strong><\/h4>\n<p style=\"text-align: justify;\">Aos que chegam a Europa, s\u00f3 sofrimento, s\u00e3o tratados como selvagens, poss\u00edveis portadores de doen\u00e7as e ficam, muitas das vezes, isolados da popula\u00e7\u00e3o local.<\/p>\n<p style=\"text-align: justify;\">A burocracia para se tornar cidad\u00e3o europeu \u00e9 enorme. N\u00e3o conseguem se inserir na sociedade, e nem podem voltar a seus pa\u00edses de origem, impregnados de problemas. Nessa armadilha, se tornam refugiados, vivendo em situa\u00e7\u00e3o prec\u00e1ria.<\/p>\n<div id=\"attachment_10119\" style=\"width: 310px\" class=\"wp-caption aligncenter\"><a href=\"https:\/\/clebinho.pro.br\/wp\/wp-content\/uploads\/2015\/06\/selva-imigrantes.jpg\"><img loading=\"lazy\" decoding=\"async\" aria-describedby=\"caption-attachment-10119\" class=\"wp-image-10119 size-medium\" src=\"https:\/\/clebinho.pro.br\/wp\/wp-content\/uploads\/2015\/06\/selva-imigrantes-300x225.jpg\" alt=\"\" width=\"300\" height=\"225\" srcset=\"https:\/\/www.clebinho.pro.br\/wp\/wp-content\/uploads\/2015\/06\/selva-imigrantes-300x225.jpg 300w, https:\/\/www.clebinho.pro.br\/wp\/wp-content\/uploads\/2015\/06\/selva-imigrantes.jpg 620w\" sizes=\"(max-width: 300px) 100vw, 300px\" \/><\/a><p id=\"caption-attachment-10119\" class=\"wp-caption-text\">Imigrantes vivendo precariamente em Calais,Fran\u00e7a. Saiba mais <a href=\"http:\/\/g1.globo.com\/mundo\/noticia\/2016\/10\/franca-inicia-retirada-de-migrantes-de-acampamento-de-calais-na-segunda.html\" target=\"_blank\" rel=\"noopener noreferrer\">no site G1. <\/a><\/p><\/div>\n<p>.<\/p>\n<p>Os sofridos imigrantes que conseguem se estabelecer no velho continente, geralmente de forma ilegal,\u00a0 sofrem discrimina\u00e7\u00e3o racial e xenofobia.<\/p>\n<p class=\" wp-image-1426\" style=\"text-align: justify;\">A It\u00e1lia n\u00e3o sabe mais o que fazer, e pediu ajuda a Uni\u00e3o Europeia. Quer dividir o problema e os custos de resgate e patrulha do mar com todos os outros pa\u00edses do bloco. A Europa como um todo, por sua vez, n\u00e3o est\u00e1 disposta a receber imigrantes, menos ainda a ajud\u00e1-los a permanecerem em seus pa\u00edses de origem, com investimentos sociais que a \u00c1frica nunca recebeu, mas deveria, por tudo que dela foi espoliado.<\/p>\n<div id=\"attachment_1466\" style=\"width: 610px\" class=\"wp-caption aligncenter\"><a href=\"https:\/\/clebinho.pro.br\/wp\/wp-content\/uploads\/2015\/06\/Imigrantes_Italia.jpg\"><img loading=\"lazy\" decoding=\"async\" aria-describedby=\"caption-attachment-1466\" class=\"wp-image-1466 size-full\" src=\"https:\/\/clebinho.pro.br\/wp\/wp-content\/uploads\/2015\/06\/Imigrantes_Italia.jpg\" alt=\"Em 2014, num \u00fanico dia, mais de 6 mil imigrantes de origem africana foram interceptados. (Reprodu\u00e7\u00e3o: Internet)\" width=\"600\" height=\"338\" srcset=\"https:\/\/www.clebinho.pro.br\/wp\/wp-content\/uploads\/2015\/06\/Imigrantes_Italia.jpg 600w, https:\/\/www.clebinho.pro.br\/wp\/wp-content\/uploads\/2015\/06\/Imigrantes_Italia-300x169.jpg 300w\" sizes=\"(max-width: 600px) 100vw, 600px\" \/><\/a><p id=\"caption-attachment-1466\" class=\"wp-caption-text\">Em 2014, num \u00fanico dia, mais de 6 mil imigrantes de origem africana foram interceptados. (Reprodu\u00e7\u00e3o: Internet)<\/p><\/div>\n<p style=\"text-align: justify;\">\u00c9 de tal forma escandalosa a postura europeia, que nenhum governo ou inst\u00e2ncia africana participa das reuni\u00f5es que buscam solu\u00e7\u00f5es para os problemas, que s\u00e3o tratados como casos sanit\u00e1rios ou de pol\u00edcia. Absolutamente nada vem sendo feito em busca de uma solu\u00e7\u00e3o definitiva e o Mar Mediterr\u00e2neo vem se tornando um verdadeiro cemit\u00e9rio. Revoltante.<\/p>\n<p style=\"text-align: justify;\">Nosso texto de domingo abordar\u00e1 outro tema relacionado a migra\u00e7\u00f5es. N\u00e3o percam!<\/p>\n<p style=\"text-align: justify;\"><strong>Espero ter aumentado o conhecimento de todos os leitores. Curtam nossa <a href=\"https:\/\/www.facebook.com\/pages\/Clebinho\/1551769148421187?ref=settings\" target=\"_blank\" rel=\"noopener noreferrer\">p\u00e1gina no Facebook <\/a>e compartilhem nosso texto! Abra\u00e7o do Clebinho!<\/strong><\/p>\n<p style=\"text-align: justify;\">Publicado em 10.06.2015<\/p>\n<p>&nbsp;<\/p>\n<p>&nbsp;<\/p>\n","protected":false},"excerpt":{"rendered":"<p>Nosso texto de hoje aborda um tema atual, bastante debatido e problem\u00e1ticos para o planeta: as numerosas e tr\u00e1gicas migra\u00e7\u00f5es de africanos em dire\u00e7\u00e3o a Europa. Conceito de Migra\u00e7\u00e3o \u00c9 o deslocamento de indiv\u00edduos dentro de um espa\u00e7o geogr\u00e1fico, de forma tempor\u00e1ria ou permanente. Esses fluxos migrat\u00f3rios podem ser desencadeados por v\u00e1rios motivos: econ\u00f4micos, culturais, [&hellip;]<\/p>\n","protected":false},"author":2,"featured_media":1466,"comment_status":"open","ping_status":"open","sticky":false,"template":"","format":"standard","meta":{"footnotes":""},"categories":[8,71,4,81,5,3],"tags":[23,514,513,507,509,505,506,512,510,515,511,508],"yoast_head":"<!-- This site is optimized with the Yoast SEO plugin v20.3 - https:\/\/yoast.com\/wordpress\/plugins\/seo\/ -->\n<title>41. Trag\u00e9dia no Mediterr\u00e2neo - Blog do Professor Clebinho<\/title>\n<meta name=\"robots\" content=\"index, follow, max-snippet:-1, max-image-preview:large, max-video-preview:-1\" \/>\n<link rel=\"canonical\" href=\"https:\/\/www.clebinho.pro.br\/wp\/?p=1412\" \/>\n<meta property=\"og:locale\" content=\"pt_BR\" \/>\n<meta property=\"og:type\" content=\"article\" \/>\n<meta property=\"og:title\" content=\"41. Trag\u00e9dia no Mediterr\u00e2neo - Blog do Professor Clebinho\" \/>\n<meta property=\"og:description\" content=\"Nosso texto de hoje aborda um tema atual, bastante debatido e problem\u00e1ticos para o planeta: as numerosas e tr\u00e1gicas migra\u00e7\u00f5es de africanos em dire\u00e7\u00e3o a Europa. Conceito de Migra\u00e7\u00e3o \u00c9 o deslocamento de indiv\u00edduos dentro de um espa\u00e7o geogr\u00e1fico, de forma tempor\u00e1ria ou permanente. Esses fluxos migrat\u00f3rios podem ser desencadeados por v\u00e1rios motivos: econ\u00f4micos, culturais, [&hellip;]\" \/>\n<meta property=\"og:url\" content=\"https:\/\/www.clebinho.pro.br\/wp\/?p=1412\" \/>\n<meta property=\"og:site_name\" content=\"Blog do Professor Clebinho\" \/>\n<meta property=\"article:published_time\" content=\"2015-06-10T09:30:41+00:00\" \/>\n<meta property=\"article:modified_time\" content=\"2017-07-12T14:08:28+00:00\" \/>\n<meta property=\"og:image\" content=\"https:\/\/clebinho.pro.br\/wp\/wp-content\/uploads\/2015\/06\/Imigrantes_Italia.jpg\" \/>\n\t<meta property=\"og:image:width\" content=\"600\" \/>\n\t<meta property=\"og:image:height\" content=\"338\" \/>\n\t<meta property=\"og:image:type\" content=\"image\/jpeg\" \/>\n<meta name=\"author\" content=\"Professor Clebinho\" \/>\n<meta name=\"twitter:card\" content=\"summary_large_image\" \/>\n<meta name=\"twitter:label1\" content=\"Escrito por\" \/>\n\t<meta name=\"twitter:data1\" content=\"Professor Clebinho\" \/>\n\t<meta name=\"twitter:label2\" content=\"Est. tempo de leitura\" \/>\n\t<meta name=\"twitter:data2\" content=\"5 minutos\" \/>\n<script type=\"application\/ld+json\" class=\"yoast-schema-graph\">{\"@context\":\"https:\/\/schema.org\",\"@graph\":[{\"@type\":\"WebPage\",\"@id\":\"https:\/\/www.clebinho.pro.br\/wp\/?p=1412\",\"url\":\"https:\/\/www.clebinho.pro.br\/wp\/?p=1412\",\"name\":\"41. Trag\u00e9dia no Mediterr\u00e2neo - Blog do Professor Clebinho\",\"isPartOf\":{\"@id\":\"https:\/\/www.clebinho.pro.br\/wp\/#website\"},\"datePublished\":\"2015-06-10T09:30:41+00:00\",\"dateModified\":\"2017-07-12T14:08:28+00:00\",\"author\":{\"@id\":\"https:\/\/www.clebinho.pro.br\/wp\/#\/schema\/person\/73417286de03a1ad762ac7d8ca8c6b77\"},\"breadcrumb\":{\"@id\":\"https:\/\/www.clebinho.pro.br\/wp\/?p=1412#breadcrumb\"},\"inLanguage\":\"pt-BR\",\"potentialAction\":[{\"@type\":\"ReadAction\",\"target\":[\"https:\/\/www.clebinho.pro.br\/wp\/?p=1412\"]}]},{\"@type\":\"BreadcrumbList\",\"@id\":\"https:\/\/www.clebinho.pro.br\/wp\/?p=1412#breadcrumb\",\"itemListElement\":[{\"@type\":\"ListItem\",\"position\":1,\"name\":\"In\u00edcio\",\"item\":\"https:\/\/www.clebinho.pro.br\/wp\"},{\"@type\":\"ListItem\",\"position\":2,\"name\":\"41. Trag\u00e9dia no Mediterr\u00e2neo\"}]},{\"@type\":\"WebSite\",\"@id\":\"https:\/\/www.clebinho.pro.br\/wp\/#website\",\"url\":\"https:\/\/www.clebinho.pro.br\/wp\/\",\"name\":\"Blog do Professor Clebinho\",\"description\":\"Um espa\u00e7o virtual privilegiado oferecido pelo professor Clebinho, seus alunos, ex-alunos e demais interessados no debate de atualidades, hist\u00f3ria, geografia, geopolitica e meio ambiente\",\"potentialAction\":[{\"@type\":\"SearchAction\",\"target\":{\"@type\":\"EntryPoint\",\"urlTemplate\":\"https:\/\/www.clebinho.pro.br\/wp\/?s={search_term_string}\"},\"query-input\":\"required name=search_term_string\"}],\"inLanguage\":\"pt-BR\"},{\"@type\":\"Person\",\"@id\":\"https:\/\/www.clebinho.pro.br\/wp\/#\/schema\/person\/73417286de03a1ad762ac7d8ca8c6b77\",\"name\":\"Professor Clebinho\",\"image\":{\"@type\":\"ImageObject\",\"inLanguage\":\"pt-BR\",\"@id\":\"https:\/\/www.clebinho.pro.br\/wp\/#\/schema\/person\/image\/\",\"url\":\"https:\/\/secure.gravatar.com\/avatar\/bb922115afcbfb086f9c52d1dd4a20fa?s=96&d=mm&r=g\",\"contentUrl\":\"https:\/\/secure.gravatar.com\/avatar\/bb922115afcbfb086f9c52d1dd4a20fa?s=96&d=mm&r=g\",\"caption\":\"Professor Clebinho\"},\"sameAs\":[\"https:\/\/www.clebinho.pro.br\/wp\"],\"url\":\"https:\/\/www.clebinho.pro.br\/wp\/?author=2\"}]}<\/script>\n<!-- \/ Yoast SEO plugin. -->","yoast_head_json":{"title":"41. Trag\u00e9dia no Mediterr\u00e2neo - Blog do Professor Clebinho","robots":{"index":"index","follow":"follow","max-snippet":"max-snippet:-1","max-image-preview":"max-image-preview:large","max-video-preview":"max-video-preview:-1"},"canonical":"https:\/\/www.clebinho.pro.br\/wp\/?p=1412","og_locale":"pt_BR","og_type":"article","og_title":"41. Trag\u00e9dia no Mediterr\u00e2neo - Blog do Professor Clebinho","og_description":"Nosso texto de hoje aborda um tema atual, bastante debatido e problem\u00e1ticos para o planeta: as numerosas e tr\u00e1gicas migra\u00e7\u00f5es de africanos em dire\u00e7\u00e3o a Europa. Conceito de Migra\u00e7\u00e3o \u00c9 o deslocamento de indiv\u00edduos dentro de um espa\u00e7o geogr\u00e1fico, de forma tempor\u00e1ria ou permanente. Esses fluxos migrat\u00f3rios podem ser desencadeados por v\u00e1rios motivos: econ\u00f4micos, culturais, [&hellip;]","og_url":"https:\/\/www.clebinho.pro.br\/wp\/?p=1412","og_site_name":"Blog do Professor Clebinho","article_published_time":"2015-06-10T09:30:41+00:00","article_modified_time":"2017-07-12T14:08:28+00:00","og_image":[{"width":600,"height":338,"url":"https:\/\/clebinho.pro.br\/wp\/wp-content\/uploads\/2015\/06\/Imigrantes_Italia.jpg","type":"image\/jpeg"}],"author":"Professor Clebinho","twitter_card":"summary_large_image","twitter_misc":{"Escrito por":"Professor Clebinho","Est. tempo de leitura":"5 minutos"},"schema":{"@context":"https:\/\/schema.org","@graph":[{"@type":"WebPage","@id":"https:\/\/www.clebinho.pro.br\/wp\/?p=1412","url":"https:\/\/www.clebinho.pro.br\/wp\/?p=1412","name":"41. Trag\u00e9dia no Mediterr\u00e2neo - Blog do Professor Clebinho","isPartOf":{"@id":"https:\/\/www.clebinho.pro.br\/wp\/#website"},"datePublished":"2015-06-10T09:30:41+00:00","dateModified":"2017-07-12T14:08:28+00:00","author":{"@id":"https:\/\/www.clebinho.pro.br\/wp\/#\/schema\/person\/73417286de03a1ad762ac7d8ca8c6b77"},"breadcrumb":{"@id":"https:\/\/www.clebinho.pro.br\/wp\/?p=1412#breadcrumb"},"inLanguage":"pt-BR","potentialAction":[{"@type":"ReadAction","target":["https:\/\/www.clebinho.pro.br\/wp\/?p=1412"]}]},{"@type":"BreadcrumbList","@id":"https:\/\/www.clebinho.pro.br\/wp\/?p=1412#breadcrumb","itemListElement":[{"@type":"ListItem","position":1,"name":"In\u00edcio","item":"https:\/\/www.clebinho.pro.br\/wp"},{"@type":"ListItem","position":2,"name":"41. Trag\u00e9dia no Mediterr\u00e2neo"}]},{"@type":"WebSite","@id":"https:\/\/www.clebinho.pro.br\/wp\/#website","url":"https:\/\/www.clebinho.pro.br\/wp\/","name":"Blog do Professor Clebinho","description":"Um espa\u00e7o virtual privilegiado oferecido pelo professor Clebinho, seus alunos, ex-alunos e demais interessados no debate de atualidades, hist\u00f3ria, geografia, geopolitica e meio ambiente","potentialAction":[{"@type":"SearchAction","target":{"@type":"EntryPoint","urlTemplate":"https:\/\/www.clebinho.pro.br\/wp\/?s={search_term_string}"},"query-input":"required name=search_term_string"}],"inLanguage":"pt-BR"},{"@type":"Person","@id":"https:\/\/www.clebinho.pro.br\/wp\/#\/schema\/person\/73417286de03a1ad762ac7d8ca8c6b77","name":"Professor Clebinho","image":{"@type":"ImageObject","inLanguage":"pt-BR","@id":"https:\/\/www.clebinho.pro.br\/wp\/#\/schema\/person\/image\/","url":"https:\/\/secure.gravatar.com\/avatar\/bb922115afcbfb086f9c52d1dd4a20fa?s=96&d=mm&r=g","contentUrl":"https:\/\/secure.gravatar.com\/avatar\/bb922115afcbfb086f9c52d1dd4a20fa?s=96&d=mm&r=g","caption":"Professor Clebinho"},"sameAs":["https:\/\/www.clebinho.pro.br\/wp"],"url":"https:\/\/www.clebinho.pro.br\/wp\/?author=2"}]}},"_links":{"self":[{"href":"https:\/\/www.clebinho.pro.br\/wp\/index.php?rest_route=\/wp\/v2\/posts\/1412"}],"collection":[{"href":"https:\/\/www.clebinho.pro.br\/wp\/index.php?rest_route=\/wp\/v2\/posts"}],"about":[{"href":"https:\/\/www.clebinho.pro.br\/wp\/index.php?rest_route=\/wp\/v2\/types\/post"}],"author":[{"embeddable":true,"href":"https:\/\/www.clebinho.pro.br\/wp\/index.php?rest_route=\/wp\/v2\/users\/2"}],"replies":[{"embeddable":true,"href":"https:\/\/www.clebinho.pro.br\/wp\/index.php?rest_route=%2Fwp%2Fv2%2Fcomments&post=1412"}],"version-history":[{"count":57,"href":"https:\/\/www.clebinho.pro.br\/wp\/index.php?rest_route=\/wp\/v2\/posts\/1412\/revisions"}],"predecessor-version":[{"id":10120,"href":"https:\/\/www.clebinho.pro.br\/wp\/index.php?rest_route=\/wp\/v2\/posts\/1412\/revisions\/10120"}],"wp:featuredmedia":[{"embeddable":true,"href":"https:\/\/www.clebinho.pro.br\/wp\/index.php?rest_route=\/wp\/v2\/media\/1466"}],"wp:attachment":[{"href":"https:\/\/www.clebinho.pro.br\/wp\/index.php?rest_route=%2Fwp%2Fv2%2Fmedia&parent=1412"}],"wp:term":[{"taxonomy":"category","embeddable":true,"href":"https:\/\/www.clebinho.pro.br\/wp\/index.php?rest_route=%2Fwp%2Fv2%2Fcategories&post=1412"},{"taxonomy":"post_tag","embeddable":true,"href":"https:\/\/www.clebinho.pro.br\/wp\/index.php?rest_route=%2Fwp%2Fv2%2Ftags&post=1412"}],"curies":[{"name":"wp","href":"https:\/\/api.w.org\/{rel}","templated":true}]}}