{"id":14167,"date":"2018-09-25T09:49:14","date_gmt":"2018-09-25T11:49:14","guid":{"rendered":"http:\/\/www.clebinho.pro.br\/?p=14167"},"modified":"2020-11-09T14:26:45","modified_gmt":"2020-11-09T16:26:45","slug":"14167","status":"publish","type":"post","link":"https:\/\/www.clebinho.pro.br\/wp\/?p=14167","title":{"rendered":"217. Per\u00edodo Joanino (1808-1821)"},"content":{"rendered":"<p style=\"text-align: justify; padding-left: 40px;\">Em <a href=\"https:\/\/www.clebinho.pro.br\/wp\/wp\/?p=14257\" target=\"_blank\" rel=\"noopener noreferrer\">nosso \u00faltimo texto<\/a> abordamos a fant\u00e1stica fuga da elite portuguesa de seu pa\u00eds, al\u00e9m da chegada ao Brasil. O post de hoje completa o tema, mostrando como este fato mudou a hist\u00f3ria de nosso pa\u00eds.<\/p>\n<p style=\"text-align: justify;\"><span style=\"color: #ff0000;\"><strong>Impactos no Brasil<\/strong><\/span><\/p>\n<p style=\"text-align: justify;\">A partir desse epis\u00f3dio o Rio de Janeiro se tornou a capital do Imp\u00e9rio Portugu\u00eas. A princ\u00edpio a fam\u00edlia real foi alocada em 3 pr\u00e9dios no centro da cidade e os nobres espalhados por casas confiscadas, conventos e at\u00e9 mesmo quart\u00e9is militares.<\/p>\n<p style=\"text-align: justify;\">Uma curiosidade, nas resid\u00eancias apreendidas pelo governo eram gravadas as iniciais &#8220;PR&#8221;, de &#8220;Pr\u00edncipe Regente&#8221;. Logo, o povo come\u00e7ou a sugerir novos significados como &#8220;Ponha-se na Rua&#8221; ou &#8220;Pr\u00e9dio roubado&#8221;.<\/p>\n<div id=\"attachment_14151\" style=\"width: 310px\" class=\"wp-caption aligncenter\"><a href=\"https:\/\/clebinho.pro.br\/wp\/wp-content\/uploads\/2018\/09\/piraexpotres.jpg\"><img loading=\"lazy\" decoding=\"async\" aria-describedby=\"caption-attachment-14151\" class=\"wp-image-14151 size-medium\" src=\"https:\/\/clebinho.pro.br\/wp\/wp-content\/uploads\/2018\/09\/piraexpotres-300x225.jpg\" alt=\"\" width=\"300\" height=\"225\" srcset=\"https:\/\/www.clebinho.pro.br\/wp\/wp-content\/uploads\/2018\/09\/piraexpotres-300x225.jpg 300w, https:\/\/www.clebinho.pro.br\/wp\/wp-content\/uploads\/2018\/09\/piraexpotres.jpg 515w\" sizes=\"(max-width: 300px) 100vw, 300px\" \/><\/a><p id=\"caption-attachment-14151\" class=\"wp-caption-text\">Parece inacredit\u00e1vel, mas o governo dava 3 dias para que as pessoas se retirassem da pr\u00f3pria casa, deixando para tr\u00e1s mob\u00edlias e at\u00e9 mesmo as carruagens. Imagem: Internet.<\/p><\/div>\n<p style=\"text-align: justify;\">.<\/p>\n<p style=\"text-align: justify;\">Ap\u00f3s a turbulenta chegada,\u00a0o comerciante portugu\u00eas Elias Ant\u00f4nio Lopes, famoso por ter a melhor casa do Rio de Janeiro, se antecipou, doando a propriedade a Dom Jo\u00e3o, que, muito agradecido, recompensou o patr\u00edcio com outra propriedade. O terreno est\u00e1 localizado onde hoje \u00e9 a Quinta da Boa Vista, mais tarde, se tornou tamb\u00e9m a casa dos imperadores Dom Pedro I e II. Atualmente abriga o Museu Nacional, completamente destru\u00eddo em um inc\u00eandio no dia 2 de setembro de 2018.<\/p>\n<div id=\"attachment_14157\" style=\"width: 281px\" class=\"wp-caption aligncenter\"><a href=\"https:\/\/clebinho.pro.br\/wp\/wp-content\/uploads\/2018\/09\/museu_aereo2.jpg\"><img loading=\"lazy\" decoding=\"async\" aria-describedby=\"caption-attachment-14157\" class=\"wp-image-14157 size-medium\" src=\"https:\/\/clebinho.pro.br\/wp\/wp-content\/uploads\/2018\/09\/museu_aereo2-271x300.jpg\" alt=\"\" width=\"271\" height=\"300\" srcset=\"https:\/\/www.clebinho.pro.br\/wp\/wp-content\/uploads\/2018\/09\/museu_aereo2-271x300.jpg 271w, https:\/\/www.clebinho.pro.br\/wp\/wp-content\/uploads\/2018\/09\/museu_aereo2.jpg 739w\" sizes=\"(max-width: 271px) 100vw, 271px\" \/><\/a><p id=\"caption-attachment-14157\" class=\"wp-caption-text\">Museu Nacional, antiga casa de Dom Jo\u00e3o VI, Dom Pedro I e II. Infelizmente o museu est\u00e1 completamente destru\u00eddo atualmente.<a href=\"http:\/\/www.museunacional.ufrj.br\/dir\/omuseu\/omuseu.html\" target=\"_blank\" rel=\"noopener noreferrer\"> Imagem: Museu Nacional. <\/a><\/p><\/div>\n<p style=\"text-align: justify;\">.<\/p>\n<p style=\"text-align: justify;\">Em 1\u00ba de abril de 1808, Dom Jo\u00e3o\u00a0revogou a proibi\u00e7\u00e3o de manufaturas no Brasil. Com isso, surgiram f\u00e1bricas de ferro e p\u00f3lvora em S\u00e3o Paulo e Minas Gerais.<\/p>\n<p style=\"text-align: justify;\">Poderia ter sido o in\u00edcio de uma industrializa\u00e7\u00e3o no Brasil, mas a Inglaterra for\u00e7ou o governo portugu\u00eas a assinar o &#8220;Tratado de Com\u00e9rcio e Navega\u00e7\u00e3o&#8221;, em 1810. Foi o sepultamento das nossas pretens\u00f5es industriais, j\u00e1 que, a partir desse fato, os produtos brit\u00e2nicos passaram a entrar no Brasil com um imposto irris\u00f3rio de 15%. Esse valor era menor at\u00e9 mesmo que o praticado a itens portugueses, taxados em 16%. Sobre produtos de outros pa\u00edses a al\u00edquota era de 24%.<\/p>\n<p style=\"text-align: justify;\">Fomos inundados por produtos da Inglaterra, pa\u00eds que j\u00e1 atravessava a Revolu\u00e7\u00e3o Industrial, dominando tecnologia para produzir itens de boa qualidade a um pre\u00e7o razo\u00e1vel. Dessa forma, o surgimento de empresas nacionais foi sufocado.<\/p>\n<p style=\"text-align: justify;\">Por ordem cronol\u00f3gica, outros importantes avan\u00e7os promovidos durante a estadia de Dom Jo\u00e3o pelo Rio de Janeiro:<\/p>\n<ul style=\"text-align: justify;\">\n<li>Em 5 de maio de 1808, foi criada a Real Academia dos Guardas-Marinhas, no Rio de Janeiro, atual Escola Naval. Na verdade, ela j\u00e1 existia em Lisboa, tendo sido transferida para o Brasil junto a vinda da corte;<\/li>\n<\/ul>\n<div id=\"attachment_14161\" style=\"width: 310px\" class=\"wp-caption aligncenter\"><a href=\"https:\/\/clebinho.pro.br\/wp\/wp-content\/uploads\/2018\/09\/FOTO-A\u00c9REA_Escola-Naval.jpg\"><img loading=\"lazy\" decoding=\"async\" aria-describedby=\"caption-attachment-14161\" class=\"wp-image-14161 size-medium\" src=\"https:\/\/clebinho.pro.br\/wp\/wp-content\/uploads\/2018\/09\/FOTO-A\u00c9REA_Escola-Naval-300x217.jpg\" alt=\"\" width=\"300\" height=\"217\" srcset=\"https:\/\/www.clebinho.pro.br\/wp\/wp-content\/uploads\/2018\/09\/FOTO-A\u00c9REA_Escola-Naval-300x217.jpg 300w, https:\/\/www.clebinho.pro.br\/wp\/wp-content\/uploads\/2018\/09\/FOTO-A\u00c9REA_Escola-Naval-768x554.jpg 768w, https:\/\/www.clebinho.pro.br\/wp\/wp-content\/uploads\/2018\/09\/FOTO-A\u00c9REA_Escola-Naval-1024x739.jpg 1024w, https:\/\/www.clebinho.pro.br\/wp\/wp-content\/uploads\/2018\/09\/FOTO-A\u00c9REA_Escola-Naval.jpg 1280w\" sizes=\"(max-width: 300px) 100vw, 300px\" \/><\/a><p id=\"caption-attachment-14161\" class=\"wp-caption-text\">Foto da Escola Naval, centro formador de oficiais da marinha, atualmente localizada em uma ilha anexa ao Aeroporto Santos Dumont. Imagem: Internet.<\/p><\/div>\n<ul style=\"text-align: justify;\">\n<li>Em 13 de maio de 1808, foi criada a Imprensa R\u00e9gia, onde foi produzido o primeiro jornal do Brasil, a\u00a0\u00a0<em>Gazeta do Rio de Janeiro;<\/em><\/li>\n<\/ul>\n<div id=\"attachment_14163\" style=\"width: 310px\" class=\"wp-caption aligncenter\"><a href=\"https:\/\/clebinho.pro.br\/wp\/wp-content\/uploads\/2018\/09\/28_Gazeta_t.jpg\"><img loading=\"lazy\" decoding=\"async\" aria-describedby=\"caption-attachment-14163\" class=\"wp-image-14163 size-medium\" src=\"https:\/\/clebinho.pro.br\/wp\/wp-content\/uploads\/2018\/09\/28_Gazeta_t-300x300.jpg\" alt=\"\" width=\"300\" height=\"300\" srcset=\"https:\/\/www.clebinho.pro.br\/wp\/wp-content\/uploads\/2018\/09\/28_Gazeta_t-300x300.jpg 300w, https:\/\/www.clebinho.pro.br\/wp\/wp-content\/uploads\/2018\/09\/28_Gazeta_t-150x150.jpg 150w, https:\/\/www.clebinho.pro.br\/wp\/wp-content\/uploads\/2018\/09\/28_Gazeta_t-60x60.jpg 60w, https:\/\/www.clebinho.pro.br\/wp\/wp-content\/uploads\/2018\/09\/28_Gazeta_t.jpg 560w\" sizes=\"(max-width: 300px) 100vw, 300px\" \/><\/a><p id=\"caption-attachment-14163\" class=\"wp-caption-text\">O primeiro n\u00famero do primeiro jornal do Brasil. Imagem: Biblioteca Nacional.<\/p><\/div>\n<ul style=\"text-align: justify;\">\n<li>Em 13 de junho de 1808, ganhamos o Jardim Bot\u00e2nico do Rio de Janeiro. Atualmente, conta com 6.500 esp\u00e9cies da flora brasileira e internacional, distribu\u00eddas por uma\u00a0\u00e1rea\u00a0de 54\u00a0hectares;<\/li>\n<li>Em\u00a0 12 de outubro de 1808, foi erguido a primeira institui\u00e7\u00e3o banc\u00e1ria em nosso pa\u00eds, o Banco do Brasil;<\/li>\n<li>Em 5 de novembro\u00a0de\u00a01808, foi criada a\u00a0Escola de Anatomia, Medicina e Cirurgia do Rio de Janeiro, atualmente ligada a UFRJ;<\/li>\n<li>Em 28 de outubro de 1810, foi a vez da Biblioteca Real,\u00a0 com livros trazidos de Portugal, entre eles\u00a0a primeira edi\u00e7\u00e3o de\u00a0<em>Os Lus\u00edadas<\/em>, de Lu\u00eds de Cam\u00f5es. Atualmente se chama Biblioteca Nacional e est\u00e1 localizada na Pra\u00e7a Cinel\u00e2ndia, Rio de Janeiro;<\/li>\n<\/ul>\n<div id=\"attachment_14165\" style=\"width: 310px\" class=\"wp-caption aligncenter\"><a href=\"https:\/\/clebinho.pro.br\/wp\/wp-content\/uploads\/2018\/09\/biblioteca_interior.jpeg\"><img loading=\"lazy\" decoding=\"async\" aria-describedby=\"caption-attachment-14165\" class=\"wp-image-14165 size-medium\" src=\"https:\/\/clebinho.pro.br\/wp\/wp-content\/uploads\/2018\/09\/biblioteca_interior-300x200.jpeg\" alt=\"\" width=\"300\" height=\"200\" srcset=\"https:\/\/www.clebinho.pro.br\/wp\/wp-content\/uploads\/2018\/09\/biblioteca_interior-300x200.jpeg 300w, https:\/\/www.clebinho.pro.br\/wp\/wp-content\/uploads\/2018\/09\/biblioteca_interior.jpeg 550w\" sizes=\"(max-width: 300px) 100vw, 300px\" \/><\/a><p id=\"caption-attachment-14165\" class=\"wp-caption-text\">A Bibliteca Nacional possui hoje um acervo de mais de 9 milh\u00f5es de obras.<a href=\"https:\/\/www.bn.gov.br\/\" target=\"_blank\" rel=\"noopener noreferrer\"> Saiba mais no site oficial. <\/a><\/p><\/div>\n<ul style=\"text-align: justify;\">\n<li>Em 4 de Dezembro\u00a0de\u00a01810, surgiu a Academia Real Militar. S\u00e9culos mais tarde mudou de lugar e deu origem a\u00a0\u00a0Academia Militar das Agulhas Negras\u00a0(AMAN);<\/li>\n<li>Em 1815 ocorreu um passo significativo para o que viria a ser nossa Independ\u00eancia mais a frente, foi criado o Reino Unido de Portugal, Brasil\u00a0 e Algarve, com capital no Rio de Janeiro. A partir desse momento, deixamos oficialmente de ser uma col\u00f4nia;<\/li>\n<li>Em 1816, ap\u00f3s a derrota final de Napole\u00e3o e o fim das hostilidades, a fam\u00edlia real promoveu a\u00a0 vinda de uma enorme miss\u00e3o art\u00edstica francesa\u00a0ao Brasil, criando a\u00a0\u00a0Academia de Belas Artes e atualizando nosso pa\u00eds com as mais recentes novidades na \u00e1rea, entre elas o neoclassicismo;<\/li>\n<li>Em 6 de junho de 1818, foi criado o\u00a0\u00a0Museu Real. Em 1892, ap\u00f3s o fim do Imp\u00e9rio, ele foi transferido para a antiga moradia dos imperadores brasileiros, j\u00e1 com o nome de Museu Nacional (Como j\u00e1 citado antes, destru\u00eddo por um inc\u00eandio).<\/li>\n<\/ul>\n<p style=\"text-align: justify;\">Todas essas mudan\u00e7as criaram um ambiente que, mais a frente, levou o Brasil a sua independ\u00eancia. N\u00e3o poder\u00edamos mais voltar a ser col\u00f4nia ap\u00f3s tantos avan\u00e7os art\u00edsticos, culturais, cient\u00edficos e b\u00e9licos.<\/p>\n<p><span style=\"color: #ff0000;\"><strong>As Cortes<\/strong><\/span><\/p>\n<p style=\"text-align: justify;\">Em 1820, com a Europa livre da amea\u00e7a napole\u00f4nica, eclodiu uma revolta na cidade do Porto, a Revolu\u00e7\u00e3o Liberal, exigindo o retorno do rei e a normatiza\u00e7\u00e3o da rela\u00e7\u00e3o entre Portugal e Brasil. Dessa forma, os portugueses exigiam que os brasileiros voltassem a ser colonizados.<\/p>\n<p style=\"text-align: justify;\">Os insurgentes lusitanos criaram o que ficou conhecido como as <em><strong>&#8220;Cortes&#8221;\u00b9<\/strong><\/em>, uma esp\u00e9cie de Congresso Nacional, com amplos poderes de produzir leis, diminuindo o al\u00e7ada do rei . Para os portugueses insurgentes, n\u00e3o existiam mais motivos que justificassem a perman\u00eancia de Dom Jo\u00e3o no Brasil.<\/p>\n<div id=\"attachment_14300\" style=\"width: 243px\" class=\"wp-caption aligncenter\"><a href=\"https:\/\/clebinho.pro.br\/wp\/wp-content\/uploads\/2018\/09\/Portuguese_Cortes_1822.jpg\"><img loading=\"lazy\" decoding=\"async\" aria-describedby=\"caption-attachment-14300\" class=\"wp-image-14300 size-medium\" src=\"https:\/\/clebinho.pro.br\/wp\/wp-content\/uploads\/2018\/09\/Portuguese_Cortes_1822-233x300.jpg\" alt=\"\" width=\"233\" height=\"300\" srcset=\"https:\/\/www.clebinho.pro.br\/wp\/wp-content\/uploads\/2018\/09\/Portuguese_Cortes_1822-233x300.jpg 233w, https:\/\/www.clebinho.pro.br\/wp\/wp-content\/uploads\/2018\/09\/Portuguese_Cortes_1822-768x990.jpg 768w, https:\/\/www.clebinho.pro.br\/wp\/wp-content\/uploads\/2018\/09\/Portuguese_Cortes_1822-794x1024.jpg 794w, https:\/\/www.clebinho.pro.br\/wp\/wp-content\/uploads\/2018\/09\/Portuguese_Cortes_1822.jpg 1436w\" sizes=\"(max-width: 233px) 100vw, 233px\" \/><\/a><p id=\"caption-attachment-14300\" class=\"wp-caption-text\">As Cortes Constituintes de 1820, pintada por Oscar Pereira da Silva.<\/p><\/div>\n<p>.<\/p>\n<p style=\"text-align: justify;\">Com receio de perder o poder em Portugal, consequentemente no Brasil, Dom Jo\u00e3o VI voltou ao seu pa\u00eds em 1821, deixando seu filho, Dom Pedro I, como Pr\u00edncipe Regente do Brasil.<\/p>\n<p><span style=\"color: #ff0000;\"><strong>Pr\u00f3ximo Texto<\/strong><\/span><\/p>\n<p style=\"text-align: justify;\">Nosso pr\u00f3ximo post fecha a trilogia, com a principal consequ\u00eancia do retorno de Dom Jo\u00e3o, a Independ\u00eancia do Brasil, imperd\u00edvel.<\/p>\n<p style=\"text-align: justify;\"><strong>Espero ter aum<\/strong><strong>entado seu conhecimento. Curta nossa p\u00e1gina<a href=\"https:\/\/www.facebook.com\/pages\/Clebinho\/1551769148421187?ref=settings\" target=\"_blank\" rel=\"noopener noreferrer\">\u00a0no Facebook\u00a0<\/a>e compartilhe nosso texto! Abra\u00e7o do Clebinho!<\/strong><\/p>\n<p><strong>1 &#8211;\u00a0<em>Cortes:\u00a0<\/em><\/strong>O nome oficial era &#8220;Cortes Gerais e Extraordin\u00e1rias da Na\u00e7\u00e3o Portuguesa&#8221;.<\/p>\n<p>Publicado em 25.09.2018<\/p>\n","protected":false},"excerpt":{"rendered":"<p>Em nosso \u00faltimo texto abordamos a fant\u00e1stica fuga da elite portuguesa de seu pa\u00eds, al\u00e9m da chegada ao Brasil. O post de hoje completa o tema, mostrando como este fato mudou a hist\u00f3ria de nosso pa\u00eds. Impactos no Brasil A partir desse epis\u00f3dio o Rio de Janeiro se tornou a capital do Imp\u00e9rio Portugu\u00eas. A [&hellip;]<\/p>\n","protected":false},"author":2,"featured_media":14157,"comment_status":"open","ping_status":"open","sticky":false,"template":"","format":"standard","meta":{"footnotes":""},"categories":[8,71,1,4,5,3],"tags":[1867,1862,1869,25,1866,202,106,1859,92,1861,1860,1868,543,198,78],"yoast_head":"<!-- This site is optimized with the Yoast SEO plugin v20.3 - https:\/\/yoast.com\/wordpress\/plugins\/seo\/ -->\n<title>217. Per\u00edodo Joanino (1808-1821) - Blog do Professor Clebinho<\/title>\n<meta name=\"robots\" content=\"index, follow, max-snippet:-1, max-image-preview:large, max-video-preview:-1\" \/>\n<link rel=\"canonical\" href=\"https:\/\/www.clebinho.pro.br\/wp\/?p=14167\" \/>\n<meta property=\"og:locale\" content=\"pt_BR\" \/>\n<meta property=\"og:type\" content=\"article\" \/>\n<meta property=\"og:title\" content=\"217. Per\u00edodo Joanino (1808-1821) - Blog do Professor Clebinho\" \/>\n<meta property=\"og:description\" content=\"Em nosso \u00faltimo texto abordamos a fant\u00e1stica fuga da elite portuguesa de seu pa\u00eds, al\u00e9m da chegada ao Brasil. O post de hoje completa o tema, mostrando como este fato mudou a hist\u00f3ria de nosso pa\u00eds. Impactos no Brasil A partir desse epis\u00f3dio o Rio de Janeiro se tornou a capital do Imp\u00e9rio Portugu\u00eas. A [&hellip;]\" \/>\n<meta property=\"og:url\" content=\"https:\/\/www.clebinho.pro.br\/wp\/?p=14167\" \/>\n<meta property=\"og:site_name\" content=\"Blog do Professor Clebinho\" \/>\n<meta property=\"article:published_time\" content=\"2018-09-25T11:49:14+00:00\" \/>\n<meta property=\"article:modified_time\" content=\"2020-11-09T16:26:45+00:00\" \/>\n<meta property=\"og:image\" content=\"https:\/\/clebinho.pro.br\/wp\/wp-content\/uploads\/2018\/09\/museu_aereo2.jpg\" \/>\n\t<meta property=\"og:image:width\" content=\"739\" \/>\n\t<meta property=\"og:image:height\" content=\"817\" \/>\n\t<meta property=\"og:image:type\" content=\"image\/jpeg\" \/>\n<meta name=\"author\" content=\"Professor Clebinho\" \/>\n<meta name=\"twitter:card\" content=\"summary_large_image\" \/>\n<meta name=\"twitter:label1\" content=\"Escrito por\" \/>\n\t<meta name=\"twitter:data1\" content=\"Professor Clebinho\" \/>\n\t<meta name=\"twitter:label2\" content=\"Est. tempo de leitura\" \/>\n\t<meta name=\"twitter:data2\" content=\"6 minutos\" \/>\n<script type=\"application\/ld+json\" class=\"yoast-schema-graph\">{\"@context\":\"https:\/\/schema.org\",\"@graph\":[{\"@type\":\"WebPage\",\"@id\":\"https:\/\/www.clebinho.pro.br\/wp\/?p=14167\",\"url\":\"https:\/\/www.clebinho.pro.br\/wp\/?p=14167\",\"name\":\"217. Per\u00edodo Joanino (1808-1821) - Blog do Professor Clebinho\",\"isPartOf\":{\"@id\":\"https:\/\/www.clebinho.pro.br\/wp\/#website\"},\"datePublished\":\"2018-09-25T11:49:14+00:00\",\"dateModified\":\"2020-11-09T16:26:45+00:00\",\"author\":{\"@id\":\"https:\/\/www.clebinho.pro.br\/wp\/#\/schema\/person\/73417286de03a1ad762ac7d8ca8c6b77\"},\"breadcrumb\":{\"@id\":\"https:\/\/www.clebinho.pro.br\/wp\/?p=14167#breadcrumb\"},\"inLanguage\":\"pt-BR\",\"potentialAction\":[{\"@type\":\"ReadAction\",\"target\":[\"https:\/\/www.clebinho.pro.br\/wp\/?p=14167\"]}]},{\"@type\":\"BreadcrumbList\",\"@id\":\"https:\/\/www.clebinho.pro.br\/wp\/?p=14167#breadcrumb\",\"itemListElement\":[{\"@type\":\"ListItem\",\"position\":1,\"name\":\"In\u00edcio\",\"item\":\"https:\/\/www.clebinho.pro.br\/wp\"},{\"@type\":\"ListItem\",\"position\":2,\"name\":\"217. Per\u00edodo Joanino (1808-1821)\"}]},{\"@type\":\"WebSite\",\"@id\":\"https:\/\/www.clebinho.pro.br\/wp\/#website\",\"url\":\"https:\/\/www.clebinho.pro.br\/wp\/\",\"name\":\"Blog do Professor Clebinho\",\"description\":\"Um espa\u00e7o virtual privilegiado oferecido pelo professor Clebinho, seus alunos, ex-alunos e demais interessados no debate de atualidades, hist\u00f3ria, geografia, geopolitica e meio ambiente\",\"potentialAction\":[{\"@type\":\"SearchAction\",\"target\":{\"@type\":\"EntryPoint\",\"urlTemplate\":\"https:\/\/www.clebinho.pro.br\/wp\/?s={search_term_string}\"},\"query-input\":\"required name=search_term_string\"}],\"inLanguage\":\"pt-BR\"},{\"@type\":\"Person\",\"@id\":\"https:\/\/www.clebinho.pro.br\/wp\/#\/schema\/person\/73417286de03a1ad762ac7d8ca8c6b77\",\"name\":\"Professor Clebinho\",\"image\":{\"@type\":\"ImageObject\",\"inLanguage\":\"pt-BR\",\"@id\":\"https:\/\/www.clebinho.pro.br\/wp\/#\/schema\/person\/image\/\",\"url\":\"https:\/\/secure.gravatar.com\/avatar\/bb922115afcbfb086f9c52d1dd4a20fa?s=96&d=mm&r=g\",\"contentUrl\":\"https:\/\/secure.gravatar.com\/avatar\/bb922115afcbfb086f9c52d1dd4a20fa?s=96&d=mm&r=g\",\"caption\":\"Professor Clebinho\"},\"sameAs\":[\"https:\/\/www.clebinho.pro.br\/wp\"],\"url\":\"https:\/\/www.clebinho.pro.br\/wp\/?author=2\"}]}<\/script>\n<!-- \/ Yoast SEO plugin. -->","yoast_head_json":{"title":"217. Per\u00edodo Joanino (1808-1821) - Blog do Professor Clebinho","robots":{"index":"index","follow":"follow","max-snippet":"max-snippet:-1","max-image-preview":"max-image-preview:large","max-video-preview":"max-video-preview:-1"},"canonical":"https:\/\/www.clebinho.pro.br\/wp\/?p=14167","og_locale":"pt_BR","og_type":"article","og_title":"217. Per\u00edodo Joanino (1808-1821) - Blog do Professor Clebinho","og_description":"Em nosso \u00faltimo texto abordamos a fant\u00e1stica fuga da elite portuguesa de seu pa\u00eds, al\u00e9m da chegada ao Brasil. O post de hoje completa o tema, mostrando como este fato mudou a hist\u00f3ria de nosso pa\u00eds. Impactos no Brasil A partir desse epis\u00f3dio o Rio de Janeiro se tornou a capital do Imp\u00e9rio Portugu\u00eas. A [&hellip;]","og_url":"https:\/\/www.clebinho.pro.br\/wp\/?p=14167","og_site_name":"Blog do Professor Clebinho","article_published_time":"2018-09-25T11:49:14+00:00","article_modified_time":"2020-11-09T16:26:45+00:00","og_image":[{"width":739,"height":817,"url":"https:\/\/clebinho.pro.br\/wp\/wp-content\/uploads\/2018\/09\/museu_aereo2.jpg","type":"image\/jpeg"}],"author":"Professor Clebinho","twitter_card":"summary_large_image","twitter_misc":{"Escrito por":"Professor Clebinho","Est. tempo de leitura":"6 minutos"},"schema":{"@context":"https:\/\/schema.org","@graph":[{"@type":"WebPage","@id":"https:\/\/www.clebinho.pro.br\/wp\/?p=14167","url":"https:\/\/www.clebinho.pro.br\/wp\/?p=14167","name":"217. Per\u00edodo Joanino (1808-1821) - Blog do Professor Clebinho","isPartOf":{"@id":"https:\/\/www.clebinho.pro.br\/wp\/#website"},"datePublished":"2018-09-25T11:49:14+00:00","dateModified":"2020-11-09T16:26:45+00:00","author":{"@id":"https:\/\/www.clebinho.pro.br\/wp\/#\/schema\/person\/73417286de03a1ad762ac7d8ca8c6b77"},"breadcrumb":{"@id":"https:\/\/www.clebinho.pro.br\/wp\/?p=14167#breadcrumb"},"inLanguage":"pt-BR","potentialAction":[{"@type":"ReadAction","target":["https:\/\/www.clebinho.pro.br\/wp\/?p=14167"]}]},{"@type":"BreadcrumbList","@id":"https:\/\/www.clebinho.pro.br\/wp\/?p=14167#breadcrumb","itemListElement":[{"@type":"ListItem","position":1,"name":"In\u00edcio","item":"https:\/\/www.clebinho.pro.br\/wp"},{"@type":"ListItem","position":2,"name":"217. Per\u00edodo Joanino (1808-1821)"}]},{"@type":"WebSite","@id":"https:\/\/www.clebinho.pro.br\/wp\/#website","url":"https:\/\/www.clebinho.pro.br\/wp\/","name":"Blog do Professor Clebinho","description":"Um espa\u00e7o virtual privilegiado oferecido pelo professor Clebinho, seus alunos, ex-alunos e demais interessados no debate de atualidades, hist\u00f3ria, geografia, geopolitica e meio ambiente","potentialAction":[{"@type":"SearchAction","target":{"@type":"EntryPoint","urlTemplate":"https:\/\/www.clebinho.pro.br\/wp\/?s={search_term_string}"},"query-input":"required name=search_term_string"}],"inLanguage":"pt-BR"},{"@type":"Person","@id":"https:\/\/www.clebinho.pro.br\/wp\/#\/schema\/person\/73417286de03a1ad762ac7d8ca8c6b77","name":"Professor Clebinho","image":{"@type":"ImageObject","inLanguage":"pt-BR","@id":"https:\/\/www.clebinho.pro.br\/wp\/#\/schema\/person\/image\/","url":"https:\/\/secure.gravatar.com\/avatar\/bb922115afcbfb086f9c52d1dd4a20fa?s=96&d=mm&r=g","contentUrl":"https:\/\/secure.gravatar.com\/avatar\/bb922115afcbfb086f9c52d1dd4a20fa?s=96&d=mm&r=g","caption":"Professor Clebinho"},"sameAs":["https:\/\/www.clebinho.pro.br\/wp"],"url":"https:\/\/www.clebinho.pro.br\/wp\/?author=2"}]}},"_links":{"self":[{"href":"https:\/\/www.clebinho.pro.br\/wp\/index.php?rest_route=\/wp\/v2\/posts\/14167"}],"collection":[{"href":"https:\/\/www.clebinho.pro.br\/wp\/index.php?rest_route=\/wp\/v2\/posts"}],"about":[{"href":"https:\/\/www.clebinho.pro.br\/wp\/index.php?rest_route=\/wp\/v2\/types\/post"}],"author":[{"embeddable":true,"href":"https:\/\/www.clebinho.pro.br\/wp\/index.php?rest_route=\/wp\/v2\/users\/2"}],"replies":[{"embeddable":true,"href":"https:\/\/www.clebinho.pro.br\/wp\/index.php?rest_route=%2Fwp%2Fv2%2Fcomments&post=14167"}],"version-history":[{"count":46,"href":"https:\/\/www.clebinho.pro.br\/wp\/index.php?rest_route=\/wp\/v2\/posts\/14167\/revisions"}],"predecessor-version":[{"id":18178,"href":"https:\/\/www.clebinho.pro.br\/wp\/index.php?rest_route=\/wp\/v2\/posts\/14167\/revisions\/18178"}],"wp:featuredmedia":[{"embeddable":true,"href":"https:\/\/www.clebinho.pro.br\/wp\/index.php?rest_route=\/wp\/v2\/media\/14157"}],"wp:attachment":[{"href":"https:\/\/www.clebinho.pro.br\/wp\/index.php?rest_route=%2Fwp%2Fv2%2Fmedia&parent=14167"}],"wp:term":[{"taxonomy":"category","embeddable":true,"href":"https:\/\/www.clebinho.pro.br\/wp\/index.php?rest_route=%2Fwp%2Fv2%2Fcategories&post=14167"},{"taxonomy":"post_tag","embeddable":true,"href":"https:\/\/www.clebinho.pro.br\/wp\/index.php?rest_route=%2Fwp%2Fv2%2Ftags&post=14167"}],"curies":[{"name":"wp","href":"https:\/\/api.w.org\/{rel}","templated":true}]}}