{"id":14385,"date":"2018-10-02T10:33:09","date_gmt":"2018-10-02T12:33:09","guid":{"rendered":"http:\/\/www.clebinho.pro.br\/?p=14385"},"modified":"2025-01-22T17:36:24","modified_gmt":"2025-01-22T20:36:24","slug":"14385","status":"publish","type":"post","link":"https:\/\/www.clebinho.pro.br\/wp\/?p=14385","title":{"rendered":"218. Independ\u00eancia do Brasil (1822)"},"content":{"rendered":"<p style=\"text-align: justify;\">Em nosso <a href=\"https:\/\/www.clebinho.pro.br\/wp\/wp\/?p=14167\" target=\"_blank\" rel=\"noopener noreferrer\">\u00faltimo texto<\/a> abordamos o Per\u00edodo Joanino, espa\u00e7o de tempo em que o imp\u00e9rio portugu\u00eas foi comandado a partir do Rio de Janeiro.<\/p>\n<p style=\"text-align: justify;\">Como mostrado anteriormente, Dom Jo\u00e3o VI precisou voltar a Portugal, para n\u00e3o perder o comando sobre o seu imp\u00e9rio, deixando no Brasil seu filho como Pr\u00edncipe Regente.<\/p>\n<p style=\"text-align: justify;\"><span style=\"color: #ff0000;\"><strong>Dom Pedro I (IV em Portugal)<\/strong><\/span><\/p>\n<p style=\"text-align: justify;\">Seu nome completo era Pedro de Alc\u00e2ntara Francisco Ant\u00f3nio Jo\u00e3o Carlos Xavier de Paula Miguel Rafael Joaquim Jos\u00e9 Gonzaga Pascoal Cipriano Serafim de Bragan\u00e7a e Bourbon. N\u00e3o apertei as teclas sem querer, esse era realmente todo o nome do nosso primeiro imperador.<\/p>\n<p style=\"text-align: justify;\">Veio para o Brasil com 9 anos de idade, junto a toda corte de Portugal. Por aqui, viveu toda a adolesc\u00eancia e in\u00edcio da vida adulta. Aos 19 anos casou-se, por interesse de Estado, com\u00a0Maria Leopoldina,\u00a0\u00a0filha do Imperador da \u00c1ustria. Essas associa\u00e7\u00f5es eram muito comuns para fortalecer rela\u00e7\u00f5es entre na\u00e7\u00f5es diferentes.<\/p>\n<p style=\"text-align: justify;\"><span style=\"color: #ff0000;\"><strong>Pr\u00edncipe Regente<\/strong><\/span><\/p>\n<p style=\"text-align: justify;\">Em 22 de abril de 1821, foi nomeado pr\u00edncipe Regente do Reino Unido a Portugal e Algarve (Brasil). Ele era o quarto filho do casal real, por\u00e9m, naquele momento, o descendente homem mais velho da fam\u00edlia. Seu irm\u00e3o\u00a0Dom\u00a0Francisco havia morrido e as outras duas eram mulheres.<\/p>\n<div id=\"attachment_14308\" style=\"width: 310px\" class=\"wp-caption aligncenter\"><a href=\"https:\/\/clebinho.pro.br\/wp\/wp-content\/uploads\/2018\/09\/dom-pedro-I-depois.jpg\"><img loading=\"lazy\" decoding=\"async\" aria-describedby=\"caption-attachment-14308\" class=\"wp-image-14308 size-medium\" src=\"https:\/\/clebinho.pro.br\/wp\/wp-content\/uploads\/2018\/09\/dom-pedro-I-depois-300x300.jpg\" alt=\"\" width=\"300\" height=\"300\" srcset=\"https:\/\/www.clebinho.pro.br\/wp\/wp-content\/uploads\/2018\/09\/dom-pedro-I-depois-300x300.jpg 300w, https:\/\/www.clebinho.pro.br\/wp\/wp-content\/uploads\/2018\/09\/dom-pedro-I-depois-150x150.jpg 150w, https:\/\/www.clebinho.pro.br\/wp\/wp-content\/uploads\/2018\/09\/dom-pedro-I-depois-768x768.jpg 768w, https:\/\/www.clebinho.pro.br\/wp\/wp-content\/uploads\/2018\/09\/dom-pedro-I-depois-60x60.jpg 60w, https:\/\/www.clebinho.pro.br\/wp\/wp-content\/uploads\/2018\/09\/dom-pedro-I-depois.jpg 960w\" sizes=\"(max-width: 300px) 100vw, 300px\" \/><\/a><p id=\"caption-attachment-14308\" class=\"wp-caption-text\">Dom Pedro I ap\u00f3s uma recente reconstru\u00e7\u00e3o facial. Nesta imagem, ele est\u00e1 mais velho que no per\u00edodo da Independ\u00eancia.<a href=\"https:\/\/www.bbc.com\/portuguese\/geral-43857602\" target=\"_blank\" rel=\"noopener noreferrer\"> Leia mais no site da BBC.<\/a><\/p><\/div>\n<div id=\"attachment_14308\" class=\"wp-caption alignnone\" style=\"text-align: justify;\">\n<p class=\"wp-caption-text\"><span style=\"font-size: 1.4rem;\">.<\/span><\/p>\n<\/div>\n<p style=\"text-align: justify;\">Foi um rapaz que recebeu forte educa\u00e7\u00e3o formal, mas sempre foi tido como temperamental, impulsivo, j\u00e1 que seu pai n\u00e3o permitia que ningu\u00e9m o educasse com rigor.<\/p>\n<p style=\"text-align: justify;\">Sua rebeldia p\u00f4de ser observada enquanto regente. Por conta pr\u00f3pria, Dom Pedro abaixou alguns impostos, al\u00e9m de igualar as patentes dos militares brasileiros aos portugueses. Suas atitudes confrontavam diretamente com quem desejava o restabelecimento das rela\u00e7\u00f5es de subservi\u00eancia do Brasil em rela\u00e7\u00e3o a Portugal.<\/p>\n<p style=\"text-align: justify;\"><span style=\"color: #ff0000;\"><strong>Dia do fico<\/strong><\/span><\/p>\n<p style=\"text-align: justify;\">A rela\u00e7\u00e3o entre o filho de Dom Jo\u00e3o com as Cortes estava completamente desgastada. Os portugueses passaram a exigir o imediato retorno do pr\u00edncipe, em um claro movimento de retirar daqui algu\u00e9m insubordinado, n\u00e3o t\u00e3o comprometido com os interesses lusitanos.<\/p>\n<p style=\"text-align: justify;\">Em janeiro de 1822 chegou uma ordem para que Dom Pedro, regente que viria a ser o imperador Brasil, voltasse imediatamente a Lisboa. A elite brasileira se mobilizou e entregou ao filho de Dom Jo\u00e3o um abaixo assinado com mais de 8 mil assinaturas, pedindo que ele ficasse por aqui, desobedecendo frontalmente a ordem emitida em Portugal.<\/p>\n<div id=\"attachment_14317\" style=\"width: 310px\" class=\"wp-caption aligncenter\"><a href=\"https:\/\/clebinho.pro.br\/wp\/wp-content\/uploads\/2018\/09\/Dia-do-Fico-640x445.png\"><img loading=\"lazy\" decoding=\"async\" aria-describedby=\"caption-attachment-14317\" class=\"wp-image-14317 size-medium\" src=\"https:\/\/clebinho.pro.br\/wp\/wp-content\/uploads\/2018\/09\/Dia-do-Fico-640x445-300x209.png\" alt=\"\" width=\"300\" height=\"209\" srcset=\"https:\/\/www.clebinho.pro.br\/wp\/wp-content\/uploads\/2018\/09\/Dia-do-Fico-640x445-300x209.png 300w, https:\/\/www.clebinho.pro.br\/wp\/wp-content\/uploads\/2018\/09\/Dia-do-Fico-640x445.png 640w\" sizes=\"(max-width: 300px) 100vw, 300px\" \/><\/a><p id=\"caption-attachment-14317\" class=\"wp-caption-text\">Pintura retratando o Dia do Fico. Evidentemente temos que tomar cuidado com todo tipo de reconstitui\u00e7\u00e3o hist\u00f3rica, os fatos podem n\u00e3o ter se desenrolado exatamente dessa forma, j\u00e1 que os pintores de quadros, em geral, procuram ser espetaculosos. Imagem: Internet.<\/p><\/div>\n<div id=\"attachment_14317\" class=\"wp-caption aligncenter\" style=\"text-align: justify;\">\n<p><span style=\"font-size: 1.4rem;\">.<\/span><\/p>\n<\/div>\n<p style=\"text-align: justify;\">No dia 9 de janeiro de 1822 Dom Pedro resolveu desobedecer a ordem direta das Cortes,\u00a0 proferindo a famosa frase:\u00a0\u00a0<i>\u201cSe \u00e9 para o bem de todos e felicidade geral da Na\u00e7\u00e3o, estou pronto! Digam ao povo que fico\u201d.\u00a0<\/i><\/p>\n<p style=\"text-align: justify;\">Momento eternizado como o \u201cDia do Fico\u201d, considerado o fato a partir do qual a independ\u00eancia brasileira n\u00e3o tinha mais como recuar.<\/p>\n<p style=\"text-align: justify;\">Cerca de dois mil soldados leais ao general portugu\u00eas Jorge Avilez tentaram uma rea\u00e7\u00e3o ao ato do pr\u00edncipe regente, \u00e0quela altura, rebaixado pelas Cortes a governador da prov\u00edncia do Rio de Janeiro. Foram cercados por 10 mil homens da Guarda Real da Pol\u00edcia, leais a Pedro. N\u00e3o tendo como revidar, os portugueses foram enviados a Niter\u00f3i, onde aguardaram transporte para retorno a Portugal.<\/p>\n<div id=\"attachment_14348\" style=\"width: 259px\" class=\"wp-caption aligncenter\"><a href=\"https:\/\/clebinho.pro.br\/wp\/wp-content\/uploads\/2018\/09\/800px-Pedro_I_of_Brazil_and_Avilez.jpg\"><img loading=\"lazy\" decoding=\"async\" aria-describedby=\"caption-attachment-14348\" class=\"wp-image-14348 size-medium\" src=\"https:\/\/clebinho.pro.br\/wp\/wp-content\/uploads\/2018\/09\/800px-Pedro_I_of_Brazil_and_Avilez-249x300.jpg\" alt=\"\" width=\"249\" height=\"300\" srcset=\"https:\/\/www.clebinho.pro.br\/wp\/wp-content\/uploads\/2018\/09\/800px-Pedro_I_of_Brazil_and_Avilez-249x300.jpg 249w, https:\/\/www.clebinho.pro.br\/wp\/wp-content\/uploads\/2018\/09\/800px-Pedro_I_of_Brazil_and_Avilez-768x924.jpg 768w, https:\/\/www.clebinho.pro.br\/wp\/wp-content\/uploads\/2018\/09\/800px-Pedro_I_of_Brazil_and_Avilez.jpg 800w\" sizes=\"(max-width: 249px) 100vw, 249px\" \/><\/a><p id=\"caption-attachment-14348\" class=\"wp-caption-text\">Quadro retratando Dom Pedro I (\u00e0 direita) ordenando o retorno de\u00a0 Jorge d\u2019Avilez (\u00e0 esquerda) a Portugal ap\u00f3s a rebeli\u00e3o fracassada. Imagem: Internet.<\/p><\/div>\n<div id=\"attachment_14348\" class=\"wp-caption aligncenter\" style=\"text-align: justify;\">\n<p><span style=\"font-size: 1.4rem;\">.<\/span><\/p>\n<\/div>\n<p style=\"text-align: justify;\">Dom Pedro nomeou\u00a0Jos\u00e9 Bonif\u00e1cio\u00a0como o seu ministro das rela\u00e7\u00f5es exteriores, uma a\u00e7\u00e3o clara de quem j\u00e1 come\u00e7ava um governo pr\u00f3prio. Com o tempo, os dois desenvolveram uma rela\u00e7\u00e3o bem pr\u00f3xima.<\/p>\n<p style=\"text-align: justify;\">Mais a frente na hist\u00f3ria, brigaram, se reconciliaram e Bonif\u00e1cio se tornou o tutor do pr\u00f3ximo imperador, Dom Pedro II.<\/p>\n<p style=\"text-align: justify;\"><span style=\"color: #ff0000;\"><strong>Grito da Independ\u00eancia<\/strong><\/span><\/p>\n<p style=\"text-align: justify;\">Em\u00a0dia\u00a02 de setembro\u00a0de 1822 Leopoldina estava regendo o pa\u00eds, enquanto seu marido Pedro estava viajando por S\u00e3o Paulo para garantir apoio a Independ\u00eancia. Junto aos ministros, resolveram declarar a separa\u00e7\u00e3o total entre Brasil e Portugal, enviando um emiss\u00e1rio de encontro ao marido.<\/p>\n<div id=\"attachment_14353\" style=\"width: 262px\" class=\"wp-caption aligncenter\"><a href=\"https:\/\/clebinho.pro.br\/wp\/wp-content\/uploads\/2018\/09\/29-_Imperatriz_rainha_D._Leopoldina.jpg\"><img loading=\"lazy\" decoding=\"async\" aria-describedby=\"caption-attachment-14353\" class=\"wp-image-14353 size-medium\" src=\"https:\/\/clebinho.pro.br\/wp\/wp-content\/uploads\/2018\/09\/29-_Imperatriz_rainha_D._Leopoldina-252x300.jpg\" alt=\"\" width=\"252\" height=\"300\" srcset=\"https:\/\/www.clebinho.pro.br\/wp\/wp-content\/uploads\/2018\/09\/29-_Imperatriz_rainha_D._Leopoldina-252x300.jpg 252w, https:\/\/www.clebinho.pro.br\/wp\/wp-content\/uploads\/2018\/09\/29-_Imperatriz_rainha_D._Leopoldina.jpg 646w\" sizes=\"(max-width: 252px) 100vw, 252px\" \/><\/a><p id=\"caption-attachment-14353\" class=\"wp-caption-text\">Maria Leopoldina de \u00c1ustria foi a 1\u00ba esposa de D. Pedro I e Imperatriz do Imp\u00e9rio do Brasil de 1822 at\u00e9 sua morte em 1826 (com apenas 29 anos). Era filha do imperador Francisco I da \u00c1ustria e considerada a principal articuladora da independ\u00eancia. Era muito mais adorada pelo povo que seu marido. Imagem: Internet.<\/p><\/div>\n<div id=\"attachment_14353\" class=\"wp-caption aligncenter\" style=\"text-align: justify;\">\n<p>&nbsp;<\/p>\n<p><span style=\"font-size: 1.4rem;\">.<\/span><\/p>\n<\/div>\n<p style=\"text-align: justify;\">No dia 7 de setembro de 1822, \u00e0s margens do rio Ipiranga, onde hoje \u00e9 a cidade de S\u00e3o Paulo, Dom Pedro recebeu a mensagem da fant\u00e1stica manobra liderada por sua esposa, al\u00e9m do\u00a0 fato das Cortes terem emitido mais comunicados hostis em rela\u00e7\u00e3o ao seu governo.<\/p>\n<p style=\"text-align: justify;\">Naquele momento, teve que tomar uma decis\u00e3o final.\u00a0Tendo o apoio pol\u00edtico, da aristocracia rural e dos homens livres (j\u00e1 que a maioria eram escravos), o futuro imperador do Brasil reuniu a sua comitiva e proclamou a independ\u00eancia de nosso pa\u00eds com a espada em riste.<\/p>\n<p style=\"text-align: justify;\">Segundo consta a hist\u00f3ria ele teria proferido uma sequ\u00eancia de frases:<\/p>\n<p style=\"text-align: justify;\">\u201cAmigos, as Cortes Portuguesas querem escravizar-nos e perseguir-nos. A partir de hoje as nossas rela\u00e7\u00f5es est\u00e3o quebradas. Nenhum v\u00ednculo unir-nos mais\u201d<\/p>\n<p style=\"text-align: justify;\">\u201cTirem suas bra\u00e7adeiras, soldados (representava Portugal). Viva independ\u00eancia, \u00e0 liberdade e \u00e0 separa\u00e7\u00e3o do Brasil.\u201d<\/p>\n<p style=\"text-align: justify;\">\u201cPara o meu sangue, minha honra, meu Deus, eu juro dar ao Brasil a liberdade\u201d<\/p>\n<p style=\"text-align: justify;\">\u201cIndepend\u00eancia ou morte\u201d<\/p>\n<div id=\"attachment_14361\" style=\"width: 310px\" class=\"wp-caption aligncenter\"><a href=\"https:\/\/clebinho.pro.br\/wp\/wp-content\/uploads\/2018\/09\/Independ\u00eancia_ou_Morte_2.jpg\"><img loading=\"lazy\" decoding=\"async\" aria-describedby=\"caption-attachment-14361\" class=\"wp-image-14361 size-medium\" src=\"https:\/\/clebinho.pro.br\/wp\/wp-content\/uploads\/2018\/09\/Independ\u00eancia_ou_Morte_2-300x148.jpg\" alt=\"\" width=\"300\" height=\"148\" srcset=\"https:\/\/www.clebinho.pro.br\/wp\/wp-content\/uploads\/2018\/09\/Independ\u00eancia_ou_Morte_2-300x148.jpg 300w, https:\/\/www.clebinho.pro.br\/wp\/wp-content\/uploads\/2018\/09\/Independ\u00eancia_ou_Morte_2-768x378.jpg 768w, https:\/\/www.clebinho.pro.br\/wp\/wp-content\/uploads\/2018\/09\/Independ\u00eancia_ou_Morte_2-1024x505.jpg 1024w, https:\/\/www.clebinho.pro.br\/wp\/wp-content\/uploads\/2018\/09\/Independ\u00eancia_ou_Morte_2.jpg 1439w\" sizes=\"(max-width: 300px) 100vw, 300px\" \/><\/a><p id=\"caption-attachment-14361\" class=\"wp-caption-text\">Nem tudo que circula sobre o momento da independ\u00eancia foi t\u00e3o glamoroso quanto aprendemos nas escolas. Nesta linha de racioc\u00ednio, nosso blog j\u00e1 abordou o Quadro \u201cIndepend\u00eancia ou Morte\u201d de Pedro Am\u00e9rico, em alus\u00e3o ao grito emitido por Dom Pedro naquele dia, <a href=\"https:\/\/www.clebinho.pro.br\/wp\/wp\/?p=142\" target=\"_blank\" rel=\"noopener noreferrer\">confiram no texto 04.<\/a><\/p><\/div>\n<div id=\"attachment_14361\" class=\"wp-caption aligncenter\" style=\"text-align: justify;\">\n<p>&nbsp;<\/p>\n<\/div>\n<p style=\"text-align: justify;\">.<\/p>\n<p style=\"text-align: justify;\">Como todo movimento oriundo da elite, em nada mudou a vida dos pobres e escravos por aqui, que viveram o evento como meros espectadores distantes.<\/p>\n<p style=\"text-align: justify;\">A independ\u00eancia n\u00e3o foi exatamente um ato patri\u00f3tico, protagonizado por algu\u00e9m que realmente queria livrar o Brasil da subservi\u00eancia. Foi muito mais uma rea\u00e7\u00e3o a poss\u00edveis perdas de autonomias comerciais por partes das elites do que verdadeiramente o ideal de formar um novo pa\u00eds.<\/p>\n<p style=\"text-align: justify;\">Se o desejo fosse realmente libertar os brasileiros de qualquer tipo de domina\u00e7\u00e3o, a escravid\u00e3o n\u00e3o teria durado at\u00e9 1888 por aqui. Assim como tamb\u00e9m foi mantida a p\u00e9ssima distribui\u00e7\u00e3o de renda, o modelo rural agroexportador, os latif\u00fandios e a pr\u00f3pria monarquia.<\/p>\n<p style=\"text-align: justify;\">Nosso blog j\u00e1 dissecou um pouco mais a vida de Dom Pedro I, pol\u00eamico imperador brasileiro.<a href=\"https:\/\/www.clebinho.pro.br\/wp\/wp\/?p=323\" target=\"_blank\" rel=\"noopener noreferrer\"> Confiram no texto 12 e sua sequ\u00eancia.\u00a0<\/a><\/p>\n<p style=\"text-align: justify;\">Ap\u00f3s a Independ\u00eancia, algumas revoltas eclodiram no nordeste, lideradas por portugueses desgostosos com a separa\u00e7\u00e3o, mas foram fortemente reprimidas pelas tropas do imperador at\u00e9 mar\u00e7o de 1824.<\/p>\n<p style=\"text-align: justify;\">Percebendo a impossibilidade de lutar em outro continente contra o Brasil, Portugal aceitou a independ\u00eancia atrav\u00e9s do Tratado Luso-brasileiro, em 29 de agosto\u00a0de\u00a01825.<\/p>\n<p style=\"text-align: justify;\">Ficou acordado um pagamento de\u00a0 2 milh\u00f5es de libras esterlinas por tudo que os portugueses haviam deixado em solo tupiniquim, como por exemplo os livros presentes na Biblioteca Real.<\/p>\n<p style=\"text-align: justify;\">Curiosamente, quem mediou o acordo foi a Inglaterra, exatamente o pa\u00eds onde o Brasil foi buscar empr\u00e9stimos para quitar a d\u00edvida. Ainda mais interessante, do total, somente 600 mil libras chegaram a Portugal, j\u00e1 que 1,4 milh\u00e3o ficou retido pelos bancos como pagamento de uma antiga d\u00edvida portuguesa com o Reino Unido.<\/p>\n<p style=\"text-align: justify;\">Resumindo, compramos nossa independ\u00eancia do Reino Unido, n\u00e3o de Portugal.<\/p>\n<p style=\"text-align: justify;\"><strong>Siga o Professor Clebinho nas redes sociais, clique nos links: <\/strong><b>\u00a0<a href=\"https:\/\/www.instagram.com\/professor.clebinho\/?hl=en\">Instagram<\/a><\/b><strong>\u00a0\u00a0<\/strong><a href=\"https:\/\/br.linkedin.com\/in\/professor-clebinho-83402218a\" target=\"_blank\" rel=\"noopener noreferrer\"><strong>Linkedin<\/strong><\/a><strong>\u00a0 \u00a0 \u00a0\u00a0<\/strong><a href=\"https:\/\/www.youtube.com\/channel\/UCPJKhdHCtO52vr5LIFOKcsQ\" target=\"_blank\" rel=\"noopener noreferrer\"><strong>Youtube<\/strong><\/a><\/p>\n<p>Publicado em 02.10.2018<\/p>\n","protected":false},"excerpt":{"rendered":"<p>Em nosso \u00faltimo texto abordamos o Per\u00edodo Joanino, espa\u00e7o de tempo em que o imp\u00e9rio portugu\u00eas foi comandado a partir do Rio de Janeiro. Como mostrado anteriormente, Dom Jo\u00e3o VI precisou voltar a Portugal, para n\u00e3o perder o comando sobre o seu imp\u00e9rio, deixando no Brasil seu filho como Pr\u00edncipe Regente. Dom Pedro I (IV [&hellip;]<\/p>\n","protected":false},"author":2,"featured_media":14308,"comment_status":"open","ping_status":"open","sticky":false,"template":"","format":"standard","meta":{"footnotes":""},"categories":[8,71,1,5,3],"tags":[1867,1862,1869,25,1866,202,106,1859,92,1861,1860,1868,543,198,78,1870],"yoast_head":"<!-- This site is optimized with the Yoast SEO plugin v20.3 - https:\/\/yoast.com\/wordpress\/plugins\/seo\/ -->\n<title>218. Independ\u00eancia do Brasil (1822) - Blog do Professor Clebinho<\/title>\n<meta name=\"robots\" content=\"index, follow, max-snippet:-1, max-image-preview:large, max-video-preview:-1\" \/>\n<link rel=\"canonical\" href=\"https:\/\/www.clebinho.pro.br\/wp\/?p=14385\" \/>\n<meta property=\"og:locale\" content=\"pt_BR\" \/>\n<meta property=\"og:type\" content=\"article\" \/>\n<meta property=\"og:title\" content=\"218. Independ\u00eancia do Brasil (1822) - Blog do Professor Clebinho\" \/>\n<meta property=\"og:description\" content=\"Em nosso \u00faltimo texto abordamos o Per\u00edodo Joanino, espa\u00e7o de tempo em que o imp\u00e9rio portugu\u00eas foi comandado a partir do Rio de Janeiro. Como mostrado anteriormente, Dom Jo\u00e3o VI precisou voltar a Portugal, para n\u00e3o perder o comando sobre o seu imp\u00e9rio, deixando no Brasil seu filho como Pr\u00edncipe Regente. Dom Pedro I (IV [&hellip;]\" \/>\n<meta property=\"og:url\" content=\"https:\/\/www.clebinho.pro.br\/wp\/?p=14385\" \/>\n<meta property=\"og:site_name\" content=\"Blog do Professor Clebinho\" \/>\n<meta property=\"article:published_time\" content=\"2018-10-02T12:33:09+00:00\" \/>\n<meta property=\"article:modified_time\" content=\"2025-01-22T20:36:24+00:00\" \/>\n<meta property=\"og:image\" content=\"https:\/\/clebinho.pro.br\/wp\/wp-content\/uploads\/2018\/09\/dom-pedro-I-depois.jpg\" \/>\n\t<meta property=\"og:image:width\" content=\"960\" \/>\n\t<meta property=\"og:image:height\" content=\"960\" \/>\n\t<meta property=\"og:image:type\" content=\"image\/jpeg\" \/>\n<meta name=\"author\" content=\"Professor Clebinho\" \/>\n<meta name=\"twitter:card\" content=\"summary_large_image\" \/>\n<meta name=\"twitter:label1\" content=\"Escrito por\" \/>\n\t<meta name=\"twitter:data1\" content=\"Professor Clebinho\" \/>\n\t<meta name=\"twitter:label2\" content=\"Est. tempo de leitura\" \/>\n\t<meta name=\"twitter:data2\" content=\"8 minutos\" \/>\n<script type=\"application\/ld+json\" class=\"yoast-schema-graph\">{\"@context\":\"https:\/\/schema.org\",\"@graph\":[{\"@type\":\"WebPage\",\"@id\":\"https:\/\/www.clebinho.pro.br\/wp\/?p=14385\",\"url\":\"https:\/\/www.clebinho.pro.br\/wp\/?p=14385\",\"name\":\"218. Independ\u00eancia do Brasil (1822) - Blog do Professor Clebinho\",\"isPartOf\":{\"@id\":\"https:\/\/www.clebinho.pro.br\/wp\/#website\"},\"datePublished\":\"2018-10-02T12:33:09+00:00\",\"dateModified\":\"2025-01-22T20:36:24+00:00\",\"author\":{\"@id\":\"https:\/\/www.clebinho.pro.br\/wp\/#\/schema\/person\/73417286de03a1ad762ac7d8ca8c6b77\"},\"breadcrumb\":{\"@id\":\"https:\/\/www.clebinho.pro.br\/wp\/?p=14385#breadcrumb\"},\"inLanguage\":\"pt-BR\",\"potentialAction\":[{\"@type\":\"ReadAction\",\"target\":[\"https:\/\/www.clebinho.pro.br\/wp\/?p=14385\"]}]},{\"@type\":\"BreadcrumbList\",\"@id\":\"https:\/\/www.clebinho.pro.br\/wp\/?p=14385#breadcrumb\",\"itemListElement\":[{\"@type\":\"ListItem\",\"position\":1,\"name\":\"In\u00edcio\",\"item\":\"https:\/\/www.clebinho.pro.br\/wp\"},{\"@type\":\"ListItem\",\"position\":2,\"name\":\"218. Independ\u00eancia do Brasil (1822)\"}]},{\"@type\":\"WebSite\",\"@id\":\"https:\/\/www.clebinho.pro.br\/wp\/#website\",\"url\":\"https:\/\/www.clebinho.pro.br\/wp\/\",\"name\":\"Blog do Professor Clebinho\",\"description\":\"Um espa\u00e7o virtual privilegiado oferecido pelo professor Clebinho, seus alunos, ex-alunos e demais interessados no debate de atualidades, hist\u00f3ria, geografia, geopolitica e meio ambiente\",\"potentialAction\":[{\"@type\":\"SearchAction\",\"target\":{\"@type\":\"EntryPoint\",\"urlTemplate\":\"https:\/\/www.clebinho.pro.br\/wp\/?s={search_term_string}\"},\"query-input\":\"required name=search_term_string\"}],\"inLanguage\":\"pt-BR\"},{\"@type\":\"Person\",\"@id\":\"https:\/\/www.clebinho.pro.br\/wp\/#\/schema\/person\/73417286de03a1ad762ac7d8ca8c6b77\",\"name\":\"Professor Clebinho\",\"image\":{\"@type\":\"ImageObject\",\"inLanguage\":\"pt-BR\",\"@id\":\"https:\/\/www.clebinho.pro.br\/wp\/#\/schema\/person\/image\/\",\"url\":\"https:\/\/secure.gravatar.com\/avatar\/bb922115afcbfb086f9c52d1dd4a20fa?s=96&d=mm&r=g\",\"contentUrl\":\"https:\/\/secure.gravatar.com\/avatar\/bb922115afcbfb086f9c52d1dd4a20fa?s=96&d=mm&r=g\",\"caption\":\"Professor Clebinho\"},\"sameAs\":[\"https:\/\/www.clebinho.pro.br\/wp\"],\"url\":\"https:\/\/www.clebinho.pro.br\/wp\/?author=2\"}]}<\/script>\n<!-- \/ Yoast SEO plugin. -->","yoast_head_json":{"title":"218. Independ\u00eancia do Brasil (1822) - Blog do Professor Clebinho","robots":{"index":"index","follow":"follow","max-snippet":"max-snippet:-1","max-image-preview":"max-image-preview:large","max-video-preview":"max-video-preview:-1"},"canonical":"https:\/\/www.clebinho.pro.br\/wp\/?p=14385","og_locale":"pt_BR","og_type":"article","og_title":"218. Independ\u00eancia do Brasil (1822) - Blog do Professor Clebinho","og_description":"Em nosso \u00faltimo texto abordamos o Per\u00edodo Joanino, espa\u00e7o de tempo em que o imp\u00e9rio portugu\u00eas foi comandado a partir do Rio de Janeiro. Como mostrado anteriormente, Dom Jo\u00e3o VI precisou voltar a Portugal, para n\u00e3o perder o comando sobre o seu imp\u00e9rio, deixando no Brasil seu filho como Pr\u00edncipe Regente. Dom Pedro I (IV [&hellip;]","og_url":"https:\/\/www.clebinho.pro.br\/wp\/?p=14385","og_site_name":"Blog do Professor Clebinho","article_published_time":"2018-10-02T12:33:09+00:00","article_modified_time":"2025-01-22T20:36:24+00:00","og_image":[{"width":960,"height":960,"url":"https:\/\/clebinho.pro.br\/wp\/wp-content\/uploads\/2018\/09\/dom-pedro-I-depois.jpg","type":"image\/jpeg"}],"author":"Professor Clebinho","twitter_card":"summary_large_image","twitter_misc":{"Escrito por":"Professor Clebinho","Est. tempo de leitura":"8 minutos"},"schema":{"@context":"https:\/\/schema.org","@graph":[{"@type":"WebPage","@id":"https:\/\/www.clebinho.pro.br\/wp\/?p=14385","url":"https:\/\/www.clebinho.pro.br\/wp\/?p=14385","name":"218. Independ\u00eancia do Brasil (1822) - Blog do Professor Clebinho","isPartOf":{"@id":"https:\/\/www.clebinho.pro.br\/wp\/#website"},"datePublished":"2018-10-02T12:33:09+00:00","dateModified":"2025-01-22T20:36:24+00:00","author":{"@id":"https:\/\/www.clebinho.pro.br\/wp\/#\/schema\/person\/73417286de03a1ad762ac7d8ca8c6b77"},"breadcrumb":{"@id":"https:\/\/www.clebinho.pro.br\/wp\/?p=14385#breadcrumb"},"inLanguage":"pt-BR","potentialAction":[{"@type":"ReadAction","target":["https:\/\/www.clebinho.pro.br\/wp\/?p=14385"]}]},{"@type":"BreadcrumbList","@id":"https:\/\/www.clebinho.pro.br\/wp\/?p=14385#breadcrumb","itemListElement":[{"@type":"ListItem","position":1,"name":"In\u00edcio","item":"https:\/\/www.clebinho.pro.br\/wp"},{"@type":"ListItem","position":2,"name":"218. Independ\u00eancia do Brasil (1822)"}]},{"@type":"WebSite","@id":"https:\/\/www.clebinho.pro.br\/wp\/#website","url":"https:\/\/www.clebinho.pro.br\/wp\/","name":"Blog do Professor Clebinho","description":"Um espa\u00e7o virtual privilegiado oferecido pelo professor Clebinho, seus alunos, ex-alunos e demais interessados no debate de atualidades, hist\u00f3ria, geografia, geopolitica e meio ambiente","potentialAction":[{"@type":"SearchAction","target":{"@type":"EntryPoint","urlTemplate":"https:\/\/www.clebinho.pro.br\/wp\/?s={search_term_string}"},"query-input":"required name=search_term_string"}],"inLanguage":"pt-BR"},{"@type":"Person","@id":"https:\/\/www.clebinho.pro.br\/wp\/#\/schema\/person\/73417286de03a1ad762ac7d8ca8c6b77","name":"Professor Clebinho","image":{"@type":"ImageObject","inLanguage":"pt-BR","@id":"https:\/\/www.clebinho.pro.br\/wp\/#\/schema\/person\/image\/","url":"https:\/\/secure.gravatar.com\/avatar\/bb922115afcbfb086f9c52d1dd4a20fa?s=96&d=mm&r=g","contentUrl":"https:\/\/secure.gravatar.com\/avatar\/bb922115afcbfb086f9c52d1dd4a20fa?s=96&d=mm&r=g","caption":"Professor Clebinho"},"sameAs":["https:\/\/www.clebinho.pro.br\/wp"],"url":"https:\/\/www.clebinho.pro.br\/wp\/?author=2"}]}},"_links":{"self":[{"href":"https:\/\/www.clebinho.pro.br\/wp\/index.php?rest_route=\/wp\/v2\/posts\/14385"}],"collection":[{"href":"https:\/\/www.clebinho.pro.br\/wp\/index.php?rest_route=\/wp\/v2\/posts"}],"about":[{"href":"https:\/\/www.clebinho.pro.br\/wp\/index.php?rest_route=\/wp\/v2\/types\/post"}],"author":[{"embeddable":true,"href":"https:\/\/www.clebinho.pro.br\/wp\/index.php?rest_route=\/wp\/v2\/users\/2"}],"replies":[{"embeddable":true,"href":"https:\/\/www.clebinho.pro.br\/wp\/index.php?rest_route=%2Fwp%2Fv2%2Fcomments&post=14385"}],"version-history":[{"count":16,"href":"https:\/\/www.clebinho.pro.br\/wp\/index.php?rest_route=\/wp\/v2\/posts\/14385\/revisions"}],"predecessor-version":[{"id":18307,"href":"https:\/\/www.clebinho.pro.br\/wp\/index.php?rest_route=\/wp\/v2\/posts\/14385\/revisions\/18307"}],"wp:featuredmedia":[{"embeddable":true,"href":"https:\/\/www.clebinho.pro.br\/wp\/index.php?rest_route=\/wp\/v2\/media\/14308"}],"wp:attachment":[{"href":"https:\/\/www.clebinho.pro.br\/wp\/index.php?rest_route=%2Fwp%2Fv2%2Fmedia&parent=14385"}],"wp:term":[{"taxonomy":"category","embeddable":true,"href":"https:\/\/www.clebinho.pro.br\/wp\/index.php?rest_route=%2Fwp%2Fv2%2Fcategories&post=14385"},{"taxonomy":"post_tag","embeddable":true,"href":"https:\/\/www.clebinho.pro.br\/wp\/index.php?rest_route=%2Fwp%2Fv2%2Ftags&post=14385"}],"curies":[{"name":"wp","href":"https:\/\/api.w.org\/{rel}","templated":true}]}}