{"id":14460,"date":"2018-10-15T05:35:32","date_gmt":"2018-10-15T07:35:32","guid":{"rendered":"http:\/\/www.clebinho.pro.br\/?p=14460"},"modified":"2025-01-22T17:35:55","modified_gmt":"2025-01-22T20:35:55","slug":"220","status":"publish","type":"post","link":"https:\/\/www.clebinho.pro.br\/wp\/?p=14460","title":{"rendered":"220. Cataclismo na Venezuela"},"content":{"rendered":"<p>Em nosso <a href=\"https:\/\/www.clebinho.pro.br\/wp\/wp\/?p=14399\" target=\"_blank\" rel=\"noopener\">\u00faltimo texto<\/a> percebemos o qu\u00e3o complexa \u00e9 a hist\u00f3ria da Venezuela. Neste post iremos abordar o atual per\u00edodo do pa\u00eds, que teve in\u00edcio ap\u00f3s um pol\u00eamico cidad\u00e3o chegar ao poder.<\/p>\n<p style=\"text-align: justify;\"><span style=\"color: #ff0000;\"><strong>Ch\u00e1vez<\/strong><\/span><\/p>\n<p style=\"text-align: justify;\">Em 1992, frente a um pa\u00eds pobre e desigual, o ent\u00e3o tenente-coronel do ex\u00e9rcito, Hugo Ch\u00e1vez, tentou um golpe de Estado. Liderando cerca de 300 homens ele promoveu uma a\u00e7\u00e3o militar para retirar o presidente Carlos Andr\u00e9s Perez do poder. O mesmo que, com ideias neoliberais, mergulhou o pa\u00eds em mais uma crise.<\/p>\n<p style=\"text-align: justify;\">Essa tentativa foi um desenrolar do &#8220;Caracazo&#8221; ocorrido 3 anos antes, quando uma multid\u00e3o foi as ruas reclamar do governo, sendo duramente reprimida pela pol\u00edcia. Vejam como os protestos de 1989 foram violentos no <a href=\"https:\/\/www.youtube.com\/watch?v=BkbIM6Q8YD0\" target=\"_blank\" rel=\"noopener\">site Youtube.\u00a0<\/a><\/p>\n<div id=\"attachment_14489\" style=\"width: 310px\" class=\"wp-caption aligncenter\"><a href=\"https:\/\/clebinho.pro.br\/wp\/wp-content\/uploads\/2018\/10\/caracazo6.jpg\"><img loading=\"lazy\" decoding=\"async\" aria-describedby=\"caption-attachment-14489\" class=\"wp-image-14489 size-medium\" src=\"https:\/\/clebinho.pro.br\/wp\/wp-content\/uploads\/2018\/10\/caracazo6-300x201.jpg\" alt=\"\" width=\"300\" height=\"201\" srcset=\"https:\/\/www.clebinho.pro.br\/wp\/wp-content\/uploads\/2018\/10\/caracazo6-300x201.jpg 300w, https:\/\/www.clebinho.pro.br\/wp\/wp-content\/uploads\/2018\/10\/caracazo6.jpg 700w\" sizes=\"(max-width: 300px) 100vw, 300px\" \/><\/a><p id=\"caption-attachment-14489\" class=\"wp-caption-text\">O &#8220;Caraca\u00e7o&#8221; foi uma explos\u00e3o social espont\u00e2nea, gigantesca, ocorrida em Caracas, no dia 27 de fevereiro de 1989. Imagem: Internet<\/p><\/div>\n<p>.<\/p>\n<p style=\"text-align: justify;\">Liderando somente 10% das for\u00e7as armadas, as for\u00e7as rebeldes foram rapidamente dominado pelas tropas ainda leais ao governo.<\/p>\n<p style=\"text-align: justify;\">Mesmo n\u00e3o conseguindo seu objetivo, o coronel teve seu minuto de fama. O Movimento <strong>Bolivariano\u00b9<\/strong>\u00a0Revolucion\u00e1rio\u00a0200 (MBR-200) deu a ele a oportunidade de falar para a popula\u00e7\u00e3o.\u00a0 Em seu discurso, enfatizou a necess\u00e1ria mudan\u00e7a e um futuro melhor, antes de ser conduzido a pris\u00e3o.<\/p>\n<p style=\"text-align: justify;\">Dessa forma, Ch\u00e1vez acabou se tornando um s\u00edmbolo da luta contra a desigualdade e um governo corrupto e ineficiente.<\/p>\n<div id=\"attachment_14492\" style=\"width: 310px\" class=\"wp-caption aligncenter\"><a href=\"https:\/\/clebinho.pro.br\/wp\/wp-content\/uploads\/2018\/10\/chavez-golpe-4-febrero.jpg\"><img loading=\"lazy\" decoding=\"async\" aria-describedby=\"caption-attachment-14492\" class=\"wp-image-14492 size-medium\" src=\"https:\/\/clebinho.pro.br\/wp\/wp-content\/uploads\/2018\/10\/chavez-golpe-4-febrero-300x220.jpg\" alt=\"\" width=\"300\" height=\"220\" srcset=\"https:\/\/www.clebinho.pro.br\/wp\/wp-content\/uploads\/2018\/10\/chavez-golpe-4-febrero-300x220.jpg 300w, https:\/\/www.clebinho.pro.br\/wp\/wp-content\/uploads\/2018\/10\/chavez-golpe-4-febrero.jpg 454w\" sizes=\"(max-width: 300px) 100vw, 300px\" \/><\/a><p id=\"caption-attachment-14492\" class=\"wp-caption-text\">A tentativa de golpe falhou, mas colocou Hugo Ch\u00e1vez na m\u00eddia venezuelana. Imagem: Internet.<\/p><\/div>\n<p>.<\/p>\n<p style=\"text-align: justify;\">Em 1995 o coronel saiu da pris\u00e3o e ingressou no campo pol\u00edtico. Com um discurso forte, disputou as elei\u00e7\u00f5es de 1998, sendo eleito presidente com\u00a056,2% dos votos, contra 39,97% de seu advers\u00e1rio, apoiado pelo governo da \u00e9poca.<\/p>\n<p>Era a quebra do status quo.<\/p>\n<p style=\"text-align: justify;\"><span style=\"color: #ff0000;\"><strong>As mangas de fora<\/strong><\/span><\/p>\n<p style=\"text-align: justify;\">Em seu primeiro ano de mandato Ch\u00e1vez j\u00e1 deu o seu recado, convocando um referendo para fazer uma nova assembleia constituinte e permitir a reelei\u00e7\u00e3o. As duas perguntas foram aprovadas pelo povo, com\u00a087,75% e\u00a0 81,74%, respectivamente.<\/p>\n<p style=\"text-align: justify;\">Ainda em 1999 Ch\u00e1vez conseguiu, com o apoio dos deputados eleitos, majoritariamente fieis a ele, a subordina\u00e7\u00e3o da justi\u00e7a ao poder executivo.<\/p>\n<p style=\"text-align: justify;\">A grande verdade \u00e9 que ele chegou ao poder de forma democr\u00e1tica e, tomando posse, tra\u00e7ou um caminho completamente autorit\u00e1rio.<\/p>\n<p style=\"text-align: justify;\">No ano 2000, aproveitando de sua popularidade inicial, trazendo de reboque v\u00e1rios deputados leais a ele, a Assembleia Nacional aprovou a lei Habilitante, que permitia governar o pa\u00eds atrav\u00e9s de decretos presidenciais, sem precisar de vota\u00e7\u00f5es no legislativo.<\/p>\n<p style=\"text-align: justify;\">\u00c9 incr\u00edvel imaginar que deputados aprovem uma lei que permite a um presidente governar sem a anu\u00eancia deles, os representantes do povo.<\/p>\n<div id=\"attachment_14497\" style=\"width: 310px\" class=\"wp-caption aligncenter\"><a href=\"https:\/\/clebinho.pro.br\/wp\/wp-content\/uploads\/2018\/10\/chavez-ri-ao-lado-do-ex-presidente-luiz-inacio-lula-da-silva-em-caracas-em-agosto-de-2003-1338304228387_956x500.jpg\"><img loading=\"lazy\" decoding=\"async\" aria-describedby=\"caption-attachment-14497\" class=\"wp-image-14497 size-medium\" src=\"https:\/\/clebinho.pro.br\/wp\/wp-content\/uploads\/2018\/10\/chavez-ri-ao-lado-do-ex-presidente-luiz-inacio-lula-da-silva-em-caracas-em-agosto-de-2003-1338304228387_956x500-300x157.jpg\" alt=\"\" width=\"300\" height=\"157\" srcset=\"https:\/\/www.clebinho.pro.br\/wp\/wp-content\/uploads\/2018\/10\/chavez-ri-ao-lado-do-ex-presidente-luiz-inacio-lula-da-silva-em-caracas-em-agosto-de-2003-1338304228387_956x500-300x157.jpg 300w, https:\/\/www.clebinho.pro.br\/wp\/wp-content\/uploads\/2018\/10\/chavez-ri-ao-lado-do-ex-presidente-luiz-inacio-lula-da-silva-em-caracas-em-agosto-de-2003-1338304228387_956x500-768x402.jpg 768w, https:\/\/www.clebinho.pro.br\/wp\/wp-content\/uploads\/2018\/10\/chavez-ri-ao-lado-do-ex-presidente-luiz-inacio-lula-da-silva-em-caracas-em-agosto-de-2003-1338304228387_956x500.jpg 956w\" sizes=\"(max-width: 300px) 100vw, 300px\" \/><\/a><p id=\"caption-attachment-14497\" class=\"wp-caption-text\">Lula, presidente do Brasil na \u00e9poca, ao lado de Ch\u00e1vez (2003). Por terem vi\u00e9s de esquerda, os dois presidentes tinham uma rela\u00e7\u00e3o pr\u00f3xima, com o brasileiro sempre fechando o olho para os desmandos do vizinho. Imagem: Internet.<\/p><\/div>\n<p>.<\/p>\n<p style=\"text-align: justify;\">Ch\u00e1vez reformou as leis em rela\u00e7\u00e3o as propriedades rurais, a pesca e os hidrocarbonetos. O ponto alto foi a troca de toda a diretoria da estatal petrol\u00edfera\u00a0<strong>PDVSA, <\/strong>a base do governo chavista.<\/p>\n<p style=\"text-align: justify;\">Os poderosos, alijados do poder, tentaram um golpe em 2002, que durou alguns dias.\u00a0 Ningu\u00e9m bate de frente com a burguesia dominante sem que haja alguma retalia\u00e7\u00e3o. Ap\u00f3s alguns dias de incertezas, as for\u00e7as leais a Ch\u00e1vez conseguiram o retorno do presidente, agora ainda mais popular.<\/p>\n<div id=\"attachment_14499\" style=\"width: 285px\" class=\"wp-caption aligncenter\"><a href=\"https:\/\/clebinho.pro.br\/wp\/wp-content\/uploads\/2018\/10\/download.jpg\"><img loading=\"lazy\" decoding=\"async\" aria-describedby=\"caption-attachment-14499\" class=\"wp-image-14499 size-full\" src=\"https:\/\/clebinho.pro.br\/wp\/wp-content\/uploads\/2018\/10\/download.jpg\" alt=\"\" width=\"275\" height=\"183\" \/><\/a><p id=\"caption-attachment-14499\" class=\"wp-caption-text\">Apoiadores ao lado de Ch\u00e1vez em seu retorno ao pal\u00e1cio de Miraflores, em Caracas. Apesar dos desmandos, o coronel abriu guerra contra os latif\u00fandios, algo que esse blog compreende e apoia, desde que a terra esteja improdutiva. <a href=\"https:\/\/www.brasildefato.com.br\/2018\/04\/13\/venezuela-comemora-16-da-resistencia-contra-o-golpe-de-estado-de-2002\/\" target=\"_blank\" rel=\"noopener\">Saiba mais em Brasil de Fato. <\/a><\/p><\/div>\n<p>.<\/p>\n<p style=\"text-align: justify;\">A partir desse momento, a democracia que cambaleava foi assassinada no pa\u00eds. Enquanto a oposi\u00e7\u00e3o, apoiada pelos EUA, promovia greves e desabastecimento, o governo Ch\u00e1vez ca\u00e7ava licen\u00e7as de \u00f3rg\u00e3os de imprensa e estatizava empresas.<\/p>\n<p style=\"text-align: justify;\">O pa\u00eds rachou, algo relativamente parecido com o que vem ocorrendo no Brasil hoje, s\u00f3 que em um n\u00edvel muito mais avassalador. Como sempre acontece, quem mais sentiu a\u00a0 queda de bra\u00e7o foi o povo, v\u00edtima dos desmandos do governo e dos boicotes da oposi\u00e7\u00e3o.<\/p>\n<p style=\"text-align: justify;\">Com o forte aumento dos pre\u00e7os do petr\u00f3leo, Ch\u00e1vez avan\u00e7ava em a\u00e7\u00f5es sociais, levando sa\u00fade e educa\u00e7\u00e3o aos mais pobres atrav\u00e9s das chamadas &#8220;miss\u00f5es&#8221;.<\/p>\n<div id=\"attachment_14504\" style=\"width: 310px\" class=\"wp-caption aligncenter\"><a href=\"https:\/\/clebinho.pro.br\/wp\/wp-content\/uploads\/2018\/10\/3575-pb-exterior-pdvsa.jpg\"><img loading=\"lazy\" decoding=\"async\" aria-describedby=\"caption-attachment-14504\" class=\"wp-image-14504 size-medium\" src=\"https:\/\/clebinho.pro.br\/wp\/wp-content\/uploads\/2018\/10\/3575-pb-exterior-pdvsa-300x169.jpg\" alt=\"\" width=\"300\" height=\"169\" srcset=\"https:\/\/www.clebinho.pro.br\/wp\/wp-content\/uploads\/2018\/10\/3575-pb-exterior-pdvsa-300x169.jpg 300w, https:\/\/www.clebinho.pro.br\/wp\/wp-content\/uploads\/2018\/10\/3575-pb-exterior-pdvsa-768x432.jpg 768w, https:\/\/www.clebinho.pro.br\/wp\/wp-content\/uploads\/2018\/10\/3575-pb-exterior-pdvsa.jpg 1024w\" sizes=\"(max-width: 300px) 100vw, 300px\" \/><\/a><p id=\"caption-attachment-14504\" class=\"wp-caption-text\">Propaganda atual com uma imagem de Chavez, em uma refinaria da PDVSA. O petr\u00f3leo \u00e9 a base das pol\u00edticas assistencialistas da Venezuela. Imagem: Internet.<\/p><\/div>\n<p>.<\/p>\n<p style=\"text-align: justify;\">N\u00e3o podemos ser manique\u00edstas e tratar o governo chavista como bom ou ruim. \u00c9 ineg\u00e1vel a melhora venezuelana em todos os \u00edndices de educa\u00e7\u00e3o e sa\u00fade. Por outro lado, a democracia foi engolida para tal.<\/p>\n<p style=\"text-align: justify;\"><span style=\"color: #ff0000;\"><strong>Morte de Chavez e Maduro<\/strong><\/span><\/p>\n<p style=\"text-align: justify;\">Em 2013 o l\u00edder bolivariano morreu v\u00edtima de um c\u00e2ncer. At\u00e9 da sua doen\u00e7a ele fez uso pol\u00edtico, dizendo suspeitar que foi algo implantado pela CIA norte-americana.<\/p>\n<p style=\"text-align: justify;\">As elei\u00e7\u00f5es daquele ano j\u00e1 foram um alerta da guerra que viria mais a frente. Nicol\u00e1s Maduro, ex-motorista de \u00f4nibus e sindicalista, disc\u00edpulo de Ch\u00e1vez, venceu com\u00a050,66% dos votos, frente 49,07%\u00a0 de Henrique Capriles.<\/p>\n<div id=\"attachment_14507\" style=\"width: 234px\" class=\"wp-caption aligncenter\"><a href=\"https:\/\/clebinho.pro.br\/wp\/wp-content\/uploads\/2018\/10\/download-1.jpg\"><img loading=\"lazy\" decoding=\"async\" aria-describedby=\"caption-attachment-14507\" class=\"wp-image-14507 size-full\" src=\"https:\/\/clebinho.pro.br\/wp\/wp-content\/uploads\/2018\/10\/download-1.jpg\" alt=\"\" width=\"224\" height=\"224\" srcset=\"https:\/\/www.clebinho.pro.br\/wp\/wp-content\/uploads\/2018\/10\/download-1.jpg 224w, https:\/\/www.clebinho.pro.br\/wp\/wp-content\/uploads\/2018\/10\/download-1-150x150.jpg 150w, https:\/\/www.clebinho.pro.br\/wp\/wp-content\/uploads\/2018\/10\/download-1-60x60.jpg 60w\" sizes=\"(max-width: 224px) 100vw, 224px\" \/><\/a><p id=\"caption-attachment-14507\" class=\"wp-caption-text\">Maduro nem de longe lembra seu antecessor e padrinho. Imagem: Internet.<\/p><\/div>\n<p>.<\/p>\n<p style=\"text-align: justify;\">O bolivarianismo continuaria na Venezuela, entretanto, a margem m\u00ednima da vit\u00f3ria j\u00e1 era o pren\u00fancio de um cataclismo que atingiria o pa\u00eds mais a frente.<\/p>\n<p style=\"text-align: justify;\">Sem o mesmo carisma de Ch\u00e1vez, com uma oposi\u00e7\u00e3o ferrenha e completamente tosco no trato pol\u00edtico, Maduro nem de perto lembra o antecessor. O golpe de miseric\u00f3rdia veio com a queda brutal dos pre\u00e7os do petr\u00f3leo, tema j\u00e1 analisado em <a href=\"https:\/\/www.clebinho.pro.br\/wp\/wp\/?p=21\" target=\"_blank\" rel=\"noopener\">nosso blog em seu primeiro texto.<\/a><\/p>\n<p style=\"text-align: justify;\">O \u00f3leo negro representa 95% das receitas do pa\u00eds. Atualmente o pre\u00e7o est\u00e1 se elevando, entretanto, passou por um per\u00edodo de queda significativa.\u00a0O pre\u00e7o do barril que chegou a 120 d\u00f3lares em 2008, caiu para menos de 50 d\u00f3lares em 2014. Um pa\u00eds onde o governo estatizou v\u00e1rias empresas, com forte assistencialismo social, n\u00e3o conseguiu suportar uma diminui\u00e7\u00e3o de arrecada\u00e7\u00e3o deste tamanho.<\/p>\n<p style=\"text-align: justify;\">Chamamos essa situa\u00e7\u00e3o de <strong>Doen\u00e7a Holandesa\u00b2<\/strong>, quando um pa\u00eds n\u00e3o se industrializa por estar completamente focado em uma \u00fanica commodity para exporta\u00e7\u00e3o. Tamb\u00e9m existem estudiosos que chamam de\u00a0 &#8220;Maldi\u00e7\u00e3o do Petr\u00f3leo&#8221;, j\u00e1 que v\u00e1rios pa\u00edses detentores do \u00f3leo n\u00e3o diversificam suas economias, se tornando completamente dependentes do mesmo.<\/p>\n<p style=\"text-align: justify;\"><span style=\"color: #ff0000;\"><strong>Mis\u00e9ria<\/strong><\/span><\/p>\n<p style=\"text-align: justify;\">A infla\u00e7\u00e3o no pa\u00eds \u00e9 atualmente de 800% ao ano. Em uma tentativa de conter a alta dos pre\u00e7os, Maduro utilizou a mesma t\u00e9cnica de Ch\u00e1vez, congelando os pre\u00e7os. Esse expediente\u00a0 desestimulou completamente os investimentos privados no pa\u00eds, provocando forte desabastecimento.<\/p>\n<p style=\"text-align: justify;\">Abaixo, duas fotos, a primeira nos mostra apoiadores de Maduro, com a j\u00e1 manjada frase culpando os EUA pelos problemas do pa\u00eds. A segunda nos mostra manifestantes\u00a0contra o regime. Imagens: Internet.<\/p>\n<p><a href=\"https:\/\/clebinho.pro.br\/wp\/wp-content\/uploads\/2018\/10\/Venezuela_cartazes.jpg\"><img loading=\"lazy\" decoding=\"async\" class=\"size-medium wp-image-14510 aligncenter\" src=\"https:\/\/clebinho.pro.br\/wp\/wp-content\/uploads\/2018\/10\/Venezuela_cartazes-300x187.jpg\" alt=\"\" width=\"300\" height=\"187\" srcset=\"https:\/\/www.clebinho.pro.br\/wp\/wp-content\/uploads\/2018\/10\/Venezuela_cartazes-300x187.jpg 300w, https:\/\/www.clebinho.pro.br\/wp\/wp-content\/uploads\/2018\/10\/Venezuela_cartazes.jpg 640w\" sizes=\"(max-width: 300px) 100vw, 300px\" \/><\/a><\/p>\n<p><a href=\"https:\/\/clebinho.pro.br\/wp\/wp-content\/uploads\/2018\/10\/download-2.jpg\"><img loading=\"lazy\" decoding=\"async\" class=\"size-full wp-image-14511 aligncenter\" src=\"https:\/\/clebinho.pro.br\/wp\/wp-content\/uploads\/2018\/10\/download-2.jpg\" alt=\"\" width=\"284\" height=\"177\" \/><\/a><\/p>\n<p>.<\/p>\n<p style=\"text-align: justify;\">Com desemprego em alta, apag\u00f5es el\u00e9tricos, falta de alimentos, rem\u00e9dios, \u00e1gua e uma popula\u00e7\u00e3o dividida, a viol\u00eancia explodiu no pa\u00eds, detentor dos mais altos \u00edndices de homic\u00eddios da Am\u00e9rica Latina em 2017. Foram\u00a026.616 assassinatos no ano passado, metade que no Brasil, s\u00f3 que em uma popula\u00e7\u00e3o 6,5 vezes menor.<\/p>\n<div id=\"attachment_14519\" style=\"width: 310px\" class=\"wp-caption aligncenter\"><a href=\"https:\/\/clebinho.pro.br\/wp\/wp-content\/uploads\/2018\/10\/image_content_1536562_20180610115630.jpg\"><img loading=\"lazy\" decoding=\"async\" aria-describedby=\"caption-attachment-14519\" class=\"wp-image-14519 size-medium\" src=\"https:\/\/clebinho.pro.br\/wp\/wp-content\/uploads\/2018\/10\/image_content_1536562_20180610115630-300x169.jpg\" alt=\"\" width=\"300\" height=\"169\" srcset=\"https:\/\/www.clebinho.pro.br\/wp\/wp-content\/uploads\/2018\/10\/image_content_1536562_20180610115630-300x169.jpg 300w, https:\/\/www.clebinho.pro.br\/wp\/wp-content\/uploads\/2018\/10\/image_content_1536562_20180610115630.jpg 768w\" sizes=\"(max-width: 300px) 100vw, 300px\" \/><\/a><p id=\"caption-attachment-14519\" class=\"wp-caption-text\">Os protestos de ruas est\u00e3o cada vez mais violentos, com centenas de mortes. Imagem: Internet.<\/p><\/div>\n<p>.<\/p>\n<p style=\"text-align: justify;\">Durante os governos Lula e Dilma nosso pa\u00eds manteve estreita rela\u00e7\u00e3o com o governo ditatorial de Ch\u00e1vez, algo que se inverteu no governo Temer. Inclusive a Venezuela chegou a entrar no Mercosul, sendo muito bem-vinda naquela \u00e9poca. Atualmente, est\u00e1 suspensa do bloco. Outro aspecto importante \u00e9 o fato da Venezuela estar passando por in\u00fameras san\u00e7\u00f5es dos EUA, menos na \u00e1rea de petr\u00f3leo, que logicamente interessa aos yankees.<\/p>\n<p>Interessante tamb\u00e9m \u00e9 perceber o \u00f3dio seletivo da turma do Trump. Para eles, a Venezuela \u00e9 uma ditadura, o que concordamos, mas fecham contratos bilion\u00e1rios com a Ar\u00e1bia Saudita, um governo t\u00e3o opressor quanto.<\/p>\n<p style=\"text-align: justify;\">O pr\u00f3ximo governante do Brasil ter\u00e1 a miss\u00e3o de lidar com esses problemas, j\u00e1 que milhares de venezuelanos est\u00e3o migrando para c\u00e1 nos \u00faltimos meses, criando uma situa\u00e7\u00e3o insustent\u00e1vel \u00a0ao pobre estado de Roraima, na divisa com nosso vizinho.<\/p>\n<p style=\"text-align: justify;\">Segundo a ONU, cerca de 2,3 milh\u00f5es de venezuelanos j\u00e1 migraram do pa\u00eds, dado que confirma a situa\u00e7\u00e3o ca\u00f3tica do pa\u00eds. Um problema que caminha para o mesmo patamar da crise de refugiados no Mediterr\u00e2neo, leia mais no <a href=\"https:\/\/www.bbc.com\/portuguese\/internacional-45307311\" target=\"_blank\" rel=\"noopener\">site da BBC.\u00a0<\/a><\/p>\n<div id=\"attachment_14513\" style=\"width: 310px\" class=\"wp-caption aligncenter\"><a href=\"https:\/\/clebinho.pro.br\/wp\/wp-content\/uploads\/2018\/10\/6955039_x720.jpg\"><img loading=\"lazy\" decoding=\"async\" aria-describedby=\"caption-attachment-14513\" class=\"wp-image-14513 size-medium\" src=\"https:\/\/clebinho.pro.br\/wp\/wp-content\/uploads\/2018\/10\/6955039_x720-300x169.jpg\" alt=\"\" width=\"300\" height=\"169\" srcset=\"https:\/\/www.clebinho.pro.br\/wp\/wp-content\/uploads\/2018\/10\/6955039_x720-300x169.jpg 300w, https:\/\/www.clebinho.pro.br\/wp\/wp-content\/uploads\/2018\/10\/6955039_x720-768x432.jpg 768w, https:\/\/www.clebinho.pro.br\/wp\/wp-content\/uploads\/2018\/10\/6955039_x720-1024x576.jpg 1024w, https:\/\/www.clebinho.pro.br\/wp\/wp-content\/uploads\/2018\/10\/6955039_x720.jpg 1280w\" sizes=\"(max-width: 300px) 100vw, 300px\" \/><\/a><p id=\"caption-attachment-14513\" class=\"wp-caption-text\">Em 18.08.2018 um grupo de brasileiros incendiou os pertences de venezuelanos, devido a uma suposta agress\u00e3o deles a um brasileiro. <a href=\"https:\/\/g1.globo.com\/rr\/roraima\/noticia\/2018\/08\/18\/cidade-de-rr-na-fronteira-com-a-venezuela-tem-tumulto-apos-assalto-a-comerciante.ghtml\" target=\"_blank\" rel=\"noopener\">Leia a mat\u00e9ria completa no site G1. <\/a><\/p><\/div>\n<p>.<\/p>\n<p style=\"text-align: justify;\">A oposi\u00e7\u00e3o tamb\u00e9m n\u00e3o ajuda, boicotando todas as a\u00e7\u00f5es do governo, no melhor estilo quanto pior melhor.<\/p>\n<p style=\"text-align: justify;\">Em 20 de maio de 2018 Maduro foi reeleito para um novo mandato de 6 anos, em uma elei\u00e7\u00e3o marcada por fortes ind\u00edcios de fraude e uma absten\u00e7\u00e3o de 54%. Dos cerca de 20,5 milh\u00f5es de eleitores aptos\u00a0 para votar, somente 8,6 milh\u00f5es foram as urnas. Isso demonstra o gigantesco descaso e desconfian\u00e7a em rela\u00e7\u00e3o ao pleito.<\/p>\n<p>Nosso blog est\u00e1 atento para os acontecimentos. A situa\u00e7\u00e3o \u00e9 bem complicado e sem solu\u00e7\u00e3o a curto prazo.<\/p>\n<p style=\"text-align: justify;\">Apesar das in\u00fameras cr\u00edticas feitas ao socialismo, a crise na Venezuela est\u00e1 muito mais ligada a ditadura imposta por Chavez\/Maduro e consequente revide da oposi\u00e7\u00e3o. Al\u00e9m disso, temos uma forte burguesia que concentra renda e a n\u00edtida interfer\u00eancia dos EUA. \u00c9 um pa\u00eds historicamente conturbado, onde golpes se tornaram uma constante ao longo dos s\u00e9culos XX e XXI.<\/p>\n<p><strong>Siga o Professor Clebinho nas redes sociais, clique nos links: <\/strong><b>\u00a0<a href=\"https:\/\/www.instagram.com\/professor.clebinho\/?hl=en\">Instagram<\/a><\/b><strong>\u00a0\u00a0<\/strong><a href=\"https:\/\/br.linkedin.com\/in\/professor-clebinho-83402218a\" target=\"_blank\" rel=\"noopener noreferrer\"><strong>Linkedin<\/strong><\/a><strong>\u00a0 \u00a0 \u00a0\u00a0<\/strong><a href=\"https:\/\/www.youtube.com\/channel\/UCPJKhdHCtO52vr5LIFOKcsQ\" target=\"_blank\" rel=\"noopener noreferrer\"><strong>Youtube<\/strong><\/a><\/p>\n<p style=\"text-align: justify;\"><b>1 &#8211;\u00a0Bolivarianismo: <\/b>\u00c9 uma doutrina pol\u00edtica utilizada por Hugo Ch\u00e1vez na Venezuela, remetendo a Sim\u00f3n Bol\u00edvar, l\u00edder da liberta\u00e7\u00e3o das col\u00f4nias\u00a0espanholas na Am\u00e9rica. Tem como base a integra\u00e7\u00e3o dos pa\u00edses latino-americanos, socialistas e n\u00e3o subjugados pelas pot\u00eancias desenvolvidas, em especial, os EUA.<\/p>\n<p style=\"text-align: justify;\"><strong>2 &#8211; Doen\u00e7a Holandesa: <\/strong>O termo surgiu nas d\u00e9cadas de 1960\/70, quando a Holanda descobriu enormes reservas de g\u00e1s natural. O que deveria ser algo positivo pro pa\u00eds se tornou um problema. Com as expressivas exporta\u00e7\u00f5es da energia, a moeda holandesa se valorizou muito, prejudicando a ind\u00fastria do pa\u00eds, que se tornou pouco competitiva frente a outras na\u00e7\u00f5es. Isso gerou mais desemprego e baixo crescimento.<\/p>\n<p>Publicado em 15.10.2019<\/p>\n<p>&nbsp;<\/p>\n","protected":false},"excerpt":{"rendered":"<p>Em nosso \u00faltimo texto percebemos o qu\u00e3o complexa \u00e9 a hist\u00f3ria da Venezuela. Neste post iremos abordar o atual per\u00edodo do pa\u00eds, que teve in\u00edcio ap\u00f3s um pol\u00eamico cidad\u00e3o chegar ao poder. Ch\u00e1vez Em 1992, frente a um pa\u00eds pobre e desigual, o ent\u00e3o tenente-coronel do ex\u00e9rcito, Hugo Ch\u00e1vez, tentou um golpe de Estado. Liderando [&hellip;]<\/p>\n","protected":false},"author":2,"featured_media":14519,"comment_status":"open","ping_status":"open","sticky":false,"template":"","format":"standard","meta":{"footnotes":""},"categories":[8,71,11,1,81,3],"tags":[1871,570,1512,516,1219,1873,1872,1874,1876,1875,220,57],"yoast_head":"<!-- This site is optimized with the Yoast SEO plugin v20.3 - https:\/\/yoast.com\/wordpress\/plugins\/seo\/ -->\n<title>220. Cataclismo na Venezuela - Blog do Professor Clebinho<\/title>\n<meta name=\"robots\" content=\"index, follow, max-snippet:-1, max-image-preview:large, max-video-preview:-1\" \/>\n<link rel=\"canonical\" href=\"https:\/\/www.clebinho.pro.br\/wp\/?p=14460\" \/>\n<meta property=\"og:locale\" content=\"pt_BR\" \/>\n<meta property=\"og:type\" content=\"article\" \/>\n<meta property=\"og:title\" content=\"220. Cataclismo na Venezuela - Blog do Professor Clebinho\" \/>\n<meta property=\"og:description\" content=\"Em nosso \u00faltimo texto percebemos o qu\u00e3o complexa \u00e9 a hist\u00f3ria da Venezuela. Neste post iremos abordar o atual per\u00edodo do pa\u00eds, que teve in\u00edcio ap\u00f3s um pol\u00eamico cidad\u00e3o chegar ao poder. Ch\u00e1vez Em 1992, frente a um pa\u00eds pobre e desigual, o ent\u00e3o tenente-coronel do ex\u00e9rcito, Hugo Ch\u00e1vez, tentou um golpe de Estado. Liderando [&hellip;]\" \/>\n<meta property=\"og:url\" content=\"https:\/\/www.clebinho.pro.br\/wp\/?p=14460\" \/>\n<meta property=\"og:site_name\" content=\"Blog do Professor Clebinho\" \/>\n<meta property=\"article:published_time\" content=\"2018-10-15T07:35:32+00:00\" \/>\n<meta property=\"article:modified_time\" content=\"2025-01-22T20:35:55+00:00\" \/>\n<meta property=\"og:image\" content=\"https:\/\/clebinho.pro.br\/wp\/wp-content\/uploads\/2018\/10\/image_content_1536562_20180610115630.jpg\" \/>\n\t<meta property=\"og:image:width\" content=\"768\" \/>\n\t<meta property=\"og:image:height\" content=\"432\" \/>\n\t<meta property=\"og:image:type\" content=\"image\/jpeg\" \/>\n<meta name=\"author\" content=\"Professor Clebinho\" \/>\n<meta name=\"twitter:card\" content=\"summary_large_image\" \/>\n<meta name=\"twitter:label1\" content=\"Escrito por\" \/>\n\t<meta name=\"twitter:data1\" content=\"Professor Clebinho\" \/>\n\t<meta name=\"twitter:label2\" content=\"Est. tempo de leitura\" \/>\n\t<meta name=\"twitter:data2\" content=\"12 minutos\" \/>\n<script type=\"application\/ld+json\" class=\"yoast-schema-graph\">{\"@context\":\"https:\/\/schema.org\",\"@graph\":[{\"@type\":\"WebPage\",\"@id\":\"https:\/\/www.clebinho.pro.br\/wp\/?p=14460\",\"url\":\"https:\/\/www.clebinho.pro.br\/wp\/?p=14460\",\"name\":\"220. Cataclismo na Venezuela - Blog do Professor Clebinho\",\"isPartOf\":{\"@id\":\"https:\/\/www.clebinho.pro.br\/wp\/#website\"},\"datePublished\":\"2018-10-15T07:35:32+00:00\",\"dateModified\":\"2025-01-22T20:35:55+00:00\",\"author\":{\"@id\":\"https:\/\/www.clebinho.pro.br\/wp\/#\/schema\/person\/73417286de03a1ad762ac7d8ca8c6b77\"},\"breadcrumb\":{\"@id\":\"https:\/\/www.clebinho.pro.br\/wp\/?p=14460#breadcrumb\"},\"inLanguage\":\"pt-BR\",\"potentialAction\":[{\"@type\":\"ReadAction\",\"target\":[\"https:\/\/www.clebinho.pro.br\/wp\/?p=14460\"]}]},{\"@type\":\"BreadcrumbList\",\"@id\":\"https:\/\/www.clebinho.pro.br\/wp\/?p=14460#breadcrumb\",\"itemListElement\":[{\"@type\":\"ListItem\",\"position\":1,\"name\":\"In\u00edcio\",\"item\":\"https:\/\/www.clebinho.pro.br\/wp\"},{\"@type\":\"ListItem\",\"position\":2,\"name\":\"220. Cataclismo na Venezuela\"}]},{\"@type\":\"WebSite\",\"@id\":\"https:\/\/www.clebinho.pro.br\/wp\/#website\",\"url\":\"https:\/\/www.clebinho.pro.br\/wp\/\",\"name\":\"Blog do Professor Clebinho\",\"description\":\"Um espa\u00e7o virtual privilegiado oferecido pelo professor Clebinho, seus alunos, ex-alunos e demais interessados no debate de atualidades, hist\u00f3ria, geografia, geopolitica e meio ambiente\",\"potentialAction\":[{\"@type\":\"SearchAction\",\"target\":{\"@type\":\"EntryPoint\",\"urlTemplate\":\"https:\/\/www.clebinho.pro.br\/wp\/?s={search_term_string}\"},\"query-input\":\"required name=search_term_string\"}],\"inLanguage\":\"pt-BR\"},{\"@type\":\"Person\",\"@id\":\"https:\/\/www.clebinho.pro.br\/wp\/#\/schema\/person\/73417286de03a1ad762ac7d8ca8c6b77\",\"name\":\"Professor Clebinho\",\"image\":{\"@type\":\"ImageObject\",\"inLanguage\":\"pt-BR\",\"@id\":\"https:\/\/www.clebinho.pro.br\/wp\/#\/schema\/person\/image\/\",\"url\":\"https:\/\/secure.gravatar.com\/avatar\/bb922115afcbfb086f9c52d1dd4a20fa?s=96&d=mm&r=g\",\"contentUrl\":\"https:\/\/secure.gravatar.com\/avatar\/bb922115afcbfb086f9c52d1dd4a20fa?s=96&d=mm&r=g\",\"caption\":\"Professor Clebinho\"},\"sameAs\":[\"https:\/\/www.clebinho.pro.br\/wp\"],\"url\":\"https:\/\/www.clebinho.pro.br\/wp\/?author=2\"}]}<\/script>\n<!-- \/ Yoast SEO plugin. -->","yoast_head_json":{"title":"220. Cataclismo na Venezuela - Blog do Professor Clebinho","robots":{"index":"index","follow":"follow","max-snippet":"max-snippet:-1","max-image-preview":"max-image-preview:large","max-video-preview":"max-video-preview:-1"},"canonical":"https:\/\/www.clebinho.pro.br\/wp\/?p=14460","og_locale":"pt_BR","og_type":"article","og_title":"220. Cataclismo na Venezuela - Blog do Professor Clebinho","og_description":"Em nosso \u00faltimo texto percebemos o qu\u00e3o complexa \u00e9 a hist\u00f3ria da Venezuela. Neste post iremos abordar o atual per\u00edodo do pa\u00eds, que teve in\u00edcio ap\u00f3s um pol\u00eamico cidad\u00e3o chegar ao poder. Ch\u00e1vez Em 1992, frente a um pa\u00eds pobre e desigual, o ent\u00e3o tenente-coronel do ex\u00e9rcito, Hugo Ch\u00e1vez, tentou um golpe de Estado. Liderando [&hellip;]","og_url":"https:\/\/www.clebinho.pro.br\/wp\/?p=14460","og_site_name":"Blog do Professor Clebinho","article_published_time":"2018-10-15T07:35:32+00:00","article_modified_time":"2025-01-22T20:35:55+00:00","og_image":[{"width":768,"height":432,"url":"https:\/\/clebinho.pro.br\/wp\/wp-content\/uploads\/2018\/10\/image_content_1536562_20180610115630.jpg","type":"image\/jpeg"}],"author":"Professor Clebinho","twitter_card":"summary_large_image","twitter_misc":{"Escrito por":"Professor Clebinho","Est. tempo de leitura":"12 minutos"},"schema":{"@context":"https:\/\/schema.org","@graph":[{"@type":"WebPage","@id":"https:\/\/www.clebinho.pro.br\/wp\/?p=14460","url":"https:\/\/www.clebinho.pro.br\/wp\/?p=14460","name":"220. Cataclismo na Venezuela - Blog do Professor Clebinho","isPartOf":{"@id":"https:\/\/www.clebinho.pro.br\/wp\/#website"},"datePublished":"2018-10-15T07:35:32+00:00","dateModified":"2025-01-22T20:35:55+00:00","author":{"@id":"https:\/\/www.clebinho.pro.br\/wp\/#\/schema\/person\/73417286de03a1ad762ac7d8ca8c6b77"},"breadcrumb":{"@id":"https:\/\/www.clebinho.pro.br\/wp\/?p=14460#breadcrumb"},"inLanguage":"pt-BR","potentialAction":[{"@type":"ReadAction","target":["https:\/\/www.clebinho.pro.br\/wp\/?p=14460"]}]},{"@type":"BreadcrumbList","@id":"https:\/\/www.clebinho.pro.br\/wp\/?p=14460#breadcrumb","itemListElement":[{"@type":"ListItem","position":1,"name":"In\u00edcio","item":"https:\/\/www.clebinho.pro.br\/wp"},{"@type":"ListItem","position":2,"name":"220. Cataclismo na Venezuela"}]},{"@type":"WebSite","@id":"https:\/\/www.clebinho.pro.br\/wp\/#website","url":"https:\/\/www.clebinho.pro.br\/wp\/","name":"Blog do Professor Clebinho","description":"Um espa\u00e7o virtual privilegiado oferecido pelo professor Clebinho, seus alunos, ex-alunos e demais interessados no debate de atualidades, hist\u00f3ria, geografia, geopolitica e meio ambiente","potentialAction":[{"@type":"SearchAction","target":{"@type":"EntryPoint","urlTemplate":"https:\/\/www.clebinho.pro.br\/wp\/?s={search_term_string}"},"query-input":"required name=search_term_string"}],"inLanguage":"pt-BR"},{"@type":"Person","@id":"https:\/\/www.clebinho.pro.br\/wp\/#\/schema\/person\/73417286de03a1ad762ac7d8ca8c6b77","name":"Professor Clebinho","image":{"@type":"ImageObject","inLanguage":"pt-BR","@id":"https:\/\/www.clebinho.pro.br\/wp\/#\/schema\/person\/image\/","url":"https:\/\/secure.gravatar.com\/avatar\/bb922115afcbfb086f9c52d1dd4a20fa?s=96&d=mm&r=g","contentUrl":"https:\/\/secure.gravatar.com\/avatar\/bb922115afcbfb086f9c52d1dd4a20fa?s=96&d=mm&r=g","caption":"Professor Clebinho"},"sameAs":["https:\/\/www.clebinho.pro.br\/wp"],"url":"https:\/\/www.clebinho.pro.br\/wp\/?author=2"}]}},"_links":{"self":[{"href":"https:\/\/www.clebinho.pro.br\/wp\/index.php?rest_route=\/wp\/v2\/posts\/14460"}],"collection":[{"href":"https:\/\/www.clebinho.pro.br\/wp\/index.php?rest_route=\/wp\/v2\/posts"}],"about":[{"href":"https:\/\/www.clebinho.pro.br\/wp\/index.php?rest_route=\/wp\/v2\/types\/post"}],"author":[{"embeddable":true,"href":"https:\/\/www.clebinho.pro.br\/wp\/index.php?rest_route=\/wp\/v2\/users\/2"}],"replies":[{"embeddable":true,"href":"https:\/\/www.clebinho.pro.br\/wp\/index.php?rest_route=%2Fwp%2Fv2%2Fcomments&post=14460"}],"version-history":[{"count":50,"href":"https:\/\/www.clebinho.pro.br\/wp\/index.php?rest_route=\/wp\/v2\/posts\/14460\/revisions"}],"predecessor-version":[{"id":18305,"href":"https:\/\/www.clebinho.pro.br\/wp\/index.php?rest_route=\/wp\/v2\/posts\/14460\/revisions\/18305"}],"wp:featuredmedia":[{"embeddable":true,"href":"https:\/\/www.clebinho.pro.br\/wp\/index.php?rest_route=\/wp\/v2\/media\/14519"}],"wp:attachment":[{"href":"https:\/\/www.clebinho.pro.br\/wp\/index.php?rest_route=%2Fwp%2Fv2%2Fmedia&parent=14460"}],"wp:term":[{"taxonomy":"category","embeddable":true,"href":"https:\/\/www.clebinho.pro.br\/wp\/index.php?rest_route=%2Fwp%2Fv2%2Fcategories&post=14460"},{"taxonomy":"post_tag","embeddable":true,"href":"https:\/\/www.clebinho.pro.br\/wp\/index.php?rest_route=%2Fwp%2Fv2%2Ftags&post=14460"}],"curies":[{"name":"wp","href":"https:\/\/api.w.org\/{rel}","templated":true}]}}