{"id":14631,"date":"2018-10-23T08:35:08","date_gmt":"2018-10-23T10:35:08","guid":{"rendered":"http:\/\/www.clebinho.pro.br\/?p=14631"},"modified":"2025-01-22T17:35:45","modified_gmt":"2025-01-22T20:35:45","slug":"221-nelson-mandela","status":"publish","type":"post","link":"https:\/\/www.clebinho.pro.br\/wp\/?p=14631","title":{"rendered":"221. Nelson Mandela e o Abomin\u00e1vel Apartheid"},"content":{"rendered":"<p style=\"text-align: justify;\">Para nosso blog, Nelson Mandela, Martin Luther King e Mahatma Gandhi, s\u00e3o os 3 grandes \u00edcones da paz mundial. A for\u00e7a que emanaram em prol da igualdade ir\u00e1 repercutir por s\u00e9culos.<\/p>\n<p style=\"text-align: justify;\">Gandhi foi protagonista em 2 posts em nosso blog, come\u00e7ando pelo <a href=\"https:\/\/www.clebinho.pro.br\/wp\/wp\/?p=3928\" target=\"_blank\" rel=\"noopener\">texto 98.<\/a>\u00a0Agora, chegou a vez do sul-africano mais importante de todos os tempos.<\/p>\n<p style=\"text-align: justify;\"><span style=\"color: #ff0000;\"><strong>Madiba e Contexto Hist\u00f3rico<\/strong><\/span><\/p>\n<p style=\"text-align: justify;\">Nelson Rolihlahla Mandela, conhecido carinhosamente como Madiba, nasceu na pequena vila de\u00a0Mvezo, no dia\u00a018 de julho\u00a0de\u00a01918.<\/p>\n<p style=\"text-align: justify;\">Veio ao mundo em uma regi\u00e3o denominada Uni\u00e3o Sul-Africana, colonizada pelo Reino Unido desde a\u00a0<em><strong>Guerra dos Boeres\u00b9 (1899-1902).<\/strong><\/em><\/p>\n<p style=\"text-align: justify;\">Somente em 31 de maio de 1961 a na\u00e7\u00e3o tornou-se completamente independente da Inglaterra.<\/p>\n<div id=\"attachment_14605\" style=\"width: 310px\" class=\"wp-caption aligncenter\"><a href=\"https:\/\/clebinho.pro.br\/wp\/wp-content\/uploads\/2018\/10\/MAPA-AFRICA-DO-SUL.jpg\"><img loading=\"lazy\" decoding=\"async\" aria-describedby=\"caption-attachment-14605\" class=\"wp-image-14605 size-medium\" src=\"https:\/\/clebinho.pro.br\/wp\/wp-content\/uploads\/2018\/10\/MAPA-AFRICA-DO-SUL-300x300.jpg\" alt=\"\" width=\"300\" height=\"300\" srcset=\"https:\/\/www.clebinho.pro.br\/wp\/wp-content\/uploads\/2018\/10\/MAPA-AFRICA-DO-SUL-300x300.jpg 300w, https:\/\/www.clebinho.pro.br\/wp\/wp-content\/uploads\/2018\/10\/MAPA-AFRICA-DO-SUL-150x150.jpg 150w, https:\/\/www.clebinho.pro.br\/wp\/wp-content\/uploads\/2018\/10\/MAPA-AFRICA-DO-SUL-768x767.jpg 768w, https:\/\/www.clebinho.pro.br\/wp\/wp-content\/uploads\/2018\/10\/MAPA-AFRICA-DO-SUL-1024x1024.jpg 1024w, https:\/\/www.clebinho.pro.br\/wp\/wp-content\/uploads\/2018\/10\/MAPA-AFRICA-DO-SUL-60x60.jpg 60w, https:\/\/www.clebinho.pro.br\/wp\/wp-content\/uploads\/2018\/10\/MAPA-AFRICA-DO-SUL.jpg 1600w\" sizes=\"(max-width: 300px) 100vw, 300px\" \/><\/a><p id=\"caption-attachment-14605\" class=\"wp-caption-text\">Como o nome d\u00e1 diz, a \u00c1frica do Sul \u00e9 a ponta sul do continente. Atualmente tem uma popula\u00e7\u00e3o de 56 milh\u00f5es de pessoas, e uma \u00e1rea de 1,22 milh\u00e3o de Km\u00b2. Imagem: Internet.<\/p><\/div>\n<p style=\"text-align: justify;\">.<\/p>\n<p style=\"text-align: justify;\">\u00c1s vezes n\u00e3o compreendemos o atraso social de alguns pa\u00edses africanos, mas a independ\u00eancia sul-africana veio 139 anos depois da brasileira. Um absurdo.<\/p>\n<p style=\"text-align: justify;\"><span style=\"color: #ff0000;\"><strong>Apartheid<\/strong><\/span><\/p>\n<p style=\"text-align: justify;\">A separa\u00e7\u00e3o entre as etnias sempre ocorreu na regi\u00e3o, independente se governada pelos holandeses ou pelos brit\u00e2nicos. Como exemplo, em\u00a01913, 5 anos antes do nascimento de Mandela, foi aprovado o \u00a0&#8220;Ato da Terra&#8221;, que destinava 87% da \u00e1rea do pa\u00eds a minoria branca, ficando a maioria negra concentrada no restante.<\/p>\n<p style=\"text-align: justify;\">A situa\u00e7\u00e3o se aprofundou com a chegada ao poder do Partido Nacional, em 1948, formado por descendentes de imigrantes europeus estabelecidos no pa\u00eds em d\u00e9cadas anteriores.\u00a0A discrimina\u00e7\u00e3o racial sempre existiu na regi\u00e3o, mas se intensificou e se tornou oficial com os seguidos governos desse infame grupo.<\/p>\n<p style=\"text-align: justify;\">Apartheid foi o nome dado a esse sistema, que entrou para a hist\u00f3ria com uma das situa\u00e7\u00f5es mais grotescas da hist\u00f3ria. No idioma afric\u00e2nder a palavra significa separar, apartar, e \u00e9 exatamente isso que ela assegurava.<\/p>\n<p style=\"text-align: justify;\">As pessoas do pa\u00eds foram divididas em ra\u00e7as: brancos, negros e colored (pardos e asi\u00e1ticos). \u00a0Nesse sistema excludente, s\u00f3 os brancos, uma minoria no pa\u00eds, tinham acesso aos votos, por isso a perpetua\u00e7\u00e3o no poder do Partido Nacional.<\/p>\n<div id=\"attachment_14582\" style=\"width: 262px\" class=\"wp-caption aligncenter\"><a href=\"https:\/\/clebinho.pro.br\/wp\/wp-content\/uploads\/2018\/10\/800px-Southafricanhomelandsmap.png\"><img loading=\"lazy\" decoding=\"async\" aria-describedby=\"caption-attachment-14582\" class=\"wp-image-14582 size-medium\" src=\"https:\/\/clebinho.pro.br\/wp\/wp-content\/uploads\/2018\/10\/800px-Southafricanhomelandsmap-252x300.png\" alt=\"\" width=\"252\" height=\"300\" srcset=\"https:\/\/www.clebinho.pro.br\/wp\/wp-content\/uploads\/2018\/10\/800px-Southafricanhomelandsmap-252x300.png 252w, https:\/\/www.clebinho.pro.br\/wp\/wp-content\/uploads\/2018\/10\/800px-Southafricanhomelandsmap-768x914.png 768w, https:\/\/www.clebinho.pro.br\/wp\/wp-content\/uploads\/2018\/10\/800px-Southafricanhomelandsmap.png 800w\" sizes=\"(max-width: 252px) 100vw, 252px\" \/><\/a><p id=\"caption-attachment-14582\" class=\"wp-caption-text\">O governo racista criou os bantust\u00f5es, mini rep\u00fablicas onde os negros deveriam viver com governos pr\u00f3prios, por\u00e9m, atrelados ao governo central da \u00c1frica do Sul. Eles representavam 13% do territ\u00f3rio, dividido entre 10 etnias negras (80% da popula\u00e7\u00e3o). Imagem: Internet.<\/p><\/div>\n<p style=\"text-align: justify;\">.<\/p>\n<p style=\"text-align: justify;\">Negros n\u00e3o podiam comprar im\u00f3veis em determinados locais, assim como a circula\u00e7\u00e3o pelos bairros da cidade era restrita. A rela\u00e7\u00e3o sexual\u00a0 e casamento entre as ra\u00e7as eram proibidos. Mesmo nas situa\u00e7\u00f5es m\u00ednimas, como banheiros e bebedouros, existia a separa\u00e7\u00e3o. As melhores praias do lindo pa\u00eds eram reservadas a elite branca.<\/p>\n<p>Os mesti\u00e7os e asi\u00e1ticos, em um grau menor, tamb\u00e9m eram discriminados.<\/p>\n<div id=\"attachment_14611\" style=\"width: 310px\" class=\"wp-caption aligncenter\"><a href=\"https:\/\/clebinho.pro.br\/wp\/wp-content\/uploads\/2018\/10\/white-area-e1498675587487-1024x585.jpg\"><img loading=\"lazy\" decoding=\"async\" aria-describedby=\"caption-attachment-14611\" class=\"wp-image-14611 size-medium\" src=\"https:\/\/clebinho.pro.br\/wp\/wp-content\/uploads\/2018\/10\/white-area-e1498675587487-1024x585-300x171.jpg\" alt=\"\" width=\"300\" height=\"171\" srcset=\"https:\/\/www.clebinho.pro.br\/wp\/wp-content\/uploads\/2018\/10\/white-area-e1498675587487-1024x585-300x171.jpg 300w, https:\/\/www.clebinho.pro.br\/wp\/wp-content\/uploads\/2018\/10\/white-area-e1498675587487-1024x585-768x439.jpg 768w, https:\/\/www.clebinho.pro.br\/wp\/wp-content\/uploads\/2018\/10\/white-area-e1498675587487-1024x585.jpg 1024w\" sizes=\"(max-width: 300px) 100vw, 300px\" \/><\/a><p id=\"caption-attachment-14611\" class=\"wp-caption-text\">Placa informando que aquela praia era somente para brancos. Imagem: Internet.<\/p><\/div>\n<p>.<\/p>\n<p style=\"text-align: justify;\"><span style=\"color: #ff0000;\"><strong>A Resist\u00eancia de Nelson Mandela<\/strong><\/span><\/p>\n<p style=\"text-align: justify;\">A hist\u00f3ria de Mandela se entrela\u00e7a ao Apartheid. Em 1934 ele se mudou para\u00a0Fort Beaufort, onde ingressou no curso de direito na Universidade de\u00a0Fort Hare, na cidade de Alice. Logo em seu primeiro ano aderiu ao\u00a0 movimento estudantil que lutava pela igualdade no pa\u00eds.<\/p>\n<p style=\"text-align: justify;\">Em 1944, junto ao amigo Oliver Tambo, \u00a0fundou a Liga Jovem do\u00a0Congresso Nacional Africano (CNA), partido que representava a maioria negra do pa\u00eds. Anos mais tarde, em 1951, j\u00e1 com o Apartheid em opera\u00e7\u00e3o, Mandela chegou ao cargo de vice-presidente nacional da organiza\u00e7\u00e3o.<\/p>\n<div id=\"attachment_14612\" style=\"width: 310px\" class=\"wp-caption aligncenter\"><a href=\"https:\/\/clebinho.pro.br\/wp\/wp-content\/uploads\/2018\/10\/tambomandelalawfirm.jpg\"><img loading=\"lazy\" decoding=\"async\" aria-describedby=\"caption-attachment-14612\" class=\"wp-image-14612 size-medium\" src=\"https:\/\/clebinho.pro.br\/wp\/wp-content\/uploads\/2018\/10\/tambomandelalawfirm-300x221.jpg\" alt=\"\" width=\"300\" height=\"221\" srcset=\"https:\/\/www.clebinho.pro.br\/wp\/wp-content\/uploads\/2018\/10\/tambomandelalawfirm-300x221.jpg 300w, https:\/\/www.clebinho.pro.br\/wp\/wp-content\/uploads\/2018\/10\/tambomandelalawfirm.jpg 670w\" sizes=\"(max-width: 300px) 100vw, 300px\" \/><\/a><p id=\"caption-attachment-14612\" class=\"wp-caption-text\">Oliver Tambo e Nelson Mandela, os grandes \u00edcones da resist\u00eancia ao regime. Imagem: Internet.<\/p><\/div>\n<p>.<\/p>\n<p style=\"text-align: justify;\">A trajet\u00f3ria de Mandela sempre foi marcada pela luta pac\u00edfica, discursos inflamados e a desobedi\u00eancia civil. O detalhe \u00e9 que a medida que os protestos ficavam mais fortes, o regime se tornava cada vez mais violento e excludente.<\/p>\n<p style=\"text-align: justify;\">Em 1960, no auge do regime, a pol\u00edcia matou 69 negros, no que ficou conhecido como o massacre de Sharpeville. Outras 20 mil pessoas foram detidas. A situa\u00e7\u00e3o estava chegando a um limite perigoso.<\/p>\n<p style=\"text-align: justify;\">Em 1961 a \u00c1frica do Sul foi declara Rep\u00fablica e as coisas n\u00e3o melhoraram. Cansados de lutar de forma pac\u00edfica, Mandela e seus militantes criaram o bra\u00e7o armado da CNA. A partir desse momento, Madiba abandonou o movimento pac\u00edfico e aderiu a luta armada, inclusive tendo indo a Eti\u00f3pia para ser treinado militarmente.<\/p>\n<p style=\"text-align: justify;\">Neste per\u00edodo, em que o mundo vivia v\u00e1rias revolu\u00e7\u00f5es, como a cubana em 1959, Mandela passou a ostentar uma barba e vestir roupas camufladas.<\/p>\n<div id=\"attachment_14572\" style=\"width: 222px\" class=\"wp-caption aligncenter\"><a href=\"https:\/\/clebinho.pro.br\/wp\/wp-content\/uploads\/2018\/10\/220px-1988_CPA_5971.jpg\"><img loading=\"lazy\" decoding=\"async\" aria-describedby=\"caption-attachment-14572\" class=\"wp-image-14572 size-medium\" src=\"https:\/\/clebinho.pro.br\/wp\/wp-content\/uploads\/2018\/10\/220px-1988_CPA_5971-212x300.jpg\" alt=\"\" width=\"212\" height=\"300\" srcset=\"https:\/\/www.clebinho.pro.br\/wp\/wp-content\/uploads\/2018\/10\/220px-1988_CPA_5971-212x300.jpg 212w, https:\/\/www.clebinho.pro.br\/wp\/wp-content\/uploads\/2018\/10\/220px-1988_CPA_5971.jpg 220w\" sizes=\"(max-width: 212px) 100vw, 212px\" \/><\/a><p id=\"caption-attachment-14572\" class=\"wp-caption-text\">Selo lan\u00e7ada na URSS em homenagem a Mandela. Mostrando que o mundo socialista apoiava a luta do sul-africano. Imagem: Internet.<\/p><\/div>\n<p>.<\/p>\n<p style=\"text-align: justify;\">Por causa dessa fase revolucion\u00e1ria, Mandela muitas vezes foi confundido como comunista, tendo inclusive recebido um selo comemorativo na antiga URSS. Obviamente, ele n\u00e3o se enquadra nesse perfil. Acreditamos que foi a forma que ele encontrou para lutar contra os racistas em seu pa\u00eds, algo similar a outras revolu\u00e7\u00f5es que ocorriam pelo mundo naquela \u00e9poca.<\/p>\n<p style=\"text-align: justify;\"><span style=\"color: #ff0000;\"><strong>Pris\u00e3o<\/strong><\/span><\/p>\n<p style=\"text-align: justify;\">Ap\u00f3s um giro pelo continente africano, Mandela voltou a \u00c1frica do Sul, onde foi preso em\u00a05 de agosto de 1962. A princ\u00edpio teria uma pena menor (5 anos), por ter viajado sem o pedido de um passaporte. Entretanto, ap\u00f3s a sua deten\u00e7\u00e3o a pol\u00edcia local estourou um cativeiro onde achou diversos documentos incriminando o l\u00edder da insurrei\u00e7\u00e3o.<\/p>\n<p style=\"text-align: justify;\">Existem fortes rumores que a CIA norte-americana esteve envolvida na captura de Mandela, tido como terrorista pelos governantes sul-africanos.<\/p>\n<p style=\"text-align: justify;\">Em um julgamento, evidentemente de cartas marcadas para conden\u00e1-lo, Mandela teve a hombridade de falar que lutava por uma sociedade livre e democr\u00e1tica, e que estava disposto a morrer por isso. Os ju\u00edzes n\u00e3o se sensibilizaram, em\u00a011 de junho\u00a0de 1964, Madiba recebeu a senten\u00e7a de pris\u00e3o perp\u00e9tua.<\/p>\n<p style=\"text-align: justify;\">Ficou 20 anos (1962-82) preso na Ilha do Roben, com vista para a Cidade do Cabo. Nessas duas d\u00e9cadas, perdeu a m\u00e3e, um filho e in\u00fameros companheiros de luta que morreram, sem que ele sequer pudesse se despedir.<\/p>\n<div id=\"attachment_14613\" style=\"width: 310px\" class=\"wp-caption aligncenter\"><a href=\"https:\/\/clebinho.pro.br\/wp\/wp-content\/uploads\/2018\/10\/622_5f151a78-c1c1-3f93-a3c0-b669429c0d64.jpg\"><img loading=\"lazy\" decoding=\"async\" aria-describedby=\"caption-attachment-14613\" class=\"wp-image-14613 size-medium\" src=\"https:\/\/clebinho.pro.br\/wp\/wp-content\/uploads\/2018\/10\/622_5f151a78-c1c1-3f93-a3c0-b669429c0d64-300x169.jpg\" alt=\"\" width=\"300\" height=\"169\" srcset=\"https:\/\/www.clebinho.pro.br\/wp\/wp-content\/uploads\/2018\/10\/622_5f151a78-c1c1-3f93-a3c0-b669429c0d64-300x169.jpg 300w, https:\/\/www.clebinho.pro.br\/wp\/wp-content\/uploads\/2018\/10\/622_5f151a78-c1c1-3f93-a3c0-b669429c0d64.jpg 622w\" sizes=\"(max-width: 300px) 100vw, 300px\" \/><\/a><p id=\"caption-attachment-14613\" class=\"wp-caption-text\">Mandela ficou cerca de 20 anos preso em\u00a0 Robben Island, a 11 km da Cidade do Cabo. Imagem: Internet.<\/p><\/div>\n<p style=\"text-align: justify;\">.<\/p>\n<p style=\"text-align: justify;\">Ap\u00f3s duas d\u00e9cadas foi transferido para a\u00a0Pris\u00e3o de Pollsmor, no continente, onde ficou por mais 6 anos. Dessa forma ficava mais f\u00e1cil de sua fam\u00edlia o visitar, inclusive sua esposa,\u00a0Winnie Madikizela-Mandela .<\/p>\n<p style=\"text-align: justify;\">Em 1973 a Assembleia Geral da ONU condenou o Apartheid como crime, e o governo racista passou a ficar cada vez mais isolado.\u00a0A medida que Mandela ficava preso, recebia honrarias mundo a fora, e a \u00c1frica do Sul se tornava um pa\u00eds completamente exclu\u00eddo, proibido, inclusive, de participar de qualquer competi\u00e7\u00e3o esportiva internacional.<\/p>\n<p style=\"text-align: justify;\"><strong><span style=\"color: #ff0000;\">Liberta\u00e7\u00e3o, Presid\u00eancia e Legado<\/span><\/strong><\/p>\n<p style=\"text-align: justify;\">Em 1988, pressionado pela comunidade internacional o regime estava pr\u00f3ximo do fim. Mandela pegou tuberculose, foi tratado e transferido para uma pris\u00e3o onde ocupava um chal\u00e9, com piscina e cozinheiro pr\u00f3prio. Ele j\u00e1 havia se tornado o maior s\u00edmbolo da luta contra o Apartheid, e j\u00e1 n\u00e3o era mais um cidad\u00e3o da \u00c1frica do Sul, mas um nome mundial.<\/p>\n<p style=\"text-align: justify;\">Em 1990, enfim, Madiba foi solto, ap\u00f3s 28 anos na pris\u00e3o. Ao contr\u00e1rio do que muitos imaginavam, saiu tranquilo, com um discurso conciliador, mesmo ap\u00f3s tanto sofrimento. Em 1991 foi eleito presidente da CNA e passou a visitar pa\u00edses de todo o mundo.<\/p>\n<div id=\"attachment_14616\" style=\"width: 310px\" class=\"wp-caption aligncenter\"><a href=\"https:\/\/clebinho.pro.br\/wp\/wp-content\/uploads\/2018\/10\/121212042539-mandela-gallery-01-horizontal-gallery53024.jpg\"><img loading=\"lazy\" decoding=\"async\" aria-describedby=\"caption-attachment-14616\" class=\"wp-image-14616 size-medium\" src=\"https:\/\/clebinho.pro.br\/wp\/wp-content\/uploads\/2018\/10\/121212042539-mandela-gallery-01-horizontal-gallery53024-300x211.jpg\" alt=\"\" width=\"300\" height=\"211\" srcset=\"https:\/\/www.clebinho.pro.br\/wp\/wp-content\/uploads\/2018\/10\/121212042539-mandela-gallery-01-horizontal-gallery53024-300x211.jpg 300w, https:\/\/www.clebinho.pro.br\/wp\/wp-content\/uploads\/2018\/10\/121212042539-mandela-gallery-01-horizontal-gallery53024.jpg 472w\" sizes=\"(max-width: 300px) 100vw, 300px\" \/><\/a><p id=\"caption-attachment-14616\" class=\"wp-caption-text\">Mandela ap\u00f3s a sa\u00edda da pris\u00e3o. Imagem: Internet.<\/p><\/div>\n<p>.<\/p>\n<p style=\"text-align: justify;\">O pr\u00eamio Nobel da paz veio em 1993, junto a Frederik Willem de Klerk,\u00a0 l\u00edder do Partido Nacional e presidente do pa\u00eds durante a transi\u00e7\u00e3o para a democracia plena.<\/p>\n<p style=\"text-align: justify;\">Em 1992, uma nova constitui\u00e7\u00e3o foi criada, dando direito a todos votarem. Em 1994, como era de se esperar, Nelson Mandela foi eleito presidente do pa\u00eds, com 62% dos votos.<\/p>\n<p style=\"text-align: justify;\">Governou o pa\u00eds entre 1994 e 1999. Promoveu enorme investimento em educa\u00e7\u00e3o, assim como ampliou o acesso a rede p\u00fablica de sa\u00fade.<\/p>\n<p style=\"text-align: justify;\">In\u00fameros filmes foram feitos sobre a vida de Madiba, <a href=\"https:\/\/espalhafactos.com\/2018\/07\/18\/os-melhores-filmes-para-celebrar-os-100-anos-de-mandela\/\" target=\"_blank\" rel=\"noopener\">confira no site EspalhaFactos.<\/a> Entre eles, o grande destaque \u00e9 Invictus, de 2009, relacionado a como o\u00a0 rugby ajudou a unir o pa\u00eds ap\u00f3s a segrega\u00e7\u00e3o.<\/p>\n<div id=\"attachment_14593\" style=\"width: 221px\" class=\"wp-caption aligncenter\"><a href=\"https:\/\/clebinho.pro.br\/wp\/wp-content\/uploads\/2018\/10\/invictus2d.jpg\"><img loading=\"lazy\" decoding=\"async\" aria-describedby=\"caption-attachment-14593\" class=\"wp-image-14593 size-medium\" src=\"https:\/\/clebinho.pro.br\/wp\/wp-content\/uploads\/2018\/10\/invictus2d-211x300.jpg\" alt=\"\" width=\"211\" height=\"300\" srcset=\"https:\/\/www.clebinho.pro.br\/wp\/wp-content\/uploads\/2018\/10\/invictus2d-211x300.jpg 211w, https:\/\/www.clebinho.pro.br\/wp\/wp-content\/uploads\/2018\/10\/invictus2d.jpg 700w\" sizes=\"(max-width: 211px) 100vw, 211px\" \/><\/a><p id=\"caption-attachment-14593\" class=\"wp-caption-text\">Filme Invictus, imperd\u00edvel. Imagem: Internet.<\/p><\/div>\n<p>.<\/p>\n<p style=\"text-align: justify;\">Evidentemente, n\u00e3o resolveu os problemas seculares do pa\u00eds, mas deu sua contribui\u00e7\u00e3o no caminho de uma maior igualdade, ainda muito distante nos dias de hoje. Outra quest\u00e3o n\u00e3o resolvida foi a infesta\u00e7\u00e3o de AIDS, que inclusive levou a morte de um de seus filhos.<\/p>\n<p style=\"text-align: justify;\">De toda forma, foi um marco muito importante, o primeiro presidente negro, de um pa\u00eds majoritariamente negro. Tudo isso\u00a0sempre de forma pac\u00edfica, conciliadora, sem qualquer m\u00e1goa de seus algozes, ainda presentes no pa\u00eds.<\/p>\n<div id=\"attachment_14617\" style=\"width: 310px\" class=\"wp-caption aligncenter\"><a href=\"https:\/\/clebinho.pro.br\/wp\/wp-content\/uploads\/2018\/10\/nelson-mandela.jpg\"><img loading=\"lazy\" decoding=\"async\" aria-describedby=\"caption-attachment-14617\" class=\"wp-image-14617 size-medium\" src=\"https:\/\/clebinho.pro.br\/wp\/wp-content\/uploads\/2018\/10\/nelson-mandela-300x189.jpg\" alt=\"\" width=\"300\" height=\"189\" srcset=\"https:\/\/www.clebinho.pro.br\/wp\/wp-content\/uploads\/2018\/10\/nelson-mandela-300x189.jpg 300w, https:\/\/www.clebinho.pro.br\/wp\/wp-content\/uploads\/2018\/10\/nelson-mandela-768x484.jpg 768w, https:\/\/www.clebinho.pro.br\/wp\/wp-content\/uploads\/2018\/10\/nelson-mandela.jpg 778w\" sizes=\"(max-width: 300px) 100vw, 300px\" \/><\/a><p id=\"caption-attachment-14617\" class=\"wp-caption-text\">Mandela sempre com um sorriso no rosto. Imagem: Internet.<\/p><\/div>\n<p>.<\/p>\n<p style=\"text-align: justify;\">Morreu no dia 5 de dezembro de 2013, aos 95 anos, em sua casa na cidade de Joanesburgo.\u00a0Um homem preso por intermin\u00e1veis 28 anos, saiu da pris\u00e3o com um sorriso no rosto e a paz em seu discurso.<\/p>\n<p style=\"text-align: justify;\">Em tempos t\u00e3o sombrios como vivemos hoje no mundo, com tamanha intoler\u00e2ncia, Mandela deixou um\u00a0 legado de transig\u00eancia, flexibilidade em rela\u00e7\u00e3o ao diferente, que deve ser lembrado por todos. Fica aqui a contribui\u00e7\u00e3o de nosso blog para tal.<\/p>\n<p style=\"text-align: justify;\"><strong>Siga o Professor Clebinho nas redes sociais, clique nos links: <\/strong><b>\u00a0<a href=\"https:\/\/www.instagram.com\/professor.clebinho\/?hl=en\">Instagram<\/a><\/b><strong>\u00a0\u00a0<\/strong><a href=\"https:\/\/br.linkedin.com\/in\/professor-clebinho-83402218a\" target=\"_blank\" rel=\"noopener noreferrer\"><strong>Linkedin<\/strong><\/a><strong>\u00a0 \u00a0 \u00a0\u00a0<\/strong><a href=\"https:\/\/www.youtube.com\/channel\/UCPJKhdHCtO52vr5LIFOKcsQ\" target=\"_blank\" rel=\"noopener noreferrer\"><strong>Youtube<\/strong><\/a><\/p>\n<p style=\"text-align: justify;\"><em><strong>1 &#8211; Guerra dos Boeres: <\/strong><\/em>Foi o conflito entre os colonizadores holandeses que viviam na \u00c1frica do Sul, chamados de\u00a0<em>boers,<\/em> e o Imp\u00e9rio Brit\u00e2nico. Isso ocorreu ap\u00f3s a descoberta de minas de diamante e ouro no pa\u00eds, o que agu\u00e7ou o interesse brit\u00e2nico pela regi\u00e3o. O resultado foi a incorpora\u00e7\u00e3o das rep\u00fablicas b\u00f4eres do Transvaal e Orange \u00e0s col\u00f4nias brit\u00e2nicas do Cabo e Natal, formando a Uni\u00e3o Sul-Africana.<\/p>\n<p>Publicado em 23.10.2018<\/p>\n","protected":false},"excerpt":{"rendered":"<p>Para nosso blog, Nelson Mandela, Martin Luther King e Mahatma Gandhi, s\u00e3o os 3 grandes \u00edcones da paz mundial. A for\u00e7a que emanaram em prol da igualdade ir\u00e1 repercutir por s\u00e9culos. Gandhi foi protagonista em 2 posts em nosso blog, come\u00e7ando pelo texto 98.\u00a0Agora, chegou a vez do sul-africano mais importante de todos os tempos. [&hellip;]<\/p>\n","protected":false},"author":2,"featured_media":14617,"comment_status":"open","ping_status":"open","sticky":false,"template":"","format":"standard","meta":{"footnotes":""},"categories":[8,71,1,5,3],"tags":[1640,1879,1884,1189,119,1885,1883,1882,1878],"yoast_head":"<!-- This site is optimized with the Yoast SEO plugin v20.3 - https:\/\/yoast.com\/wordpress\/plugins\/seo\/ -->\n<title>221. Nelson Mandela e o Abomin\u00e1vel Apartheid - Blog do Professor Clebinho<\/title>\n<meta name=\"robots\" content=\"index, follow, max-snippet:-1, max-image-preview:large, max-video-preview:-1\" \/>\n<link rel=\"canonical\" href=\"https:\/\/www.clebinho.pro.br\/wp\/?p=14631\" \/>\n<meta property=\"og:locale\" content=\"pt_BR\" \/>\n<meta property=\"og:type\" content=\"article\" \/>\n<meta property=\"og:title\" content=\"221. Nelson Mandela e o Abomin\u00e1vel Apartheid - Blog do Professor Clebinho\" \/>\n<meta property=\"og:description\" content=\"Para nosso blog, Nelson Mandela, Martin Luther King e Mahatma Gandhi, s\u00e3o os 3 grandes \u00edcones da paz mundial. A for\u00e7a que emanaram em prol da igualdade ir\u00e1 repercutir por s\u00e9culos. Gandhi foi protagonista em 2 posts em nosso blog, come\u00e7ando pelo texto 98.\u00a0Agora, chegou a vez do sul-africano mais importante de todos os tempos. [&hellip;]\" \/>\n<meta property=\"og:url\" content=\"https:\/\/www.clebinho.pro.br\/wp\/?p=14631\" \/>\n<meta property=\"og:site_name\" content=\"Blog do Professor Clebinho\" \/>\n<meta property=\"article:published_time\" content=\"2018-10-23T10:35:08+00:00\" \/>\n<meta property=\"article:modified_time\" content=\"2025-01-22T20:35:45+00:00\" \/>\n<meta property=\"og:image\" content=\"https:\/\/clebinho.pro.br\/wp\/wp-content\/uploads\/2018\/10\/nelson-mandela.jpg\" \/>\n\t<meta property=\"og:image:width\" content=\"778\" \/>\n\t<meta property=\"og:image:height\" content=\"490\" \/>\n\t<meta property=\"og:image:type\" content=\"image\/jpeg\" \/>\n<meta name=\"author\" content=\"Professor Clebinho\" \/>\n<meta name=\"twitter:card\" content=\"summary_large_image\" \/>\n<meta name=\"twitter:label1\" content=\"Escrito por\" \/>\n\t<meta name=\"twitter:data1\" content=\"Professor Clebinho\" \/>\n\t<meta name=\"twitter:label2\" content=\"Est. tempo de leitura\" \/>\n\t<meta name=\"twitter:data2\" content=\"11 minutos\" \/>\n<script type=\"application\/ld+json\" class=\"yoast-schema-graph\">{\"@context\":\"https:\/\/schema.org\",\"@graph\":[{\"@type\":\"WebPage\",\"@id\":\"https:\/\/www.clebinho.pro.br\/wp\/?p=14631\",\"url\":\"https:\/\/www.clebinho.pro.br\/wp\/?p=14631\",\"name\":\"221. Nelson Mandela e o Abomin\u00e1vel Apartheid - Blog do Professor Clebinho\",\"isPartOf\":{\"@id\":\"https:\/\/www.clebinho.pro.br\/wp\/#website\"},\"datePublished\":\"2018-10-23T10:35:08+00:00\",\"dateModified\":\"2025-01-22T20:35:45+00:00\",\"author\":{\"@id\":\"https:\/\/www.clebinho.pro.br\/wp\/#\/schema\/person\/73417286de03a1ad762ac7d8ca8c6b77\"},\"breadcrumb\":{\"@id\":\"https:\/\/www.clebinho.pro.br\/wp\/?p=14631#breadcrumb\"},\"inLanguage\":\"pt-BR\",\"potentialAction\":[{\"@type\":\"ReadAction\",\"target\":[\"https:\/\/www.clebinho.pro.br\/wp\/?p=14631\"]}]},{\"@type\":\"BreadcrumbList\",\"@id\":\"https:\/\/www.clebinho.pro.br\/wp\/?p=14631#breadcrumb\",\"itemListElement\":[{\"@type\":\"ListItem\",\"position\":1,\"name\":\"In\u00edcio\",\"item\":\"https:\/\/www.clebinho.pro.br\/wp\"},{\"@type\":\"ListItem\",\"position\":2,\"name\":\"221. Nelson Mandela e o Abomin\u00e1vel Apartheid\"}]},{\"@type\":\"WebSite\",\"@id\":\"https:\/\/www.clebinho.pro.br\/wp\/#website\",\"url\":\"https:\/\/www.clebinho.pro.br\/wp\/\",\"name\":\"Blog do Professor Clebinho\",\"description\":\"Um espa\u00e7o virtual privilegiado oferecido pelo professor Clebinho, seus alunos, ex-alunos e demais interessados no debate de atualidades, hist\u00f3ria, geografia, geopolitica e meio ambiente\",\"potentialAction\":[{\"@type\":\"SearchAction\",\"target\":{\"@type\":\"EntryPoint\",\"urlTemplate\":\"https:\/\/www.clebinho.pro.br\/wp\/?s={search_term_string}\"},\"query-input\":\"required name=search_term_string\"}],\"inLanguage\":\"pt-BR\"},{\"@type\":\"Person\",\"@id\":\"https:\/\/www.clebinho.pro.br\/wp\/#\/schema\/person\/73417286de03a1ad762ac7d8ca8c6b77\",\"name\":\"Professor Clebinho\",\"image\":{\"@type\":\"ImageObject\",\"inLanguage\":\"pt-BR\",\"@id\":\"https:\/\/www.clebinho.pro.br\/wp\/#\/schema\/person\/image\/\",\"url\":\"https:\/\/secure.gravatar.com\/avatar\/bb922115afcbfb086f9c52d1dd4a20fa?s=96&d=mm&r=g\",\"contentUrl\":\"https:\/\/secure.gravatar.com\/avatar\/bb922115afcbfb086f9c52d1dd4a20fa?s=96&d=mm&r=g\",\"caption\":\"Professor Clebinho\"},\"sameAs\":[\"https:\/\/www.clebinho.pro.br\/wp\"],\"url\":\"https:\/\/www.clebinho.pro.br\/wp\/?author=2\"}]}<\/script>\n<!-- \/ Yoast SEO plugin. -->","yoast_head_json":{"title":"221. Nelson Mandela e o Abomin\u00e1vel Apartheid - Blog do Professor Clebinho","robots":{"index":"index","follow":"follow","max-snippet":"max-snippet:-1","max-image-preview":"max-image-preview:large","max-video-preview":"max-video-preview:-1"},"canonical":"https:\/\/www.clebinho.pro.br\/wp\/?p=14631","og_locale":"pt_BR","og_type":"article","og_title":"221. Nelson Mandela e o Abomin\u00e1vel Apartheid - Blog do Professor Clebinho","og_description":"Para nosso blog, Nelson Mandela, Martin Luther King e Mahatma Gandhi, s\u00e3o os 3 grandes \u00edcones da paz mundial. A for\u00e7a que emanaram em prol da igualdade ir\u00e1 repercutir por s\u00e9culos. Gandhi foi protagonista em 2 posts em nosso blog, come\u00e7ando pelo texto 98.\u00a0Agora, chegou a vez do sul-africano mais importante de todos os tempos. [&hellip;]","og_url":"https:\/\/www.clebinho.pro.br\/wp\/?p=14631","og_site_name":"Blog do Professor Clebinho","article_published_time":"2018-10-23T10:35:08+00:00","article_modified_time":"2025-01-22T20:35:45+00:00","og_image":[{"width":778,"height":490,"url":"https:\/\/clebinho.pro.br\/wp\/wp-content\/uploads\/2018\/10\/nelson-mandela.jpg","type":"image\/jpeg"}],"author":"Professor Clebinho","twitter_card":"summary_large_image","twitter_misc":{"Escrito por":"Professor Clebinho","Est. tempo de leitura":"11 minutos"},"schema":{"@context":"https:\/\/schema.org","@graph":[{"@type":"WebPage","@id":"https:\/\/www.clebinho.pro.br\/wp\/?p=14631","url":"https:\/\/www.clebinho.pro.br\/wp\/?p=14631","name":"221. Nelson Mandela e o Abomin\u00e1vel Apartheid - Blog do Professor Clebinho","isPartOf":{"@id":"https:\/\/www.clebinho.pro.br\/wp\/#website"},"datePublished":"2018-10-23T10:35:08+00:00","dateModified":"2025-01-22T20:35:45+00:00","author":{"@id":"https:\/\/www.clebinho.pro.br\/wp\/#\/schema\/person\/73417286de03a1ad762ac7d8ca8c6b77"},"breadcrumb":{"@id":"https:\/\/www.clebinho.pro.br\/wp\/?p=14631#breadcrumb"},"inLanguage":"pt-BR","potentialAction":[{"@type":"ReadAction","target":["https:\/\/www.clebinho.pro.br\/wp\/?p=14631"]}]},{"@type":"BreadcrumbList","@id":"https:\/\/www.clebinho.pro.br\/wp\/?p=14631#breadcrumb","itemListElement":[{"@type":"ListItem","position":1,"name":"In\u00edcio","item":"https:\/\/www.clebinho.pro.br\/wp"},{"@type":"ListItem","position":2,"name":"221. Nelson Mandela e o Abomin\u00e1vel Apartheid"}]},{"@type":"WebSite","@id":"https:\/\/www.clebinho.pro.br\/wp\/#website","url":"https:\/\/www.clebinho.pro.br\/wp\/","name":"Blog do Professor Clebinho","description":"Um espa\u00e7o virtual privilegiado oferecido pelo professor Clebinho, seus alunos, ex-alunos e demais interessados no debate de atualidades, hist\u00f3ria, geografia, geopolitica e meio ambiente","potentialAction":[{"@type":"SearchAction","target":{"@type":"EntryPoint","urlTemplate":"https:\/\/www.clebinho.pro.br\/wp\/?s={search_term_string}"},"query-input":"required name=search_term_string"}],"inLanguage":"pt-BR"},{"@type":"Person","@id":"https:\/\/www.clebinho.pro.br\/wp\/#\/schema\/person\/73417286de03a1ad762ac7d8ca8c6b77","name":"Professor Clebinho","image":{"@type":"ImageObject","inLanguage":"pt-BR","@id":"https:\/\/www.clebinho.pro.br\/wp\/#\/schema\/person\/image\/","url":"https:\/\/secure.gravatar.com\/avatar\/bb922115afcbfb086f9c52d1dd4a20fa?s=96&d=mm&r=g","contentUrl":"https:\/\/secure.gravatar.com\/avatar\/bb922115afcbfb086f9c52d1dd4a20fa?s=96&d=mm&r=g","caption":"Professor Clebinho"},"sameAs":["https:\/\/www.clebinho.pro.br\/wp"],"url":"https:\/\/www.clebinho.pro.br\/wp\/?author=2"}]}},"_links":{"self":[{"href":"https:\/\/www.clebinho.pro.br\/wp\/index.php?rest_route=\/wp\/v2\/posts\/14631"}],"collection":[{"href":"https:\/\/www.clebinho.pro.br\/wp\/index.php?rest_route=\/wp\/v2\/posts"}],"about":[{"href":"https:\/\/www.clebinho.pro.br\/wp\/index.php?rest_route=\/wp\/v2\/types\/post"}],"author":[{"embeddable":true,"href":"https:\/\/www.clebinho.pro.br\/wp\/index.php?rest_route=\/wp\/v2\/users\/2"}],"replies":[{"embeddable":true,"href":"https:\/\/www.clebinho.pro.br\/wp\/index.php?rest_route=%2Fwp%2Fv2%2Fcomments&post=14631"}],"version-history":[{"count":16,"href":"https:\/\/www.clebinho.pro.br\/wp\/index.php?rest_route=\/wp\/v2\/posts\/14631\/revisions"}],"predecessor-version":[{"id":18304,"href":"https:\/\/www.clebinho.pro.br\/wp\/index.php?rest_route=\/wp\/v2\/posts\/14631\/revisions\/18304"}],"wp:featuredmedia":[{"embeddable":true,"href":"https:\/\/www.clebinho.pro.br\/wp\/index.php?rest_route=\/wp\/v2\/media\/14617"}],"wp:attachment":[{"href":"https:\/\/www.clebinho.pro.br\/wp\/index.php?rest_route=%2Fwp%2Fv2%2Fmedia&parent=14631"}],"wp:term":[{"taxonomy":"category","embeddable":true,"href":"https:\/\/www.clebinho.pro.br\/wp\/index.php?rest_route=%2Fwp%2Fv2%2Fcategories&post=14631"},{"taxonomy":"post_tag","embeddable":true,"href":"https:\/\/www.clebinho.pro.br\/wp\/index.php?rest_route=%2Fwp%2Fv2%2Ftags&post=14631"}],"curies":[{"name":"wp","href":"https:\/\/api.w.org\/{rel}","templated":true}]}}