{"id":14799,"date":"2018-12-07T07:23:25","date_gmt":"2018-12-07T09:23:25","guid":{"rendered":"http:\/\/www.clebinho.pro.br\/?p=14799"},"modified":"2025-01-22T17:34:52","modified_gmt":"2025-01-22T20:34:52","slug":"225-revolucao-francesa-1789","status":"publish","type":"post","link":"https:\/\/www.clebinho.pro.br\/wp\/?p=14799","title":{"rendered":"225. Revolu\u00e7\u00e3o Francesa (Queda da Bastilha -1789)"},"content":{"rendered":"<p style=\"text-align: justify;\">Em nosso<a href=\"https:\/\/www.clebinho.pro.br\/wp\/wp\/?p=14764\" target=\"_blank\" rel=\"noopener\"> \u00faltimo texto<\/a> observamos que a Fran\u00e7a se encontrava em uma situa\u00e7\u00e3o insustent\u00e1vel ao final do s\u00e9culo XVIII. O pa\u00eds possu\u00eda, naquele momento, 25 milh\u00f5es de habitantes, com cerca de 500 mil privilegiados (clero e nobreza) em detrimento ao restante.<\/p>\n<p style=\"text-align: justify;\">O Estado franc\u00eas estava quebrado, as d\u00edvidas, parte delas causadas pela ajuda na Independ\u00eancia dos EUA, sugavam metade do or\u00e7amento do governo.<\/p>\n<p style=\"text-align: justify;\">Entre 1787 e 1789\u00a0a situa\u00e7\u00e3o ficou particularmente mais dif\u00edcil, devido a uma colheita muito fraca causada por intemp\u00e9ries clim\u00e1ticas. Saques e roubos eram corriqueiros nas cidades e propriedades rurais eram constantemente\u00a0 invadidas por miser\u00e1veis em busca de comida.<\/p>\n<p style=\"text-align: justify;\">No fat\u00eddico ano de 1789, o rei Luiz XVI estava encurralado. Sem muitas op\u00e7\u00f5es, convocou os a <strong>Assembleia dos\u00a0Estados Gerais\u00b9,<\/strong> algo que n\u00e3o ocorria desde 1614. A burguesia, conhecida como 3\u00b0 Estado, sabia que perderia qualquer vota\u00e7\u00e3o para os dois primeiros Estados, que votavam juntos, ent\u00e3o pediu que os votos fossem individualizados, &#8220;um homem, um voto&#8221;. Assim, com um contingente maior de representantes, poderia fazer valer suas ideias.<\/p>\n<p>*No texto anterior explicamos sobre os 3 Estados franceses.<\/p>\n<div id=\"attachment_14909\" style=\"width: 310px\" class=\"wp-caption aligncenter\"><a href=\"https:\/\/clebinho.pro.br\/wp\/wp-content\/uploads\/2018\/12\/1024px-Couder_Stati_generali.jpg\"><img loading=\"lazy\" decoding=\"async\" aria-describedby=\"caption-attachment-14909\" class=\"wp-image-14909 size-medium\" src=\"https:\/\/clebinho.pro.br\/wp\/wp-content\/uploads\/2018\/12\/1024px-Couder_Stati_generali-300x167.jpg\" alt=\"\" width=\"300\" height=\"167\" srcset=\"https:\/\/www.clebinho.pro.br\/wp\/wp-content\/uploads\/2018\/12\/1024px-Couder_Stati_generali-300x167.jpg 300w, https:\/\/www.clebinho.pro.br\/wp\/wp-content\/uploads\/2018\/12\/1024px-Couder_Stati_generali-768x426.jpg 768w, https:\/\/www.clebinho.pro.br\/wp\/wp-content\/uploads\/2018\/12\/1024px-Couder_Stati_generali.jpg 1023w\" sizes=\"(max-width: 300px) 100vw, 300px\" \/><\/a><p id=\"caption-attachment-14909\" class=\"wp-caption-text\">Sess\u00e3o inaugural dos Estados Gerais em 1789. Pintura de Auguste Couder.<\/p><\/div>\n<p style=\"text-align: justify;\">.<\/p>\n<p style=\"text-align: justify;\">A situa\u00e7\u00e3o chegou a um impasse. Como era de se esperar, os burgueses perceberam que as discuss\u00f5es eram in\u00f3cuas, frente a alian\u00e7a entre nobres e a Igreja. Ent\u00e3o, o 3\u00ba Estado se retirou para outra sala, se auto proclamando uma Assembleia Nacional Constituinte, algo relativamente parecido com o congresso brasileiro de hoje. Se diziam os verdadeiros representantes do povo.<\/p>\n<div id=\"attachment_14921\" style=\"width: 310px\" class=\"wp-caption aligncenter\"><a href=\"https:\/\/clebinho.pro.br\/wp\/wp-content\/uploads\/2018\/12\/revolucaofrancesa-cke-1.jpg\"><img loading=\"lazy\" decoding=\"async\" aria-describedby=\"caption-attachment-14921\" class=\"wp-image-14921 size-medium\" src=\"https:\/\/clebinho.pro.br\/wp\/wp-content\/uploads\/2018\/12\/revolucaofrancesa-cke-1-300x132.jpg\" alt=\"\" width=\"300\" height=\"132\" srcset=\"https:\/\/www.clebinho.pro.br\/wp\/wp-content\/uploads\/2018\/12\/revolucaofrancesa-cke-1-300x132.jpg 300w, https:\/\/www.clebinho.pro.br\/wp\/wp-content\/uploads\/2018\/12\/revolucaofrancesa-cke-1.jpg 630w\" sizes=\"(max-width: 300px) 100vw, 300px\" \/><\/a><p id=\"caption-attachment-14921\" class=\"wp-caption-text\">A imagem ilustra a uni\u00e3o entre o 3\u00ba Estado e parte do 1\u00ba Estado (baixo clero), no que chamamos de Assembleia Nacional. Pintura &#8220;O juramento na Sala de Jogo de Paume&#8221;, de Jean-Louis David.<\/p><\/div>\n<p>.<\/p>\n<p style=\"text-align: justify;\">Em uma s\u00e9rie de decis\u00f5es equivocadas, o rei Luiz XVI demitiu o seu ministro das finan\u00e7as,\u00a0\u00a0Jacques Necker, homem que havia tentado impor impostos sobre as propriedades do clero e da nobreza, algo muito salutar na vis\u00e3o popular. Al\u00e9m disso, convocou o ex\u00e9rcito contra os burgueses, acusados de trai\u00e7\u00e3o.<\/p>\n<p style=\"text-align: justify;\">Diante de tais situa\u00e7\u00f5es, a sofrida popula\u00e7\u00e3o tomou as ruas de Paris, em apoio aos burgueses e contra o rei.<\/p>\n<p style=\"text-align: justify;\"><span style=\"color: #ff0000;\"><strong>Queda da Bastilha<\/strong><\/span><\/p>\n<p style=\"text-align: justify;\">O dia 14 de julho de 1789 ficou marcado na hist\u00f3ria como o estopim que deu in\u00edcio a Revolu\u00e7\u00e3o Francesa. Uma multid\u00e3o invadiu um arsenal do ex\u00e9rcito, tomando milhares de mosquetes. Ap\u00f3s se armarem, foram direto a Bastilha, fortaleza para onde o rei enviava seus maiores inimigos.<\/p>\n<div id=\"attachment_14913\" style=\"width: 310px\" class=\"wp-caption aligncenter\"><a href=\"https:\/\/clebinho.pro.br\/wp\/wp-content\/uploads\/2018\/12\/15807020_303.jpg\"><img loading=\"lazy\" decoding=\"async\" aria-describedby=\"caption-attachment-14913\" class=\"wp-image-14913 size-medium\" src=\"https:\/\/clebinho.pro.br\/wp\/wp-content\/uploads\/2018\/12\/15807020_303-300x169.jpg\" alt=\"\" width=\"300\" height=\"169\" srcset=\"https:\/\/www.clebinho.pro.br\/wp\/wp-content\/uploads\/2018\/12\/15807020_303-300x169.jpg 300w, https:\/\/www.clebinho.pro.br\/wp\/wp-content\/uploads\/2018\/12\/15807020_303.jpg 700w\" sizes=\"(max-width: 300px) 100vw, 300px\" \/><\/a><p id=\"caption-attachment-14913\" class=\"wp-caption-text\">Litografia da Batilha, constru\u00edda no s\u00e9culo XIV e destru\u00edda durante a Revolu\u00e7\u00e3o Francesa. Em 1789\u00a0 estava praticamente em desuso, ainda assim, a fortaleza representava o poder mon\u00e1rquico e o \u00f3dio do rei a seus opositores. Imagem: Internet.<\/p><\/div>\n<p style=\"text-align: justify;\">.<\/p>\n<p style=\"text-align: justify;\">Em meio ao caos popular, os burgueses transformaram mil\u00edcias na Guarda Nacional, tanto para se proteger de uma poss\u00edvel retalia\u00e7\u00e3o real, quanto para se prevenir de um poss\u00edvel ataque da pr\u00f3pria popula\u00e7\u00e3o descontrolada.<\/p>\n<p style=\"text-align: justify;\">Tomando as r\u00e9deas do pa\u00eds, os constituintes aboliram os privil\u00e9gios das elites e, no dia 26 de agosto de 1789, promulgam a\u00a0\u00a0<strong>Declara\u00e7\u00e3o dos Direitos do Homem e do Cidad\u00e3o.<\/strong><\/p>\n<p style=\"text-align: justify;\">O texto defendia\u00a0 as ideias\u00a0 iluministas de liberdade, igualdade e fraternidade entre todos os humanos.\u00a0Entrou para a hist\u00f3ria, como o precursor dos direitos humanos, t\u00e3o importantes hoje em dia, mesmo que ainda negligenciados pelo mundo afora.<\/p>\n<p style=\"text-align: justify;\">A queda da Bastilha \u00e9 o ponto inicial da Revolu\u00e7\u00e3o Francesa propriamente dita. Os anos que vieram a seguir podem ser divididos em 3 per\u00edodos, completamente tumultuados e cheios de reviravoltas:<\/p>\n<p style=\"text-align: justify;\"><span style=\"color: #ff0000;\"><strong>Primeira Fase &#8211; Monarquia Constitucional (14 de julho de 1789\u00a0 a 5 de setembro de 1793)<\/strong><\/span><\/p>\n<p style=\"text-align: justify;\">Com o rei relegado a um segundo plano, bens do clero foram confiscados, e todos os membros da igreja se tornaram funcion\u00e1rios p\u00fablicos, podendo ser presos em caso de desobedi\u00eancia.<\/p>\n<p style=\"text-align: justify;\">O rei e sua esposa, Maria Antonieta, acusados de extraordin\u00e1rios gastos e extravag\u00e2ncias, ficaram presos no pal\u00e1cio das\u00a0Tulheiras\u00a0por dois anos.<\/p>\n<p style=\"text-align: justify;\">Muito se comenta sobre o car\u00e1ter da rainha, que teria dito a um cidad\u00e3o que reclamava pela falta de comida, em especial o tradicional p\u00e3o: &#8220;Se n\u00e3o tem p\u00e3o, que comam brioches&#8221;. <a href=\"https:\/\/www1.folha.uol.com.br\/livrariadafolha\/1072068-conheca-a-historia-da-frase-se-nao-tem-pao-que-comam-brioches.shtml\" target=\"_blank\" rel=\"noopener\">A Folha de S\u00e3o Paulo fez uma interessante reportagem sobre este pol\u00eamico epis\u00f3dio, confiram.\u00a0<\/a><\/p>\n<p style=\"text-align: justify;\">Em 1791 foi promulgada a 1\u00ba Constitui\u00e7\u00e3o francesa, prevendo a tri parti\u00e7\u00e3o do poder, como propunha Voltaire. Neste momento inicial, foi criada uma monarquia constitucional\/parlamentarista, algo parecido com o que ocorre no Reino Unido atualmente.<\/p>\n<p style=\"text-align: justify;\">O rei teve seus poderes reduzidos frente aos 745 parlamentares escolhidos por voto censit\u00e1rio. A pr\u00f3pria forma de elei\u00e7\u00e3o, sem o voto universal, nos mostra que a luta dos burgueses n\u00e3o era exatamente por uma democracia plena. Na verdade, o governo mudou de m\u00e3os, passando da monarquia para a alta burguesia, sem passar pelo povo.<\/p>\n<p style=\"text-align: justify;\">Ao final desse per\u00edodo, Luiz XVI e sua esposa foram executados, por trai\u00e7\u00e3o a na\u00e7\u00e3o, ap\u00f3s cinematogr\u00e1fica tentativa de fuga para a \u00c1ustria, terra natal da rainha.<\/p>\n<div id=\"attachment_14926\" style=\"width: 310px\" class=\"wp-caption aligncenter\"><a href=\"https:\/\/clebinho.pro.br\/wp\/wp-content\/uploads\/2018\/12\/Arrest_of_Louis_XVI_and_his_Family_Varennes_1791.jpg\"><img loading=\"lazy\" decoding=\"async\" aria-describedby=\"caption-attachment-14926\" class=\"wp-image-14926 size-medium\" src=\"https:\/\/clebinho.pro.br\/wp\/wp-content\/uploads\/2018\/12\/Arrest_of_Louis_XVI_and_his_Family_Varennes_1791-300x217.jpg\" alt=\"\" width=\"300\" height=\"217\" srcset=\"https:\/\/www.clebinho.pro.br\/wp\/wp-content\/uploads\/2018\/12\/Arrest_of_Louis_XVI_and_his_Family_Varennes_1791-300x217.jpg 300w, https:\/\/www.clebinho.pro.br\/wp\/wp-content\/uploads\/2018\/12\/Arrest_of_Louis_XVI_and_his_Family_Varennes_1791-768x556.jpg 768w, https:\/\/www.clebinho.pro.br\/wp\/wp-content\/uploads\/2018\/12\/Arrest_of_Louis_XVI_and_his_Family_Varennes_1791.jpg 900w\" sizes=\"(max-width: 300px) 100vw, 300px\" \/><\/a><p id=\"caption-attachment-14926\" class=\"wp-caption-text\">A pintura retrata a pris\u00e3o de Luiz XVI e sua esposa, disfar\u00e7ados, tentando chegar a \u00c1ustria. O epis\u00f3dio ficou conhecido com a &#8220;fuga de Verennes&#8221;, cidade onde foram capturados. A tentativa sepultou de vez qualquer possibilidade de continuidade no poder, mesmo que de forma ilustrativa. Pintura de Thomas Falcon Marshall.<\/p><\/div>\n<p>.<\/p>\n<p>Ao final desse per\u00edodo o poder estava nas m\u00e3os do\u00a0Conselho Executivo Provis\u00f3rio, liderado pelo advogado George-Jacques Danton.<\/p>\n<p><span style=\"color: #ff0000;\"><strong>Pr\u00f3ximo Texto<\/strong><\/span><\/p>\n<p>Na semana que vem encerraremos esse importante cap\u00edtulo da hist\u00f3ria. Vem ai o per\u00edodo mais macabro da mem\u00f3ria francesa, a segunda fase da revolu\u00e7\u00e3o, chamada simplesmente de <strong>Terror<\/strong>.<\/p>\n<p style=\"text-align: justify;\"><strong>Siga o Professor Clebinho nas redes sociais, clique nos links: <\/strong><b>\u00a0<a href=\"https:\/\/www.instagram.com\/professor.clebinho\/?hl=en\">Instagram<\/a><\/b><strong>\u00a0\u00a0<\/strong><a href=\"https:\/\/br.linkedin.com\/in\/professor-clebinho-83402218a\" target=\"_blank\" rel=\"noopener noreferrer\"><strong>Linkedin<\/strong><\/a><strong>\u00a0 \u00a0 \u00a0\u00a0<\/strong><a href=\"https:\/\/www.youtube.com\/channel\/UCPJKhdHCtO52vr5LIFOKcsQ\" target=\"_blank\" rel=\"noopener noreferrer\"><strong>Youtube<\/strong><\/a><\/p>\n<p style=\"text-align: justify;\"><strong>1 &#8211; Assembleia dos\u00a0Estados Gerais: <\/strong>Eram uma s\u00e9rie de reuni\u00f5es consultivas convocadas pelo rei. O problema \u00e9 que cada um dos 3 Estados (clero, nobreza e burguesia) tinham um voto. Assim, clero e nobreza, juntos e privilegiados, sempre votavam juntos, mantendo as regalias.<\/p>\n<div class=\"mceTemp\"><\/div>\n<p>Publicado em 07.12.2018<\/p>\n","protected":false},"excerpt":{"rendered":"<p>Em nosso \u00faltimo texto observamos que a Fran\u00e7a se encontrava em uma situa\u00e7\u00e3o insustent\u00e1vel ao final do s\u00e9culo XVIII. O pa\u00eds possu\u00eda, naquele momento, 25 milh\u00f5es de habitantes, com cerca de 500 mil privilegiados (clero e nobreza) em detrimento ao restante. O Estado franc\u00eas estava quebrado, as d\u00edvidas, parte delas causadas pela ajuda na Independ\u00eancia [&hellip;]<\/p>\n","protected":false},"author":2,"featured_media":14954,"comment_status":"closed","ping_status":"closed","sticky":false,"template":"","format":"standard","meta":{"footnotes":""},"categories":[71,11,1,5,3,140],"tags":[368,1897,1896,1904,235,1892,1903,1902,1905,1906,1899,1901,107,1900,367,1898,1893],"yoast_head":"<!-- This site is optimized with the Yoast SEO plugin v20.3 - https:\/\/yoast.com\/wordpress\/plugins\/seo\/ -->\n<title>225. Revolu\u00e7\u00e3o Francesa (Queda da Bastilha -1789) - Blog do Professor Clebinho<\/title>\n<meta name=\"robots\" content=\"index, follow, max-snippet:-1, max-image-preview:large, max-video-preview:-1\" \/>\n<link rel=\"canonical\" href=\"https:\/\/www.clebinho.pro.br\/wp\/?p=14799\" \/>\n<meta property=\"og:locale\" content=\"pt_BR\" \/>\n<meta property=\"og:type\" content=\"article\" \/>\n<meta property=\"og:title\" content=\"225. Revolu\u00e7\u00e3o Francesa (Queda da Bastilha -1789) - Blog do Professor Clebinho\" \/>\n<meta property=\"og:description\" content=\"Em nosso \u00faltimo texto observamos que a Fran\u00e7a se encontrava em uma situa\u00e7\u00e3o insustent\u00e1vel ao final do s\u00e9culo XVIII. O pa\u00eds possu\u00eda, naquele momento, 25 milh\u00f5es de habitantes, com cerca de 500 mil privilegiados (clero e nobreza) em detrimento ao restante. O Estado franc\u00eas estava quebrado, as d\u00edvidas, parte delas causadas pela ajuda na Independ\u00eancia [&hellip;]\" \/>\n<meta property=\"og:url\" content=\"https:\/\/www.clebinho.pro.br\/wp\/?p=14799\" \/>\n<meta property=\"og:site_name\" content=\"Blog do Professor Clebinho\" \/>\n<meta property=\"article:published_time\" content=\"2018-12-07T09:23:25+00:00\" \/>\n<meta property=\"article:modified_time\" content=\"2025-01-22T20:34:52+00:00\" \/>\n<meta property=\"og:image\" content=\"https:\/\/clebinho.pro.br\/wp\/wp-content\/uploads\/2018\/12\/fall-of-the-Bastille..jpeg\" \/>\n\t<meta property=\"og:image:width\" content=\"400\" \/>\n\t<meta property=\"og:image:height\" content=\"305\" \/>\n\t<meta property=\"og:image:type\" content=\"image\/jpeg\" \/>\n<meta name=\"author\" content=\"Professor Clebinho\" \/>\n<meta name=\"twitter:card\" content=\"summary_large_image\" \/>\n<meta name=\"twitter:label1\" content=\"Escrito por\" \/>\n\t<meta name=\"twitter:data1\" content=\"Professor Clebinho\" \/>\n\t<meta name=\"twitter:label2\" content=\"Est. tempo de leitura\" \/>\n\t<meta name=\"twitter:data2\" content=\"7 minutos\" \/>\n<script type=\"application\/ld+json\" class=\"yoast-schema-graph\">{\"@context\":\"https:\/\/schema.org\",\"@graph\":[{\"@type\":\"WebPage\",\"@id\":\"https:\/\/www.clebinho.pro.br\/wp\/?p=14799\",\"url\":\"https:\/\/www.clebinho.pro.br\/wp\/?p=14799\",\"name\":\"225. Revolu\u00e7\u00e3o Francesa (Queda da Bastilha -1789) - Blog do Professor Clebinho\",\"isPartOf\":{\"@id\":\"https:\/\/www.clebinho.pro.br\/wp\/#website\"},\"datePublished\":\"2018-12-07T09:23:25+00:00\",\"dateModified\":\"2025-01-22T20:34:52+00:00\",\"author\":{\"@id\":\"https:\/\/www.clebinho.pro.br\/wp\/#\/schema\/person\/73417286de03a1ad762ac7d8ca8c6b77\"},\"breadcrumb\":{\"@id\":\"https:\/\/www.clebinho.pro.br\/wp\/?p=14799#breadcrumb\"},\"inLanguage\":\"pt-BR\",\"potentialAction\":[{\"@type\":\"ReadAction\",\"target\":[\"https:\/\/www.clebinho.pro.br\/wp\/?p=14799\"]}]},{\"@type\":\"BreadcrumbList\",\"@id\":\"https:\/\/www.clebinho.pro.br\/wp\/?p=14799#breadcrumb\",\"itemListElement\":[{\"@type\":\"ListItem\",\"position\":1,\"name\":\"In\u00edcio\",\"item\":\"https:\/\/www.clebinho.pro.br\/wp\"},{\"@type\":\"ListItem\",\"position\":2,\"name\":\"225. Revolu\u00e7\u00e3o Francesa (Queda da Bastilha -1789)\"}]},{\"@type\":\"WebSite\",\"@id\":\"https:\/\/www.clebinho.pro.br\/wp\/#website\",\"url\":\"https:\/\/www.clebinho.pro.br\/wp\/\",\"name\":\"Blog do Professor Clebinho\",\"description\":\"Um espa\u00e7o virtual privilegiado oferecido pelo professor Clebinho, seus alunos, ex-alunos e demais interessados no debate de atualidades, hist\u00f3ria, geografia, geopolitica e meio ambiente\",\"potentialAction\":[{\"@type\":\"SearchAction\",\"target\":{\"@type\":\"EntryPoint\",\"urlTemplate\":\"https:\/\/www.clebinho.pro.br\/wp\/?s={search_term_string}\"},\"query-input\":\"required name=search_term_string\"}],\"inLanguage\":\"pt-BR\"},{\"@type\":\"Person\",\"@id\":\"https:\/\/www.clebinho.pro.br\/wp\/#\/schema\/person\/73417286de03a1ad762ac7d8ca8c6b77\",\"name\":\"Professor Clebinho\",\"image\":{\"@type\":\"ImageObject\",\"inLanguage\":\"pt-BR\",\"@id\":\"https:\/\/www.clebinho.pro.br\/wp\/#\/schema\/person\/image\/\",\"url\":\"https:\/\/secure.gravatar.com\/avatar\/bb922115afcbfb086f9c52d1dd4a20fa?s=96&d=mm&r=g\",\"contentUrl\":\"https:\/\/secure.gravatar.com\/avatar\/bb922115afcbfb086f9c52d1dd4a20fa?s=96&d=mm&r=g\",\"caption\":\"Professor Clebinho\"},\"sameAs\":[\"https:\/\/www.clebinho.pro.br\/wp\"],\"url\":\"https:\/\/www.clebinho.pro.br\/wp\/?author=2\"}]}<\/script>\n<!-- \/ Yoast SEO plugin. -->","yoast_head_json":{"title":"225. Revolu\u00e7\u00e3o Francesa (Queda da Bastilha -1789) - Blog do Professor Clebinho","robots":{"index":"index","follow":"follow","max-snippet":"max-snippet:-1","max-image-preview":"max-image-preview:large","max-video-preview":"max-video-preview:-1"},"canonical":"https:\/\/www.clebinho.pro.br\/wp\/?p=14799","og_locale":"pt_BR","og_type":"article","og_title":"225. Revolu\u00e7\u00e3o Francesa (Queda da Bastilha -1789) - Blog do Professor Clebinho","og_description":"Em nosso \u00faltimo texto observamos que a Fran\u00e7a se encontrava em uma situa\u00e7\u00e3o insustent\u00e1vel ao final do s\u00e9culo XVIII. O pa\u00eds possu\u00eda, naquele momento, 25 milh\u00f5es de habitantes, com cerca de 500 mil privilegiados (clero e nobreza) em detrimento ao restante. O Estado franc\u00eas estava quebrado, as d\u00edvidas, parte delas causadas pela ajuda na Independ\u00eancia [&hellip;]","og_url":"https:\/\/www.clebinho.pro.br\/wp\/?p=14799","og_site_name":"Blog do Professor Clebinho","article_published_time":"2018-12-07T09:23:25+00:00","article_modified_time":"2025-01-22T20:34:52+00:00","og_image":[{"width":400,"height":305,"url":"https:\/\/clebinho.pro.br\/wp\/wp-content\/uploads\/2018\/12\/fall-of-the-Bastille..jpeg","type":"image\/jpeg"}],"author":"Professor Clebinho","twitter_card":"summary_large_image","twitter_misc":{"Escrito por":"Professor Clebinho","Est. tempo de leitura":"7 minutos"},"schema":{"@context":"https:\/\/schema.org","@graph":[{"@type":"WebPage","@id":"https:\/\/www.clebinho.pro.br\/wp\/?p=14799","url":"https:\/\/www.clebinho.pro.br\/wp\/?p=14799","name":"225. Revolu\u00e7\u00e3o Francesa (Queda da Bastilha -1789) - Blog do Professor Clebinho","isPartOf":{"@id":"https:\/\/www.clebinho.pro.br\/wp\/#website"},"datePublished":"2018-12-07T09:23:25+00:00","dateModified":"2025-01-22T20:34:52+00:00","author":{"@id":"https:\/\/www.clebinho.pro.br\/wp\/#\/schema\/person\/73417286de03a1ad762ac7d8ca8c6b77"},"breadcrumb":{"@id":"https:\/\/www.clebinho.pro.br\/wp\/?p=14799#breadcrumb"},"inLanguage":"pt-BR","potentialAction":[{"@type":"ReadAction","target":["https:\/\/www.clebinho.pro.br\/wp\/?p=14799"]}]},{"@type":"BreadcrumbList","@id":"https:\/\/www.clebinho.pro.br\/wp\/?p=14799#breadcrumb","itemListElement":[{"@type":"ListItem","position":1,"name":"In\u00edcio","item":"https:\/\/www.clebinho.pro.br\/wp"},{"@type":"ListItem","position":2,"name":"225. Revolu\u00e7\u00e3o Francesa (Queda da Bastilha -1789)"}]},{"@type":"WebSite","@id":"https:\/\/www.clebinho.pro.br\/wp\/#website","url":"https:\/\/www.clebinho.pro.br\/wp\/","name":"Blog do Professor Clebinho","description":"Um espa\u00e7o virtual privilegiado oferecido pelo professor Clebinho, seus alunos, ex-alunos e demais interessados no debate de atualidades, hist\u00f3ria, geografia, geopolitica e meio ambiente","potentialAction":[{"@type":"SearchAction","target":{"@type":"EntryPoint","urlTemplate":"https:\/\/www.clebinho.pro.br\/wp\/?s={search_term_string}"},"query-input":"required name=search_term_string"}],"inLanguage":"pt-BR"},{"@type":"Person","@id":"https:\/\/www.clebinho.pro.br\/wp\/#\/schema\/person\/73417286de03a1ad762ac7d8ca8c6b77","name":"Professor Clebinho","image":{"@type":"ImageObject","inLanguage":"pt-BR","@id":"https:\/\/www.clebinho.pro.br\/wp\/#\/schema\/person\/image\/","url":"https:\/\/secure.gravatar.com\/avatar\/bb922115afcbfb086f9c52d1dd4a20fa?s=96&d=mm&r=g","contentUrl":"https:\/\/secure.gravatar.com\/avatar\/bb922115afcbfb086f9c52d1dd4a20fa?s=96&d=mm&r=g","caption":"Professor Clebinho"},"sameAs":["https:\/\/www.clebinho.pro.br\/wp"],"url":"https:\/\/www.clebinho.pro.br\/wp\/?author=2"}]}},"_links":{"self":[{"href":"https:\/\/www.clebinho.pro.br\/wp\/index.php?rest_route=\/wp\/v2\/posts\/14799"}],"collection":[{"href":"https:\/\/www.clebinho.pro.br\/wp\/index.php?rest_route=\/wp\/v2\/posts"}],"about":[{"href":"https:\/\/www.clebinho.pro.br\/wp\/index.php?rest_route=\/wp\/v2\/types\/post"}],"author":[{"embeddable":true,"href":"https:\/\/www.clebinho.pro.br\/wp\/index.php?rest_route=\/wp\/v2\/users\/2"}],"replies":[{"embeddable":true,"href":"https:\/\/www.clebinho.pro.br\/wp\/index.php?rest_route=%2Fwp%2Fv2%2Fcomments&post=14799"}],"version-history":[{"count":86,"href":"https:\/\/www.clebinho.pro.br\/wp\/index.php?rest_route=\/wp\/v2\/posts\/14799\/revisions"}],"predecessor-version":[{"id":18300,"href":"https:\/\/www.clebinho.pro.br\/wp\/index.php?rest_route=\/wp\/v2\/posts\/14799\/revisions\/18300"}],"wp:featuredmedia":[{"embeddable":true,"href":"https:\/\/www.clebinho.pro.br\/wp\/index.php?rest_route=\/wp\/v2\/media\/14954"}],"wp:attachment":[{"href":"https:\/\/www.clebinho.pro.br\/wp\/index.php?rest_route=%2Fwp%2Fv2%2Fmedia&parent=14799"}],"wp:term":[{"taxonomy":"category","embeddable":true,"href":"https:\/\/www.clebinho.pro.br\/wp\/index.php?rest_route=%2Fwp%2Fv2%2Fcategories&post=14799"},{"taxonomy":"post_tag","embeddable":true,"href":"https:\/\/www.clebinho.pro.br\/wp\/index.php?rest_route=%2Fwp%2Fv2%2Ftags&post=14799"}],"curies":[{"name":"wp","href":"https:\/\/api.w.org\/{rel}","templated":true}]}}