{"id":1531,"date":"2015-06-21T06:17:00","date_gmt":"2015-06-21T09:17:00","guid":{"rendered":"http:\/\/www.clebinho.pro.br\/?p=1531"},"modified":"2022-09-28T14:22:27","modified_gmt":"2022-09-28T17:22:27","slug":"napoleao-bonaparte","status":"publish","type":"post","link":"https:\/\/www.clebinho.pro.br\/wp\/?p=1531","title":{"rendered":"44. Napole\u00e3o Bonaparte"},"content":{"rendered":"<p style=\"text-align: justify;\">Na \u00faltima quinta-feira, dia 18.06.15, foi comemorado, com muito entusiasmo,\u00a0 200 anos da batalha de Waterloo, conflito que marcou a derrota definitiva de Napole\u00e3o Bonaparte. Os dois pr\u00f3ximos textos do nosso blog abordam a biografia deste incr\u00edvel personagem da hist\u00f3ria. Odiado por muitos, venerado at\u00e9 hoje pelos franceses.<\/p>\n<div id=\"attachment_11570\" style=\"width: 190px\" class=\"wp-caption aligncenter\"><a href=\"https:\/\/clebinho.pro.br\/wp\/wp-content\/uploads\/2015\/06\/245px-Jacques-Louis_David_-_The_Emperor_Napoleon_in_His_Study_at_the_Tuileries_-_Google_Art_Project.jpg\"><img loading=\"lazy\" decoding=\"async\" aria-describedby=\"caption-attachment-11570\" class=\"wp-image-11570 size-medium\" src=\"https:\/\/clebinho.pro.br\/wp\/wp-content\/uploads\/2015\/06\/245px-Jacques-Louis_David_-_The_Emperor_Napoleon_in_His_Study_at_the_Tuileries_-_Google_Art_Project-180x300.jpg\" alt=\"\" width=\"180\" height=\"300\" srcset=\"https:\/\/www.clebinho.pro.br\/wp\/wp-content\/uploads\/2015\/06\/245px-Jacques-Louis_David_-_The_Emperor_Napoleon_in_His_Study_at_the_Tuileries_-_Google_Art_Project-180x300.jpg 180w, https:\/\/www.clebinho.pro.br\/wp\/wp-content\/uploads\/2015\/06\/245px-Jacques-Louis_David_-_The_Emperor_Napoleon_in_His_Study_at_the_Tuileries_-_Google_Art_Project.jpg 245w\" sizes=\"(max-width: 180px) 100vw, 180px\" \/><\/a><p id=\"caption-attachment-11570\" class=\"wp-caption-text\">Napole\u00e3o Bonaparte. Imagem: Internet.<\/p><\/div>\n<p>.<\/p>\n<h4 style=\"text-align: justify;\"><strong>Napole\u00e3o Bonaparte<\/strong><\/h4>\n<p style=\"text-align: justify;\">Nasceu na C\u00f3rsega, ilha pertencente a Fran\u00e7a, no ano 1769. Em maio de 1779, aos 10 anos,\u00a0 entrou na academia militar em Brienne-le-Ch\u00e2teau. Era um aluno muito dedicado a matem\u00e1tica e muito bom em geografia e hist\u00f3ria. Ao completar seus estudos em Brienne, em 1784, entrou para a Escola Militar de Paris, aos 15 anos, onde iniciou uma brilhante carreira militar.<\/p>\n<p style=\"text-align: justify;\">Tendo participado ativamente da Revolu\u00e7\u00e3o Francesa, onde ganhou notoriedade, teve uma carreira militar assustadoramente mete\u00f3rica. Venceu os brit\u00e2nicos na batalha de Toulon e aos 27 anos se tornou o militar mais jovem a alcan\u00e7ar o posto de general. Tendo como t\u00e1tica fazer seus soldados se sentirem invenc\u00edveis, obteve sucesso em v\u00e1rias batalhas, ficando conhecido como um g\u00eanio militar.<\/p>\n<p style=\"text-align: justify;\">Em 1799 aplicou o que ficou conhecido como <strong>\u201cO Golpe 18 de Brum\u00e1rio\u201d\u00b9<\/strong>, derrubando os governantes da Fran\u00e7a e se tornando 1\u00ba c\u00f4nsul do pa\u00eds, dando in\u00edcio um novo per\u00edodo na hist\u00f3ria francesa: a Era Napole\u00f4nica.<\/p>\n<h4 style=\"text-align: justify;\"><strong>Coroa\u00e7\u00e3o controversa<\/strong><\/h4>\n<p style=\"text-align: justify;\">Mesmo j\u00e1 governando a Fran\u00e7a como c\u00f4nsul, em 1804 Bonaparte resolveu se tornar\u00a0 imperador, em uma coroa\u00e7\u00e3o que j\u00e1 demonstrou o que viria pela frente. O l\u00edder franc\u00eas convidou o papa Pio VII para ir a Fran\u00e7a coro\u00e1-lo, como demonstra\u00e7\u00e3o da reaproxima\u00e7\u00e3o da Fran\u00e7a com a Igreja Cat\u00f3lica, separadas durante a Revolu\u00e7\u00e3o Francesa. Foi a 1\u00ba vez na hist\u00f3ria que um Papa saiu de Roma para coroar um imperador estrangeiro.<\/p>\n<p style=\"text-align: justify;\">De acordo com os rituais de coroa\u00e7\u00e3o, o imperador deveria ajoelhar-se\u00a0 frente ao representante da Santa S\u00e9, que iria coro\u00e1-lo, demonstrando a superioridade do poder religioso sobre o poder temporal dos homens<\/p>\n<p style=\"text-align: justify;\">O mais interessante \u00e9 que, durante a cerim\u00f4nia, cheia de pr\u00edncipes europeus, o pr\u00f3prio Bonaparte tomou a coroa das m\u00e3os de Papa, e ele mesmo coroou sua esposa como rainha. N\u00e3o satisfeito, pegou outra coroa e a colocou na pr\u00f3pria cabe\u00e7a, se auto proclamando imperador.<\/p>\n<div style=\"width: 410px\" class=\"wp-caption aligncenter\"><img loading=\"lazy\" decoding=\"async\" src=\"http:\/\/wwweducacionalcombr2.cdn.educacional.com.br\/imagens\/reportagens\/napoleao\/coroacao.jpg\" alt=\"http:\/\/wwweducacionalcombr2.cdn.educacional.com.br\/imagens\/reportagens\/napoleao\/coroacao.jpg\" width=\"400\" height=\"299\" \/><p class=\"wp-caption-text\">Obra de Jacques-Louis David, pintada entre 1805 e 1807, retrata a coroa\u00e7\u00e3o de Napole\u00e3o Bonaparte. Perceba que a coroa est\u00e1 nas m\u00e3os de Napole\u00e3o e n\u00e3o nas do Papa. Imagem: Internet.<\/p><\/div>\n<p>.<\/p>\n<p style=\"text-align: justify;\">Os presentes na Catedral de Notre-Dame ficaram perplexos, Napole\u00e3o demonstrou estar acima at\u00e9 mesmo da religi\u00e3o. Um novo \u00edcone mundial surgia.<\/p>\n<p style=\"text-align: justify;\">O Papa voltou a Roma e lan\u00e7ou um protesto, chamando o novo imperador de bastardo e anticristo da Europa.<\/p>\n<h4 style=\"text-align: justify;\"><strong>Guerra<\/strong><\/h4>\n<p style=\"text-align: justify;\">Em 1805, Bonaparte j\u00e1 tinha sob seu comando 600 mil soldados prontos para a guerra. Neste mesmo ano, junto com navios espanh\u00f3is, perdeu a batalha naval de <strong>Trafalgar\u00b2<\/strong> para a esquadra brit\u00e2nica, comandada pelo lend\u00e1rio almirante Nelson. Entendendo que n\u00e3o tinha como lutar contra os ingleses no mar, muito menos invadir a Gr\u00e3-Bretanha, mudou de t\u00e1tica e decidiu dominar todo continente europeu, isolando a Inglaterra.<\/p>\n<div style=\"width: 313px\" class=\"wp-caption aligncenter\"><img loading=\"lazy\" decoding=\"async\" class=\"mw-mmv-final-image mw-mmv-dialog-is-open\" src=\"https:\/\/upload.wikimedia.org\/wikipedia\/commons\/thumb\/7\/72\/HoratioNelson1.jpg\/640px-HoratioNelson1.jpg\" alt=\"HoratioNelson1.jpg\" width=\"303\" height=\"365\" crossorigin=\"anonymous\" \/><p class=\"wp-caption-text\">Horatio Nelson, oficial brit\u00e2nico da Marinha Real Brit\u00e2nica. Ganhou v\u00e1rias batalhas da qual se destaca a Batalha de Trafalgar, em 1805, durante a qual foi morto. Fonte: <a href=\"https:\/\/pt.wikipedia.org\/wiki\/Horatio_Nelson\" target=\"_blank\" rel=\"noopener noreferrer\">Wikipedia.\u00a0<\/a><\/p><\/div>\n<h4>.<\/h4>\n<h4 style=\"text-align: justify;\"><strong>Dom\u00ednio do continente<\/strong><\/h4>\n<p style=\"text-align: justify;\">Com o objetivo tra\u00e7ado, Napole\u00e3o venceu batalhas contra ex\u00e9rcitos da \u00c1ustria, R\u00fassia, It\u00e1lia, Pr\u00fassia e conquistou um territ\u00f3rio que\u00a0 s\u00f3 pode ser comparado ao Imp\u00e9rio Romano.<\/p>\n<p style=\"text-align: justify;\">Em 1807, com um ex\u00e9rcito que j\u00e1 contava com 800 mil homens, Bonaparte baixou um decreto impedindo qualquer pa\u00eds europeu de ter rela\u00e7\u00f5es econ\u00f4micas ou diplom\u00e1ticas com os brit\u00e2nicos, o famoso <strong>Bloqueio Continental. <\/strong>Se n\u00e3o podia invadir a Gr\u00e3-Bretanha, iria sufoc\u00e1-los economicamente.<\/p>\n<p style=\"text-align: justify;\">Esse epis\u00f3dio marca a fuga da fam\u00edlia real portuguesa em dire\u00e7\u00e3o ao Brasil, fato que da in\u00edcio ao nosso processo de independ\u00eancia. Poss\u00edvel assunto de um futuro texto aqui em nosso blog.<\/p>\n<div style=\"width: 395px\" class=\"wp-caption aligncenter\"><img loading=\"lazy\" decoding=\"async\" class=\"mw-mmv-final-image mw-mmv-dialog-is-open\" src=\"https:\/\/upload.wikimedia.org\/wikipedia\/commons\/thumb\/8\/82\/First_French_Empire_1812.svg\/450px-First_French_Empire_1812.svg.png\" alt=\"Localiza\u00e7\u00e3o de Primeiro Imp\u00e9rio Franc\u00eas\" width=\"385\" height=\"390\" crossorigin=\"anonymous\" \/><p class=\"wp-caption-text\">Imp\u00e9rio Napole\u00f4nico. De azul escuro a Fran\u00e7a e territ\u00f3rios conquistados. De azul claro, estados sat\u00e9lites dominados por Bonaparte.<\/p><\/div>\n<p>.<\/p>\n<p style=\"text-align: justify;\">A ind\u00fastria francesa n\u00e3o conseguia prover toda a Europa dos produtos que a Inglaterra produzia. Ent\u00e3o, em 1812,\u00a0a R\u00fassia, governada pela fam\u00edlia Romanov, decidiu se retirar do bloqueio continental. Esse fato marcaria para sempre a hist\u00f3ria.<\/p>\n<h4 style=\"text-align: justify;\"><strong>General Inverno<br \/>\n<\/strong><\/h4>\n<p style=\"text-align: justify;\">Em 1812, tomado pela raiva, Napole\u00e3o cometeu um grande erro t\u00e1tico, ordenou que 600 mil soldados invadissem a R\u00fassia.\u00a0 O problema \u00e9 que o ataque, furioso,\u00a0 foi iniciado e n\u00e3o conquistou a vit\u00f3ria antes do fim do ano, quando temos a chegada do inverno no hemisf\u00e9rio norte.<\/p>\n<p style=\"text-align: justify;\">A medida que as tropas napole\u00f4nicas avan\u00e7avam, os russos iam recuando e praticando a estrat\u00e9gia conhecida como &#8220;Terra Devastada&#8221;, queimando tudo, n\u00e3o deixando nada que pudesse ser usado pelas tropas francesas, como por exemplo, alimentos.<\/p>\n<div id=\"attachment_6918\" style=\"width: 310px\" class=\"wp-caption aligncenter\"><a href=\"https:\/\/clebinho.pro.br\/wp\/wp-content\/uploads\/2015\/06\/French_retreat_russia.jpg\"><img loading=\"lazy\" decoding=\"async\" aria-describedby=\"caption-attachment-6918\" class=\"wp-image-6918 size-medium\" src=\"https:\/\/clebinho.pro.br\/wp\/wp-content\/uploads\/2015\/06\/French_retreat_russia-300x173.jpg\" alt=\"French_retreat_russia\" width=\"300\" height=\"173\" srcset=\"https:\/\/www.clebinho.pro.br\/wp\/wp-content\/uploads\/2015\/06\/French_retreat_russia-300x173.jpg 300w, https:\/\/www.clebinho.pro.br\/wp\/wp-content\/uploads\/2015\/06\/French_retreat_russia.jpg 640w\" sizes=\"(max-width: 300px) 100vw, 300px\" \/><\/a><p id=\"caption-attachment-6918\" class=\"wp-caption-text\">Pintura retratando o penoso recuo das tropas francesas na R\u00fassia. Imagem: Internet.<\/p><\/div>\n<p>.<\/p>\n<p style=\"text-align: justify;\">Perto de chegar a S\u00e3o Petersburgo, capital do imp\u00e9rio russo, muitos soldados franceses estavam morrendo de fome, gangrena e frio. N\u00e3o tendo como avan\u00e7ar, os franceses recuaram, Napole\u00e3o perdeu para o general inverno.<\/p>\n<p style=\"text-align: justify;\">A derrota foi total e absoluta, dos 600 mil homens enviados, somente 120 mil voltaram. Se Adolf Hitler estudasse mais hist\u00f3ria, n\u00e3o teria cometido um erro muito parecido posteriormente. Bom para o mundo!<\/p>\n<p style=\"text-align: justify;\">Aproveitando essa derrota e a degrada\u00e7\u00e3o do ex\u00e9rcito franc\u00eas, em 1813 as pot\u00eancias europeias se uniram e lan\u00e7aram um pesado ataque contra a Fran\u00e7a, epis\u00f3dio conhecido como <strong>A Batalha das na\u00e7\u00f5es\u00b3.<\/strong> N\u00e3o tendo tempo para se reorganizar, Napole\u00e3o perdeu, abdicou ao trono e foi enviado para o ex\u00edlio na Ilha de Elba.<\/p>\n<p style=\"text-align: justify;\"><a href=\"https:\/\/www.clebinho.pro.br\/wp\/wp\/?p=1537\" target=\"_blank\" rel=\"noopener noreferrer\">No pr\u00f3ximo texto<\/a> abordaremos a volta de Bonaparte ao poder e a tr\u00e1gica batalha de Waterloo. Imperd\u00edvel!<\/p>\n<p style=\"text-align: justify;\"><strong>Espero ter aumentado o conhecimento de todos os leitores. Curtam nossa <a href=\"https:\/\/www.facebook.com\/pages\/Clebinho\/1551769148421187?ref=settings\" target=\"_blank\" rel=\"noopener noreferrer\">p\u00e1gina no Facebook <\/a>e compartilhem nosso texto! Abra\u00e7o do Clebinho!<\/strong><\/p>\n<p style=\"text-align: justify;\">Publicado em 21.07.2015<\/p>\n<p style=\"text-align: justify;\">1 &#8211; Saiba mais sobre o Golpe 18 de Brum\u00e1rio, que marcou a chegada de Napole\u00e3o ao poder, no site <a href=\"http:\/\/operamundi.uol.com.br\/conteudo\/noticias\/1886\/conteudo+opera.shtml\" target=\"_blank\" rel=\"noopener noreferrer\">Opera Mundi.<\/a><\/p>\n<p style=\"text-align: justify;\">2 &#8211; Saiba mais sobre a batalha de Trafalgar, derrota naval da Fran\u00e7a,\u00a0 no site <a href=\"https:\/\/pt.wikipedia.org\/wiki\/Batalha_de_Trafalgar\" target=\"_blank\" rel=\"noopener noreferrer\">Wikipedia.<\/a><\/p>\n<p style=\"text-align: justify;\">3 &#8211; Saiba mais sobre A Batalha das Na\u00e7\u00f5es, que retirou napole\u00e3o do poder,\u00a0 no site <a href=\"http:\/\/guerras.brasilescola.com\/seculo-xvi-xix\/batalha-das-nacoes-queda-napoleao.htm\" target=\"_blank\" rel=\"noopener noreferrer\">Brasil Escola.<\/a><\/p>\n","protected":false},"excerpt":{"rendered":"<p>Na \u00faltima quinta-feira, dia 18.06.15, foi comemorado, com muito entusiasmo,\u00a0 200 anos da batalha de Waterloo, conflito que marcou a derrota definitiva de Napole\u00e3o Bonaparte. Os dois pr\u00f3ximos textos do nosso blog abordam a biografia deste incr\u00edvel personagem da hist\u00f3ria. Odiado por muitos, venerado at\u00e9 hoje pelos franceses. . Napole\u00e3o Bonaparte Nasceu na C\u00f3rsega, ilha [&hellip;]<\/p>\n","protected":false},"author":2,"featured_media":11570,"comment_status":"open","ping_status":"open","sticky":false,"template":"","format":"standard","meta":{"footnotes":""},"categories":[71,4,81,5,3],"tags":[544,538,540,542,536,534,235,539,541,535,119,543,107,58,537],"yoast_head":"<!-- This site is optimized with the Yoast SEO plugin v20.3 - https:\/\/yoast.com\/wordpress\/plugins\/seo\/ -->\n<title>44. Napole\u00e3o Bonaparte - Blog do Professor Clebinho<\/title>\n<meta name=\"robots\" content=\"index, follow, max-snippet:-1, max-image-preview:large, max-video-preview:-1\" \/>\n<link rel=\"canonical\" href=\"https:\/\/www.clebinho.pro.br\/wp\/?p=1531\" \/>\n<meta property=\"og:locale\" content=\"pt_BR\" \/>\n<meta property=\"og:type\" content=\"article\" \/>\n<meta property=\"og:title\" content=\"44. Napole\u00e3o Bonaparte - Blog do Professor Clebinho\" \/>\n<meta property=\"og:description\" content=\"Na \u00faltima quinta-feira, dia 18.06.15, foi comemorado, com muito entusiasmo,\u00a0 200 anos da batalha de Waterloo, conflito que marcou a derrota definitiva de Napole\u00e3o Bonaparte. Os dois pr\u00f3ximos textos do nosso blog abordam a biografia deste incr\u00edvel personagem da hist\u00f3ria. Odiado por muitos, venerado at\u00e9 hoje pelos franceses. . Napole\u00e3o Bonaparte Nasceu na C\u00f3rsega, ilha [&hellip;]\" \/>\n<meta property=\"og:url\" content=\"https:\/\/www.clebinho.pro.br\/wp\/?p=1531\" \/>\n<meta property=\"og:site_name\" content=\"Blog do Professor Clebinho\" \/>\n<meta property=\"article:published_time\" content=\"2015-06-21T09:17:00+00:00\" \/>\n<meta property=\"article:modified_time\" content=\"2022-09-28T17:22:27+00:00\" \/>\n<meta property=\"og:image\" content=\"https:\/\/clebinho.pro.br\/wp\/wp-content\/uploads\/2015\/06\/245px-Jacques-Louis_David_-_The_Emperor_Napoleon_in_His_Study_at_the_Tuileries_-_Google_Art_Project.jpg\" \/>\n\t<meta property=\"og:image:width\" content=\"245\" \/>\n\t<meta property=\"og:image:height\" content=\"409\" \/>\n\t<meta property=\"og:image:type\" content=\"image\/jpeg\" \/>\n<meta name=\"author\" content=\"Professor Clebinho\" \/>\n<meta name=\"twitter:card\" content=\"summary_large_image\" \/>\n<meta name=\"twitter:label1\" content=\"Escrito por\" \/>\n\t<meta name=\"twitter:data1\" content=\"Professor Clebinho\" \/>\n\t<meta name=\"twitter:label2\" content=\"Est. tempo de leitura\" \/>\n\t<meta name=\"twitter:data2\" content=\"6 minutos\" \/>\n<script type=\"application\/ld+json\" class=\"yoast-schema-graph\">{\"@context\":\"https:\/\/schema.org\",\"@graph\":[{\"@type\":\"WebPage\",\"@id\":\"https:\/\/www.clebinho.pro.br\/wp\/?p=1531\",\"url\":\"https:\/\/www.clebinho.pro.br\/wp\/?p=1531\",\"name\":\"44. Napole\u00e3o Bonaparte - Blog do Professor Clebinho\",\"isPartOf\":{\"@id\":\"https:\/\/www.clebinho.pro.br\/wp\/#website\"},\"datePublished\":\"2015-06-21T09:17:00+00:00\",\"dateModified\":\"2022-09-28T17:22:27+00:00\",\"author\":{\"@id\":\"https:\/\/www.clebinho.pro.br\/wp\/#\/schema\/person\/73417286de03a1ad762ac7d8ca8c6b77\"},\"breadcrumb\":{\"@id\":\"https:\/\/www.clebinho.pro.br\/wp\/?p=1531#breadcrumb\"},\"inLanguage\":\"pt-BR\",\"potentialAction\":[{\"@type\":\"ReadAction\",\"target\":[\"https:\/\/www.clebinho.pro.br\/wp\/?p=1531\"]}]},{\"@type\":\"BreadcrumbList\",\"@id\":\"https:\/\/www.clebinho.pro.br\/wp\/?p=1531#breadcrumb\",\"itemListElement\":[{\"@type\":\"ListItem\",\"position\":1,\"name\":\"In\u00edcio\",\"item\":\"https:\/\/www.clebinho.pro.br\/wp\"},{\"@type\":\"ListItem\",\"position\":2,\"name\":\"44. Napole\u00e3o Bonaparte\"}]},{\"@type\":\"WebSite\",\"@id\":\"https:\/\/www.clebinho.pro.br\/wp\/#website\",\"url\":\"https:\/\/www.clebinho.pro.br\/wp\/\",\"name\":\"Blog do Professor Clebinho\",\"description\":\"Um espa\u00e7o virtual privilegiado oferecido pelo professor Clebinho, seus alunos, ex-alunos e demais interessados no debate de atualidades, hist\u00f3ria, geografia, geopolitica e meio ambiente\",\"potentialAction\":[{\"@type\":\"SearchAction\",\"target\":{\"@type\":\"EntryPoint\",\"urlTemplate\":\"https:\/\/www.clebinho.pro.br\/wp\/?s={search_term_string}\"},\"query-input\":\"required name=search_term_string\"}],\"inLanguage\":\"pt-BR\"},{\"@type\":\"Person\",\"@id\":\"https:\/\/www.clebinho.pro.br\/wp\/#\/schema\/person\/73417286de03a1ad762ac7d8ca8c6b77\",\"name\":\"Professor Clebinho\",\"image\":{\"@type\":\"ImageObject\",\"inLanguage\":\"pt-BR\",\"@id\":\"https:\/\/www.clebinho.pro.br\/wp\/#\/schema\/person\/image\/\",\"url\":\"https:\/\/secure.gravatar.com\/avatar\/bb922115afcbfb086f9c52d1dd4a20fa?s=96&d=mm&r=g\",\"contentUrl\":\"https:\/\/secure.gravatar.com\/avatar\/bb922115afcbfb086f9c52d1dd4a20fa?s=96&d=mm&r=g\",\"caption\":\"Professor Clebinho\"},\"sameAs\":[\"https:\/\/www.clebinho.pro.br\/wp\"],\"url\":\"https:\/\/www.clebinho.pro.br\/wp\/?author=2\"}]}<\/script>\n<!-- \/ Yoast SEO plugin. -->","yoast_head_json":{"title":"44. Napole\u00e3o Bonaparte - Blog do Professor Clebinho","robots":{"index":"index","follow":"follow","max-snippet":"max-snippet:-1","max-image-preview":"max-image-preview:large","max-video-preview":"max-video-preview:-1"},"canonical":"https:\/\/www.clebinho.pro.br\/wp\/?p=1531","og_locale":"pt_BR","og_type":"article","og_title":"44. Napole\u00e3o Bonaparte - Blog do Professor Clebinho","og_description":"Na \u00faltima quinta-feira, dia 18.06.15, foi comemorado, com muito entusiasmo,\u00a0 200 anos da batalha de Waterloo, conflito que marcou a derrota definitiva de Napole\u00e3o Bonaparte. Os dois pr\u00f3ximos textos do nosso blog abordam a biografia deste incr\u00edvel personagem da hist\u00f3ria. Odiado por muitos, venerado at\u00e9 hoje pelos franceses. . Napole\u00e3o Bonaparte Nasceu na C\u00f3rsega, ilha [&hellip;]","og_url":"https:\/\/www.clebinho.pro.br\/wp\/?p=1531","og_site_name":"Blog do Professor Clebinho","article_published_time":"2015-06-21T09:17:00+00:00","article_modified_time":"2022-09-28T17:22:27+00:00","og_image":[{"width":245,"height":409,"url":"https:\/\/clebinho.pro.br\/wp\/wp-content\/uploads\/2015\/06\/245px-Jacques-Louis_David_-_The_Emperor_Napoleon_in_His_Study_at_the_Tuileries_-_Google_Art_Project.jpg","type":"image\/jpeg"}],"author":"Professor Clebinho","twitter_card":"summary_large_image","twitter_misc":{"Escrito por":"Professor Clebinho","Est. tempo de leitura":"6 minutos"},"schema":{"@context":"https:\/\/schema.org","@graph":[{"@type":"WebPage","@id":"https:\/\/www.clebinho.pro.br\/wp\/?p=1531","url":"https:\/\/www.clebinho.pro.br\/wp\/?p=1531","name":"44. Napole\u00e3o Bonaparte - Blog do Professor Clebinho","isPartOf":{"@id":"https:\/\/www.clebinho.pro.br\/wp\/#website"},"datePublished":"2015-06-21T09:17:00+00:00","dateModified":"2022-09-28T17:22:27+00:00","author":{"@id":"https:\/\/www.clebinho.pro.br\/wp\/#\/schema\/person\/73417286de03a1ad762ac7d8ca8c6b77"},"breadcrumb":{"@id":"https:\/\/www.clebinho.pro.br\/wp\/?p=1531#breadcrumb"},"inLanguage":"pt-BR","potentialAction":[{"@type":"ReadAction","target":["https:\/\/www.clebinho.pro.br\/wp\/?p=1531"]}]},{"@type":"BreadcrumbList","@id":"https:\/\/www.clebinho.pro.br\/wp\/?p=1531#breadcrumb","itemListElement":[{"@type":"ListItem","position":1,"name":"In\u00edcio","item":"https:\/\/www.clebinho.pro.br\/wp"},{"@type":"ListItem","position":2,"name":"44. Napole\u00e3o Bonaparte"}]},{"@type":"WebSite","@id":"https:\/\/www.clebinho.pro.br\/wp\/#website","url":"https:\/\/www.clebinho.pro.br\/wp\/","name":"Blog do Professor Clebinho","description":"Um espa\u00e7o virtual privilegiado oferecido pelo professor Clebinho, seus alunos, ex-alunos e demais interessados no debate de atualidades, hist\u00f3ria, geografia, geopolitica e meio ambiente","potentialAction":[{"@type":"SearchAction","target":{"@type":"EntryPoint","urlTemplate":"https:\/\/www.clebinho.pro.br\/wp\/?s={search_term_string}"},"query-input":"required name=search_term_string"}],"inLanguage":"pt-BR"},{"@type":"Person","@id":"https:\/\/www.clebinho.pro.br\/wp\/#\/schema\/person\/73417286de03a1ad762ac7d8ca8c6b77","name":"Professor Clebinho","image":{"@type":"ImageObject","inLanguage":"pt-BR","@id":"https:\/\/www.clebinho.pro.br\/wp\/#\/schema\/person\/image\/","url":"https:\/\/secure.gravatar.com\/avatar\/bb922115afcbfb086f9c52d1dd4a20fa?s=96&d=mm&r=g","contentUrl":"https:\/\/secure.gravatar.com\/avatar\/bb922115afcbfb086f9c52d1dd4a20fa?s=96&d=mm&r=g","caption":"Professor Clebinho"},"sameAs":["https:\/\/www.clebinho.pro.br\/wp"],"url":"https:\/\/www.clebinho.pro.br\/wp\/?author=2"}]}},"_links":{"self":[{"href":"https:\/\/www.clebinho.pro.br\/wp\/index.php?rest_route=\/wp\/v2\/posts\/1531"}],"collection":[{"href":"https:\/\/www.clebinho.pro.br\/wp\/index.php?rest_route=\/wp\/v2\/posts"}],"about":[{"href":"https:\/\/www.clebinho.pro.br\/wp\/index.php?rest_route=\/wp\/v2\/types\/post"}],"author":[{"embeddable":true,"href":"https:\/\/www.clebinho.pro.br\/wp\/index.php?rest_route=\/wp\/v2\/users\/2"}],"replies":[{"embeddable":true,"href":"https:\/\/www.clebinho.pro.br\/wp\/index.php?rest_route=%2Fwp%2Fv2%2Fcomments&post=1531"}],"version-history":[{"count":41,"href":"https:\/\/www.clebinho.pro.br\/wp\/index.php?rest_route=\/wp\/v2\/posts\/1531\/revisions"}],"predecessor-version":[{"id":18218,"href":"https:\/\/www.clebinho.pro.br\/wp\/index.php?rest_route=\/wp\/v2\/posts\/1531\/revisions\/18218"}],"wp:featuredmedia":[{"embeddable":true,"href":"https:\/\/www.clebinho.pro.br\/wp\/index.php?rest_route=\/wp\/v2\/media\/11570"}],"wp:attachment":[{"href":"https:\/\/www.clebinho.pro.br\/wp\/index.php?rest_route=%2Fwp%2Fv2%2Fmedia&parent=1531"}],"wp:term":[{"taxonomy":"category","embeddable":true,"href":"https:\/\/www.clebinho.pro.br\/wp\/index.php?rest_route=%2Fwp%2Fv2%2Fcategories&post=1531"},{"taxonomy":"post_tag","embeddable":true,"href":"https:\/\/www.clebinho.pro.br\/wp\/index.php?rest_route=%2Fwp%2Fv2%2Ftags&post=1531"}],"curies":[{"name":"wp","href":"https:\/\/api.w.org\/{rel}","templated":true}]}}