{"id":15454,"date":"2019-04-10T10:38:12","date_gmt":"2019-04-10T12:38:12","guid":{"rendered":"http:\/\/www.clebinho.pro.br\/?p=15454"},"modified":"2025-01-22T17:32:02","modified_gmt":"2025-01-22T20:32:02","slug":"231-sabinada-e-balaiada-2","status":"publish","type":"post","link":"https:\/\/www.clebinho.pro.br\/wp\/?p=15454","title":{"rendered":"231. Sabinada e Balaiada"},"content":{"rendered":"<p style=\"text-align: justify;\">O texto de hoje finaliza, enfim, o mais\u00a0 tumultuado per\u00edodo vivido no Brasil, a Reg\u00eancia. Ap\u00f3s in\u00fameras revoltas, algumas ainda em andamento, eclodem mais problemas no Brasil.<\/p>\n<p style=\"text-align: justify;\"><span style=\"color: #ff0000;\"><strong>Sabinada (Nov\/1837- Mar\/1838)<\/strong><\/span><\/p>\n<p style=\"text-align: justify;\">Assim como no sul do Brasil, a elite baiana estava insatisfeita com os rumos da reg\u00eancia imperial. Eram favor\u00e1veis ao federalismo republicano, e desejavam maior autonomia do governo local.<\/p>\n<p style=\"text-align: justify;\">Como mostrado em nosso\u00a0<a href=\"https:\/\/www.clebinho.pro.br\/wp\/wp\/?p=15267\" target=\"_blank\" rel=\"noopener\">texto sobre a revolta do Mal\u00eas<\/a>, a prov\u00edncia baiana vivia um momento tenso naquela \u00e9poca. Decadente, via as planta\u00e7\u00f5es de cana, principal produto local, se espalharem por outros locais, aumentando a oferta e diminuindo o valor do produto.<\/p>\n<p style=\"text-align: justify;\">Seca, diminui\u00e7\u00e3o da oferta de alimentos, infla\u00e7\u00e3o e uma enorme quantidade de moedas falsas complicaram ainda mais a situa\u00e7\u00e3o social da regi\u00e3o.<\/p>\n<p style=\"text-align: justify;\">Se a Revolta dos Mal\u00eas foi protagonizada pelos escravos, a Sabinada\u00a0 foi liderada pela classe m\u00e9dia. Desgostosos com a situa\u00e7\u00e3o econ\u00f4mica, defendiam uma separa\u00e7\u00e3o tempor\u00e1ria da Bahia em rela\u00e7\u00e3o ao Brasil, at\u00e9 que Dom Pedro II atingisse a maioridade.<\/p>\n<p style=\"text-align: justify;\">O estopim foi a obrigatoriedade de alistamento militar para lutar na Guerra dos Farrapos, que havia estourado no sul do pa\u00eds. Se mal queriam pertencer ao Brasil imperial, imagina ent\u00e3o lutar em uma guerra por ele, contra insurgentes com ideias muito semelhantes \u00e0s dos baianos.<\/p>\n<div id=\"attachment_15420\" style=\"width: 264px\" class=\"wp-caption aligncenter\"><a href=\"https:\/\/clebinho.pro.br\/wp\/wp-content\/uploads\/2019\/04\/francisco_sabino_bb.jpg\"><img loading=\"lazy\" decoding=\"async\" aria-describedby=\"caption-attachment-15420\" class=\"wp-image-15420 size-medium\" src=\"https:\/\/clebinho.pro.br\/wp\/wp-content\/uploads\/2019\/04\/francisco_sabino_bb-254x300.jpg\" alt=\"\" width=\"254\" height=\"300\" srcset=\"https:\/\/www.clebinho.pro.br\/wp\/wp-content\/uploads\/2019\/04\/francisco_sabino_bb-254x300.jpg 254w, https:\/\/www.clebinho.pro.br\/wp\/wp-content\/uploads\/2019\/04\/francisco_sabino_bb.jpg 350w\" sizes=\"(max-width: 254px) 100vw, 254px\" \/><\/a><p id=\"caption-attachment-15420\" class=\"wp-caption-text\">Francisco Sabino era m\u00e9dico, jornalista e se tornou l\u00edder da mil\u00edcia que tomou Salvador, dando nome ao conflito. Imagem: Internet.<\/p><\/div>\n<div id=\"attachment_15420\" class=\"wp-caption aligncenter\" style=\"text-align: justify;\">\n<p class=\"wp-caption-text\"><span style=\"font-size: 1.4rem;\">.<\/span><\/p>\n<\/div>\n<p style=\"text-align: justify;\">O l\u00edder do movimento foi o jornalista e m\u00e9dico\u00a0Francisco Sabino, da\u00ed o nome Sabinada. Na noite compreendida entre os dias 6 e 7 de novembro de 1837, os rebeldes invadiram o Forte de S\u00e3o Pedro, local onde ficava a maior parte das guarni\u00e7\u00f5es imperiais. No dia seguinte invadiram a C\u00e2mara Municipal da capital, proclamando\u00a0a Rep\u00fablica Bahiense.<\/p>\n<div id=\"attachment_15422\" style=\"width: 310px\" class=\"wp-caption aligncenter\"><a href=\"https:\/\/clebinho.pro.br\/wp\/wp-content\/uploads\/2019\/04\/sabinada_bandeira_bb.jpg\"><img loading=\"lazy\" decoding=\"async\" aria-describedby=\"caption-attachment-15422\" class=\"wp-image-15422 size-medium\" src=\"https:\/\/clebinho.pro.br\/wp\/wp-content\/uploads\/2019\/04\/sabinada_bandeira_bb-300x200.jpg\" alt=\"\" width=\"300\" height=\"200\" srcset=\"https:\/\/www.clebinho.pro.br\/wp\/wp-content\/uploads\/2019\/04\/sabinada_bandeira_bb-300x200.jpg 300w, https:\/\/www.clebinho.pro.br\/wp\/wp-content\/uploads\/2019\/04\/sabinada_bandeira_bb.jpg 350w\" sizes=\"(max-width: 300px) 100vw, 300px\" \/><\/a><p id=\"caption-attachment-15422\" class=\"wp-caption-text\">Essa foi a Bandeira da Rep\u00fablica Bahiense. Imagem: Internet.<\/p><\/div>\n<div id=\"attachment_15422\" class=\"wp-caption aligncenter\" style=\"text-align: justify;\">\n<p class=\"wp-caption-text\"><span style=\"font-size: 1.4rem;\">.<\/span><\/p>\n<\/div>\n<p style=\"text-align: justify;\">Os grandes fazendeiros n\u00e3o aderiram ao movimento, com medo de uma poss\u00edvel liberta\u00e7\u00e3o de escravos, fundamentais para a produ\u00e7\u00e3o em suas fazendas. Por sua vez, os escravos tamb\u00e9m n\u00e3o se animaram, j\u00e1 que a aboli\u00e7\u00e3o nunca esteve claro nos ideais do movimento. No m\u00e1ximo, circulou a ideia de uma liberta\u00e7\u00e3o de escravos nascidos no Brasil, cerca de 1\/3 do total, o que n\u00e3o atendia a demanda geral.<\/p>\n<p style=\"text-align: justify;\">Comprimida na classe m\u00e9dia, a insurg\u00eancia foi dominada pelo governo regencial, j\u00e1 naquele momento sobre o comando de Ara\u00fajo de Lima. O tempo de dura\u00e7\u00e3o do conflito, cerca de 4 meses, foi exatamente o necess\u00e1rio para que as tropas terrestres e mar\u00edtimas do imp\u00e9rio organizassem o cerco a Salvador. Ap\u00f3s 3 dias e 1.800 mortes estava encerrada mais essa revolta.<\/p>\n<p style=\"text-align: justify;\">Os l\u00edderes foram julgados e condenados e pris\u00e3o perp\u00e9tua. Como estamos acostumados no Brasil, algum tempo depois as penas foram reduzidas e o pr\u00f3prio Sabino conseguiu se refugiar no Mato Grosso.<\/p>\n<p style=\"text-align: justify;\">Alguns membros do levante continuaram lutando contra o governo regencial, j\u00e1 que foram para o sul lutar na Revolu\u00e7\u00e3o Farroupilha.<\/p>\n<p style=\"text-align: justify;\"><span style=\"color: #ff0000;\"><strong>Balaiada (Dez\/38 a \u00a0In\u00edcio\/41)<\/strong><\/span><\/p>\n<p style=\"text-align: justify;\">Chegamos, enfim, ao \u00faltimo cap\u00edtulo das revoltas regenciais.<\/p>\n<p style=\"text-align: justify;\">Essa insurrei\u00e7\u00e3o ocorreu no Maranh\u00e3o, devido a gigantesca divis\u00e3o social que existia na prov\u00edncia naquele momento. Como sabemos, 181 anos depois, o estado parece n\u00e3o ter melhorado muita coisa nesse quesito.<\/p>\n<p style=\"text-align: justify;\">Naquele momento da hist\u00f3ria a elite local se dividia entre os\u00a0<strong>Bem-te-vis,\u00a0<\/strong>pol\u00edticos liberais, e\u00a0<strong>C<\/strong><strong>abanos,\u00a0<\/strong>conservadores. O nome do \u00faltimo grupo faz refer\u00eancia a revolta ocorrida no Gr\u00e3o-Par\u00e1, j\u00e1 estuda em nosso blog.<\/p>\n<div id=\"attachment_15430\" style=\"width: 210px\" class=\"wp-caption aligncenter\"><a href=\"https:\/\/clebinho.pro.br\/wp\/wp-content\/uploads\/2019\/04\/O_bemtevi_1838_2_corrigido.jpg\"><img loading=\"lazy\" decoding=\"async\" aria-describedby=\"caption-attachment-15430\" class=\"wp-image-15430 size-medium\" src=\"https:\/\/clebinho.pro.br\/wp\/wp-content\/uploads\/2019\/04\/O_bemtevi_1838_2_corrigido-200x300.jpg\" alt=\"\" width=\"200\" height=\"300\" srcset=\"https:\/\/www.clebinho.pro.br\/wp\/wp-content\/uploads\/2019\/04\/O_bemtevi_1838_2_corrigido-200x300.jpg 200w, https:\/\/www.clebinho.pro.br\/wp\/wp-content\/uploads\/2019\/04\/O_bemtevi_1838_2_corrigido.jpg 553w\" sizes=\"(max-width: 200px) 100vw, 200px\" \/><\/a><p id=\"caption-attachment-15430\" class=\"wp-caption-text\">O nome Bem-Te-Vi deriva de um jornal que esse grupo pol\u00edtico tinha, sempre criticando o governo cabano, como podemos perceber nessa edi\u00e7\u00e3o de julho de 1838. Imagem: Internet.<\/p><\/div>\n<div id=\"attachment_15430\" class=\"wp-caption aligncenter\" style=\"text-align: justify;\">\n<p class=\"wp-caption-text\">\n<\/div>\n<p style=\"text-align: justify;\">.<\/p>\n<p style=\"text-align: justify;\">A situa\u00e7\u00e3o local era complexa, os mais abastados disputavam o poder da regi\u00e3o, enquanto a pobreza aumentava, impulsionada pela concorr\u00eancia do algod\u00e3o norte-americano no com\u00e9rcio internacional.<\/p>\n<p style=\"text-align: justify;\">O clima, que j\u00e1 era tenso, explodiu quando o governo instituiu a Lei dos Prefeitos, que permita ao governador escolher os mandat\u00e1rios de cada cidade. Revoltas eclodiram pela prov\u00edncia de forma quase org\u00e2nica, sem um comando central.<\/p>\n<p style=\"text-align: justify;\">Algumas lideran\u00e7as foram despontando durante o conflito. Em Vila da Manga, no dia 13 de dezembro de 1838, o pe\u00e3o Raimundo Gomes, junto a alguns companheiros, invadiram a cadeia p\u00fablica, para libertar seu irm\u00e3o. Com a tomada de armas e muni\u00e7\u00f5es dominaram toda a localidade.<\/p>\n<div id=\"attachment_15434\" style=\"width: 310px\" class=\"wp-caption aligncenter\"><a href=\"https:\/\/clebinho.pro.br\/wp\/wp-content\/uploads\/2019\/04\/revolta-da-balaiada-veja-suas-causas-consequencias-e-lideres.jpg\"><img loading=\"lazy\" decoding=\"async\" aria-describedby=\"caption-attachment-15434\" class=\"wp-image-15434 size-medium\" src=\"https:\/\/clebinho.pro.br\/wp\/wp-content\/uploads\/2019\/04\/revolta-da-balaiada-veja-suas-causas-consequencias-e-lideres-300x210.jpg\" alt=\"\" width=\"300\" height=\"210\" srcset=\"https:\/\/www.clebinho.pro.br\/wp\/wp-content\/uploads\/2019\/04\/revolta-da-balaiada-veja-suas-causas-consequencias-e-lideres-300x210.jpg 300w, https:\/\/www.clebinho.pro.br\/wp\/wp-content\/uploads\/2019\/04\/revolta-da-balaiada-veja-suas-causas-consequencias-e-lideres.jpg 367w\" sizes=\"(max-width: 300px) 100vw, 300px\" \/><\/a><p id=\"caption-attachment-15434\" class=\"wp-caption-text\">Ilustra\u00e7\u00e3o de artes\u00e3os da \u00e9poca, produzindo balaios de palha. Desse grupo saiu o nome do movimento. Imagem: Internet.<\/p><\/div>\n<div id=\"attachment_15434\" class=\"wp-caption aligncenter\" style=\"text-align: justify;\">\n<p class=\"wp-caption-text\"><span style=\"font-size: 1.4rem;\">.<\/span><\/p>\n<\/div>\n<p style=\"text-align: justify;\">Outra lideran\u00e7a foi Manoel dos Anjos, vulgarmente conhecido como Manoel Balaio, j\u00e1 que era fabricante artesanal de cestos de palha. Da\u00ed surge o nome balaiada. Ap\u00f3s ter suas filhas estupradas por um soldado, saiu com um grupo armado invadindo vilas e latif\u00fandios. Se juntaram aos revoltosos mais de 3 mil quilombolas.<\/p>\n<p style=\"text-align: justify;\">A por\u00e7\u00e3o nordeste da prov\u00edncia foi dominada, e um junta governamental foi criada pelos insurgentes. A princ\u00edpio, os Bem-Te-vi apoiaram a revolta, uma alian\u00e7a incomum entre elite e populares. Mesmo inusitada, ela fazia sentido j\u00e1 que o governo local estava nas m\u00e3os dos Cabanos.<\/p>\n<div id=\"attachment_15433\" style=\"width: 310px\" class=\"wp-caption aligncenter\"><a href=\"https:\/\/clebinho.pro.br\/wp\/wp-content\/uploads\/2019\/04\/zzzzcabano.jpg\"><img loading=\"lazy\" decoding=\"async\" aria-describedby=\"caption-attachment-15433\" class=\"wp-image-15433 size-medium\" src=\"https:\/\/clebinho.pro.br\/wp\/wp-content\/uploads\/2019\/04\/zzzzcabano-300x119.jpg\" alt=\"\" width=\"300\" height=\"119\" srcset=\"https:\/\/www.clebinho.pro.br\/wp\/wp-content\/uploads\/2019\/04\/zzzzcabano-300x119.jpg 300w, https:\/\/www.clebinho.pro.br\/wp\/wp-content\/uploads\/2019\/04\/zzzzcabano.jpg 640w\" sizes=\"(max-width: 300px) 100vw, 300px\" \/><\/a><p id=\"caption-attachment-15433\" class=\"wp-caption-text\">Clique para ampliar. Ilustra\u00e7\u00e3o mostrando vaqueiros, escravos, quilombolas, entre tantos outros populares, lutando contra as for\u00e7as do imp\u00e9rio. imagem: Internet.<\/p><\/div>\n<div id=\"attachment_15433\" class=\"wp-caption aligncenter\" style=\"text-align: justify;\">\n<p class=\"wp-caption-text\"><span style=\"font-size: 1.4rem;\">.<\/span><\/p>\n<\/div>\n<p style=\"text-align: justify;\">Ap\u00f3s ocuparem a Vila de Caxias, os guerrilheiros chegaram a Vila de Icatu, local posicionado na Baia de S\u00e3o Jos\u00e9, de frente a capital S\u00e3o Lu\u00eds.<\/p>\n<p style=\"text-align: justify;\"><span style=\"color: #800000;\"><strong>Fim dos Conflitos<\/strong><\/span><\/p>\n<p style=\"text-align: justify;\">Em fevereiro de 1840, o experiente coronel\u00a0 Lu\u00eds Alves de Lima e Silva\u00a0 foi nomeado presidente e comandante militar da prov\u00edncia conflituosa, al\u00e9m do Cear\u00e1 e Piaui. Era a cartada final do regente Ara\u00fajo de Lima.<\/p>\n<p style=\"text-align: justify;\">O militar resolveu alguns problemas internos das for\u00e7as imperiais, quitando sal\u00e1rios atrasados e dando melhores condi\u00e7\u00f5es de combate.<\/p>\n<p style=\"text-align: justify;\">Ao longo do processo os Bem-te-vi retiraram o apoio aos balaios, preocupados com a complexa situa\u00e7\u00e3o em que a prov\u00edncia se meteu.<\/p>\n<p style=\"text-align: justify;\">Com o tempo, as tropas imperiais foram cercando e matando os oponentes. As deser\u00e7\u00f5es se tornaram comuns entre os balaios, que nunca foram muito bem organizados. Manoel, l\u00edder do movimento, foi baleado na perna, sem querer, por um companheiro, morrendo depois de gangrena.<\/p>\n<div id=\"attachment_15438\" style=\"width: 231px\" class=\"wp-caption alignleft\"><a href=\"https:\/\/clebinho.pro.br\/wp\/wp-content\/uploads\/2019\/04\/Baron_of_Caxias.png\"><img loading=\"lazy\" decoding=\"async\" aria-describedby=\"caption-attachment-15438\" class=\"wp-image-15438 size-medium\" src=\"https:\/\/clebinho.pro.br\/wp\/wp-content\/uploads\/2019\/04\/Baron_of_Caxias-221x300.png\" alt=\"\" width=\"221\" height=\"300\" srcset=\"https:\/\/www.clebinho.pro.br\/wp\/wp-content\/uploads\/2019\/04\/Baron_of_Caxias-221x300.png 221w, https:\/\/www.clebinho.pro.br\/wp\/wp-content\/uploads\/2019\/04\/Baron_of_Caxias-768x1044.png 768w, https:\/\/www.clebinho.pro.br\/wp\/wp-content\/uploads\/2019\/04\/Baron_of_Caxias-753x1024.png 753w, https:\/\/www.clebinho.pro.br\/wp\/wp-content\/uploads\/2019\/04\/Baron_of_Caxias.png 800w\" sizes=\"(max-width: 221px) 100vw, 221px\" \/><\/a><p id=\"caption-attachment-15438\" class=\"wp-caption-text\">Luis Alves em 1841. Imagem: Internet.<\/p><\/div>\n<p style=\"text-align: justify;\">Em 1840, Lu\u00eds Alves concedeu uma anistia a quem se rendesse, fato que gerou a desist\u00eancia de cerca de 2.500 rebeldes, praticamente sepultando o movimento. Alguns focos ainda tentaram resistir mais alguns meses, terminando por completo os combates no in\u00edcio de 1841, j\u00e1 com o jovem Dom Pedro II no poder.<\/p>\n<p style=\"text-align: justify;\">Por esta campanha, o coronel recebeu o t\u00edtulo de Bar\u00e3o de Caxias. Ele mesmo p\u00f4de escolher de qual localidade seria bar\u00e3o, e escolheu a segunda maior cidade do Maranh\u00e3o, antes dominada pelos rebeldes.<\/p>\n<p style=\"text-align: justify;\">Ap\u00f3s essa impressionante vit\u00f3ria, foi designado ao sul do Brasil, para resolver outra querela, a<a href=\"https:\/\/www.clebinho.pro.br\/wp\/wp\/?p=15231\" target=\"_blank\" rel=\"noopener\">\u00a0Guerra dos Farrapos, como mostrado em nosso texto anterior<\/a>. Mais\u00a0a frente ele se tornou o Duque de Caxias, participando ativamente da Guerra do Paraguai,\u00a0<a href=\"https:\/\/www.clebinho.pro.br\/wp\/wp\/?p=2791\" target=\"_blank\" rel=\"noopener\">tema abordado no texto 76.<\/a><\/p>\n<p style=\"text-align: justify;\">Por tantos feitos, Caxias \u00e9 o patrono do Ex\u00e9rcito Brasileiro.<\/p>\n<p style=\"text-align: justify;\">Ap\u00f3s 4 textos, podemos perceber o qu\u00e3o complexa foi a Reg\u00eancia, um verdadeiro pesadelo para o Brasil. Milhares de mortes e uma quase fragmenta\u00e7\u00e3o de nosso pa\u00eds.<\/p>\n<p style=\"text-align: justify;\"><strong>Siga o Professor Clebinho nas redes sociais, clique nos links: <\/strong><b>\u00a0<a href=\"https:\/\/www.instagram.com\/professor.clebinho\/?hl=en\">Instagram<\/a><\/b><strong>\u00a0\u00a0<\/strong><a href=\"https:\/\/br.linkedin.com\/in\/professor-clebinho-83402218a\" target=\"_blank\" rel=\"noopener noreferrer\"><strong>Linkedin<\/strong><\/a><strong>\u00a0 \u00a0 \u00a0\u00a0<\/strong><a href=\"https:\/\/www.youtube.com\/channel\/UCPJKhdHCtO52vr5LIFOKcsQ\" target=\"_blank\" rel=\"noopener noreferrer\"><strong>Youtube<\/strong><\/a><\/p>\n<p>Publicado em 10.04.2019<\/p>\n","protected":false},"excerpt":{"rendered":"<p>O texto de hoje finaliza, enfim, o mais\u00a0 tumultuado per\u00edodo vivido no Brasil, a Reg\u00eancia. Ap\u00f3s in\u00fameras revoltas, algumas ainda em andamento, eclodem mais problemas no Brasil. Sabinada (Nov\/1837- Mar\/1838) Assim como no sul do Brasil, a elite baiana estava insatisfeita com os rumos da reg\u00eancia imperial. Eram favor\u00e1veis ao federalismo republicano, e desejavam maior [&hellip;]<\/p>\n","protected":false},"author":2,"featured_media":15436,"comment_status":"open","ping_status":"open","sticky":false,"template":"","format":"standard","meta":{"footnotes":""},"categories":[71,1,5,3,140],"tags":[1933,1521,1914,25,197,201,820,1934,1234,1263,1912,1920,1915,354,1932],"yoast_head":"<!-- This site is optimized with the Yoast SEO plugin v20.3 - https:\/\/yoast.com\/wordpress\/plugins\/seo\/ -->\n<title>231. Sabinada e Balaiada - Blog do Professor Clebinho<\/title>\n<meta name=\"robots\" content=\"index, follow, max-snippet:-1, max-image-preview:large, max-video-preview:-1\" \/>\n<link rel=\"canonical\" href=\"https:\/\/www.clebinho.pro.br\/wp\/?p=15454\" \/>\n<meta property=\"og:locale\" content=\"pt_BR\" \/>\n<meta property=\"og:type\" content=\"article\" \/>\n<meta property=\"og:title\" content=\"231. Sabinada e Balaiada - Blog do Professor Clebinho\" \/>\n<meta property=\"og:description\" content=\"O texto de hoje finaliza, enfim, o mais\u00a0 tumultuado per\u00edodo vivido no Brasil, a Reg\u00eancia. Ap\u00f3s in\u00fameras revoltas, algumas ainda em andamento, eclodem mais problemas no Brasil. Sabinada (Nov\/1837- Mar\/1838) Assim como no sul do Brasil, a elite baiana estava insatisfeita com os rumos da reg\u00eancia imperial. Eram favor\u00e1veis ao federalismo republicano, e desejavam maior [&hellip;]\" \/>\n<meta property=\"og:url\" content=\"https:\/\/www.clebinho.pro.br\/wp\/?p=15454\" \/>\n<meta property=\"og:site_name\" content=\"Blog do Professor Clebinho\" \/>\n<meta property=\"article:published_time\" content=\"2019-04-10T12:38:12+00:00\" \/>\n<meta property=\"article:modified_time\" content=\"2025-01-22T20:32:02+00:00\" \/>\n<meta property=\"og:image\" content=\"https:\/\/clebinho.pro.br\/wp\/wp-content\/uploads\/2019\/04\/aaa2.jpg\" \/>\n\t<meta property=\"og:image:width\" content=\"1000\" \/>\n\t<meta property=\"og:image:height\" content=\"662\" \/>\n\t<meta property=\"og:image:type\" content=\"image\/jpeg\" \/>\n<meta name=\"author\" content=\"Professor Clebinho\" \/>\n<meta name=\"twitter:card\" content=\"summary_large_image\" \/>\n<meta name=\"twitter:label1\" content=\"Escrito por\" \/>\n\t<meta name=\"twitter:data1\" content=\"Professor Clebinho\" \/>\n\t<meta name=\"twitter:label2\" content=\"Est. tempo de leitura\" \/>\n\t<meta name=\"twitter:data2\" content=\"8 minutos\" \/>\n<script type=\"application\/ld+json\" class=\"yoast-schema-graph\">{\"@context\":\"https:\/\/schema.org\",\"@graph\":[{\"@type\":\"WebPage\",\"@id\":\"https:\/\/www.clebinho.pro.br\/wp\/?p=15454\",\"url\":\"https:\/\/www.clebinho.pro.br\/wp\/?p=15454\",\"name\":\"231. Sabinada e Balaiada - Blog do Professor Clebinho\",\"isPartOf\":{\"@id\":\"https:\/\/www.clebinho.pro.br\/wp\/#website\"},\"datePublished\":\"2019-04-10T12:38:12+00:00\",\"dateModified\":\"2025-01-22T20:32:02+00:00\",\"author\":{\"@id\":\"https:\/\/www.clebinho.pro.br\/wp\/#\/schema\/person\/73417286de03a1ad762ac7d8ca8c6b77\"},\"breadcrumb\":{\"@id\":\"https:\/\/www.clebinho.pro.br\/wp\/?p=15454#breadcrumb\"},\"inLanguage\":\"pt-BR\",\"potentialAction\":[{\"@type\":\"ReadAction\",\"target\":[\"https:\/\/www.clebinho.pro.br\/wp\/?p=15454\"]}]},{\"@type\":\"BreadcrumbList\",\"@id\":\"https:\/\/www.clebinho.pro.br\/wp\/?p=15454#breadcrumb\",\"itemListElement\":[{\"@type\":\"ListItem\",\"position\":1,\"name\":\"In\u00edcio\",\"item\":\"https:\/\/www.clebinho.pro.br\/wp\"},{\"@type\":\"ListItem\",\"position\":2,\"name\":\"231. Sabinada e Balaiada\"}]},{\"@type\":\"WebSite\",\"@id\":\"https:\/\/www.clebinho.pro.br\/wp\/#website\",\"url\":\"https:\/\/www.clebinho.pro.br\/wp\/\",\"name\":\"Blog do Professor Clebinho\",\"description\":\"Um espa\u00e7o virtual privilegiado oferecido pelo professor Clebinho, seus alunos, ex-alunos e demais interessados no debate de atualidades, hist\u00f3ria, geografia, geopolitica e meio ambiente\",\"potentialAction\":[{\"@type\":\"SearchAction\",\"target\":{\"@type\":\"EntryPoint\",\"urlTemplate\":\"https:\/\/www.clebinho.pro.br\/wp\/?s={search_term_string}\"},\"query-input\":\"required name=search_term_string\"}],\"inLanguage\":\"pt-BR\"},{\"@type\":\"Person\",\"@id\":\"https:\/\/www.clebinho.pro.br\/wp\/#\/schema\/person\/73417286de03a1ad762ac7d8ca8c6b77\",\"name\":\"Professor Clebinho\",\"image\":{\"@type\":\"ImageObject\",\"inLanguage\":\"pt-BR\",\"@id\":\"https:\/\/www.clebinho.pro.br\/wp\/#\/schema\/person\/image\/\",\"url\":\"https:\/\/secure.gravatar.com\/avatar\/bb922115afcbfb086f9c52d1dd4a20fa?s=96&d=mm&r=g\",\"contentUrl\":\"https:\/\/secure.gravatar.com\/avatar\/bb922115afcbfb086f9c52d1dd4a20fa?s=96&d=mm&r=g\",\"caption\":\"Professor Clebinho\"},\"sameAs\":[\"https:\/\/www.clebinho.pro.br\/wp\"],\"url\":\"https:\/\/www.clebinho.pro.br\/wp\/?author=2\"}]}<\/script>\n<!-- \/ Yoast SEO plugin. -->","yoast_head_json":{"title":"231. Sabinada e Balaiada - Blog do Professor Clebinho","robots":{"index":"index","follow":"follow","max-snippet":"max-snippet:-1","max-image-preview":"max-image-preview:large","max-video-preview":"max-video-preview:-1"},"canonical":"https:\/\/www.clebinho.pro.br\/wp\/?p=15454","og_locale":"pt_BR","og_type":"article","og_title":"231. Sabinada e Balaiada - Blog do Professor Clebinho","og_description":"O texto de hoje finaliza, enfim, o mais\u00a0 tumultuado per\u00edodo vivido no Brasil, a Reg\u00eancia. Ap\u00f3s in\u00fameras revoltas, algumas ainda em andamento, eclodem mais problemas no Brasil. Sabinada (Nov\/1837- Mar\/1838) Assim como no sul do Brasil, a elite baiana estava insatisfeita com os rumos da reg\u00eancia imperial. Eram favor\u00e1veis ao federalismo republicano, e desejavam maior [&hellip;]","og_url":"https:\/\/www.clebinho.pro.br\/wp\/?p=15454","og_site_name":"Blog do Professor Clebinho","article_published_time":"2019-04-10T12:38:12+00:00","article_modified_time":"2025-01-22T20:32:02+00:00","og_image":[{"width":1000,"height":662,"url":"https:\/\/clebinho.pro.br\/wp\/wp-content\/uploads\/2019\/04\/aaa2.jpg","type":"image\/jpeg"}],"author":"Professor Clebinho","twitter_card":"summary_large_image","twitter_misc":{"Escrito por":"Professor Clebinho","Est. tempo de leitura":"8 minutos"},"schema":{"@context":"https:\/\/schema.org","@graph":[{"@type":"WebPage","@id":"https:\/\/www.clebinho.pro.br\/wp\/?p=15454","url":"https:\/\/www.clebinho.pro.br\/wp\/?p=15454","name":"231. Sabinada e Balaiada - Blog do Professor Clebinho","isPartOf":{"@id":"https:\/\/www.clebinho.pro.br\/wp\/#website"},"datePublished":"2019-04-10T12:38:12+00:00","dateModified":"2025-01-22T20:32:02+00:00","author":{"@id":"https:\/\/www.clebinho.pro.br\/wp\/#\/schema\/person\/73417286de03a1ad762ac7d8ca8c6b77"},"breadcrumb":{"@id":"https:\/\/www.clebinho.pro.br\/wp\/?p=15454#breadcrumb"},"inLanguage":"pt-BR","potentialAction":[{"@type":"ReadAction","target":["https:\/\/www.clebinho.pro.br\/wp\/?p=15454"]}]},{"@type":"BreadcrumbList","@id":"https:\/\/www.clebinho.pro.br\/wp\/?p=15454#breadcrumb","itemListElement":[{"@type":"ListItem","position":1,"name":"In\u00edcio","item":"https:\/\/www.clebinho.pro.br\/wp"},{"@type":"ListItem","position":2,"name":"231. Sabinada e Balaiada"}]},{"@type":"WebSite","@id":"https:\/\/www.clebinho.pro.br\/wp\/#website","url":"https:\/\/www.clebinho.pro.br\/wp\/","name":"Blog do Professor Clebinho","description":"Um espa\u00e7o virtual privilegiado oferecido pelo professor Clebinho, seus alunos, ex-alunos e demais interessados no debate de atualidades, hist\u00f3ria, geografia, geopolitica e meio ambiente","potentialAction":[{"@type":"SearchAction","target":{"@type":"EntryPoint","urlTemplate":"https:\/\/www.clebinho.pro.br\/wp\/?s={search_term_string}"},"query-input":"required name=search_term_string"}],"inLanguage":"pt-BR"},{"@type":"Person","@id":"https:\/\/www.clebinho.pro.br\/wp\/#\/schema\/person\/73417286de03a1ad762ac7d8ca8c6b77","name":"Professor Clebinho","image":{"@type":"ImageObject","inLanguage":"pt-BR","@id":"https:\/\/www.clebinho.pro.br\/wp\/#\/schema\/person\/image\/","url":"https:\/\/secure.gravatar.com\/avatar\/bb922115afcbfb086f9c52d1dd4a20fa?s=96&d=mm&r=g","contentUrl":"https:\/\/secure.gravatar.com\/avatar\/bb922115afcbfb086f9c52d1dd4a20fa?s=96&d=mm&r=g","caption":"Professor Clebinho"},"sameAs":["https:\/\/www.clebinho.pro.br\/wp"],"url":"https:\/\/www.clebinho.pro.br\/wp\/?author=2"}]}},"_links":{"self":[{"href":"https:\/\/www.clebinho.pro.br\/wp\/index.php?rest_route=\/wp\/v2\/posts\/15454"}],"collection":[{"href":"https:\/\/www.clebinho.pro.br\/wp\/index.php?rest_route=\/wp\/v2\/posts"}],"about":[{"href":"https:\/\/www.clebinho.pro.br\/wp\/index.php?rest_route=\/wp\/v2\/types\/post"}],"author":[{"embeddable":true,"href":"https:\/\/www.clebinho.pro.br\/wp\/index.php?rest_route=\/wp\/v2\/users\/2"}],"replies":[{"embeddable":true,"href":"https:\/\/www.clebinho.pro.br\/wp\/index.php?rest_route=%2Fwp%2Fv2%2Fcomments&post=15454"}],"version-history":[{"count":4,"href":"https:\/\/www.clebinho.pro.br\/wp\/index.php?rest_route=\/wp\/v2\/posts\/15454\/revisions"}],"predecessor-version":[{"id":18294,"href":"https:\/\/www.clebinho.pro.br\/wp\/index.php?rest_route=\/wp\/v2\/posts\/15454\/revisions\/18294"}],"wp:featuredmedia":[{"embeddable":true,"href":"https:\/\/www.clebinho.pro.br\/wp\/index.php?rest_route=\/wp\/v2\/media\/15436"}],"wp:attachment":[{"href":"https:\/\/www.clebinho.pro.br\/wp\/index.php?rest_route=%2Fwp%2Fv2%2Fmedia&parent=15454"}],"wp:term":[{"taxonomy":"category","embeddable":true,"href":"https:\/\/www.clebinho.pro.br\/wp\/index.php?rest_route=%2Fwp%2Fv2%2Fcategories&post=15454"},{"taxonomy":"post_tag","embeddable":true,"href":"https:\/\/www.clebinho.pro.br\/wp\/index.php?rest_route=%2Fwp%2Fv2%2Ftags&post=15454"}],"curies":[{"name":"wp","href":"https:\/\/api.w.org\/{rel}","templated":true}]}}