{"id":15542,"date":"2016-03-23T09:48:27","date_gmt":"2016-03-23T11:48:27","guid":{"rendered":"http:\/\/www.clebinho.pro.br\/?p=15542"},"modified":"2021-04-10T10:22:05","modified_gmt":"2021-04-10T12:22:05","slug":"109-2o-guerra-ascensao-nazista","status":"publish","type":"post","link":"https:\/\/www.clebinho.pro.br\/wp\/?p=15542","title":{"rendered":"109. 2\u00ba Guerra &#8211; Ascens\u00e3o Nazista"},"content":{"rendered":"<p style=\"text-align: justify;\">Muitos especialistas afirmam que n\u00e3o existiram duas grandes guerras mundiais. O que ocorreu foi um\u00a0imenso\u00a0conflito dividido em duas partes. Os motivos dessa tese \u00e9 o fato da 2\u00ba Guerra Mundial ter sido provocada, principalmente, pelo tratado que finalizou a 1\u00ba Guerra, assinado em Versalhes,\u00a0<a href=\"https:\/\/www.clebinho.pro.br\/wp\/wp\/?p=4500\" target=\"_blank\" rel=\"noopener noreferrer\">tema de nosso \u00faltimo texto.<\/a><\/p>\n<p style=\"text-align: justify;\">Damos in\u00edcio agora a uma s\u00e9rie de 5 textos sobre a 2\u00ba Grande Guerra Mundial:<\/p>\n<p style=\"text-align: justify;\"><strong>Desastre Alem\u00e3o<\/strong><\/p>\n<p style=\"text-align: justify;\">Tendo perdido territ\u00f3rios, regi\u00f5es com grandes recursos, com a ind\u00fastria proibida de fabricar armas, ex\u00e9rcito controlado e pagando enormes d\u00edvidas, a Alemanha agonizava. Cerca de 7 milh\u00f5es de alem\u00e3es haviam mudado de cidadania, tendo suas regi\u00f5es (13% da Alemanha) incorporadas por outras na\u00e7\u00f5es.<\/p>\n<p style=\"text-align: justify;\">A infla\u00e7\u00e3o deteriorava o valor do marco alem\u00e3o.\u00a0Entre janeiro e novembro de 1923 o valor do d\u00f3lar passou de 18 mil para 4 bilh\u00f5es de marcos. Impressionante!<\/p>\n<p style=\"text-align: justify;\"><a href=\"https:\/\/clebinho.pro.br\/wp\/wp-content\/uploads\/2016\/03\/INFLA%C3%87%C3%83OWEIMAR02.jpg\"><img loading=\"lazy\" decoding=\"async\" class=\"size-medium wp-image-4712 aligncenter\" src=\"https:\/\/clebinho.pro.br\/wp\/wp-content\/uploads\/2016\/03\/INFLA%C3%87%C3%83OWEIMAR02-300x153.jpg\" sizes=\"(max-width: 300px) 100vw, 300px\" srcset=\"https:\/\/clebinho.pro.br\/wp\/wp-content\/uploads\/2016\/03\/INFLA\u00c7\u00c3OWEIMAR02-300x153.jpg 300w, https:\/\/clebinho.pro.br\/wp\/wp-content\/uploads\/2016\/03\/INFLA\u00c7\u00c3OWEIMAR02.jpg 948w\" alt=\"INFLA\u00c7\u00c3OWEIMAR02\" width=\"300\" height=\"153\" \/><\/a><\/p>\n<p style=\"text-align: justify;\">Em 1931 quase 30 mil empresas alem\u00e3s j\u00e1 haviam falido e o desemprego chegava a marca de 4 milh\u00f5es de alem\u00e3es.<\/p>\n<p style=\"text-align: justify;\">Em\u00a0meio a este pa\u00eds em crise, emerge um movimento radical e ambicioso, ofertando alguma esperan\u00e7a ao povo.<\/p>\n<p style=\"text-align: justify;\"><strong>Adolf Hitler<\/strong><\/p>\n<div id=\"attachment_4859\" style=\"width: 210px\" class=\"wp-caption aligncenter\"><a href=\"https:\/\/clebinho.pro.br\/wp\/wp-content\/uploads\/2016\/03\/ng1830365.jpg\"><img loading=\"lazy\" decoding=\"async\" aria-describedby=\"caption-attachment-4859\" class=\"wp-image-4859 size-medium\" src=\"https:\/\/clebinho.pro.br\/wp\/wp-content\/uploads\/2016\/03\/ng1830365-200x300.jpg\" alt=\"\" width=\"200\" height=\"300\" srcset=\"https:\/\/www.clebinho.pro.br\/wp\/wp-content\/uploads\/2016\/03\/ng1830365-200x300.jpg 200w, https:\/\/www.clebinho.pro.br\/wp\/wp-content\/uploads\/2016\/03\/ng1830365.jpg 300w\" sizes=\"(max-width: 200px) 100vw, 200px\" \/><\/a><p id=\"caption-attachment-4859\" class=\"wp-caption-text\">O jovem Hitler nasceu na \u00c1ustria e tinha como meta ser um grande pintor. Tentou entrar na Academia de Artes de Viena, onde foi recusado por n\u00e3o ser apto o bastante.\u00a0Imagem: Internet.<\/p><\/div>\n<p>.<\/p>\n<p style=\"text-align: justify;\">Para analisarmos os dotes art\u00edsticos de Hitler, o site Ecos da 2\u00ba Guerra nos mostra alguns quadros pintados por ele,\u00a0<a href=\"http:\/\/segundaguerra.net\/adolf-hitler-um-artista-frustrado-pelas-ruas-de-viena\/\" target=\"_blank\" rel=\"noopener noreferrer\">confiram.<\/a><\/p>\n<p style=\"text-align: justify;\">Com a morte dos pais, sua situa\u00e7\u00e3o econ\u00f4mica se complicou, at\u00e9 que, durante a 1\u00ba Guerra Mundial, foi incorporado ao ex\u00e9rcito alem\u00e3o. Lembramos que \u00c1ustria e Alemanha s\u00e3o na\u00e7\u00f5es\u00a0de maioria germ\u00e2nica\u00a0 e Hitler sempre defendeu a unifica\u00e7\u00e3o entre os dois pa\u00edses.<\/p>\n<p style=\"text-align: justify;\">Durante o conflito, Adolf era cabo e tinha uma das miss\u00f5es mais perigosas do ex\u00e9rcito, mensageiro. Essa era uma das poucas fun\u00e7\u00f5es militares que n\u00e3o podiam ficar nas trincheiras, tendo que carregar mensagens em todo o front.<\/p>\n<p style=\"text-align: justify;\">Foi ferido duas vezes, uma quase mortalmente por g\u00e1s. \u00a0Esse ataque o deixou cego por meses e, ap\u00f3s o epis\u00f3dio, diminui seu bigode, j\u00e1 que o mesmo, mais vasto, foi um dos respons\u00e1veis pelo n\u00e3o vedamento completo da m\u00e1scara de g\u00e1s, resultando em um intoxicamento quase mortal.<\/p>\n<div id=\"attachment_4932\" style=\"width: 203px\" class=\"wp-caption alignright\"><a href=\"https:\/\/clebinho.pro.br\/wp\/wp-content\/uploads\/2016\/03\/000014e9_medium.jpeg\"><img loading=\"lazy\" decoding=\"async\" aria-describedby=\"caption-attachment-4932\" class=\"wp-image-4932 size-medium\" src=\"https:\/\/clebinho.pro.br\/wp\/wp-content\/uploads\/2016\/03\/000014e9_medium-193x300.jpeg\" alt=\"\" width=\"193\" height=\"300\" srcset=\"https:\/\/www.clebinho.pro.br\/wp\/wp-content\/uploads\/2016\/03\/000014e9_medium-193x300.jpeg 193w, https:\/\/www.clebinho.pro.br\/wp\/wp-content\/uploads\/2016\/03\/000014e9_medium.jpeg 412w\" sizes=\"(max-width: 193px) 100vw, 193px\" \/><\/a><p id=\"caption-attachment-4932\" class=\"wp-caption-text\">Hitler com uniforme de campanha na 1\u00ba Guerra. Ainda com bigode grande. Imagem: Internet<\/p><\/div>\n<p style=\"text-align: justify;\">Condecorado por bravura com a Cruz de ferro, saiu da guerra com profundas cicatrizes psicol\u00f3gicas, que depois usou como combust\u00edvel para destilar todo seu \u00f3dio e vingan\u00e7a.<\/p>\n<p style=\"text-align: justify;\">Por sua vez, fazendo o contradit\u00f3rio, a revista Galileu desmonta o mito da bravura de Hitler. Segundo um historiador, o papel do l\u00edder nazista na 1\u00ba Guerra foi secund\u00e1rio,\u00a0<a href=\"http:\/\/revistagalileu.globo.com\/Revista\/Common\/0,,EMI163878-17770,00-HITLER+ERA+RIDICULARIZADO+POR+OUTROS+SOLDADOS+NA+GUERRA+DIZ+HISTORIADOR.html\" target=\"_blank\" rel=\"noopener noreferrer\">confiram.<\/a><\/p>\n<p style=\"text-align: justify;\"><strong>Nazismo<\/strong><\/p>\n<p style=\"text-align: justify;\">Todo pa\u00eds mergulhado\u00a0em um momento de crise social e econ\u00f4mica, abre espa\u00e7o para o surgimento e prolifera\u00e7\u00e3o de ideologias radicais. O per\u00edodo entre guerras foi pr\u00f3digo em produzir regimes antidemocr\u00e1ticos como afronta ao avan\u00e7o do comunismo. Entre os pa\u00edses europeus que n\u00e3o se encontravam t\u00e3o bem economicamente, isso foi mais forte.<\/p>\n<p style=\"text-align: justify;\">A partir do Fascismo italiano, surgiram v\u00e1rias ideologias similares como o Salazarismo em\u00a0Portugal, o Franquismo na \u00a0Espanha e o terr\u00edvel \u00a0Nazismo alem\u00e3o.<\/p>\n<div id=\"attachment_15543\" style=\"width: 230px\" class=\"wp-caption aligncenter\"><a href=\"https:\/\/clebinho.pro.br\/wp\/wp-content\/uploads\/2019\/05\/tenor.gif\"><img loading=\"lazy\" decoding=\"async\" aria-describedby=\"caption-attachment-15543\" class=\"wp-image-15543 size-full\" src=\"https:\/\/clebinho.pro.br\/wp\/wp-content\/uploads\/2019\/05\/tenor.gif\" alt=\"\" width=\"220\" height=\"165\" \/><\/a><p id=\"caption-attachment-15543\" class=\"wp-caption-text\">Benito Mussolini, italiano l\u00edder do Fascismo, chegou ao poder com uma marcha de 30 mil homens sobre a capital Roma. Sua ideologia inspirou todas as outras desse mesmo espectro de atua\u00e7\u00e3o. Imagem: Internet.<\/p><\/div>\n<div id=\"attachment_4718\" class=\"wp-caption aligncenter\" style=\"text-align: justify;\">\n<p class=\"wp-caption-text\"><span style=\"font-size: 1.4rem;\">.<\/span><\/p>\n<\/div>\n<p style=\"text-align: justify;\">O nome Nazismo deriva de uma abrevia\u00e7\u00e3o\u00a0de\u00a0Partido Nacional Socialista dos Trabalhadores Alem\u00e3es. Obviamente esse socialismo no nome nada tem a ver com o comunismo.<\/p>\n<div id=\"attachment_4734\" style=\"width: 175px\" class=\"wp-caption aligncenter\"><a href=\"https:\/\/clebinho.pro.br\/wp\/wp-content\/uploads\/2016\/03\/165px-NSDAP-Logo.svg_.png\"><img loading=\"lazy\" decoding=\"async\" aria-describedby=\"caption-attachment-4734\" class=\"wp-image-4734 size-full\" src=\"https:\/\/clebinho.pro.br\/wp\/wp-content\/uploads\/2016\/03\/165px-NSDAP-Logo.svg_.png\" alt=\"\" width=\"165\" height=\"165\" srcset=\"https:\/\/www.clebinho.pro.br\/wp\/wp-content\/uploads\/2016\/03\/165px-NSDAP-Logo.svg_.png 165w, https:\/\/www.clebinho.pro.br\/wp\/wp-content\/uploads\/2016\/03\/165px-NSDAP-Logo.svg_-150x150.png 150w, https:\/\/www.clebinho.pro.br\/wp\/wp-content\/uploads\/2016\/03\/165px-NSDAP-Logo.svg_-60x60.png 60w\" sizes=\"(max-width: 165px) 100vw, 165px\" \/><\/a><p id=\"caption-attachment-4734\" class=\"wp-caption-text\">S\u00edmbolo do partido Nazista. Imagem: Internet.<\/p><\/div>\n<p style=\"text-align: justify;\">.<\/p>\n<p style=\"text-align: justify;\">O partido foi fundado em\u00a0\u00a05 de janeiro de 1919, na Baviera. Adolf Hitler se associou em setembro. Sendo her\u00f3i de guerra e grande orador, rapidamente se tornou o porta voz da ideologia. Muitos acreditam que Hitler criou os pilares do nazismo, mas n\u00e3o \u00e9 verdade. O alicerce foi constru\u00eddo por\u00a0Dietrich Eckart,\u00a0\u00a0um profundo\u00a0anti-semita e mentor do Fuhler.\u00a0Foi, tamb\u00e9m, o primeiro a usar o termo Terceiro Reich.<\/p>\n<div id=\"attachment_4722\" style=\"width: 204px\" class=\"wp-caption aligncenter\"><a href=\"https:\/\/clebinho.pro.br\/wp\/wp-content\/uploads\/2016\/03\/95005813.jpg\"><img loading=\"lazy\" decoding=\"async\" aria-describedby=\"caption-attachment-4722\" class=\"wp-image-4722 size-medium\" src=\"https:\/\/clebinho.pro.br\/wp\/wp-content\/uploads\/2016\/03\/95005813-194x300.jpg\" alt=\"\" width=\"194\" height=\"300\" srcset=\"https:\/\/www.clebinho.pro.br\/wp\/wp-content\/uploads\/2016\/03\/95005813-194x300.jpg 194w, https:\/\/www.clebinho.pro.br\/wp\/wp-content\/uploads\/2016\/03\/95005813-663x1024.jpg 663w, https:\/\/www.clebinho.pro.br\/wp\/wp-content\/uploads\/2016\/03\/95005813.jpg 1024w\" sizes=\"(max-width: 194px) 100vw, 194px\" \/><\/a><p id=\"caption-attachment-4722\" class=\"wp-caption-text\">Hitler em 1923, in\u00edcio do nazismo. Imagem: Internet.<\/p><\/div>\n<div id=\"attachment_4722\" class=\"wp-caption aligncenter\" style=\"text-align: justify;\">\n<p class=\"wp-caption-text\"><span style=\"font-size: 1.4rem;\">.<\/span><\/p>\n<\/div>\n<p style=\"text-align: justify;\">O programa pol\u00edtico do partido era centrado no\u00a0antissemitismo (\u00f3dio aos judeus), extremo nacionalismo (explorando o sentimento de vingan\u00e7a contra as pot\u00eancias vencedoras da 1\u00ba Guerra) e cr\u00edticas ao capitalismo internacional.<\/p>\n<p style=\"text-align: justify;\"><strong>\u00d3dio aos Judeus\u00a0<\/strong><\/p>\n<p style=\"text-align: justify;\">Primeiramente, \u00e9\u00a0necess\u00e1rio entender que judeus, biologicamente, n\u00e3o formam uma ra\u00e7a. Ra\u00e7a \u00e9 um conceito ideol\u00f3gico e n\u00e3o biol\u00f3gico. N\u00e3o existem ra\u00e7as entre os seres humanos, sendo os judeus ent\u00e3o cidad\u00e3os comuns, por\u00e9m, com uma religi\u00e3o diferente em rela\u00e7\u00e3o a maioria dos alem\u00e3es daquela\u00a0\u00e9poca.<\/p>\n<p style=\"text-align: justify;\">Os judeus s\u00e3o um grupo\u00a0de indiv\u00edduos que se identificam pela religi\u00e3o e cultura.<\/p>\n<p style=\"text-align: justify;\">N\u00e3o existe uma explica\u00e7\u00e3o convincente e definitiva para o \u00f3dio dos\u00a0nazistas em rela\u00e7\u00e3o aos judeus. Por\u00e9m, algumas hip\u00f3teses\u00a0podem ser levantadas.<\/p>\n<p style=\"text-align: justify;\">Psicologicamente, a melhor forma de se unir um grupo ou uma na\u00e7\u00e3o \u00e9 criando um inimigo em comum. Os judeus da Alemanha\u00a0se tornaram o alvo principal.\u00a0N\u00e3o eram cat\u00f3licos, possu\u00edam um calend\u00e1rio pr\u00f3prio\u00a0e n\u00e3o comiam as mesmas comidas dos alem\u00e3es. Tudo isso \u00e9 normal, em se tratando de uma religi\u00e3o diferente, mas para os nazistas foi a desculpa para levantar sobre eles todo tipo de acusa\u00e7\u00f5es.<\/p>\n<div id=\"attachment_4832\" style=\"width: 310px\" class=\"wp-caption aligncenter\"><a href=\"https:\/\/clebinho.pro.br\/wp\/wp-content\/uploads\/2016\/03\/Somal12.png\"><img loading=\"lazy\" decoding=\"async\" aria-describedby=\"caption-attachment-4832\" class=\"wp-image-4832 size-medium\" src=\"https:\/\/clebinho.pro.br\/wp\/wp-content\/uploads\/2016\/03\/Somal12-300x220.png\" alt=\"\" width=\"300\" height=\"220\" srcset=\"https:\/\/www.clebinho.pro.br\/wp\/wp-content\/uploads\/2016\/03\/Somal12-300x220.png 300w, https:\/\/www.clebinho.pro.br\/wp\/wp-content\/uploads\/2016\/03\/Somal12-1024x752.png 1024w\" sizes=\"(max-width: 300px) 100vw, 300px\" \/><\/a><p id=\"caption-attachment-4832\" class=\"wp-caption-text\">Ao longo da 2\u00ba Guerra 6 milh\u00f5es de judeus, entre eles mulheres, crian\u00e7as, todos civis, foram exterminados. O epis\u00f3dio ficou conhecido como Holocausto e ser\u00e1 tema em nosso blog no futuro. Imagem: Internet.<\/p><\/div>\n<div id=\"attachment_4832\" class=\"wp-caption aligncenter\" style=\"text-align: justify;\">\n<p class=\"wp-caption-text\">\n<\/div>\n<p style=\"text-align: justify;\">.<\/p>\n<p style=\"text-align: justify;\">Uma das fal\u00e1cias de Hitler era culpar os judeus\u00a0pela derrota na 1\u00ba Guerra Mundial. Dizia que eram espi\u00f5es e pessoas ligadas aos interesses franceses e ingleses.<\/p>\n<p style=\"text-align: justify;\">Al\u00e9m do aspecto cultural, existe tamb\u00e9m a quest\u00e3o econ\u00f4mica. Como cidad\u00e3os normais, existiam judeus de todas as classes sociais, entretanto,\u00a0os mais abastados, despertavam o interesse nazista. \u00a0Ao prender um judeu, todo seu patrim\u00f4nio era incorporado ao governo alem\u00e3o.<\/p>\n<div id=\"attachment_15544\" style=\"width: 230px\" class=\"wp-caption aligncenter\"><a href=\"https:\/\/clebinho.pro.br\/wp\/wp-content\/uploads\/2019\/05\/tenor-1.gif\"><img loading=\"lazy\" decoding=\"async\" aria-describedby=\"caption-attachment-15544\" class=\"wp-image-15544 size-full\" src=\"https:\/\/clebinho.pro.br\/wp\/wp-content\/uploads\/2019\/05\/tenor-1.gif\" alt=\"\" width=\"220\" height=\"204\" \/><\/a><p id=\"caption-attachment-15544\" class=\"wp-caption-text\">Hitler em 1930 disseminando o \u00f3dio aos judeus em um com\u00edcio. Imagem: Internet.<\/p><\/div>\n<div id=\"attachment_4730\" class=\"wp-caption aligncenter\" style=\"text-align: justify;\">\n<p class=\"wp-caption-text\"><span style=\"font-size: 1.4rem;\">.<\/span><\/p>\n<\/div>\n<p style=\"text-align: justify;\">A editora Abril fez uma an\u00e1lise mais profunda sobre a pol\u00eamica, observando aspectos da Idade M\u00e9dia, assim como a participa\u00e7\u00e3o da Igreja Cat\u00f3lica na dissemina\u00e7\u00e3o do antissemitismo,\u00a0<a href=\"http:\/\/guiadoestudante.abril.com.br\/aventuras-historia\/hitler-odiava-judeus-433980.shtml\" target=\"_blank\" rel=\"noopener noreferrer\">confiram.\u00a0<\/a><\/p>\n<p style=\"text-align: justify;\">Existem \u00a0tamb\u00e9m uma s\u00e9rie de especula\u00e7\u00f5es sobre a inf\u00e2ncia de Hitler e seu contato com a comunidade judaica, mas nada disso pode ser confirmado de forma hist\u00f3rica.<\/p>\n<p id=\"firstHeading\" class=\"firstHeading\" lang=\"pt\" style=\"text-align: justify;\"><b>Putsch da Cervejaria e Mein Kampf<\/b><\/p>\n<p class=\"firstHeading\" lang=\"pt\" style=\"text-align: justify;\">Em 1923, por graves problemas econ\u00f4micos, a Alemanha parou de pagar das d\u00edvidas acordadas no Tratado de Versalhes. O pa\u00eds ent\u00e3o foi invadido pela Fran\u00e7a e B\u00e9lgica, que ocuparam regi\u00f5es em repres\u00e1lia ao n\u00e3o pagamento. Os nazistas, sentindo-se humilhados, tentaram um levante para chegar ao poder na Baviera (Bav\u00e1ria).<\/p>\n<p class=\"firstHeading\" lang=\"pt\" style=\"text-align: justify;\">A express\u00e3o \u201cPutsch\u201d significa golpe em alem\u00e3o, e \u201cCervejaria\u201d era o local onde os nazistas se reuniam para discutir e planejar a\u00e7\u00f5es. Seria o primeiro passo para a tomada do poder de toda a Rep\u00fablica de Weimar.<\/p>\n<p class=\"firstHeading\" lang=\"pt\" style=\"text-align: justify;\">A pol\u00edcia local controlou a insurg\u00eancia, v\u00e1rios nazistas foram mortos, fugiram, ou como Hitler, presos. Saiba mais sobre este golpe no\u00a0<a href=\"https:\/\/pt.wikipedia.org\/wiki\/Putsch_da_Cervejaria\" target=\"_blank\" rel=\"noopener noreferrer\">site Wikipedia.<\/a><\/p>\n<div id=\"attachment_4725\" class=\"wp-caption aligncenter\" style=\"text-align: justify;\"><\/div>\n<div id=\"attachment_4725\" style=\"width: 310px\" class=\"wp-caption aligncenter\"><a href=\"https:\/\/clebinho.pro.br\/wp\/wp-content\/uploads\/2016\/03\/Bundesarchiv_Bild_119-1486_Hitler-Putsch_M\u00fcnchen_Marienplatz.jpg\"><img loading=\"lazy\" decoding=\"async\" aria-describedby=\"caption-attachment-4725\" class=\"wp-image-4725 size-medium\" src=\"https:\/\/clebinho.pro.br\/wp\/wp-content\/uploads\/2016\/03\/Bundesarchiv_Bild_119-1486_Hitler-Putsch_M\u00fcnchen_Marienplatz-300x182.jpg\" alt=\"\" width=\"300\" height=\"182\" srcset=\"https:\/\/www.clebinho.pro.br\/wp\/wp-content\/uploads\/2016\/03\/Bundesarchiv_Bild_119-1486_Hitler-Putsch_M\u00fcnchen_Marienplatz-300x182.jpg 300w, https:\/\/www.clebinho.pro.br\/wp\/wp-content\/uploads\/2016\/03\/Bundesarchiv_Bild_119-1486_Hitler-Putsch_M\u00fcnchen_Marienplatz.jpg 800w\" sizes=\"(max-width: 300px) 100vw, 300px\" \/><\/a><p id=\"caption-attachment-4725\" class=\"wp-caption-text\">For\u00e7as nazistas na Pra\u00e7a Central de Marienplatz durante a revolta de Munique, em 1923. Imagem: Internet.<\/p><\/div>\n<p style=\"text-align: justify;\">.<\/p>\n<p class=\"firstHeading\" lang=\"pt\" style=\"text-align: justify;\">Por ironia do destino, a pris\u00e3o fez bem a Hitler, levando-se em considera\u00e7\u00e3o que, durante os\u00a09 meses que ficou preso, escreveu uma auto biografia, onde expunha todas as suas ideias. O livro se tornou best-seller na Alemanha, sendo considerado uma das principais armas de propaganda do nazismo.<\/p>\n<p class=\"firstHeading\" lang=\"pt\" style=\"text-align: justify;\"><a href=\"https:\/\/clebinho.pro.br\/wp\/wp-content\/uploads\/2016\/03\/Mein_Kampf.png\"><img loading=\"lazy\" decoding=\"async\" class=\"size-medium wp-image-4732 alignleft\" src=\"https:\/\/clebinho.pro.br\/wp\/wp-content\/uploads\/2016\/03\/Mein_Kampf-194x300.png\" alt=\"\" width=\"194\" height=\"300\" srcset=\"https:\/\/www.clebinho.pro.br\/wp\/wp-content\/uploads\/2016\/03\/Mein_Kampf-194x300.png 194w, https:\/\/www.clebinho.pro.br\/wp\/wp-content\/uploads\/2016\/03\/Mein_Kampf.png 226w\" sizes=\"(max-width: 194px) 100vw, 194px\" \/><\/a>A b\u00edblia nazista, como o livro era\u00a0conhecido, reunia argumentos e teorias que foram disseminadas pela Europa. O foco era o \u00f3dio ao Tratado de Versalhes, judeus, a supremacia ariana e o nacionalismo germ\u00e2nico. Rudolf\u00a0Hess, seu bra\u00e7o direito, foi coautor da obra, mas deixou toda gl\u00f3ria para seu \u00eddolo m\u00e1ximo<\/p>\n<p class=\"firstHeading\" lang=\"pt\" style=\"text-align: justify;\">O sucesso n\u00e3o foi instant\u00e2neo. Em 1925, ano de seu lan\u00e7amento, o livro s\u00f3 vendeu 9.473 exemplares. Em 1931 foram vendidos 50 mil. No ano em que Hitler chegou ao poder as vendas alcan\u00e7aram 1 milh\u00e3o e em 1940, auge do Nazismo na Alemanha, 6 milh\u00f5es.<\/p>\n<p class=\"firstHeading\" lang=\"pt\" style=\"text-align: justify;\"><strong>Pol\u00eamica:\u00a0<\/strong>Em 2016, Mein Kampf caiu em dom\u00ednio p\u00fablico e pode ser publicado por qualquer editora,\u00a0<a href=\"http:\/\/noticias.terra.com.br\/edicao-comentada-de-minha-luta-gera-polemica-antes-mesmo-de-chegar-as-livrarias,9a895ffcdc4438261eae12dc8a295238bkr381i2.html\" target=\"_blank\" rel=\"noopener noreferrer\">confiram no site Terra.\u00a0\u00a0<\/a>O TJ do RJ, por exemplo, proibiu a comercializa\u00e7\u00e3o do livro,\u00a0<a href=\"http:\/\/g1.globo.com\/rio-de-janeiro\/noticia\/2016\/02\/tj-rj-proibe-venda-e-divulgacao-de-mein-kampf-autobiografia-de-hitler.html\" target=\"_blank\" rel=\"noopener noreferrer\">confiram no site G1.<\/a><\/p>\n<p class=\"firstHeading\" lang=\"pt\" style=\"text-align: justify;\"><strong>Pr\u00f3ximo texto<\/strong><\/p>\n<p class=\"firstHeading\" lang=\"pt\" style=\"text-align: justify;\">Em nosso\u00a0<a href=\"https:\/\/www.clebinho.pro.br\/wp\/wp\/?p=4504\" target=\"_blank\" rel=\"noopener noreferrer\">pr\u00f3ximo post<\/a>\u00a0veremos a chegada nazistas ao poder e suas terr\u00edveis consequ\u00eancias. Imperd\u00edvel!<\/p>\n<p style=\"text-align: justify;\"><strong>Espero ter aumentado seu conhecimento. \u00a0Curta nossa p\u00e1gina<a href=\"https:\/\/www.facebook.com\/pages\/Clebinho\/1551769148421187?ref=settings\" target=\"_blank\" rel=\"noopener noreferrer\">\u00a0no Facebook\u00a0<\/a>e compartilhe nosso texto! Abra\u00e7o do Clebinho!<\/strong><\/p>\n<p style=\"text-align: justify;\">Publicado em 23.03.2016<\/p>\n","protected":false},"excerpt":{"rendered":"<p>Muitos especialistas afirmam que n\u00e3o existiram duas grandes guerras mundiais. O que ocorreu foi um\u00a0imenso\u00a0conflito dividido em duas partes. Os motivos dessa tese \u00e9 o fato da 2\u00ba Guerra Mundial ter sido provocada, principalmente, pelo tratado que finalizou a 1\u00ba Guerra, assinado em Versalhes,\u00a0tema de nosso \u00faltimo texto. Damos in\u00edcio agora a uma s\u00e9rie de [&hellip;]<\/p>\n","protected":false},"author":2,"featured_media":15544,"comment_status":"open","ping_status":"open","sticky":false,"template":"","format":"standard","meta":{"footnotes":""},"categories":[71,1,5,3,140],"tags":[779,770,698,606,1039,1043,1027,505,773,1040,1041,349,1044,339,1042,1038],"yoast_head":"<!-- This site is optimized with the Yoast SEO plugin v20.3 - https:\/\/yoast.com\/wordpress\/plugins\/seo\/ -->\n<title>109. 2\u00ba Guerra - Ascens\u00e3o Nazista - Blog do Professor Clebinho<\/title>\n<meta name=\"robots\" content=\"index, follow, max-snippet:-1, max-image-preview:large, max-video-preview:-1\" \/>\n<link rel=\"canonical\" href=\"https:\/\/www.clebinho.pro.br\/wp\/?p=15542\" \/>\n<meta property=\"og:locale\" content=\"pt_BR\" \/>\n<meta property=\"og:type\" content=\"article\" \/>\n<meta property=\"og:title\" content=\"109. 2\u00ba Guerra - Ascens\u00e3o Nazista - Blog do Professor Clebinho\" \/>\n<meta property=\"og:description\" content=\"Muitos especialistas afirmam que n\u00e3o existiram duas grandes guerras mundiais. O que ocorreu foi um\u00a0imenso\u00a0conflito dividido em duas partes. Os motivos dessa tese \u00e9 o fato da 2\u00ba Guerra Mundial ter sido provocada, principalmente, pelo tratado que finalizou a 1\u00ba Guerra, assinado em Versalhes,\u00a0tema de nosso \u00faltimo texto. Damos in\u00edcio agora a uma s\u00e9rie de [&hellip;]\" \/>\n<meta property=\"og:url\" content=\"https:\/\/www.clebinho.pro.br\/wp\/?p=15542\" \/>\n<meta property=\"og:site_name\" content=\"Blog do Professor Clebinho\" \/>\n<meta property=\"article:published_time\" content=\"2016-03-23T11:48:27+00:00\" \/>\n<meta property=\"article:modified_time\" content=\"2021-04-10T12:22:05+00:00\" \/>\n<meta property=\"og:image\" content=\"https:\/\/clebinho.pro.br\/wp\/wp-content\/uploads\/2019\/05\/tenor-1.gif\" \/>\n\t<meta property=\"og:image:width\" content=\"220\" \/>\n\t<meta property=\"og:image:height\" content=\"204\" \/>\n\t<meta property=\"og:image:type\" content=\"image\/gif\" \/>\n<meta name=\"author\" content=\"Professor Clebinho\" \/>\n<meta name=\"twitter:card\" content=\"summary_large_image\" \/>\n<meta name=\"twitter:label1\" content=\"Escrito por\" \/>\n\t<meta name=\"twitter:data1\" content=\"Professor Clebinho\" \/>\n\t<meta name=\"twitter:label2\" content=\"Est. tempo de leitura\" \/>\n\t<meta name=\"twitter:data2\" content=\"8 minutos\" \/>\n<script type=\"application\/ld+json\" class=\"yoast-schema-graph\">{\"@context\":\"https:\/\/schema.org\",\"@graph\":[{\"@type\":\"WebPage\",\"@id\":\"https:\/\/www.clebinho.pro.br\/wp\/?p=15542\",\"url\":\"https:\/\/www.clebinho.pro.br\/wp\/?p=15542\",\"name\":\"109. 2\u00ba Guerra - Ascens\u00e3o Nazista - Blog do Professor Clebinho\",\"isPartOf\":{\"@id\":\"https:\/\/www.clebinho.pro.br\/wp\/#website\"},\"datePublished\":\"2016-03-23T11:48:27+00:00\",\"dateModified\":\"2021-04-10T12:22:05+00:00\",\"author\":{\"@id\":\"https:\/\/www.clebinho.pro.br\/wp\/#\/schema\/person\/73417286de03a1ad762ac7d8ca8c6b77\"},\"breadcrumb\":{\"@id\":\"https:\/\/www.clebinho.pro.br\/wp\/?p=15542#breadcrumb\"},\"inLanguage\":\"pt-BR\",\"potentialAction\":[{\"@type\":\"ReadAction\",\"target\":[\"https:\/\/www.clebinho.pro.br\/wp\/?p=15542\"]}]},{\"@type\":\"BreadcrumbList\",\"@id\":\"https:\/\/www.clebinho.pro.br\/wp\/?p=15542#breadcrumb\",\"itemListElement\":[{\"@type\":\"ListItem\",\"position\":1,\"name\":\"In\u00edcio\",\"item\":\"https:\/\/www.clebinho.pro.br\/wp\"},{\"@type\":\"ListItem\",\"position\":2,\"name\":\"109. 2\u00ba Guerra &#8211; Ascens\u00e3o Nazista\"}]},{\"@type\":\"WebSite\",\"@id\":\"https:\/\/www.clebinho.pro.br\/wp\/#website\",\"url\":\"https:\/\/www.clebinho.pro.br\/wp\/\",\"name\":\"Blog do Professor Clebinho\",\"description\":\"Um espa\u00e7o virtual privilegiado oferecido pelo professor Clebinho, seus alunos, ex-alunos e demais interessados no debate de atualidades, hist\u00f3ria, geografia, geopolitica e meio ambiente\",\"potentialAction\":[{\"@type\":\"SearchAction\",\"target\":{\"@type\":\"EntryPoint\",\"urlTemplate\":\"https:\/\/www.clebinho.pro.br\/wp\/?s={search_term_string}\"},\"query-input\":\"required name=search_term_string\"}],\"inLanguage\":\"pt-BR\"},{\"@type\":\"Person\",\"@id\":\"https:\/\/www.clebinho.pro.br\/wp\/#\/schema\/person\/73417286de03a1ad762ac7d8ca8c6b77\",\"name\":\"Professor Clebinho\",\"image\":{\"@type\":\"ImageObject\",\"inLanguage\":\"pt-BR\",\"@id\":\"https:\/\/www.clebinho.pro.br\/wp\/#\/schema\/person\/image\/\",\"url\":\"https:\/\/secure.gravatar.com\/avatar\/bb922115afcbfb086f9c52d1dd4a20fa?s=96&d=mm&r=g\",\"contentUrl\":\"https:\/\/secure.gravatar.com\/avatar\/bb922115afcbfb086f9c52d1dd4a20fa?s=96&d=mm&r=g\",\"caption\":\"Professor Clebinho\"},\"sameAs\":[\"https:\/\/www.clebinho.pro.br\/wp\"],\"url\":\"https:\/\/www.clebinho.pro.br\/wp\/?author=2\"}]}<\/script>\n<!-- \/ Yoast SEO plugin. -->","yoast_head_json":{"title":"109. 2\u00ba Guerra - Ascens\u00e3o Nazista - Blog do Professor Clebinho","robots":{"index":"index","follow":"follow","max-snippet":"max-snippet:-1","max-image-preview":"max-image-preview:large","max-video-preview":"max-video-preview:-1"},"canonical":"https:\/\/www.clebinho.pro.br\/wp\/?p=15542","og_locale":"pt_BR","og_type":"article","og_title":"109. 2\u00ba Guerra - Ascens\u00e3o Nazista - Blog do Professor Clebinho","og_description":"Muitos especialistas afirmam que n\u00e3o existiram duas grandes guerras mundiais. O que ocorreu foi um\u00a0imenso\u00a0conflito dividido em duas partes. Os motivos dessa tese \u00e9 o fato da 2\u00ba Guerra Mundial ter sido provocada, principalmente, pelo tratado que finalizou a 1\u00ba Guerra, assinado em Versalhes,\u00a0tema de nosso \u00faltimo texto. Damos in\u00edcio agora a uma s\u00e9rie de [&hellip;]","og_url":"https:\/\/www.clebinho.pro.br\/wp\/?p=15542","og_site_name":"Blog do Professor Clebinho","article_published_time":"2016-03-23T11:48:27+00:00","article_modified_time":"2021-04-10T12:22:05+00:00","og_image":[{"width":220,"height":204,"url":"https:\/\/clebinho.pro.br\/wp\/wp-content\/uploads\/2019\/05\/tenor-1.gif","type":"image\/gif"}],"author":"Professor Clebinho","twitter_card":"summary_large_image","twitter_misc":{"Escrito por":"Professor Clebinho","Est. tempo de leitura":"8 minutos"},"schema":{"@context":"https:\/\/schema.org","@graph":[{"@type":"WebPage","@id":"https:\/\/www.clebinho.pro.br\/wp\/?p=15542","url":"https:\/\/www.clebinho.pro.br\/wp\/?p=15542","name":"109. 2\u00ba Guerra - Ascens\u00e3o Nazista - Blog do Professor Clebinho","isPartOf":{"@id":"https:\/\/www.clebinho.pro.br\/wp\/#website"},"datePublished":"2016-03-23T11:48:27+00:00","dateModified":"2021-04-10T12:22:05+00:00","author":{"@id":"https:\/\/www.clebinho.pro.br\/wp\/#\/schema\/person\/73417286de03a1ad762ac7d8ca8c6b77"},"breadcrumb":{"@id":"https:\/\/www.clebinho.pro.br\/wp\/?p=15542#breadcrumb"},"inLanguage":"pt-BR","potentialAction":[{"@type":"ReadAction","target":["https:\/\/www.clebinho.pro.br\/wp\/?p=15542"]}]},{"@type":"BreadcrumbList","@id":"https:\/\/www.clebinho.pro.br\/wp\/?p=15542#breadcrumb","itemListElement":[{"@type":"ListItem","position":1,"name":"In\u00edcio","item":"https:\/\/www.clebinho.pro.br\/wp"},{"@type":"ListItem","position":2,"name":"109. 2\u00ba Guerra &#8211; Ascens\u00e3o Nazista"}]},{"@type":"WebSite","@id":"https:\/\/www.clebinho.pro.br\/wp\/#website","url":"https:\/\/www.clebinho.pro.br\/wp\/","name":"Blog do Professor Clebinho","description":"Um espa\u00e7o virtual privilegiado oferecido pelo professor Clebinho, seus alunos, ex-alunos e demais interessados no debate de atualidades, hist\u00f3ria, geografia, geopolitica e meio ambiente","potentialAction":[{"@type":"SearchAction","target":{"@type":"EntryPoint","urlTemplate":"https:\/\/www.clebinho.pro.br\/wp\/?s={search_term_string}"},"query-input":"required name=search_term_string"}],"inLanguage":"pt-BR"},{"@type":"Person","@id":"https:\/\/www.clebinho.pro.br\/wp\/#\/schema\/person\/73417286de03a1ad762ac7d8ca8c6b77","name":"Professor Clebinho","image":{"@type":"ImageObject","inLanguage":"pt-BR","@id":"https:\/\/www.clebinho.pro.br\/wp\/#\/schema\/person\/image\/","url":"https:\/\/secure.gravatar.com\/avatar\/bb922115afcbfb086f9c52d1dd4a20fa?s=96&d=mm&r=g","contentUrl":"https:\/\/secure.gravatar.com\/avatar\/bb922115afcbfb086f9c52d1dd4a20fa?s=96&d=mm&r=g","caption":"Professor Clebinho"},"sameAs":["https:\/\/www.clebinho.pro.br\/wp"],"url":"https:\/\/www.clebinho.pro.br\/wp\/?author=2"}]}},"_links":{"self":[{"href":"https:\/\/www.clebinho.pro.br\/wp\/index.php?rest_route=\/wp\/v2\/posts\/15542"}],"collection":[{"href":"https:\/\/www.clebinho.pro.br\/wp\/index.php?rest_route=\/wp\/v2\/posts"}],"about":[{"href":"https:\/\/www.clebinho.pro.br\/wp\/index.php?rest_route=\/wp\/v2\/types\/post"}],"author":[{"embeddable":true,"href":"https:\/\/www.clebinho.pro.br\/wp\/index.php?rest_route=\/wp\/v2\/users\/2"}],"replies":[{"embeddable":true,"href":"https:\/\/www.clebinho.pro.br\/wp\/index.php?rest_route=%2Fwp%2Fv2%2Fcomments&post=15542"}],"version-history":[{"count":10,"href":"https:\/\/www.clebinho.pro.br\/wp\/index.php?rest_route=\/wp\/v2\/posts\/15542\/revisions"}],"predecessor-version":[{"id":18208,"href":"https:\/\/www.clebinho.pro.br\/wp\/index.php?rest_route=\/wp\/v2\/posts\/15542\/revisions\/18208"}],"wp:featuredmedia":[{"embeddable":true,"href":"https:\/\/www.clebinho.pro.br\/wp\/index.php?rest_route=\/wp\/v2\/media\/15544"}],"wp:attachment":[{"href":"https:\/\/www.clebinho.pro.br\/wp\/index.php?rest_route=%2Fwp%2Fv2%2Fmedia&parent=15542"}],"wp:term":[{"taxonomy":"category","embeddable":true,"href":"https:\/\/www.clebinho.pro.br\/wp\/index.php?rest_route=%2Fwp%2Fv2%2Fcategories&post=15542"},{"taxonomy":"post_tag","embeddable":true,"href":"https:\/\/www.clebinho.pro.br\/wp\/index.php?rest_route=%2Fwp%2Fv2%2Ftags&post=15542"}],"curies":[{"name":"wp","href":"https:\/\/api.w.org\/{rel}","templated":true}]}}