{"id":1594,"date":"2015-06-28T06:46:38","date_gmt":"2015-06-28T09:46:38","guid":{"rendered":"http:\/\/www.clebinho.pro.br\/?p=1594"},"modified":"2021-01-18T10:20:55","modified_gmt":"2021-01-18T12:20:55","slug":"vulcano","status":"publish","type":"post","link":"https:\/\/www.clebinho.pro.br\/wp\/?p=1594","title":{"rendered":"46. Vulcano"},"content":{"rendered":"<p style=\"text-align: justify;\">Um dos assuntos que despertam mais curiosidade entre as pessoas s\u00e3o os Vulc\u00f5es, tema do nosso blog hoje.<\/p>\n<h4 style=\"text-align: justify;\"><strong>Origem do Magma<\/strong><\/h4>\n<p style=\"text-align: justify;\">Antes de entendermos o que \u00e9 um vulc\u00e3o, precisamos mostrar que o planeta Terra \u00e9 dividido em camadas. A camada em que vivemos, onde pisamos, \u00e9 chamada de Crosta ou Litosfera. A crosta, assim como um navio no mar,\u00a0 boia em cima de uma camada conhecida como Manto, composta de Magma,\u00a0 material que extravasa quando o vulc\u00e3o entre em erup\u00e7\u00e3o.<\/p>\n<p style=\"text-align: justify;\"><img loading=\"lazy\" decoding=\"async\" class=\"transparent aligncenter\" src=\"http:\/\/expedicaovida.com.br\/wp-content\/uploads\/2013\/05\/Camadas-do-globo-terrestre-n%C3%BAcleo-manto-e-crosta.png\" alt=\"http:\/\/expedicaovida.com.br\/wp-content\/uploads\/2013\/05\/Camadas-do-globo-terrestre-n%C3%BAcleo-manto-e-crosta.png\" width=\"296\" height=\"280\" \/><\/p>\n<p style=\"text-align: justify;\">A palavra &#8220;vulc\u00e3o&#8221; deriva do nome do deus do fogo na mitologia romana, Vulcano. A ci\u00eancia que estuda os vulc\u00f5es \u00e9 chamada de vulcanologia, e o profissional que atua na \u00e1rea vulcan\u00f3logo.<\/p>\n<p style=\"text-align: justify;\">Geralmente, os vulc\u00f5es est\u00e3o localizados em zonas de converg\u00eancia de placas tect\u00f4nicas, ou seja, no local onde elas se chocam. Nessas regi\u00f5es, a press\u00e3o interna \u00e9 enorme e o magma rompe a litosfera.<\/p>\n<div style=\"width: 543px\" class=\"wp-caption aligncenter\"><img loading=\"lazy\" decoding=\"async\" src=\"http:\/\/3.bp.blogspot.com\/-HmheYXWbTRY\/TyaJ1t_gsII\/AAAAAAAAAq8\/Sb9AIoPxZVw\/s640\/subduc%C3%A7%C3%A3o.jpg\" alt=\"http:\/\/3.bp.blogspot.com\/-HmheYXWbTRY\/TyaJ1t_gsII\/AAAAAAAAAq8\/Sb9AIoPxZVw\/s640\/subduc%C3%A7%C3%A3o.jpg\" width=\"533\" height=\"252\" \/><p class=\"wp-caption-text\">Duas placas se chocando, provocando o surgimento de um vulc\u00e3o. Imagem: Internet.<\/p><\/div>\n<p>.<\/p>\n<p style=\"text-align: justify;\">Um vulc\u00e3o se forma quando a press\u00e3o do magma no interior da Terra est\u00e1 enorme, for\u00e7ando a crosta a subir, formando um cone e abrindo caminho para que o material incandescente chegue a superf\u00edcie. Ap\u00f3s ser expulso dos vulc\u00f5es, chamamos o magma de lava. Os vulc\u00f5es t\u00eam um formato c\u00f4nico, quando est\u00e3o em atividade liberam um grande volume de cinzas, gases e aeross\u00f3is na atmosfera. A jun\u00e7\u00e3o de todos esses elementos causam grandes cat\u00e1strofes.<\/p>\n<div id=\"attachment_5996\" style=\"width: 310px\" class=\"wp-caption aligncenter\"><a href=\"https:\/\/clebinho.pro.br\/wp\/wp-content\/uploads\/2015\/06\/esquema-de-um-vulcao1.jpg\"><img loading=\"lazy\" decoding=\"async\" aria-describedby=\"caption-attachment-5996\" class=\"wp-image-5996 size-medium\" src=\"https:\/\/clebinho.pro.br\/wp\/wp-content\/uploads\/2015\/06\/esquema-de-um-vulcao1-300x195.jpg\" alt=\"esquema-de-um-vulcao(1)\" width=\"300\" height=\"195\" srcset=\"https:\/\/www.clebinho.pro.br\/wp\/wp-content\/uploads\/2015\/06\/esquema-de-um-vulcao1-300x195.jpg 300w, https:\/\/www.clebinho.pro.br\/wp\/wp-content\/uploads\/2015\/06\/esquema-de-um-vulcao1.jpg 380w\" sizes=\"(max-width: 300px) 100vw, 300px\" \/><\/a><p id=\"caption-attachment-5996\" class=\"wp-caption-text\">Perfil de um vulc\u00e3o com o magma vindo do manto e chegando a superf\u00edcie. Imagem: Internet<\/p><\/div>\n<p>.<\/p>\n<p style=\"text-align: justify;\">Como os seres humanos n\u00e3o possuem tecnologia para chegarem at\u00e9 o manto, origem das press\u00f5es que causam as explos\u00f5es vulc\u00e2nicas, elas s\u00e3o eventos imprevis\u00edveis e catastr\u00f3ficos.<\/p>\n<h4 style=\"text-align: justify;\">Curiososidades<\/h4>\n<p style=\"text-align: justify;\">Em 1961 os Norte-americanos lan\u00e7aram um projeto, chamado Mohole, com o objetivo de perfurar o fundo do Oceano, onde a placa tect\u00f4nica \u00e9 mais fina. 5 anos depois, devido aos altos custos, o congresso americano encerrou a aventura, que s\u00f3 havia conseguido perfurar 183 metros.<\/p>\n<p style=\"text-align: justify;\">Dos cerca de 6.400 Km que nos separam no centro da Terra, a maior profundidade j\u00e1 atingida foram 12 Km na R\u00fassia, em uma experi\u00eancia cient\u00edfica no po\u00e7o superprofundo de Kola\u00b9,\u00a0 perfurado de 1970 a 1992. Mesmo batendo o recorde, n\u00e3o representa 0,2% da profundidade da Terra.<\/p>\n<p style=\"text-align: justify;\">A maior montanha da Terra \u00e9 um vulc\u00e3o, o Mauna Kea, localizado no Hava\u00ed. Voc\u00ea deve estar se perguntando se n\u00e3o \u00e9 o Everest, com 8.848 metros de altitude,\u00a0 mas eu falei a maior e n\u00e3o a mais alta. O Mauna Kea, desde a sua base at\u00e9 o topo, possui 10.205 mil metros. Como a sua base est\u00e1 no fundo do oceano, somente 4 mil metros est\u00e3o acima do n\u00edvel do mar.<\/p>\n<div style=\"width: 493px\" class=\"wp-caption aligncenter\"><img loading=\"lazy\" decoding=\"async\" src=\"http:\/\/3.bp.blogspot.com\/-podCNeXxkT4\/U2ykCY8ruQI\/AAAAAAAACnc\/5mmibYCkzUs\/s1600\/Compare-mountains-2.jpg\" alt=\"http:\/\/3.bp.blogspot.com\/-podCNeXxkT4\/U2ykCY8ruQI\/AAAAAAAACnc\/5mmibYCkzUs\/s1600\/Compare-mountains-2.jpg\" width=\"483\" height=\"265\" \/><p class=\"wp-caption-text\">Compara\u00e7\u00e3o entre o Everest e o Mauna Kea. Se os dois estivessem completamente acima do n\u00edvel do mar, o Mauna seria o de maior altitude. Imagem: internet<\/p><\/div>\n<p>.<\/p>\n<p style=\"text-align: justify;\">Outra compara\u00e7\u00e3o interessante \u00e9 com o maior vulc\u00e3o do Sistema Solar, o gigantesco Monte Olimpo\u00b2, com 27 Km acima do n\u00edvel m\u00e9dio da superf\u00edcie de Marte.<\/p>\n<div style=\"width: 490px\" class=\"wp-caption aligncenter\"><img loading=\"lazy\" decoding=\"async\" class=\"transparent\" src=\"http:\/\/i.imgur.com\/FIR13.png\" alt=\"http:\/\/i.imgur.com\/FIR13.png\" width=\"480\" height=\"278\" \/><p class=\"wp-caption-text\">Compara\u00e7\u00e3o entre o Everest, o Mauna Kea e o extinto vulc\u00e3o de Marte, o gigantesco Monte Olympus ou Olimpo. Imagem Internet.<\/p><\/div>\n<p>.<\/p>\n<p style=\"text-align: justify;\">Atualmente existem cerca de 550 vulc\u00f5es ativos espalhados pelo mundo, 20 deles, s\u00e3o muito ativos. A regi\u00e3o que abriga a maior quantidade \u00e9 o Oceano Pac\u00edfico, na \u00e1rea denominada C\u00edrculo de Fogo do Pac\u00edfico.<\/p>\n<div id=\"attachment_13989\" style=\"width: 310px\" class=\"wp-caption aligncenter\"><a href=\"https:\/\/clebinho.pro.br\/wp\/wp-content\/uploads\/2015\/06\/4.jpg\"><img loading=\"lazy\" decoding=\"async\" aria-describedby=\"caption-attachment-13989\" class=\"wp-image-13989 size-medium\" src=\"https:\/\/clebinho.pro.br\/wp\/wp-content\/uploads\/2015\/06\/4-300x233.jpg\" alt=\"\" width=\"300\" height=\"233\" srcset=\"https:\/\/www.clebinho.pro.br\/wp\/wp-content\/uploads\/2015\/06\/4-300x233.jpg 300w, https:\/\/www.clebinho.pro.br\/wp\/wp-content\/uploads\/2015\/06\/4-768x597.jpg 768w, https:\/\/www.clebinho.pro.br\/wp\/wp-content\/uploads\/2015\/06\/4.jpg 840w\" sizes=\"(max-width: 300px) 100vw, 300px\" \/><\/a><p id=\"caption-attachment-13989\" class=\"wp-caption-text\">C\u00edrculo de fogo do Pac\u00edfico. cada tri\u00e2ngulo significa um vulc\u00e3o. Imagem: Internet.<\/p><\/div>\n<p>.<\/p>\n<p style=\"text-align: justify;\">Entre os vulc\u00f5es, alguns s\u00e3o muito famosos:<\/p>\n<h4 style=\"text-align: justify;\"><strong>O Ves\u00favio<\/strong><\/h4>\n<p style=\"text-align: justify;\">Em 79 d.C. entrou em erup\u00e7\u00e3o e destruiu completamente as cidades de Pomp\u00e9ia e Herculano\u00b3. Atualmente, a populosa cidade de N\u00e1poles, que abriga 3 milh\u00f5es de habitantes, est\u00e1 bem pr\u00f3xima do perigo. Desde 1944, o Ves\u00favio n\u00e3o entra em erup\u00e7\u00e3o, mas pode entrar a qualquer momento.<\/p>\n<div id=\"attachment_11048\" style=\"width: 310px\" class=\"wp-caption aligncenter\"><a href=\"https:\/\/clebinho.pro.br\/wp\/wp-content\/uploads\/2015\/06\/thinkstockphotos-1687047221.jpeg\"><img loading=\"lazy\" decoding=\"async\" aria-describedby=\"caption-attachment-11048\" class=\"wp-image-11048 size-medium\" src=\"https:\/\/clebinho.pro.br\/wp\/wp-content\/uploads\/2015\/06\/thinkstockphotos-1687047221-300x197.jpeg\" alt=\"\" width=\"300\" height=\"197\" srcset=\"https:\/\/www.clebinho.pro.br\/wp\/wp-content\/uploads\/2015\/06\/thinkstockphotos-1687047221-300x197.jpeg 300w, https:\/\/www.clebinho.pro.br\/wp\/wp-content\/uploads\/2015\/06\/thinkstockphotos-1687047221-768x505.jpeg 768w, https:\/\/www.clebinho.pro.br\/wp\/wp-content\/uploads\/2015\/06\/thinkstockphotos-1687047221.jpeg 928w\" sizes=\"(max-width: 300px) 100vw, 300px\" \/><\/a><p id=\"caption-attachment-11048\" class=\"wp-caption-text\">Cidade de N\u00e1poles com o Ves\u00favio ao fundo. Um risco permanente. Imagem: Internet.<\/p><\/div>\n<h4 style=\"text-align: justify;\"><strong>O Etna<\/strong><\/h4>\n<p style=\"text-align: justify;\">Localizado na ilha da Sic\u00edlia (It\u00e1lia), este vulc\u00e3o est\u00e1 praticamente o tempo todo em erup\u00e7\u00e3o. O \u00faltimo evento vulc\u00e2nico ocorreu em novembro 2013. O vulc\u00e3o \u00e9 monitorado 24 horas por dia e pode ser acompanhado ao vivo pela <a href=\"http:\/\/www.ct.ingv.it\/en\/webcam-etna-en.html\" target=\"_self\" rel=\"noopener noreferrer\">internet<\/a>.<\/p>\n<div id=\"attachment_18190\" style=\"width: 310px\" class=\"wp-caption aligncenter\"><a href=\"https:\/\/clebinho.pro.br\/wp\/wp-content\/uploads\/2015\/06\/12985259_0_158_3000_1845_1200x0_80_0_1_0bf1163c30dd50f9b2eedbbc1d3836fb.jpg\"><img loading=\"lazy\" decoding=\"async\" aria-describedby=\"caption-attachment-18190\" class=\"wp-image-18190 size-medium\" src=\"https:\/\/clebinho.pro.br\/wp\/wp-content\/uploads\/2015\/06\/12985259_0_158_3000_1845_1200x0_80_0_1_0bf1163c30dd50f9b2eedbbc1d3836fb-300x169.jpg\" alt=\"\" width=\"300\" height=\"169\" srcset=\"https:\/\/www.clebinho.pro.br\/wp\/wp-content\/uploads\/2015\/06\/12985259_0_158_3000_1845_1200x0_80_0_1_0bf1163c30dd50f9b2eedbbc1d3836fb-300x169.jpg 300w, https:\/\/www.clebinho.pro.br\/wp\/wp-content\/uploads\/2015\/06\/12985259_0_158_3000_1845_1200x0_80_0_1_0bf1163c30dd50f9b2eedbbc1d3836fb-1024x576.jpg 1024w, https:\/\/www.clebinho.pro.br\/wp\/wp-content\/uploads\/2015\/06\/12985259_0_158_3000_1845_1200x0_80_0_1_0bf1163c30dd50f9b2eedbbc1d3836fb-768x432.jpg 768w, https:\/\/www.clebinho.pro.br\/wp\/wp-content\/uploads\/2015\/06\/12985259_0_158_3000_1845_1200x0_80_0_1_0bf1163c30dd50f9b2eedbbc1d3836fb.jpg 1200w\" sizes=\"(max-width: 300px) 100vw, 300px\" \/><\/a><p id=\"caption-attachment-18190\" class=\"wp-caption-text\">Etna em erup\u00e7\u00e3o. Imagem: Internet.<\/p><\/div>\n<p>.<\/p>\n<h4>Por que viver pr\u00f3ximo a um vulc\u00e3o?<\/h4>\n<p style=\"text-align: justify;\">Observando o Ves\u00favio e o Etna, voc\u00ea se pergunta como pessoas podem viver pr\u00f3ximas a esses monstros da natureza. Na verdade, apesar da incr\u00edvel capacidade de destrui\u00e7\u00e3o, os vulc\u00f5es possuem solos muito f\u00e9rteis ao redor, j\u00e1 que suas cinzas e lava, ap\u00f3s resfriarem, servem como adubo, ricos em minerais.<\/p>\n<div class=\"mod NFQFxe oHglmf xzPb7d viOShc\" lang=\"pt-BR\" data-md=\"32\" data-hveid=\"CAUQAA\" data-ved=\"2ahUKEwiXj8ipu6XuAhUBK7kGHdyZBHEQ4dMGMAB6BAgFEAA\">\n<div id=\"media_result_group\" class=\"kno-mrg-si kno-mrg kno-swp\" data-hveid=\"CAUQAQ\">\n<div class=\"kno-fiu kno-liu\">\n<div data-count=\"1\" data-hveid=\"CAcQAA\">\n<div class=\"umyQi\" data-h=\"130\" data-nr=\"1\">\n<div class=\"eA0Zlc ivg-i img-kc-m PZPZlf\" data-attrid=\"image\" data-docid=\"GsMqTd-OgZZvlM\" data-lpage=\"https:\/\/www.sobiologia.com.br\/conteudos\/Solo\/Solo3.php\" data-ved=\"2ahUKEwiXj8ipu6XuAhUBK7kGHdyZBHEQzkx6BAgIEAA\">\n<div class=\"fWhgmd\"><\/div>\n<\/div>\n<\/div>\n<\/div>\n<\/div>\n<\/div>\n<\/div>\n<h4 style=\"text-align: justify;\"><strong>O Eyjafjallaj\u00f6kull<\/strong><\/h4>\n<p style=\"text-align: justify;\">O nome \u00e9 impronunci\u00e1vel para n\u00f3s, mas o danado foi respons\u00e1vel por fechar o espa\u00e7o a\u00e9reo europeu em 2010, e, com isso, gerar atrasos e cancelamentos de voos em todo o mundo. As cinzas vulc\u00e2nicas espalhadas pelo vento n\u00e3o podem ser atravessadas por aeronaves.<\/p>\n<div id=\"attachment_13986\" style=\"width: 310px\" class=\"wp-caption aligncenter\"><a href=\"https:\/\/clebinho.pro.br\/wp\/wp-content\/uploads\/2015\/06\/eyjafjallajokull-ash_emission.jpg\"><img loading=\"lazy\" decoding=\"async\" aria-describedby=\"caption-attachment-13986\" class=\"wp-image-13986 size-medium\" src=\"https:\/\/clebinho.pro.br\/wp\/wp-content\/uploads\/2015\/06\/eyjafjallajokull-ash_emission-300x200.jpg\" alt=\"\" width=\"300\" height=\"200\" srcset=\"https:\/\/www.clebinho.pro.br\/wp\/wp-content\/uploads\/2015\/06\/eyjafjallajokull-ash_emission-300x200.jpg 300w, https:\/\/www.clebinho.pro.br\/wp\/wp-content\/uploads\/2015\/06\/eyjafjallajokull-ash_emission-768x512.jpg 768w, https:\/\/www.clebinho.pro.br\/wp\/wp-content\/uploads\/2015\/06\/eyjafjallajokull-ash_emission.jpg 800w\" sizes=\"(max-width: 300px) 100vw, 300px\" \/><\/a><p id=\"caption-attachment-13986\" class=\"wp-caption-text\">Erup\u00e7\u00e3o do vulc\u00e3o Eyjafjallaj\u00f6kull em 2010 vista de longe. Imagem: Internet.<\/p><\/div>\n<p>.<\/p>\n<h4 style=\"text-align: justify;\"><strong>\u00a0O Kilauea<\/strong><em><br \/>\n<\/em><\/h4>\n<p style=\"text-align: justify;\">Localizado no Hava\u00ed, \u00e9 o vulc\u00e3o mais ativo do mundo nos \u00faltimos tempos. Mesmo assim \u00e9 um grande ponto tur\u00edstico, sendo visitado por milhares de pessoas por ano.<\/p>\n<div id=\"attachment_15354\" style=\"width: 310px\" class=\"wp-caption aligncenter\"><a href=\"https:\/\/clebinho.pro.br\/wp\/wp-content\/uploads\/2015\/06\/MeatyMatureEyelashpitviper-max-1mb.gif\"><img loading=\"lazy\" decoding=\"async\" aria-describedby=\"caption-attachment-15354\" class=\"wp-image-15354 size-medium\" src=\"https:\/\/clebinho.pro.br\/wp\/wp-content\/uploads\/2015\/06\/MeatyMatureEyelashpitviper-max-1mb-300x169.gif\" alt=\"\" width=\"300\" height=\"169\" \/><\/a><p id=\"caption-attachment-15354\" class=\"wp-caption-text\">Clique no GIF e veja o rio de magma descendo do Kilauea. GIF: Internet.<\/p><\/div>\n<p>.<\/p>\n<h4 style=\"text-align: justify;\"><strong>O Monte Santa Helena<\/strong><\/h4>\n<p style=\"text-align: justify;\">Situado no sudoeste do estado norte-americano de Washington, 160 quil\u00f4metros ao sul de Seattle, o monte Santa Helena entrou violentamente em erup\u00e7\u00e3o no dia 18 de maio de 1980, matando 57 pessoas.<\/p>\n<div id=\"attachment_1609\" style=\"width: 273px\" class=\"wp-caption aligncenter\"><a href=\"https:\/\/clebinho.pro.br\/wp\/wp-content\/uploads\/2015\/06\/Mt_St_Helena_ani.gif\"><img loading=\"lazy\" decoding=\"async\" aria-describedby=\"caption-attachment-1609\" class=\" wp-image-1609\" src=\"https:\/\/clebinho.pro.br\/wp\/wp-content\/uploads\/2015\/06\/Mt_St_Helena_ani.gif\" alt=\"Mt_St_Helena_ani\" width=\"263\" height=\"226\" \/><\/a><p id=\"caption-attachment-1609\" class=\"wp-caption-text\">O Monte Santa Helena simplesmente explodiu em 1980 matando 57 pessoas. Gif: Internet<\/p><\/div>\n<p>.<\/p>\n<p style=\"text-align: justify;\">Outros vulc\u00f5es famosos s\u00e3o <em>Ojos del Salado (Chile) , Monte Fuji (Jap\u00e3o), Krakatoa (Indon\u00e9sia), Monte Pinatubo (Filipinas), Mauna Kea (Havai &#8211; EUA),\u00a0 Mauna Loa (Havai &#8211; Estados Unidos, Santorini (Gr\u00e9cia)\u00a0 e Soufriere (Montserrat)<br \/>\n<\/em><\/p>\n<div style=\"width: 519px\" class=\"wp-caption aligncenter\"><img loading=\"lazy\" decoding=\"async\" src=\"http:\/\/www.wired.com\/images_blogs\/photos\/uncategorized\/2009\/03\/20\/800pxmtcleveland_iss013e24184.jpg\" alt=\"http:\/\/www.wired.com\/images_blogs\/photos\/uncategorized\/2009\/03\/20\/800pxmtcleveland_iss013e24184.jpg\" width=\"509\" height=\"337\" \/><p class=\"wp-caption-text\">Imagem de sat\u00e9lite mostrando um vulc\u00e3o em erup\u00e7\u00e3o. Imagem: Internet<\/p><\/div>\n<p>.<\/p>\n<p style=\"text-align: justify;\"><strong>Espero ter aumentado o conhecimento de todos os leitores. Curtam nossa <a href=\"https:\/\/www.facebook.com\/pages\/Clebinho\/1551769148421187?ref=settings\" target=\"_blank\" rel=\"noopener noreferrer\">p\u00e1gina no Facebook <\/a>e compartilhem nosso texto! Abra\u00e7o do Clebinho!<\/strong><\/p>\n<p style=\"text-align: justify;\">Publicado em 28.06.2015<\/p>\n<p style=\"text-align: justify;\">1 &#8211; Saiba mais sobre o po\u00e7o superprofundo de Kola no <a href=\"http:\/\/www.jornalciencia.com\/meio-ambiente\/diversos\/4718-buraco-de-kola-russia-possui-a-perfuracao-mais-profunda-da-terra\" target=\"_blank\" rel=\"noopener noreferrer\">Jornal da Ci\u00eancia do site R7.<\/a><\/p>\n<p style=\"text-align: justify;\">2 &#8211; Saiba mais sobre o Monte Olympus no <a href=\"http:\/\/www.geologo.com.br\/MAINLINK.ASP?VAIPARA=Monte%20Olympus%20o%20maior%20vulcao%20do%20sistema%20solar\" target=\"_blank\" rel=\"noopener noreferrer\">Portal do Ge\u00f3logo.<\/a><\/p>\n<p style=\"text-align: justify;\">3 &#8211; Veja um document\u00e1rio sobre a trag\u00e9dia de Pompeia e Herculano no site <a href=\"https:\/\/www.youtube.com\/watch?v=dsktvcddnTc\" target=\"_blank\" rel=\"noopener noreferrer\">Youtube.<\/a><\/p>\n","protected":false},"excerpt":{"rendered":"<p>Um dos assuntos que despertam mais curiosidade entre as pessoas s\u00e3o os Vulc\u00f5es, tema do nosso blog hoje. Origem do Magma Antes de entendermos o que \u00e9 um vulc\u00e3o, precisamos mostrar que o planeta Terra \u00e9 dividido em camadas. A camada em que vivemos, onde pisamos, \u00e9 chamada de Crosta ou Litosfera. A crosta, assim [&hellip;]<\/p>\n","protected":false},"author":2,"featured_media":13988,"comment_status":"open","ping_status":"open","sticky":false,"template":"","format":"standard","meta":{"footnotes":""},"categories":[8,129,71,11,1,4,81,5,6],"tags":[559,563,557,558,561,560,562,564,556,555,554],"yoast_head":"<!-- This site is optimized with the Yoast SEO plugin v20.3 - https:\/\/yoast.com\/wordpress\/plugins\/seo\/ -->\n<title>46. Vulcano - Blog do Professor Clebinho<\/title>\n<meta name=\"robots\" content=\"index, follow, max-snippet:-1, max-image-preview:large, max-video-preview:-1\" \/>\n<link rel=\"canonical\" href=\"https:\/\/www.clebinho.pro.br\/wp\/?p=1594\" \/>\n<meta property=\"og:locale\" content=\"pt_BR\" \/>\n<meta property=\"og:type\" content=\"article\" \/>\n<meta property=\"og:title\" content=\"46. Vulcano - Blog do Professor Clebinho\" \/>\n<meta property=\"og:description\" content=\"Um dos assuntos que despertam mais curiosidade entre as pessoas s\u00e3o os Vulc\u00f5es, tema do nosso blog hoje. Origem do Magma Antes de entendermos o que \u00e9 um vulc\u00e3o, precisamos mostrar que o planeta Terra \u00e9 dividido em camadas. A camada em que vivemos, onde pisamos, \u00e9 chamada de Crosta ou Litosfera. A crosta, assim [&hellip;]\" \/>\n<meta property=\"og:url\" content=\"https:\/\/www.clebinho.pro.br\/wp\/?p=1594\" \/>\n<meta property=\"og:site_name\" content=\"Blog do Professor Clebinho\" \/>\n<meta property=\"article:published_time\" content=\"2015-06-28T09:46:38+00:00\" \/>\n<meta property=\"article:modified_time\" content=\"2021-01-18T12:20:55+00:00\" \/>\n<meta property=\"og:image\" content=\"https:\/\/clebinho.pro.br\/wp\/wp-content\/uploads\/2015\/06\/Volcanoes-facts-mount-etna.jpg\" \/>\n\t<meta property=\"og:image:width\" content=\"500\" \/>\n\t<meta property=\"og:image:height\" content=\"375\" \/>\n\t<meta property=\"og:image:type\" content=\"image\/jpeg\" \/>\n<meta name=\"author\" content=\"Professor Clebinho\" \/>\n<meta name=\"twitter:card\" content=\"summary_large_image\" \/>\n<meta name=\"twitter:label1\" content=\"Escrito por\" \/>\n\t<meta name=\"twitter:data1\" content=\"Professor Clebinho\" \/>\n\t<meta name=\"twitter:label2\" content=\"Est. tempo de leitura\" \/>\n\t<meta name=\"twitter:data2\" content=\"6 minutos\" \/>\n<script type=\"application\/ld+json\" class=\"yoast-schema-graph\">{\"@context\":\"https:\/\/schema.org\",\"@graph\":[{\"@type\":\"WebPage\",\"@id\":\"https:\/\/www.clebinho.pro.br\/wp\/?p=1594\",\"url\":\"https:\/\/www.clebinho.pro.br\/wp\/?p=1594\",\"name\":\"46. Vulcano - Blog do Professor Clebinho\",\"isPartOf\":{\"@id\":\"https:\/\/www.clebinho.pro.br\/wp\/#website\"},\"datePublished\":\"2015-06-28T09:46:38+00:00\",\"dateModified\":\"2021-01-18T12:20:55+00:00\",\"author\":{\"@id\":\"https:\/\/www.clebinho.pro.br\/wp\/#\/schema\/person\/73417286de03a1ad762ac7d8ca8c6b77\"},\"breadcrumb\":{\"@id\":\"https:\/\/www.clebinho.pro.br\/wp\/?p=1594#breadcrumb\"},\"inLanguage\":\"pt-BR\",\"potentialAction\":[{\"@type\":\"ReadAction\",\"target\":[\"https:\/\/www.clebinho.pro.br\/wp\/?p=1594\"]}]},{\"@type\":\"BreadcrumbList\",\"@id\":\"https:\/\/www.clebinho.pro.br\/wp\/?p=1594#breadcrumb\",\"itemListElement\":[{\"@type\":\"ListItem\",\"position\":1,\"name\":\"In\u00edcio\",\"item\":\"https:\/\/www.clebinho.pro.br\/wp\"},{\"@type\":\"ListItem\",\"position\":2,\"name\":\"46. Vulcano\"}]},{\"@type\":\"WebSite\",\"@id\":\"https:\/\/www.clebinho.pro.br\/wp\/#website\",\"url\":\"https:\/\/www.clebinho.pro.br\/wp\/\",\"name\":\"Blog do Professor Clebinho\",\"description\":\"Um espa\u00e7o virtual privilegiado oferecido pelo professor Clebinho, seus alunos, ex-alunos e demais interessados no debate de atualidades, hist\u00f3ria, geografia, geopolitica e meio ambiente\",\"potentialAction\":[{\"@type\":\"SearchAction\",\"target\":{\"@type\":\"EntryPoint\",\"urlTemplate\":\"https:\/\/www.clebinho.pro.br\/wp\/?s={search_term_string}\"},\"query-input\":\"required name=search_term_string\"}],\"inLanguage\":\"pt-BR\"},{\"@type\":\"Person\",\"@id\":\"https:\/\/www.clebinho.pro.br\/wp\/#\/schema\/person\/73417286de03a1ad762ac7d8ca8c6b77\",\"name\":\"Professor Clebinho\",\"image\":{\"@type\":\"ImageObject\",\"inLanguage\":\"pt-BR\",\"@id\":\"https:\/\/www.clebinho.pro.br\/wp\/#\/schema\/person\/image\/\",\"url\":\"https:\/\/secure.gravatar.com\/avatar\/bb922115afcbfb086f9c52d1dd4a20fa?s=96&d=mm&r=g\",\"contentUrl\":\"https:\/\/secure.gravatar.com\/avatar\/bb922115afcbfb086f9c52d1dd4a20fa?s=96&d=mm&r=g\",\"caption\":\"Professor Clebinho\"},\"sameAs\":[\"https:\/\/www.clebinho.pro.br\/wp\"],\"url\":\"https:\/\/www.clebinho.pro.br\/wp\/?author=2\"}]}<\/script>\n<!-- \/ Yoast SEO plugin. -->","yoast_head_json":{"title":"46. Vulcano - Blog do Professor Clebinho","robots":{"index":"index","follow":"follow","max-snippet":"max-snippet:-1","max-image-preview":"max-image-preview:large","max-video-preview":"max-video-preview:-1"},"canonical":"https:\/\/www.clebinho.pro.br\/wp\/?p=1594","og_locale":"pt_BR","og_type":"article","og_title":"46. Vulcano - Blog do Professor Clebinho","og_description":"Um dos assuntos que despertam mais curiosidade entre as pessoas s\u00e3o os Vulc\u00f5es, tema do nosso blog hoje. Origem do Magma Antes de entendermos o que \u00e9 um vulc\u00e3o, precisamos mostrar que o planeta Terra \u00e9 dividido em camadas. A camada em que vivemos, onde pisamos, \u00e9 chamada de Crosta ou Litosfera. A crosta, assim [&hellip;]","og_url":"https:\/\/www.clebinho.pro.br\/wp\/?p=1594","og_site_name":"Blog do Professor Clebinho","article_published_time":"2015-06-28T09:46:38+00:00","article_modified_time":"2021-01-18T12:20:55+00:00","og_image":[{"width":500,"height":375,"url":"https:\/\/clebinho.pro.br\/wp\/wp-content\/uploads\/2015\/06\/Volcanoes-facts-mount-etna.jpg","type":"image\/jpeg"}],"author":"Professor Clebinho","twitter_card":"summary_large_image","twitter_misc":{"Escrito por":"Professor Clebinho","Est. tempo de leitura":"6 minutos"},"schema":{"@context":"https:\/\/schema.org","@graph":[{"@type":"WebPage","@id":"https:\/\/www.clebinho.pro.br\/wp\/?p=1594","url":"https:\/\/www.clebinho.pro.br\/wp\/?p=1594","name":"46. Vulcano - Blog do Professor Clebinho","isPartOf":{"@id":"https:\/\/www.clebinho.pro.br\/wp\/#website"},"datePublished":"2015-06-28T09:46:38+00:00","dateModified":"2021-01-18T12:20:55+00:00","author":{"@id":"https:\/\/www.clebinho.pro.br\/wp\/#\/schema\/person\/73417286de03a1ad762ac7d8ca8c6b77"},"breadcrumb":{"@id":"https:\/\/www.clebinho.pro.br\/wp\/?p=1594#breadcrumb"},"inLanguage":"pt-BR","potentialAction":[{"@type":"ReadAction","target":["https:\/\/www.clebinho.pro.br\/wp\/?p=1594"]}]},{"@type":"BreadcrumbList","@id":"https:\/\/www.clebinho.pro.br\/wp\/?p=1594#breadcrumb","itemListElement":[{"@type":"ListItem","position":1,"name":"In\u00edcio","item":"https:\/\/www.clebinho.pro.br\/wp"},{"@type":"ListItem","position":2,"name":"46. Vulcano"}]},{"@type":"WebSite","@id":"https:\/\/www.clebinho.pro.br\/wp\/#website","url":"https:\/\/www.clebinho.pro.br\/wp\/","name":"Blog do Professor Clebinho","description":"Um espa\u00e7o virtual privilegiado oferecido pelo professor Clebinho, seus alunos, ex-alunos e demais interessados no debate de atualidades, hist\u00f3ria, geografia, geopolitica e meio ambiente","potentialAction":[{"@type":"SearchAction","target":{"@type":"EntryPoint","urlTemplate":"https:\/\/www.clebinho.pro.br\/wp\/?s={search_term_string}"},"query-input":"required name=search_term_string"}],"inLanguage":"pt-BR"},{"@type":"Person","@id":"https:\/\/www.clebinho.pro.br\/wp\/#\/schema\/person\/73417286de03a1ad762ac7d8ca8c6b77","name":"Professor Clebinho","image":{"@type":"ImageObject","inLanguage":"pt-BR","@id":"https:\/\/www.clebinho.pro.br\/wp\/#\/schema\/person\/image\/","url":"https:\/\/secure.gravatar.com\/avatar\/bb922115afcbfb086f9c52d1dd4a20fa?s=96&d=mm&r=g","contentUrl":"https:\/\/secure.gravatar.com\/avatar\/bb922115afcbfb086f9c52d1dd4a20fa?s=96&d=mm&r=g","caption":"Professor Clebinho"},"sameAs":["https:\/\/www.clebinho.pro.br\/wp"],"url":"https:\/\/www.clebinho.pro.br\/wp\/?author=2"}]}},"_links":{"self":[{"href":"https:\/\/www.clebinho.pro.br\/wp\/index.php?rest_route=\/wp\/v2\/posts\/1594"}],"collection":[{"href":"https:\/\/www.clebinho.pro.br\/wp\/index.php?rest_route=\/wp\/v2\/posts"}],"about":[{"href":"https:\/\/www.clebinho.pro.br\/wp\/index.php?rest_route=\/wp\/v2\/types\/post"}],"author":[{"embeddable":true,"href":"https:\/\/www.clebinho.pro.br\/wp\/index.php?rest_route=\/wp\/v2\/users\/2"}],"replies":[{"embeddable":true,"href":"https:\/\/www.clebinho.pro.br\/wp\/index.php?rest_route=%2Fwp%2Fv2%2Fcomments&post=1594"}],"version-history":[{"count":37,"href":"https:\/\/www.clebinho.pro.br\/wp\/index.php?rest_route=\/wp\/v2\/posts\/1594\/revisions"}],"predecessor-version":[{"id":18191,"href":"https:\/\/www.clebinho.pro.br\/wp\/index.php?rest_route=\/wp\/v2\/posts\/1594\/revisions\/18191"}],"wp:featuredmedia":[{"embeddable":true,"href":"https:\/\/www.clebinho.pro.br\/wp\/index.php?rest_route=\/wp\/v2\/media\/13988"}],"wp:attachment":[{"href":"https:\/\/www.clebinho.pro.br\/wp\/index.php?rest_route=%2Fwp%2Fv2%2Fmedia&parent=1594"}],"wp:term":[{"taxonomy":"category","embeddable":true,"href":"https:\/\/www.clebinho.pro.br\/wp\/index.php?rest_route=%2Fwp%2Fv2%2Fcategories&post=1594"},{"taxonomy":"post_tag","embeddable":true,"href":"https:\/\/www.clebinho.pro.br\/wp\/index.php?rest_route=%2Fwp%2Fv2%2Ftags&post=1594"}],"curies":[{"name":"wp","href":"https:\/\/api.w.org\/{rel}","templated":true}]}}