{"id":16430,"date":"2019-07-28T11:08:21","date_gmt":"2019-07-28T13:08:21","guid":{"rendered":"http:\/\/www.clebinho.pro.br\/?p=16430"},"modified":"2025-01-22T17:27:42","modified_gmt":"2025-01-22T20:27:42","slug":"244-ku-klux-klan","status":"publish","type":"post","link":"https:\/\/www.clebinho.pro.br\/wp\/?p=16430","title":{"rendered":"244. Ku Klux Klan"},"content":{"rendered":"<p style=\"text-align: justify;\">Ku Klux Klan, termo que imediatamente nos remete a algo ruim, racista e violento. \u00c9 verdade, mas o que poucas pessoas sabem \u00e9 que n\u00e3o existiu uma \u00fanica &#8220;KKK&#8221;, forma abreviada de se referir a esse grupo terrorista.<\/p>\n<p style=\"text-align: justify;\">O ser humano insiste no erro, por isso \u00e9 de extrema import\u00e2ncia compreender a g\u00eanese do grupo, assim como sua atua\u00e7\u00e3o ao longo do tempo. Ainda hoje existem adeptos, o que faz desse texto algo ainda maior, j\u00e1 que a luta contra esse tipo de pensamento deve ser incans\u00e1vel.<\/p>\n<p style=\"text-align: justify;\"><span style=\"color: #ff0000;\"><strong>1\u00ba Klan<\/strong><\/span><\/p>\n<p style=\"text-align: justify;\">A origem dessa diab\u00f3lica associa\u00e7\u00e3o est\u00e1 ligada a Guerra de Secess\u00e3o, que provocou um embate entre o Norte abolicionista e o Sul escravista nos EUA<a href=\"https:\/\/www.clebinho.pro.br\/wp\/wp\/?p=1025\" target=\"_blank\" rel=\"noopener\"> (Texto 31).<\/a> Derrotados e humilhados, em 1866 alguns ex-combatentes confederados resolveram criar um clube social no Tennessee, como forma de resistir \u00e0s novidades impostas pelo governo central em Washington. O ex-general\u00a0Nathan Bedford Forrest\u00a0foi o principal fundador e primeiro grande l\u00edder.<\/p>\n<div id=\"attachment_16518\" style=\"width: 310px\" class=\"wp-caption aligncenter\"><a href=\"https:\/\/clebinho.pro.br\/wp\/wp-content\/uploads\/2019\/07\/L2EK4FVFAAI6TJ3H26VYJLXT5E.jpg\"><img loading=\"lazy\" decoding=\"async\" aria-describedby=\"caption-attachment-16518\" class=\"wp-image-16518 size-medium\" src=\"https:\/\/clebinho.pro.br\/wp\/wp-content\/uploads\/2019\/07\/L2EK4FVFAAI6TJ3H26VYJLXT5E-300x225.jpg\" alt=\"\" width=\"300\" height=\"225\" srcset=\"https:\/\/www.clebinho.pro.br\/wp\/wp-content\/uploads\/2019\/07\/L2EK4FVFAAI6TJ3H26VYJLXT5E-300x225.jpg 300w, https:\/\/www.clebinho.pro.br\/wp\/wp-content\/uploads\/2019\/07\/L2EK4FVFAAI6TJ3H26VYJLXT5E-768x576.jpg 768w, https:\/\/www.clebinho.pro.br\/wp\/wp-content\/uploads\/2019\/07\/L2EK4FVFAAI6TJ3H26VYJLXT5E-1024x768.jpg 1024w, https:\/\/www.clebinho.pro.br\/wp\/wp-content\/uploads\/2019\/07\/L2EK4FVFAAI6TJ3H26VYJLXT5E.jpg 1484w\" sizes=\"(max-width: 300px) 100vw, 300px\" \/><\/a><p id=\"caption-attachment-16518\" class=\"wp-caption-text\">Nathan Bedford Forrest foi o fundador e o primeiro grande l\u00edder do Ku Klux Klan, em Pulaski, no Tennessee, em 1865. Na imagem, uma pol\u00eamica est\u00e1tua localizada em um parque em Memphis em homenagem a ele. <a href=\"https:\/\/www.washingtonpost.com\/history\/2019\/07\/13\/ted-cruz-criticizes-tenn-governor-day-honoring-confederate-general-kkk-leader\/?noredirect=on&amp;utm_term=.81f612c4a14a\" target=\"_blank\" rel=\"noopener\">Saiba mais no site do jornal The Washington Post.\u00a0\u00a0<\/a><\/p><\/div>\n<p>.<\/p>\n<p style=\"text-align: justify;\">O nome, possivelmente, remete a\u00a0palavra grega kyklos, que significa \u201cc\u00edrculo&#8221;, &#8220;sociedade&#8221;. Da\u00ed , derivaram as duas primeiras palavras, Ku Klux. A terceira, Klan, vem do ingl\u00eas clan (cl\u00e3), modificada para dar uma maior sonoridade ao grupo, um triplo K.\u00a0Se autoproclamavam\u00a0\u00a0&#8220;O Imp\u00e9rio Invis\u00edvel do Sul&#8221;.<\/p>\n<p style=\"text-align: justify;\">Seus militantes adotaram roupas fantasmag\u00f3ricas, em geral brancas e com m\u00e1scaras c\u00f4nicas. O objetivo era criar terror, al\u00e9m de esconder suas verdadeiras identidades. Praticaram in\u00fameros atos de viol\u00eancia contra negros, incluindo torturas e os m\u00e9todos mais brutais de homic\u00eddios. N\u00e3o eram favor\u00e1veis a que eles tomassem posse de terras ou participassem da vida social das cidades.<\/p>\n<div id=\"attachment_16522\" style=\"width: 310px\" class=\"wp-caption aligncenter\"><a href=\"https:\/\/clebinho.pro.br\/wp\/wp-content\/uploads\/2019\/07\/download.jpg\"><img loading=\"lazy\" decoding=\"async\" aria-describedby=\"caption-attachment-16522\" class=\"wp-image-16522 size-medium\" src=\"https:\/\/clebinho.pro.br\/wp\/wp-content\/uploads\/2019\/07\/download-300x163.jpg\" alt=\"\" width=\"300\" height=\"163\" srcset=\"https:\/\/www.clebinho.pro.br\/wp\/wp-content\/uploads\/2019\/07\/download-300x163.jpg 300w, https:\/\/www.clebinho.pro.br\/wp\/wp-content\/uploads\/2019\/07\/download-768x416.jpg 768w, https:\/\/www.clebinho.pro.br\/wp\/wp-content\/uploads\/2019\/07\/download-1024x555.jpg 1024w, https:\/\/www.clebinho.pro.br\/wp\/wp-content\/uploads\/2019\/07\/download.jpg 1160w\" sizes=\"(max-width: 300px) 100vw, 300px\" \/><\/a><p id=\"caption-attachment-16522\" class=\"wp-caption-text\">Membro atual da Klan empunhando uma bandeira dos Confederados, mostrando que a origem do grupo est\u00e1 intimamente ligada a derrota na Guerra Civil Norte-Americana e a aboli\u00e7\u00e3o da escravid\u00e3o no pa\u00eds. Imagem: Internet.<\/p><\/div>\n<p>.<\/p>\n<p style=\"text-align: justify;\">Em 1872, atrav\u00e9s da Suprema Corte, o grupo foi considerado terrorista e banido do territ\u00f3rio norte-americano.<\/p>\n<p style=\"text-align: justify;\"><span style=\"color: #ff0000;\"><strong>2\u00ba Klan<\/strong><\/span><\/p>\n<p style=\"text-align: justify;\">O ser humano \u00e9 incr\u00edvel, capaz de realizar as obras mais belas e insistir em sandices monumentais. Cerca de 4 d\u00e9cadas ap\u00f3s o 1\u00ba grupo a ideia renasceu, desta vez na Georgia, estado do Sul dos EUA. Recriada por\u00a0William Joseph Simmons em 1915, j\u00e1 n\u00e3o tinha somente os negros como inimigos.\u00a0 Agora, o \u00f3dio tamb\u00e9m era focado nos imigrantes recentes, cat\u00f3licos e judeus.<\/p>\n<div id=\"attachment_16525\" style=\"width: 214px\" class=\"wp-caption aligncenter\"><a href=\"https:\/\/clebinho.pro.br\/wp\/wp-content\/uploads\/2019\/07\/Birth-of-a-nation-poster-color.jpg\"><img loading=\"lazy\" decoding=\"async\" aria-describedby=\"caption-attachment-16525\" class=\"wp-image-16525 size-medium\" src=\"https:\/\/clebinho.pro.br\/wp\/wp-content\/uploads\/2019\/07\/Birth-of-a-nation-poster-color-204x300.jpg\" alt=\"\" width=\"204\" height=\"300\" srcset=\"https:\/\/www.clebinho.pro.br\/wp\/wp-content\/uploads\/2019\/07\/Birth-of-a-nation-poster-color-204x300.jpg 204w, https:\/\/www.clebinho.pro.br\/wp\/wp-content\/uploads\/2019\/07\/Birth-of-a-nation-poster-color.jpg 306w\" sizes=\"(max-width: 204px) 100vw, 204px\" \/><\/a><p id=\"caption-attachment-16525\" class=\"wp-caption-text\">A data de renascimento da Klan \u00e9 marcada pelo lan\u00e7amento do filme\u00a0\u00a0&#8220;O Nascimento de uma Na\u00e7\u00e3o&#8221;, em que de forma deturpada a\u00a0 KKK aparece como uma for\u00e7a heroica. O filme foi um sucesso de p\u00fablico, mas duramente criticado, sendo banido das telonas. Imagem: Internet.<\/p><\/div>\n<p>.<\/p>\n<p style=\"text-align: justify;\">Essa 2\u00ba Klan, remodelada, defendia a supremacia branca protestante e tinha, al\u00e9m do \u00f3dio, o nacionalismo exacerbado como sua base. Passeatas gigantescas percorriam as ruas das maiores cidades dos EUA, inclusive Washington. Entre 1920 e 1925 o grupo chegou a ter cerca de 4 a\u00a0 6 milh\u00f5es de adeptos. Algo surreal.<\/p>\n<div id=\"attachment_16528\" style=\"width: 310px\" class=\"wp-caption aligncenter\"><a href=\"https:\/\/clebinho.pro.br\/wp\/wp-content\/uploads\/2019\/07\/t_1502992427658_name_20170817_KKKrally_licensedfootage.jpg\"><img loading=\"lazy\" decoding=\"async\" aria-describedby=\"caption-attachment-16528\" class=\"wp-image-16528 size-medium\" src=\"https:\/\/clebinho.pro.br\/wp\/wp-content\/uploads\/2019\/07\/t_1502992427658_name_20170817_KKKrally_licensedfootage-300x169.jpg\" alt=\"\" width=\"300\" height=\"169\" srcset=\"https:\/\/www.clebinho.pro.br\/wp\/wp-content\/uploads\/2019\/07\/t_1502992427658_name_20170817_KKKrally_licensedfootage-300x169.jpg 300w, https:\/\/www.clebinho.pro.br\/wp\/wp-content\/uploads\/2019\/07\/t_1502992427658_name_20170817_KKKrally_licensedfootage-768x432.jpg 768w, https:\/\/www.clebinho.pro.br\/wp\/wp-content\/uploads\/2019\/07\/t_1502992427658_name_20170817_KKKrally_licensedfootage-1024x576.jpg 1024w, https:\/\/www.clebinho.pro.br\/wp\/wp-content\/uploads\/2019\/07\/t_1502992427658_name_20170817_KKKrally_licensedfootage.jpg 1920w\" sizes=\"(max-width: 300px) 100vw, 300px\" \/><\/a><p id=\"caption-attachment-16528\" class=\"wp-caption-text\">Passeata da Klan em Washington. Imagem: Internet.<\/p><\/div>\n<p>.<\/p>\n<p style=\"text-align: justify;\">Evidentemente, flertou com o nazismo alem\u00e3o, mas o ataque a Pearl Harbor sepultou qualquer tipo de alinhamento entre as duas doutrinas.<\/p>\n<p style=\"text-align: justify;\">A Crise de 29 e posteriormente a 2\u00ba Guerra Mundial foram eventos t\u00e3o poderosos que a fal\u00e1cia racial da Klan se tornou algo menor, mais uma vez perdendo for\u00e7a entre os norte-americanos. A cobran\u00e7a governamental de uma antiga d\u00edvida fiscal foi a p\u00e1 de cal nessa segunda fase do movimento.<\/p>\n<div id=\"attachment_16533\" style=\"width: 310px\" class=\"wp-caption aligncenter\"><a href=\"https:\/\/clebinho.pro.br\/wp\/wp-content\/uploads\/2019\/07\/ku-klux-klan-cover.jpg\"><img loading=\"lazy\" decoding=\"async\" aria-describedby=\"caption-attachment-16533\" class=\"wp-image-16533 size-medium\" src=\"https:\/\/clebinho.pro.br\/wp\/wp-content\/uploads\/2019\/07\/ku-klux-klan-cover-300x169.jpg\" alt=\"\" width=\"300\" height=\"169\" srcset=\"https:\/\/www.clebinho.pro.br\/wp\/wp-content\/uploads\/2019\/07\/ku-klux-klan-cover-300x169.jpg 300w, https:\/\/www.clebinho.pro.br\/wp\/wp-content\/uploads\/2019\/07\/ku-klux-klan-cover-768x432.jpg 768w, https:\/\/www.clebinho.pro.br\/wp\/wp-content\/uploads\/2019\/07\/ku-klux-klan-cover-1024x576.jpg 1024w, https:\/\/www.clebinho.pro.br\/wp\/wp-content\/uploads\/2019\/07\/ku-klux-klan-cover.jpg 1920w\" sizes=\"(max-width: 300px) 100vw, 300px\" \/><\/a><p id=\"caption-attachment-16533\" class=\"wp-caption-text\">Ritual de queima da cruz, em meados da d\u00e9cada de 1940, adicionado ao grupo nesse segundo momento. Era um forma de aterrorizar quem via de longe as reuni\u00f5es do grupo. Em alguns casos, cruzes menores eram queimadas em frente casas de alvos da fraternidade, provocando pavor. Imagem: Internet.<\/p><\/div>\n<p>.<\/p>\n<p style=\"text-align: justify;\">A partir de 1944, a KKK n\u00e3o mais conseguiu arrebanhar seguidores como antes, se tornando algo subterr\u00e2neo, secreto.<\/p>\n<p style=\"text-align: justify;\"><span style=\"color: #ff0000;\"><strong>3\u00ba Klan<\/strong><\/span><\/p>\n<p style=\"text-align: justify;\">A luta pelos direitos civis ocorrida nos EUA a partir do final da d\u00e9cada de 1950, mais uma vez, despertou os dem\u00f4nios dos supremacistas. Em um mundo mais moderno, a Klan se tornou algo difuso. Lutavam contra os negros durante a d\u00e9cada de 1960, depois foram adicionados outros alvos, entre eles os mu\u00e7ulmanos, ap\u00f3s o 11 de setembro. Atualmente, tamb\u00e9m focam as aten\u00e7\u00f5es nos homossexuais e imigrantes, em especial os latinos.<\/p>\n<p style=\"text-align: justify;\">Cobran\u00e7as de indeniza\u00e7\u00f5es contra a\u00e7\u00f5es do passado limitaram a organiza\u00e7\u00e3o a um n\u00edvel bem menor. A infiltra\u00e7\u00e3o de agentes secretos entre seus membros, descobrindo v\u00e1rias irregularidades e viol\u00eancia, tamb\u00e9m contribuiu para a diminui\u00e7\u00e3o do grupo.<\/p>\n<p style=\"text-align: justify;\">Ainda assim, est\u00e3o de p\u00e9, no governo Trump inclusive ganharam for\u00e7a, est\u00e3o se sentindo um tanto quanto confort\u00e1veis novamente.<\/p>\n<div id=\"attachment_16537\" style=\"width: 310px\" class=\"wp-caption aligncenter\"><a href=\"https:\/\/clebinho.pro.br\/wp\/wp-content\/uploads\/2019\/07\/T790871A.jpg\"><img loading=\"lazy\" decoding=\"async\" aria-describedby=\"caption-attachment-16537\" class=\"wp-image-16537 size-medium\" src=\"https:\/\/clebinho.pro.br\/wp\/wp-content\/uploads\/2019\/07\/T790871A-300x201.jpg\" alt=\"\" width=\"300\" height=\"201\" srcset=\"https:\/\/www.clebinho.pro.br\/wp\/wp-content\/uploads\/2019\/07\/T790871A-300x201.jpg 300w, https:\/\/www.clebinho.pro.br\/wp\/wp-content\/uploads\/2019\/07\/T790871A.jpg 548w\" sizes=\"(max-width: 300px) 100vw, 300px\" \/><\/a><p id=\"caption-attachment-16537\" class=\"wp-caption-text\">Atuais membros da Klan. S\u00e3o perigosos, entram nas mentes mais fracas e ainda conseguem arregimentar novos membros. Imagem: Internet.<\/p><\/div>\n<p>.<\/p>\n<p style=\"text-align: justify;\">No s\u00e9culo 21, se aliaram a grupos de extrema direita, misturando uma s\u00e9rie de \u00f3dios em um grande balaio racista e xen\u00f3fobo. Nos EUA n\u00e3o \u00e9 crime participar da Klan, \u00e9 um direito do cidad\u00e3o, a liberdade de express\u00e3o est\u00e1 na constitui\u00e7\u00e3o do pa\u00eds, desde que n\u00e3o cometa viol\u00eancia contra algu\u00e9m. Acredita-se que atualmente existam 8 mil pessoas ligadas ao grupo. Algo pequeno em rela\u00e7\u00e3o ao passado, mas gigantesco frente ao que defendem.<\/p>\n<div id=\"attachment_16535\" style=\"width: 310px\" class=\"wp-caption aligncenter\"><a href=\"https:\/\/clebinho.pro.br\/wp\/wp-content\/uploads\/2019\/07\/oYvDFJinO37F9D.jpg\"><img loading=\"lazy\" decoding=\"async\" aria-describedby=\"caption-attachment-16535\" class=\"wp-image-16535 size-medium\" src=\"https:\/\/clebinho.pro.br\/wp\/wp-content\/uploads\/2019\/07\/oYvDFJinO37F9D-300x209.jpg\" alt=\"\" width=\"300\" height=\"209\" srcset=\"https:\/\/www.clebinho.pro.br\/wp\/wp-content\/uploads\/2019\/07\/oYvDFJinO37F9D-300x209.jpg 300w, https:\/\/www.clebinho.pro.br\/wp\/wp-content\/uploads\/2019\/07\/oYvDFJinO37F9D.jpg 760w\" sizes=\"(max-width: 300px) 100vw, 300px\" \/><\/a><p id=\"caption-attachment-16535\" class=\"wp-caption-text\">Estados onde a KKK atua. Imagem: Internet.<\/p><\/div>\n<p>.<\/p>\n<p style=\"text-align: justify;\">Em um pa\u00eds com tremenda tend\u00eancia a atiradores em s\u00e9rie, a Ku Klux Klan em nada ajuda, servindo como disseminadora de uma f\u00faria incompreens\u00edvel.\u00a0Em 2015, o grupo completou 150 anos e seus l\u00edderes pronunciaram frases de \u00f3dio, como pode ser observado <a href=\"https:\/\/www.clebinho.pro.br\/wp\/?p=16103\" target=\"_blank\" rel=\"noopener\">em reportagem do site BBC, confiram.<\/a><\/p>\n<p><strong>Quer se preparar para o Enem com o Clebinho?<\/strong><\/p>\n<p><strong>Siga o Professor Clebinho nas redes sociais, clique nos links: <\/strong><b>\u00a0<a href=\"https:\/\/www.instagram.com\/professor.clebinho\/?hl=en\">Instagram<\/a><\/b><strong>\u00a0\u00a0<\/strong><a href=\"https:\/\/br.linkedin.com\/in\/professor-clebinho-83402218a\" target=\"_blank\" rel=\"noopener noreferrer\"><strong>Linkedin<\/strong><\/a><strong>\u00a0 \u00a0 \u00a0\u00a0<\/strong><a href=\"https:\/\/www.youtube.com\/channel\/UCPJKhdHCtO52vr5LIFOKcsQ\" target=\"_blank\" rel=\"noopener noreferrer\"><strong>Youtube<\/strong><\/a><\/p>\n<p style=\"text-align: justify;\">Publicado em 30.07.2019<\/p>\n","protected":false},"excerpt":{"rendered":"<p>Ku Klux Klan, termo que imediatamente nos remete a algo ruim, racista e violento. \u00c9 verdade, mas o que poucas pessoas sabem \u00e9 que n\u00e3o existiu uma \u00fanica &#8220;KKK&#8221;, forma abreviada de se referir a esse grupo terrorista. O ser humano insiste no erro, por isso \u00e9 de extrema import\u00e2ncia compreender a g\u00eanese do grupo, [&hellip;]<\/p>\n","protected":false},"author":2,"featured_media":16539,"comment_status":"open","ping_status":"open","sticky":false,"template":"","format":"standard","meta":{"footnotes":""},"categories":[71,1,5,3,140],"tags":[2004,2005,20,2008,1975,2006,1878,2007,32],"yoast_head":"<!-- This site is optimized with the Yoast SEO plugin v20.3 - https:\/\/yoast.com\/wordpress\/plugins\/seo\/ -->\n<title>244. Ku Klux Klan - Blog do Professor Clebinho<\/title>\n<meta name=\"robots\" content=\"index, follow, max-snippet:-1, max-image-preview:large, max-video-preview:-1\" \/>\n<link rel=\"canonical\" href=\"https:\/\/www.clebinho.pro.br\/wp\/?p=16430\" \/>\n<meta property=\"og:locale\" content=\"pt_BR\" \/>\n<meta property=\"og:type\" content=\"article\" \/>\n<meta property=\"og:title\" content=\"244. Ku Klux Klan - Blog do Professor Clebinho\" \/>\n<meta property=\"og:description\" content=\"Ku Klux Klan, termo que imediatamente nos remete a algo ruim, racista e violento. \u00c9 verdade, mas o que poucas pessoas sabem \u00e9 que n\u00e3o existiu uma \u00fanica &#8220;KKK&#8221;, forma abreviada de se referir a esse grupo terrorista. O ser humano insiste no erro, por isso \u00e9 de extrema import\u00e2ncia compreender a g\u00eanese do grupo, [&hellip;]\" \/>\n<meta property=\"og:url\" content=\"https:\/\/www.clebinho.pro.br\/wp\/?p=16430\" \/>\n<meta property=\"og:site_name\" content=\"Blog do Professor Clebinho\" \/>\n<meta property=\"article:published_time\" content=\"2019-07-28T13:08:21+00:00\" \/>\n<meta property=\"article:modified_time\" content=\"2025-01-22T20:27:42+00:00\" \/>\n<meta property=\"og:image\" content=\"https:\/\/clebinho.pro.br\/wp\/wp-content\/uploads\/2019\/07\/a50ac88bc2f416185f274300de8d7762.jpg\" \/>\n\t<meta property=\"og:image:width\" content=\"640\" \/>\n\t<meta property=\"og:image:height\" content=\"414\" \/>\n\t<meta property=\"og:image:type\" content=\"image\/jpeg\" \/>\n<meta name=\"author\" content=\"Professor Clebinho\" \/>\n<meta name=\"twitter:card\" content=\"summary_large_image\" \/>\n<meta name=\"twitter:label1\" content=\"Escrito por\" \/>\n\t<meta name=\"twitter:data1\" content=\"Professor Clebinho\" \/>\n\t<meta name=\"twitter:label2\" content=\"Est. tempo de leitura\" \/>\n\t<meta name=\"twitter:data2\" content=\"7 minutos\" \/>\n<script type=\"application\/ld+json\" class=\"yoast-schema-graph\">{\"@context\":\"https:\/\/schema.org\",\"@graph\":[{\"@type\":\"WebPage\",\"@id\":\"https:\/\/www.clebinho.pro.br\/wp\/?p=16430\",\"url\":\"https:\/\/www.clebinho.pro.br\/wp\/?p=16430\",\"name\":\"244. Ku Klux Klan - Blog do Professor Clebinho\",\"isPartOf\":{\"@id\":\"https:\/\/www.clebinho.pro.br\/wp\/#website\"},\"datePublished\":\"2019-07-28T13:08:21+00:00\",\"dateModified\":\"2025-01-22T20:27:42+00:00\",\"author\":{\"@id\":\"https:\/\/www.clebinho.pro.br\/wp\/#\/schema\/person\/73417286de03a1ad762ac7d8ca8c6b77\"},\"breadcrumb\":{\"@id\":\"https:\/\/www.clebinho.pro.br\/wp\/?p=16430#breadcrumb\"},\"inLanguage\":\"pt-BR\",\"potentialAction\":[{\"@type\":\"ReadAction\",\"target\":[\"https:\/\/www.clebinho.pro.br\/wp\/?p=16430\"]}]},{\"@type\":\"BreadcrumbList\",\"@id\":\"https:\/\/www.clebinho.pro.br\/wp\/?p=16430#breadcrumb\",\"itemListElement\":[{\"@type\":\"ListItem\",\"position\":1,\"name\":\"In\u00edcio\",\"item\":\"https:\/\/www.clebinho.pro.br\/wp\"},{\"@type\":\"ListItem\",\"position\":2,\"name\":\"244. Ku Klux Klan\"}]},{\"@type\":\"WebSite\",\"@id\":\"https:\/\/www.clebinho.pro.br\/wp\/#website\",\"url\":\"https:\/\/www.clebinho.pro.br\/wp\/\",\"name\":\"Blog do Professor Clebinho\",\"description\":\"Um espa\u00e7o virtual privilegiado oferecido pelo professor Clebinho, seus alunos, ex-alunos e demais interessados no debate de atualidades, hist\u00f3ria, geografia, geopolitica e meio ambiente\",\"potentialAction\":[{\"@type\":\"SearchAction\",\"target\":{\"@type\":\"EntryPoint\",\"urlTemplate\":\"https:\/\/www.clebinho.pro.br\/wp\/?s={search_term_string}\"},\"query-input\":\"required name=search_term_string\"}],\"inLanguage\":\"pt-BR\"},{\"@type\":\"Person\",\"@id\":\"https:\/\/www.clebinho.pro.br\/wp\/#\/schema\/person\/73417286de03a1ad762ac7d8ca8c6b77\",\"name\":\"Professor Clebinho\",\"image\":{\"@type\":\"ImageObject\",\"inLanguage\":\"pt-BR\",\"@id\":\"https:\/\/www.clebinho.pro.br\/wp\/#\/schema\/person\/image\/\",\"url\":\"https:\/\/secure.gravatar.com\/avatar\/bb922115afcbfb086f9c52d1dd4a20fa?s=96&d=mm&r=g\",\"contentUrl\":\"https:\/\/secure.gravatar.com\/avatar\/bb922115afcbfb086f9c52d1dd4a20fa?s=96&d=mm&r=g\",\"caption\":\"Professor Clebinho\"},\"sameAs\":[\"https:\/\/www.clebinho.pro.br\/wp\"],\"url\":\"https:\/\/www.clebinho.pro.br\/wp\/?author=2\"}]}<\/script>\n<!-- \/ Yoast SEO plugin. -->","yoast_head_json":{"title":"244. Ku Klux Klan - Blog do Professor Clebinho","robots":{"index":"index","follow":"follow","max-snippet":"max-snippet:-1","max-image-preview":"max-image-preview:large","max-video-preview":"max-video-preview:-1"},"canonical":"https:\/\/www.clebinho.pro.br\/wp\/?p=16430","og_locale":"pt_BR","og_type":"article","og_title":"244. Ku Klux Klan - Blog do Professor Clebinho","og_description":"Ku Klux Klan, termo que imediatamente nos remete a algo ruim, racista e violento. \u00c9 verdade, mas o que poucas pessoas sabem \u00e9 que n\u00e3o existiu uma \u00fanica &#8220;KKK&#8221;, forma abreviada de se referir a esse grupo terrorista. O ser humano insiste no erro, por isso \u00e9 de extrema import\u00e2ncia compreender a g\u00eanese do grupo, [&hellip;]","og_url":"https:\/\/www.clebinho.pro.br\/wp\/?p=16430","og_site_name":"Blog do Professor Clebinho","article_published_time":"2019-07-28T13:08:21+00:00","article_modified_time":"2025-01-22T20:27:42+00:00","og_image":[{"width":640,"height":414,"url":"https:\/\/clebinho.pro.br\/wp\/wp-content\/uploads\/2019\/07\/a50ac88bc2f416185f274300de8d7762.jpg","type":"image\/jpeg"}],"author":"Professor Clebinho","twitter_card":"summary_large_image","twitter_misc":{"Escrito por":"Professor Clebinho","Est. tempo de leitura":"7 minutos"},"schema":{"@context":"https:\/\/schema.org","@graph":[{"@type":"WebPage","@id":"https:\/\/www.clebinho.pro.br\/wp\/?p=16430","url":"https:\/\/www.clebinho.pro.br\/wp\/?p=16430","name":"244. Ku Klux Klan - Blog do Professor Clebinho","isPartOf":{"@id":"https:\/\/www.clebinho.pro.br\/wp\/#website"},"datePublished":"2019-07-28T13:08:21+00:00","dateModified":"2025-01-22T20:27:42+00:00","author":{"@id":"https:\/\/www.clebinho.pro.br\/wp\/#\/schema\/person\/73417286de03a1ad762ac7d8ca8c6b77"},"breadcrumb":{"@id":"https:\/\/www.clebinho.pro.br\/wp\/?p=16430#breadcrumb"},"inLanguage":"pt-BR","potentialAction":[{"@type":"ReadAction","target":["https:\/\/www.clebinho.pro.br\/wp\/?p=16430"]}]},{"@type":"BreadcrumbList","@id":"https:\/\/www.clebinho.pro.br\/wp\/?p=16430#breadcrumb","itemListElement":[{"@type":"ListItem","position":1,"name":"In\u00edcio","item":"https:\/\/www.clebinho.pro.br\/wp"},{"@type":"ListItem","position":2,"name":"244. Ku Klux Klan"}]},{"@type":"WebSite","@id":"https:\/\/www.clebinho.pro.br\/wp\/#website","url":"https:\/\/www.clebinho.pro.br\/wp\/","name":"Blog do Professor Clebinho","description":"Um espa\u00e7o virtual privilegiado oferecido pelo professor Clebinho, seus alunos, ex-alunos e demais interessados no debate de atualidades, hist\u00f3ria, geografia, geopolitica e meio ambiente","potentialAction":[{"@type":"SearchAction","target":{"@type":"EntryPoint","urlTemplate":"https:\/\/www.clebinho.pro.br\/wp\/?s={search_term_string}"},"query-input":"required name=search_term_string"}],"inLanguage":"pt-BR"},{"@type":"Person","@id":"https:\/\/www.clebinho.pro.br\/wp\/#\/schema\/person\/73417286de03a1ad762ac7d8ca8c6b77","name":"Professor Clebinho","image":{"@type":"ImageObject","inLanguage":"pt-BR","@id":"https:\/\/www.clebinho.pro.br\/wp\/#\/schema\/person\/image\/","url":"https:\/\/secure.gravatar.com\/avatar\/bb922115afcbfb086f9c52d1dd4a20fa?s=96&d=mm&r=g","contentUrl":"https:\/\/secure.gravatar.com\/avatar\/bb922115afcbfb086f9c52d1dd4a20fa?s=96&d=mm&r=g","caption":"Professor Clebinho"},"sameAs":["https:\/\/www.clebinho.pro.br\/wp"],"url":"https:\/\/www.clebinho.pro.br\/wp\/?author=2"}]}},"_links":{"self":[{"href":"https:\/\/www.clebinho.pro.br\/wp\/index.php?rest_route=\/wp\/v2\/posts\/16430"}],"collection":[{"href":"https:\/\/www.clebinho.pro.br\/wp\/index.php?rest_route=\/wp\/v2\/posts"}],"about":[{"href":"https:\/\/www.clebinho.pro.br\/wp\/index.php?rest_route=\/wp\/v2\/types\/post"}],"author":[{"embeddable":true,"href":"https:\/\/www.clebinho.pro.br\/wp\/index.php?rest_route=\/wp\/v2\/users\/2"}],"replies":[{"embeddable":true,"href":"https:\/\/www.clebinho.pro.br\/wp\/index.php?rest_route=%2Fwp%2Fv2%2Fcomments&post=16430"}],"version-history":[{"count":48,"href":"https:\/\/www.clebinho.pro.br\/wp\/index.php?rest_route=\/wp\/v2\/posts\/16430\/revisions"}],"predecessor-version":[{"id":18280,"href":"https:\/\/www.clebinho.pro.br\/wp\/index.php?rest_route=\/wp\/v2\/posts\/16430\/revisions\/18280"}],"wp:featuredmedia":[{"embeddable":true,"href":"https:\/\/www.clebinho.pro.br\/wp\/index.php?rest_route=\/wp\/v2\/media\/16539"}],"wp:attachment":[{"href":"https:\/\/www.clebinho.pro.br\/wp\/index.php?rest_route=%2Fwp%2Fv2%2Fmedia&parent=16430"}],"wp:term":[{"taxonomy":"category","embeddable":true,"href":"https:\/\/www.clebinho.pro.br\/wp\/index.php?rest_route=%2Fwp%2Fv2%2Fcategories&post=16430"},{"taxonomy":"post_tag","embeddable":true,"href":"https:\/\/www.clebinho.pro.br\/wp\/index.php?rest_route=%2Fwp%2Fv2%2Ftags&post=16430"}],"curies":[{"name":"wp","href":"https:\/\/api.w.org\/{rel}","templated":true}]}}