{"id":17626,"date":"2019-12-05T09:13:08","date_gmt":"2019-12-05T11:13:08","guid":{"rendered":"http:\/\/www.clebinho.pro.br\/?p=17626"},"modified":"2025-01-22T17:22:47","modified_gmt":"2025-01-22T20:22:47","slug":"257-baixa-idade-media-inquisicao-e-peste-negra","status":"publish","type":"post","link":"https:\/\/www.clebinho.pro.br\/wp\/?p=17626","title":{"rendered":"257. Baixa Idade M\u00e9dia"},"content":{"rendered":"<p><a href=\"https:\/\/www.clebinho.pro.br\/wp\/wp\/?p=17580\" target=\"_blank\" rel=\"noopener\">Em nosso \u00faltimo texto<\/a> abordamos a queda de Roma e a tumultuada Alta idade M\u00e9dia. O assunto continua, com a decad\u00eancia do Feudalismo.<\/p>\n<div id=\"attachment_17710\" style=\"width: 310px\" class=\"wp-caption aligncenter\"><a href=\"https:\/\/clebinho.pro.br\/wp\/wp-content\/uploads\/2019\/12\/slide-idade-mdia-3-638.jpg\"><img loading=\"lazy\" decoding=\"async\" aria-describedby=\"caption-attachment-17710\" class=\"wp-image-17710 size-medium\" src=\"https:\/\/clebinho.pro.br\/wp\/wp-content\/uploads\/2019\/12\/slide-idade-mdia-3-638-300x225.jpg\" alt=\"\" width=\"300\" height=\"225\" srcset=\"https:\/\/www.clebinho.pro.br\/wp\/wp-content\/uploads\/2019\/12\/slide-idade-mdia-3-638-300x225.jpg 300w, https:\/\/www.clebinho.pro.br\/wp\/wp-content\/uploads\/2019\/12\/slide-idade-mdia-3-638.jpg 638w\" sizes=\"(max-width: 300px) 100vw, 300px\" \/><\/a><p id=\"caption-attachment-17710\" class=\"wp-caption-text\">O s\u00e9culo XI marca o auge do feudalismo. Por sua vez, obviamente tamb\u00e9m marca o decl\u00ednio desse sistema, assim como a transi\u00e7\u00e3o da Alta para a Baixa Idade M\u00e9dia. . Imagem: Internet.<\/p><\/div>\n<p>.<\/p>\n<h3 style=\"text-align: justify;\"><span style=\"color: #ff0000;\"><strong>Baixa Idade M\u00e9dia<\/strong><\/span><\/h3>\n<p style=\"text-align: justify;\">O s\u00e9culo XI marca o final da Alta Idade M\u00e9dia. Uma s\u00e9rie de acontecimentos movimentou a Europa naquele momento. Regi\u00f5es n\u00e3o agricult\u00e1veis se tornaram produtivas gra\u00e7as a avan\u00e7os tecnol\u00f3gicos e o cavalo passou a ser usado como tra\u00e7\u00e3o animal. A produ\u00e7\u00e3o no campo disparou.<\/p>\n<p style=\"text-align: justify;\">O excedente passou a ser comercializado, gerando um renascimento do com\u00e9rcio na Europa. A popula\u00e7\u00e3o tamb\u00e9m cresceu. Esses fatos levaram a volta das moedas, relativamente esquecidas por um tempo.<\/p>\n<div id=\"attachment_17713\" style=\"width: 310px\" class=\"wp-caption aligncenter\"><a href=\"https:\/\/clebinho.pro.br\/wp\/wp-content\/uploads\/2019\/12\/gr\u00e1fico_1.png\"><img loading=\"lazy\" decoding=\"async\" aria-describedby=\"caption-attachment-17713\" class=\"wp-image-17713 size-medium\" src=\"https:\/\/clebinho.pro.br\/wp\/wp-content\/uploads\/2019\/12\/gr\u00e1fico_1-300x213.png\" alt=\"\" width=\"300\" height=\"213\" srcset=\"https:\/\/www.clebinho.pro.br\/wp\/wp-content\/uploads\/2019\/12\/gr\u00e1fico_1-300x213.png 300w, https:\/\/www.clebinho.pro.br\/wp\/wp-content\/uploads\/2019\/12\/gr\u00e1fico_1.png 450w\" sizes=\"(max-width: 300px) 100vw, 300px\" \/><\/a><p id=\"caption-attachment-17713\" class=\"wp-caption-text\">A partir do s\u00e9culo XI a popula\u00e7\u00e3o europeia cresceu, gerando mais for\u00e7a de trabalho e mercado consumidor. Imagem: Internet.<\/p><\/div>\n<p>.<\/p>\n<p style=\"text-align: justify;\">A cada gera\u00e7\u00e3o os nobres repartiam terras entre seus descendentes. Com isso, o poder de cada um foi diminuindo, gerando in\u00fameras disputas por terras e fronteiras. Com isso, se fez necess\u00e1rio um poder central cada vez maior, promovendo o retorno da for\u00e7a dos monarcas frente aos nobres.<\/p>\n<p style=\"text-align: justify;\"><span style=\"color: #000080;\"><strong>As Cruzadas<\/strong><\/span><\/p>\n<p style=\"text-align: justify;\">Um grande evento da Idade M\u00e9dia teve in\u00edcio com o Papa\u00a0Urbano II, convocando todos os crist\u00e3os a uma guerra religiosa contra o Isl\u00e3. Esse movimento gerou as Cruzadas, expedi\u00e7\u00f5es em dire\u00e7\u00e3o ao Oriente M\u00e9dio com o prop\u00f3sito de &#8220;recuperar&#8221; Jerusal\u00e9m, \u00faltima cidade visitada por Jesus Cristo e onde ele foi crucificado.<\/p>\n<p style=\"text-align: justify;\">As Cruzadas duraram de 1.095 a 1.291, um banho de sangue entre crist\u00e3os e mu\u00e7ulmanos. Na verdade, sabemos que por tr\u00e1s da religi\u00e3o existia a necessidade de expandir mercados consumidores e ampliar as terras para os nobres e a Igreja. A palavra de Jesus mais uma vez foi deturpada para interesses particulares.<\/p>\n<div id=\"attachment_17718\" style=\"width: 310px\" class=\"wp-caption aligncenter\"><a href=\"https:\/\/clebinho.pro.br\/wp\/wp-content\/uploads\/2019\/12\/47-CRUZADAS.png\"><img loading=\"lazy\" decoding=\"async\" aria-describedby=\"caption-attachment-17718\" class=\"wp-image-17718 size-medium\" src=\"https:\/\/clebinho.pro.br\/wp\/wp-content\/uploads\/2019\/12\/47-CRUZADAS-300x130.png\" alt=\"\" width=\"300\" height=\"130\" srcset=\"https:\/\/www.clebinho.pro.br\/wp\/wp-content\/uploads\/2019\/12\/47-CRUZADAS-300x130.png 300w, https:\/\/www.clebinho.pro.br\/wp\/wp-content\/uploads\/2019\/12\/47-CRUZADAS-768x334.png 768w, https:\/\/www.clebinho.pro.br\/wp\/wp-content\/uploads\/2019\/12\/47-CRUZADAS.png 805w\" sizes=\"(max-width: 300px) 100vw, 300px\" \/><\/a><p id=\"caption-attachment-17718\" class=\"wp-caption-text\">A ordem dos Cavaleiros Templ\u00e1rios foi a mais poderosa da cristandade. Tamb\u00e9m foi tamb\u00e9m uma das mais curtas, com dois s\u00e9culos de exist\u00eancia, foi aniquilada pelo rei da Fran\u00e7a, Filipe IV, o Belo. Imagem: Internet.<\/p><\/div>\n<p>.<\/p>\n<p style=\"text-align: justify;\">Essas miss\u00f5es armadas desbravaram rotas de com\u00e9rcio, trazendo para a Europa novos produtos, que ficaram conhecidos como especiarias (cravo, pimenta, gengibre, tecidos, anil, &#8230;). As trocas comerciais voltaram a estar em alta.<\/p>\n<p style=\"text-align: justify;\">As estradas n\u00e3o eram confi\u00e1veis, sempre existiam saqueadores, al\u00e9m de cobran\u00e7as de impostos pelos donos das terras. Ent\u00e3o, os vendedores resolveram criar pontos fixos de vendas, algo parecido com as feiras de hoje. Dessa forma, o consumidor se direcionava ao produto e n\u00e3o o contr\u00e1rio.<\/p>\n<p style=\"text-align: justify;\">Ao redor desses pontos, estrategicamente posicionados em encruzilhas, foram surgindo pequenas vilas, evoluindo para cidades ao longo do tempo. Foram sendo fortificadas e passaram a ser chamadas de burgos. Os comerciantes que moravam nesses locais passaram a ser chamados de burgueses, dando origem ao termo atualmente usado para pessoas de posse. Obviamente, naquele momento inicial, eles nada tinham de ricos, apesar de j\u00e1 controlarem o incipiente com\u00e9rcio da \u00e9poca.<\/p>\n<div id=\"attachment_17720\" style=\"width: 310px\" class=\"wp-caption aligncenter\"><a href=\"https:\/\/clebinho.pro.br\/wp\/wp-content\/uploads\/2019\/12\/burgo.jpg\"><img loading=\"lazy\" decoding=\"async\" aria-describedby=\"caption-attachment-17720\" class=\"wp-image-17720 size-medium\" src=\"https:\/\/clebinho.pro.br\/wp\/wp-content\/uploads\/2019\/12\/burgo-300x173.jpg\" alt=\"\" width=\"300\" height=\"173\" srcset=\"https:\/\/www.clebinho.pro.br\/wp\/wp-content\/uploads\/2019\/12\/burgo-300x173.jpg 300w, https:\/\/www.clebinho.pro.br\/wp\/wp-content\/uploads\/2019\/12\/burgo.jpg 512w\" sizes=\"(max-width: 300px) 100vw, 300px\" \/><\/a><p id=\"caption-attachment-17720\" class=\"wp-caption-text\">Exemplo t\u00edpico do que eram os burgos, cidades muradas onde o com\u00e9rcio florescia. Em alguns casos os nobres tamb\u00e9m viviam dentro da cidade murada. Imagem: Internet.<\/p><\/div>\n<p>.<\/p>\n<p style=\"text-align: justify;\">A situa\u00e7\u00e3o exigia mudan\u00e7as e a pr\u00f3pria burguesia medieval via com bons olhos a centraliza\u00e7\u00e3o do poder em um rei, dando maior tranquilidade a regi\u00e3o, al\u00e9m de unificar medidas e moedas. A cria\u00e7\u00e3o dos modernos Estados europeus teve in\u00edcio ap\u00f3s estas mudan\u00e7as.<\/p>\n<p style=\"text-align: justify;\"><span style=\"color: #000080;\"><strong>Inquisi\u00e7\u00e3o<\/strong><\/span><\/p>\n<p style=\"text-align: justify;\">Voltando um pouco na hist\u00f3ria, durante a Baixa Idade M\u00e9dia tivemos uma ca\u00e7a impiedosa<strong>. <\/strong>Tudo tem in\u00edcio com o sincretismo religioso, mistura de cristianismo com outras seitas, algo que desagrava muito a Igreja Cat\u00f3lica. Os adeptos dessas misturas eram chamados de hereges.<\/p>\n<p style=\"text-align: justify;\">Um povo em especial chamava a aten\u00e7\u00e3o, os\u00a0<strong>c\u00e1taros<\/strong>, termo que vem do grego e significa \u201cpuros\u201d. Tinham uma vis\u00e3o completamente oposta a dos papas, acreditavam que o mundo havia sido criado por uma divindade de car\u00e1ter duvidoso, mal\u00e9fica. Eram\u00a0Gn\u00f3sticos e manique\u00edstas, acreditando na exist\u00eancia do Bem e do Mal.<\/p>\n<p>Para eles, o corpo f\u00edsico era uma pris\u00e3o. S\u00f3 nos libertar\u00edamos ap\u00f3s a morte.\u00a0Sendo assim, os humanos eram corruptos e o fim da procria\u00e7\u00e3o era necess\u00e1rio. Eram malucos, acreditavam que ter filhos era\u00a0 trazer ao mundo mais mat\u00e9ria, mais maldade.<\/p>\n<div id=\"attachment_17723\" style=\"width: 310px\" class=\"wp-caption aligncenter\"><a href=\"https:\/\/clebinho.pro.br\/wp\/wp-content\/uploads\/2019\/12\/cataros-capas-1093504_widelg.png\"><img loading=\"lazy\" decoding=\"async\" aria-describedby=\"caption-attachment-17723\" class=\"wp-image-17723 size-medium\" src=\"https:\/\/clebinho.pro.br\/wp\/wp-content\/uploads\/2019\/12\/cataros-capas-1093504_widelg-300x157.png\" alt=\"\" width=\"300\" height=\"157\" srcset=\"https:\/\/www.clebinho.pro.br\/wp\/wp-content\/uploads\/2019\/12\/cataros-capas-1093504_widelg-300x157.png 300w, https:\/\/www.clebinho.pro.br\/wp\/wp-content\/uploads\/2019\/12\/cataros-capas-1093504_widelg.png 768w\" sizes=\"(max-width: 300px) 100vw, 300px\" \/><\/a><p id=\"caption-attachment-17723\" class=\"wp-caption-text\">Os C\u00e1taros foram perseguidos e dizimados. Foram os primeiros alvos da Inquisi\u00e7\u00e3o. Imagem: Internet.<\/p><\/div>\n<p>.<\/p>\n<p style=\"text-align: justify;\">Contra o avan\u00e7o dessa seita foi realizado o s\u00ednodo de Verona, em 1.148. Juntos, o Papa L\u00facio III e o Imperador <strong>Frederico Barbarossa\u00b9<\/strong> lideraram um processo de persegui\u00e7\u00e3o sistem\u00e1tica a todos os hereges.\u00a0 Em 1.189, aproveitando a exist\u00eancia dos cruzados, o papa Inoc\u00eancio III ampliou o encal\u00e7o aos &#8220;inimigos&#8221;, declarando guerra aos c\u00e1taros.<\/p>\n<p style=\"text-align: justify;\">A desordem era total e as guerras produziram milhares de mortes. Para tentar &#8220;organizar&#8221; as persegui\u00e7\u00f5es, fazer delas algo mais padronizado e oficial, o papa Greg\u00f3rio IX criou <strong>Tribunal da Santa Inquisi\u00e7\u00e3o<\/strong>, em 1.231.\u00a0A palavra Inquisi\u00e7\u00e3o tem origem termo latino <em>inquisitio<\/em>, que significa &#8220;investiga\u00e7\u00e3o&#8221;.<\/p>\n<div id=\"attachment_17731\" style=\"width: 310px\" class=\"wp-caption aligncenter\"><a href=\"https:\/\/clebinho.pro.br\/wp\/wp-content\/uploads\/2019\/12\/1_8GGqUm5xLPFucmTqkH8P8g.jpeg\"><img loading=\"lazy\" decoding=\"async\" aria-describedby=\"caption-attachment-17731\" class=\"wp-image-17731 size-medium\" src=\"https:\/\/clebinho.pro.br\/wp\/wp-content\/uploads\/2019\/12\/1_8GGqUm5xLPFucmTqkH8P8g-300x204.jpeg\" alt=\"\" width=\"300\" height=\"204\" srcset=\"https:\/\/www.clebinho.pro.br\/wp\/wp-content\/uploads\/2019\/12\/1_8GGqUm5xLPFucmTqkH8P8g-300x204.jpeg 300w, https:\/\/www.clebinho.pro.br\/wp\/wp-content\/uploads\/2019\/12\/1_8GGqUm5xLPFucmTqkH8P8g.jpeg 640w\" sizes=\"(max-width: 300px) 100vw, 300px\" \/><\/a><p id=\"caption-attachment-17731\" class=\"wp-caption-text\">O tribunal era cruel. Julgava os suspeitos e, invariavelmente eram condenados a mortes horr\u00edveis. Quem cumpria as senten\u00e7as eram as for\u00e7as do Estado. Imagem: Internet.<\/p><\/div>\n<p>.<\/p>\n<p style=\"text-align: justify;\">Mais a frente na hist\u00f3ria, cientistas, desafetos da Igreja e dos monarcas, mulheres e judeus tamb\u00e9m foram perseguidos. No caso dos judeus o interesse era muito parecido ao de Hitler, tomar suas posses. A ca\u00e7a chegou at\u00e9 nas Am\u00e9ricas, trazida pelos colonizadores, s\u00f3 terminando no s\u00e9culo XIX.<\/p>\n<p style=\"text-align: justify;\">Em seu site, o Padre Paulo Ricardo escreveu sobre a Inquisi\u00e7\u00e3o, achei bem interessante e pol\u00eamico:<\/p>\n<p style=\"text-align: justify;\">&#8220;A Inquisi\u00e7\u00e3o funcionou como um rem\u00e9dio para o sistema, imunol\u00f3gico da Igreja: na linha da analogia do Ap\u00f3stolo, que compara a Igreja a um corpo m\u00edstico.\u00a0No decorrer dos tempos, esse mecanismo sempre esteve suscet\u00edvel a falhas,\u00a0seja por excesso, como acontecia nos s\u00e9culos XI e XII, por conta da heresia c\u00e1tara, seja por falta de a\u00e7\u00e3o, como acontece hoje, quando a Igreja \u00e9 incapaz de identificar o seu inimigo e agir efetivamente contra ele.&#8221;<\/p>\n<p style=\"text-align: justify;\"><a href=\"https:\/\/padrepauloricardo.org\/aulas\/a-inquisicao-em-seu-contexto\" target=\"_blank\" rel=\"noopener\">Leia o texto completo neste link.<\/a>\u00a0Obviamente, \u00e9 a vis\u00e3o de algu\u00e9m conservador e ligado a Igreja Cat\u00f3lica, que assume os erros mas tenta justificar a origem das a\u00e7\u00f5es. Ousada opini\u00e3o e nosso Blog n\u00e3o corrobora com ela, apesar de trazer o contradit\u00f3rio aqui.<\/p>\n<p>Em nosso pr\u00f3ximo texto finalizamos o assunto, com um dos acontecimentos mais impressionantes da hist\u00f3ria humana. Imperd\u00edvel!<\/p>\n<p><strong>Siga o Professor Clebinho nas redes sociais, clique nos links: <\/strong><b>\u00a0<a href=\"https:\/\/www.instagram.com\/professor.clebinho\/?hl=en\">Instagram<\/a><\/b><strong>\u00a0\u00a0<\/strong><a href=\"https:\/\/br.linkedin.com\/in\/professor-clebinho-83402218a\" target=\"_blank\" rel=\"noopener noreferrer\"><strong>Linkedin<\/strong><\/a><strong>\u00a0 \u00a0 \u00a0\u00a0<\/strong><a href=\"https:\/\/www.youtube.com\/channel\/UCPJKhdHCtO52vr5LIFOKcsQ\" target=\"_blank\" rel=\"noopener noreferrer\"><strong>Youtube<\/strong><\/a><\/p>\n<p>&nbsp;<\/p>\n<p style=\"text-align: justify;\"><strong>Prepara\u00e7\u00e3o para o Enem: Ligue (31) 99951-3797 e marque sua aula na Sala Lannes Belo Horizonte.<\/strong><\/p>\n<p style=\"text-align: justify;\"><b>1 &#8211;\u00a0<strong>Frederico Barbarossa: <\/strong><\/b>Foi Imperador do Sacro Imp\u00e9rio Romano-Germ\u00e2nico.<\/p>\n<p style=\"text-align: justify;\">Publicado em 05.12.2019<\/p>\n","protected":false},"excerpt":{"rendered":"<p>Em nosso \u00faltimo texto abordamos a queda de Roma e a tumultuada Alta idade M\u00e9dia. O assunto continua, com a decad\u00eancia do Feudalismo. . Baixa Idade M\u00e9dia O s\u00e9culo XI marca o final da Alta Idade M\u00e9dia. Uma s\u00e9rie de acontecimentos movimentou a Europa naquele momento. Regi\u00f5es n\u00e3o agricult\u00e1veis se tornaram produtivas gra\u00e7as a avan\u00e7os [&hellip;]<\/p>\n","protected":false},"author":2,"featured_media":17718,"comment_status":"open","ping_status":"open","sticky":false,"template":"","format":"standard","meta":{"footnotes":""},"categories":[71,1,5,3,140],"tags":[2075,2071,2077,2081,2078,2076,2080,2079,2073,30,2072,2069,463,2082,2074,2070,465],"yoast_head":"<!-- This site is optimized with the Yoast SEO plugin v20.3 - https:\/\/yoast.com\/wordpress\/plugins\/seo\/ -->\n<title>257. Baixa Idade M\u00e9dia - Blog do Professor Clebinho<\/title>\n<meta name=\"robots\" content=\"index, follow, max-snippet:-1, max-image-preview:large, max-video-preview:-1\" \/>\n<link rel=\"canonical\" href=\"https:\/\/www.clebinho.pro.br\/wp\/?p=17626\" \/>\n<meta property=\"og:locale\" content=\"pt_BR\" \/>\n<meta property=\"og:type\" content=\"article\" \/>\n<meta property=\"og:title\" content=\"257. Baixa Idade M\u00e9dia - Blog do Professor Clebinho\" \/>\n<meta property=\"og:description\" content=\"Em nosso \u00faltimo texto abordamos a queda de Roma e a tumultuada Alta idade M\u00e9dia. O assunto continua, com a decad\u00eancia do Feudalismo. . Baixa Idade M\u00e9dia O s\u00e9culo XI marca o final da Alta Idade M\u00e9dia. Uma s\u00e9rie de acontecimentos movimentou a Europa naquele momento. Regi\u00f5es n\u00e3o agricult\u00e1veis se tornaram produtivas gra\u00e7as a avan\u00e7os [&hellip;]\" \/>\n<meta property=\"og:url\" content=\"https:\/\/www.clebinho.pro.br\/wp\/?p=17626\" \/>\n<meta property=\"og:site_name\" content=\"Blog do Professor Clebinho\" \/>\n<meta property=\"article:published_time\" content=\"2019-12-05T11:13:08+00:00\" \/>\n<meta property=\"article:modified_time\" content=\"2025-01-22T20:22:47+00:00\" \/>\n<meta property=\"og:image\" content=\"https:\/\/clebinho.pro.br\/wp\/wp-content\/uploads\/2019\/12\/47-CRUZADAS.png\" \/>\n\t<meta property=\"og:image:width\" content=\"805\" \/>\n\t<meta property=\"og:image:height\" content=\"350\" \/>\n\t<meta property=\"og:image:type\" content=\"image\/png\" \/>\n<meta name=\"author\" content=\"Professor Clebinho\" \/>\n<meta name=\"twitter:card\" content=\"summary_large_image\" \/>\n<meta name=\"twitter:label1\" content=\"Escrito por\" \/>\n\t<meta name=\"twitter:data1\" content=\"Professor Clebinho\" \/>\n\t<meta name=\"twitter:label2\" content=\"Est. tempo de leitura\" \/>\n\t<meta name=\"twitter:data2\" content=\"8 minutos\" \/>\n<script type=\"application\/ld+json\" class=\"yoast-schema-graph\">{\"@context\":\"https:\/\/schema.org\",\"@graph\":[{\"@type\":\"WebPage\",\"@id\":\"https:\/\/www.clebinho.pro.br\/wp\/?p=17626\",\"url\":\"https:\/\/www.clebinho.pro.br\/wp\/?p=17626\",\"name\":\"257. Baixa Idade M\u00e9dia - Blog do Professor Clebinho\",\"isPartOf\":{\"@id\":\"https:\/\/www.clebinho.pro.br\/wp\/#website\"},\"datePublished\":\"2019-12-05T11:13:08+00:00\",\"dateModified\":\"2025-01-22T20:22:47+00:00\",\"author\":{\"@id\":\"https:\/\/www.clebinho.pro.br\/wp\/#\/schema\/person\/73417286de03a1ad762ac7d8ca8c6b77\"},\"breadcrumb\":{\"@id\":\"https:\/\/www.clebinho.pro.br\/wp\/?p=17626#breadcrumb\"},\"inLanguage\":\"pt-BR\",\"potentialAction\":[{\"@type\":\"ReadAction\",\"target\":[\"https:\/\/www.clebinho.pro.br\/wp\/?p=17626\"]}]},{\"@type\":\"BreadcrumbList\",\"@id\":\"https:\/\/www.clebinho.pro.br\/wp\/?p=17626#breadcrumb\",\"itemListElement\":[{\"@type\":\"ListItem\",\"position\":1,\"name\":\"In\u00edcio\",\"item\":\"https:\/\/www.clebinho.pro.br\/wp\"},{\"@type\":\"ListItem\",\"position\":2,\"name\":\"257. Baixa Idade M\u00e9dia\"}]},{\"@type\":\"WebSite\",\"@id\":\"https:\/\/www.clebinho.pro.br\/wp\/#website\",\"url\":\"https:\/\/www.clebinho.pro.br\/wp\/\",\"name\":\"Blog do Professor Clebinho\",\"description\":\"Um espa\u00e7o virtual privilegiado oferecido pelo professor Clebinho, seus alunos, ex-alunos e demais interessados no debate de atualidades, hist\u00f3ria, geografia, geopolitica e meio ambiente\",\"potentialAction\":[{\"@type\":\"SearchAction\",\"target\":{\"@type\":\"EntryPoint\",\"urlTemplate\":\"https:\/\/www.clebinho.pro.br\/wp\/?s={search_term_string}\"},\"query-input\":\"required name=search_term_string\"}],\"inLanguage\":\"pt-BR\"},{\"@type\":\"Person\",\"@id\":\"https:\/\/www.clebinho.pro.br\/wp\/#\/schema\/person\/73417286de03a1ad762ac7d8ca8c6b77\",\"name\":\"Professor Clebinho\",\"image\":{\"@type\":\"ImageObject\",\"inLanguage\":\"pt-BR\",\"@id\":\"https:\/\/www.clebinho.pro.br\/wp\/#\/schema\/person\/image\/\",\"url\":\"https:\/\/secure.gravatar.com\/avatar\/bb922115afcbfb086f9c52d1dd4a20fa?s=96&d=mm&r=g\",\"contentUrl\":\"https:\/\/secure.gravatar.com\/avatar\/bb922115afcbfb086f9c52d1dd4a20fa?s=96&d=mm&r=g\",\"caption\":\"Professor Clebinho\"},\"sameAs\":[\"https:\/\/www.clebinho.pro.br\/wp\"],\"url\":\"https:\/\/www.clebinho.pro.br\/wp\/?author=2\"}]}<\/script>\n<!-- \/ Yoast SEO plugin. -->","yoast_head_json":{"title":"257. Baixa Idade M\u00e9dia - Blog do Professor Clebinho","robots":{"index":"index","follow":"follow","max-snippet":"max-snippet:-1","max-image-preview":"max-image-preview:large","max-video-preview":"max-video-preview:-1"},"canonical":"https:\/\/www.clebinho.pro.br\/wp\/?p=17626","og_locale":"pt_BR","og_type":"article","og_title":"257. Baixa Idade M\u00e9dia - Blog do Professor Clebinho","og_description":"Em nosso \u00faltimo texto abordamos a queda de Roma e a tumultuada Alta idade M\u00e9dia. O assunto continua, com a decad\u00eancia do Feudalismo. . Baixa Idade M\u00e9dia O s\u00e9culo XI marca o final da Alta Idade M\u00e9dia. Uma s\u00e9rie de acontecimentos movimentou a Europa naquele momento. Regi\u00f5es n\u00e3o agricult\u00e1veis se tornaram produtivas gra\u00e7as a avan\u00e7os [&hellip;]","og_url":"https:\/\/www.clebinho.pro.br\/wp\/?p=17626","og_site_name":"Blog do Professor Clebinho","article_published_time":"2019-12-05T11:13:08+00:00","article_modified_time":"2025-01-22T20:22:47+00:00","og_image":[{"width":805,"height":350,"url":"https:\/\/clebinho.pro.br\/wp\/wp-content\/uploads\/2019\/12\/47-CRUZADAS.png","type":"image\/png"}],"author":"Professor Clebinho","twitter_card":"summary_large_image","twitter_misc":{"Escrito por":"Professor Clebinho","Est. tempo de leitura":"8 minutos"},"schema":{"@context":"https:\/\/schema.org","@graph":[{"@type":"WebPage","@id":"https:\/\/www.clebinho.pro.br\/wp\/?p=17626","url":"https:\/\/www.clebinho.pro.br\/wp\/?p=17626","name":"257. Baixa Idade M\u00e9dia - Blog do Professor Clebinho","isPartOf":{"@id":"https:\/\/www.clebinho.pro.br\/wp\/#website"},"datePublished":"2019-12-05T11:13:08+00:00","dateModified":"2025-01-22T20:22:47+00:00","author":{"@id":"https:\/\/www.clebinho.pro.br\/wp\/#\/schema\/person\/73417286de03a1ad762ac7d8ca8c6b77"},"breadcrumb":{"@id":"https:\/\/www.clebinho.pro.br\/wp\/?p=17626#breadcrumb"},"inLanguage":"pt-BR","potentialAction":[{"@type":"ReadAction","target":["https:\/\/www.clebinho.pro.br\/wp\/?p=17626"]}]},{"@type":"BreadcrumbList","@id":"https:\/\/www.clebinho.pro.br\/wp\/?p=17626#breadcrumb","itemListElement":[{"@type":"ListItem","position":1,"name":"In\u00edcio","item":"https:\/\/www.clebinho.pro.br\/wp"},{"@type":"ListItem","position":2,"name":"257. Baixa Idade M\u00e9dia"}]},{"@type":"WebSite","@id":"https:\/\/www.clebinho.pro.br\/wp\/#website","url":"https:\/\/www.clebinho.pro.br\/wp\/","name":"Blog do Professor Clebinho","description":"Um espa\u00e7o virtual privilegiado oferecido pelo professor Clebinho, seus alunos, ex-alunos e demais interessados no debate de atualidades, hist\u00f3ria, geografia, geopolitica e meio ambiente","potentialAction":[{"@type":"SearchAction","target":{"@type":"EntryPoint","urlTemplate":"https:\/\/www.clebinho.pro.br\/wp\/?s={search_term_string}"},"query-input":"required name=search_term_string"}],"inLanguage":"pt-BR"},{"@type":"Person","@id":"https:\/\/www.clebinho.pro.br\/wp\/#\/schema\/person\/73417286de03a1ad762ac7d8ca8c6b77","name":"Professor Clebinho","image":{"@type":"ImageObject","inLanguage":"pt-BR","@id":"https:\/\/www.clebinho.pro.br\/wp\/#\/schema\/person\/image\/","url":"https:\/\/secure.gravatar.com\/avatar\/bb922115afcbfb086f9c52d1dd4a20fa?s=96&d=mm&r=g","contentUrl":"https:\/\/secure.gravatar.com\/avatar\/bb922115afcbfb086f9c52d1dd4a20fa?s=96&d=mm&r=g","caption":"Professor Clebinho"},"sameAs":["https:\/\/www.clebinho.pro.br\/wp"],"url":"https:\/\/www.clebinho.pro.br\/wp\/?author=2"}]}},"_links":{"self":[{"href":"https:\/\/www.clebinho.pro.br\/wp\/index.php?rest_route=\/wp\/v2\/posts\/17626"}],"collection":[{"href":"https:\/\/www.clebinho.pro.br\/wp\/index.php?rest_route=\/wp\/v2\/posts"}],"about":[{"href":"https:\/\/www.clebinho.pro.br\/wp\/index.php?rest_route=\/wp\/v2\/types\/post"}],"author":[{"embeddable":true,"href":"https:\/\/www.clebinho.pro.br\/wp\/index.php?rest_route=\/wp\/v2\/users\/2"}],"replies":[{"embeddable":true,"href":"https:\/\/www.clebinho.pro.br\/wp\/index.php?rest_route=%2Fwp%2Fv2%2Fcomments&post=17626"}],"version-history":[{"count":38,"href":"https:\/\/www.clebinho.pro.br\/wp\/index.php?rest_route=\/wp\/v2\/posts\/17626\/revisions"}],"predecessor-version":[{"id":18268,"href":"https:\/\/www.clebinho.pro.br\/wp\/index.php?rest_route=\/wp\/v2\/posts\/17626\/revisions\/18268"}],"wp:featuredmedia":[{"embeddable":true,"href":"https:\/\/www.clebinho.pro.br\/wp\/index.php?rest_route=\/wp\/v2\/media\/17718"}],"wp:attachment":[{"href":"https:\/\/www.clebinho.pro.br\/wp\/index.php?rest_route=%2Fwp%2Fv2%2Fmedia&parent=17626"}],"wp:term":[{"taxonomy":"category","embeddable":true,"href":"https:\/\/www.clebinho.pro.br\/wp\/index.php?rest_route=%2Fwp%2Fv2%2Fcategories&post=17626"},{"taxonomy":"post_tag","embeddable":true,"href":"https:\/\/www.clebinho.pro.br\/wp\/index.php?rest_route=%2Fwp%2Fv2%2Ftags&post=17626"}],"curies":[{"name":"wp","href":"https:\/\/api.w.org\/{rel}","templated":true}]}}