{"id":17668,"date":"2019-12-19T16:34:05","date_gmt":"2019-12-19T18:34:05","guid":{"rendered":"http:\/\/www.clebinho.pro.br\/?p=17668"},"modified":"2025-01-22T17:22:16","modified_gmt":"2025-01-22T20:22:16","slug":"258-peste-negra","status":"publish","type":"post","link":"https:\/\/www.clebinho.pro.br\/wp\/?p=17668","title":{"rendered":"258. Peste Negra"},"content":{"rendered":"<p style=\"text-align: justify;\">Em nossos <a href=\"https:\/\/www.clebinho.pro.br\/wp\/wp\/?p=17580\" target=\"_blank\" rel=\"noopener noreferrer\">dois \u00faltimos textos<\/a> abordamos a Idade M\u00e9dia.\u00a0 Antes de acabar, mais dois temas ser\u00e3o abordados.<\/p>\n<h3 style=\"text-align: justify;\"><span style=\"color: #0000ff;\"><strong>Arte<\/strong><\/span><\/h3>\n<p style=\"text-align: justify;\">Ao longo de toda a Idade M\u00e9dia a arte esteve totalmente ligada a religi\u00e3o. Era mais uma forma de mostrar poder e aproximar as pessoas da Igreja, de forma visual, j\u00e1 que praticamente ningu\u00e9m sabia ler e escrever.<\/p>\n<p style=\"text-align: justify;\">Neste longo per\u00edodo, podemos dividir a arte em duas fases:<\/p>\n<p style=\"text-align: justify;\"><strong><span style=\"color: #0000ff;\">Arte Medieval Rom\u00e2nica<\/span><\/strong><\/p>\n<p style=\"text-align: justify;\">Como o pr\u00f3prio nome j\u00e1 denuncia, estava ligada a cultura romana. Os motivos s\u00e3o \u00f3bvios, j\u00e1 que a Alta Idade M\u00e9dia come\u00e7a com o fim do Imp\u00e9rio Romano. Portanto, est\u00e3o umbilicalmente ligados. Durou do s\u00e9culo X ao XII.<\/p>\n<div id=\"attachment_17761\" style=\"width: 310px\" class=\"wp-caption aligncenter\"><a href=\"https:\/\/clebinho.pro.br\/wp\/wp-content\/uploads\/2020\/01\/Se-velha-de-coimbra.jpg\"><img loading=\"lazy\" decoding=\"async\" aria-describedby=\"caption-attachment-17761\" class=\"wp-image-17761 size-medium\" src=\"https:\/\/clebinho.pro.br\/wp\/wp-content\/uploads\/2020\/01\/Se-velha-de-coimbra-300x166.jpg\" alt=\"\" width=\"300\" height=\"166\" srcset=\"https:\/\/www.clebinho.pro.br\/wp\/wp-content\/uploads\/2020\/01\/Se-velha-de-coimbra-300x166.jpg 300w, https:\/\/www.clebinho.pro.br\/wp\/wp-content\/uploads\/2020\/01\/Se-velha-de-coimbra.jpg 668w\" sizes=\"(max-width: 300px) 100vw, 300px\" \/><\/a><p id=\"caption-attachment-17761\" class=\"wp-caption-text\">A S\u00e9 Velha de Coimbra, Portugal. Sua constru\u00e7\u00e3o come\u00e7ou por volta de 1139. \u00c9 uma \u00f3tima exemplo de Igreja Rom\u00e2nica, mesmo constru\u00edda ap\u00f3s o auge deste estilo. At\u00e9 mesmo hoje podemos construir algo no estilo medieval rom\u00e2nico Imagem: Internet.<\/p><\/div>\n<p style=\"text-align: justify;\">.<\/p>\n<p style=\"text-align: justify;\">Foram constru\u00eddos castelos para os nobres e igrejas para o clero, sempre com um estilo mais robusto, paredes muito largas e poucas janelas, deixando o interior escuro. Era um momento turbulento e o principal objetivo era a defesa. As igrejas eram constru\u00eddas na horizontal, com uma postura mais simples.<\/p>\n<div id=\"todamateria_inarticle_mrec1\" class=\"ad-unit ad-unit--pt-br\" style=\"text-align: justify;\" data-google-query-id=\"CKCBtNOOv-YCFUF6wQodIboHdw\">\n<p><strong><span style=\"color: #0000ff;\">Arte Medieval G\u00f3tica<\/span><\/strong><\/p>\n<p>Neste per\u00edodo as constru\u00e7\u00f5es j\u00e1 n\u00e3o eram t\u00e3o\u00a0 espessas. As entradas maiores e as janelas mais numerosas e amplas. Dessa forma, maior luminosidade entrava dentro das igrejas e castelos. Vitrais davam um tom ainda mais magn\u00edfico aos locais, em geral com temas religiosos.<\/p>\n<\/div>\n<div id=\"attachment_17764\" style=\"width: 310px\" class=\"wp-caption aligncenter\"><a href=\"https:\/\/clebinho.pro.br\/wp\/wp-content\/uploads\/2020\/01\/Arquitetura-g\u00f3tica-Catedral-de-Notre-Dame.jpg\"><img loading=\"lazy\" decoding=\"async\" aria-describedby=\"caption-attachment-17764\" class=\"wp-image-17764 size-medium\" src=\"https:\/\/clebinho.pro.br\/wp\/wp-content\/uploads\/2020\/01\/Arquitetura-g\u00f3tica-Catedral-de-Notre-Dame-300x169.jpg\" alt=\"\" width=\"300\" height=\"169\" srcset=\"https:\/\/www.clebinho.pro.br\/wp\/wp-content\/uploads\/2020\/01\/Arquitetura-g\u00f3tica-Catedral-de-Notre-Dame-300x169.jpg 300w, https:\/\/www.clebinho.pro.br\/wp\/wp-content\/uploads\/2020\/01\/Arquitetura-g\u00f3tica-Catedral-de-Notre-Dame.jpg 600w\" sizes=\"(max-width: 300px) 100vw, 300px\" \/><\/a><p id=\"caption-attachment-17764\" class=\"wp-caption-text\">A Catedral de Notre-Dame, em Paris. Suas obras tiveram in\u00edcio em 1163. \u00c9 um \u00f3timo exemplo de arquitetura g\u00f3tica. Em abril de 2019 foi parcialmente destru\u00edda por um inc\u00eandio. Imagem: Internet.<\/p><\/div>\n<p style=\"text-align: justify;\">.<\/p>\n<p style=\"text-align: justify;\">Ocorreu em um momento em que as cidades voltavam a ter import\u00e2ncia. Dessa forma, a obten\u00e7\u00e3o de recursos eram mais f\u00e1cil, mediante as contribui\u00e7\u00f5es dos fi\u00e9is, em especial os burgueses em ascens\u00e3o. Oposto ao per\u00edodo anterior, as constru\u00e7\u00f5es eram mais verticais, dando ainda mais opul\u00eancia ao clero.\u00a0 Durou entre os s\u00e9culos X e XV, quando teve in\u00edcio o Renascentismo.<\/p>\n<p style=\"text-align: justify;\">Uma curiosidade, o termo\u00a0&#8220;g\u00f3tico&#8221; foi criado em um momento posterior, j\u00e1 durante o Renascimento Italiano. Era uma forma pejorativa de ligar este tipo de arte aos Godos, povo germ\u00e2nico. Na verdade \u00e9 um equ\u00edvoco e com o tempo a palavra ganhou um significado pr\u00f3prio, se libertando da conota\u00e7\u00e3o b\u00e1rbara.<\/p>\n<p style=\"text-align: justify;\"><a href=\"https:\/\/clebinho.pro.br\/wp\/wp-content\/uploads\/2020\/01\/Basilica-Saint-Denis-nave.png\"><img loading=\"lazy\" decoding=\"async\" class=\"size-medium wp-image-17766 aligncenter\" src=\"https:\/\/clebinho.pro.br\/wp\/wp-content\/uploads\/2020\/01\/Basilica-Saint-Denis-nave-300x168.png\" alt=\"\" width=\"300\" height=\"168\" srcset=\"https:\/\/www.clebinho.pro.br\/wp\/wp-content\/uploads\/2020\/01\/Basilica-Saint-Denis-nave-300x168.png 300w, https:\/\/www.clebinho.pro.br\/wp\/wp-content\/uploads\/2020\/01\/Basilica-Saint-Denis-nave-768x431.png 768w, https:\/\/www.clebinho.pro.br\/wp\/wp-content\/uploads\/2020\/01\/Basilica-Saint-Denis-nave-1024x575.png 1024w, https:\/\/www.clebinho.pro.br\/wp\/wp-content\/uploads\/2020\/01\/Basilica-Saint-Denis-nave.png 1120w\" sizes=\"(max-width: 300px) 100vw, 300px\" \/><\/a><\/p>\n<div id=\"attachment_17767\" style=\"width: 310px\" class=\"wp-caption aligncenter\"><a href=\"https:\/\/clebinho.pro.br\/wp\/wp-content\/uploads\/2020\/01\/Basilica-Saint-Denis-vitrais.png\"><img loading=\"lazy\" decoding=\"async\" aria-describedby=\"caption-attachment-17767\" class=\"wp-image-17767 size-medium\" src=\"https:\/\/clebinho.pro.br\/wp\/wp-content\/uploads\/2020\/01\/Basilica-Saint-Denis-vitrais-300x168.png\" alt=\"\" width=\"300\" height=\"168\" srcset=\"https:\/\/www.clebinho.pro.br\/wp\/wp-content\/uploads\/2020\/01\/Basilica-Saint-Denis-vitrais-300x168.png 300w, https:\/\/www.clebinho.pro.br\/wp\/wp-content\/uploads\/2020\/01\/Basilica-Saint-Denis-vitrais-768x431.png 768w, https:\/\/www.clebinho.pro.br\/wp\/wp-content\/uploads\/2020\/01\/Basilica-Saint-Denis-vitrais-1024x575.png 1024w, https:\/\/www.clebinho.pro.br\/wp\/wp-content\/uploads\/2020\/01\/Basilica-Saint-Denis-vitrais.png 1120w\" sizes=\"(max-width: 300px) 100vw, 300px\" \/><\/a><p id=\"caption-attachment-17767\" class=\"wp-caption-text\">Duas fotos da parte interna da Bas\u00edlica de Saint Denis, considerada o primeiro monumento no estilo g\u00f3tico, na regi\u00e3o Ile-de-Fran\u00e7a.\u00a0 Foi constru\u00edda no s\u00e9culo XII e possui magn\u00edficos vitrais. Imagem: Internet.<\/p><\/div>\n<p style=\"text-align: justify;\">.<\/p>\n<p style=\"text-align: justify;\">Em minha opini\u00e3o, a arte g\u00f3tica produziu as igrejas mais lindas do mundo. Vida longa aos g\u00e1rgulas, figura t\u00edpica deste estilo.<\/p>\n<h3 style=\"text-align: justify;\"><span style=\"color: #ff0000;\"><strong>Peste Negra<\/strong><\/span><\/h3>\n<p style=\"text-align: justify;\">Com a Idade M\u00e9dia caminhando para seu final, tivemos um dos epis\u00f3dios mais impressionantes da hist\u00f3ria humana. Algo que, pela dimens\u00e3o, quebrou paradigmas e mudou a forma humana de pensar.<\/p>\n<p style=\"text-align: justify;\">Tudo indica que a doen\u00e7a teve in\u00edcio nas estepes da Mong\u00f3lia ou China, onde pulgas hospedeiras da bact\u00e9ria <em>Yersinia pestis<\/em> infectaram ratos. Como bem sabemos, os roedores est\u00e3o em todos os locais, dividindo conosco as moradias. Sendo assim, n\u00e3o demorou para a doen\u00e7a chegar a ra\u00e7a humana.<\/p>\n<div id=\"attachment_17772\" style=\"width: 310px\" class=\"wp-caption aligncenter\"><a href=\"https:\/\/clebinho.pro.br\/wp\/wp-content\/uploads\/2020\/01\/Rota-da-Seda-1.jpg\"><img loading=\"lazy\" decoding=\"async\" aria-describedby=\"caption-attachment-17772\" class=\"wp-image-17772 size-medium\" src=\"https:\/\/clebinho.pro.br\/wp\/wp-content\/uploads\/2020\/01\/Rota-da-Seda-1-300x200.jpg\" alt=\"\" width=\"300\" height=\"200\" srcset=\"https:\/\/www.clebinho.pro.br\/wp\/wp-content\/uploads\/2020\/01\/Rota-da-Seda-1-300x200.jpg 300w, https:\/\/www.clebinho.pro.br\/wp\/wp-content\/uploads\/2020\/01\/Rota-da-Seda-1.jpg 680w\" sizes=\"(max-width: 300px) 100vw, 300px\" \/><\/a><p id=\"caption-attachment-17772\" class=\"wp-caption-text\">A chamada Rota da Seda \u00e9 na verdade um conjunto de rotas, ligando a Europa a \u00c1sia. em especial para trazer seda para os abastados europeus. Imagem: Internet.<\/p><\/div>\n<p style=\"text-align: justify;\">.<\/p>\n<p style=\"text-align: justify;\">A \u00a0Rota da Seda, longo caminho que ligava o Extremo Oriente a Europa foi a via perfeita para a explos\u00e3o da infec\u00e7\u00e3o. A morte era horr\u00edvel e dolorosa. Manchas negras apareciam pelo corpo, febre, v\u00f4mitos e complica\u00e7\u00f5es pulmonares. Bub\u00f5es (incha\u00e7os) surgiam pela pele, da\u00ed o nome Peste Bub\u00f4nica. Por via a\u00e9rea tamb\u00e9m se espalhava. Em uma semana 80% das v\u00edtimas morriam. Entre os anos 1.343 e 1.353 tivemos, possivelmente, a d\u00e9cada mais aterrorizante de nossa hist\u00f3ria.<\/p>\n<p style=\"text-align: justify;\">O mundo medieval culpou os hereges, judeus e estrangeiros pela doen\u00e7a, mas os verdadeiros culpados eram as condi\u00e7\u00f5es prec\u00e1rias das cidades. Esgotos a c\u00e9u aberto, pouca higiene, pobreza e muita gente aglomerada, cen\u00e1rio perfeito para a bact\u00e9ria.<\/p>\n<p style=\"text-align: justify;\">Os n\u00fameros s\u00e3o incertos, girando entre 25 a 100 milh\u00f5es de pessoas. Outros dizem que a popula\u00e7\u00e3o mundial diminuiu de 400 milh\u00f5es para 300 milh\u00f5es. Na Europa, entre 33% a 50% da popula\u00e7\u00e3o padeceu. Algo nunca antes visto e jamais repetido em termos percentuais.<\/p>\n<div id=\"attachment_17775\" style=\"width: 310px\" class=\"wp-caption aligncenter\"><a href=\"https:\/\/clebinho.pro.br\/wp\/wp-content\/uploads\/2020\/01\/peste-bub\u00f4nica-tratamento-1024x817.jpg\"><img loading=\"lazy\" decoding=\"async\" aria-describedby=\"caption-attachment-17775\" class=\"wp-image-17775 size-medium\" src=\"https:\/\/clebinho.pro.br\/wp\/wp-content\/uploads\/2020\/01\/peste-bub\u00f4nica-tratamento-1024x817-300x239.jpg\" alt=\"\" width=\"300\" height=\"239\" srcset=\"https:\/\/www.clebinho.pro.br\/wp\/wp-content\/uploads\/2020\/01\/peste-bub\u00f4nica-tratamento-1024x817-300x239.jpg 300w, https:\/\/www.clebinho.pro.br\/wp\/wp-content\/uploads\/2020\/01\/peste-bub\u00f4nica-tratamento-1024x817-768x613.jpg 768w, https:\/\/www.clebinho.pro.br\/wp\/wp-content\/uploads\/2020\/01\/peste-bub\u00f4nica-tratamento-1024x817.jpg 1024w\" sizes=\"(max-width: 300px) 100vw, 300px\" \/><\/a><p id=\"caption-attachment-17775\" class=\"wp-caption-text\">Os m\u00e9dicos da \u00e9poca usavam roupas como essa, para se proteger da doen\u00e7a. Atualmente s\u00e3o ic\u00f4nicas, usadas de festas a fantasia at\u00e9 filmes de terror. Imagem: Internet.<\/p><\/div>\n<p style=\"text-align: justify;\">.<\/p>\n<p style=\"text-align: justify;\">A Peste Negra contribuiu com uma nova forma de ver o mundo, dando mais valor a vida, j\u00e1 que durante a Idade M\u00e9dia viver era relativizado, importando mesmo o que viria depois da morte, dependendo que como voc\u00ea havia se comportado por aqui. Esse detalhe, somados a outros, decretou o fim do per\u00edodo medieval.<\/p>\n<h4 style=\"text-align: justify;\"><span style=\"color: #0000ff;\"><strong>Fim<\/strong><\/span><\/h4>\n<p style=\"text-align: justify;\">A conquista de Constantinopla pelos Turcos e o fim do Imp\u00e9rio Bizantino, em 1.453, marcam o fim da Idade M\u00e9dia.<\/p>\n<p style=\"text-align: justify;\">Outros eventos vinham ocorrendo nessa mesma \u00e9poca, como a\u00a0 Guerra dos Cem Anos (1337-1453), travada entre Inglaterra e Fran\u00e7a. Ap\u00f3s muito sofrimento, no fim do per\u00edodo medieval emergiram duas monarquias consolidadas e fortes. Os franceses passaram a ser governados por\u00a0\u00a0Lu\u00eds XI\u00a0 (1.461). Os ingleses continuaram em guerras internas, at\u00e9\u00a0Henrique Tudor assumir\u00a0(1.485)<strong>. <\/strong>Mais a frente esse movimento deu origem ao\u00a0absolutismo e a perda de poder da Igreja Cat\u00f3lica.<\/p>\n<p style=\"text-align: justify;\">Essa s\u00e9rie de eventos tirou os humanos de um momento um tanto quanto obscuro e o levou para uma nova fase, com uma \u00eanfase maior na ci\u00eancia e nos seres humanos. \u00c9 o in\u00edcio da Idade Moderna, que chegou atrav\u00e9s do Renascimento.<\/p>\n<p style=\"text-align: justify;\">N\u00e3o podemos achar que o fim da Idade M\u00e9dia abriu espa\u00e7o para outra fase linda e maravilhosa, como pode parecer. As injusti\u00e7as, viol\u00eancia, desigualdades sociais, gan\u00e2ncia pelo poder e dinheiro continuaram intactos no mundo novo que se abria.<\/p>\n<p><strong>Siga o Professor Clebinho nas redes sociais, clique nos links: <\/strong><b>\u00a0<a href=\"https:\/\/www.instagram.com\/professor.clebinho\/?hl=en\">Instagram<\/a><\/b><strong>\u00a0\u00a0<\/strong><a href=\"https:\/\/br.linkedin.com\/in\/professor-clebinho-83402218a\" target=\"_blank\" rel=\"noopener noreferrer\"><strong>Linkedin<\/strong><\/a><strong>\u00a0 \u00a0 \u00a0\u00a0<\/strong><a href=\"https:\/\/www.youtube.com\/channel\/UCPJKhdHCtO52vr5LIFOKcsQ\" target=\"_blank\" rel=\"noopener noreferrer\"><strong>Youtube<\/strong><\/a><\/p>\n<p style=\"text-align: justify;\"><strong>Prepara\u00e7\u00e3o para o Enem: Ligue (31) 99951-3797 e marque sua aula na Sala Lannes Belo Horizonte.<\/strong><\/p>\n<p style=\"text-align: justify;\">Publicado em 18.12.2019<\/p>\n","protected":false},"excerpt":{"rendered":"<p>Em nossos dois \u00faltimos textos abordamos a Idade M\u00e9dia.\u00a0 Antes de acabar, mais dois temas ser\u00e3o abordados. Arte Ao longo de toda a Idade M\u00e9dia a arte esteve totalmente ligada a religi\u00e3o. Era mais uma forma de mostrar poder e aproximar as pessoas da Igreja, de forma visual, j\u00e1 que praticamente ningu\u00e9m sabia ler e [&hellip;]<\/p>\n","protected":false},"author":2,"featured_media":17775,"comment_status":"open","ping_status":"open","sticky":false,"template":"","format":"standard","meta":{"footnotes":""},"categories":[129,71,1,5,140],"tags":[2075,2083,2071,2077,2081,2078,2076,2080,2079,2073,30,2072,2069,463,2082,2074,2085,2070,465,2084],"yoast_head":"<!-- This site is optimized with the Yoast SEO plugin v20.3 - https:\/\/yoast.com\/wordpress\/plugins\/seo\/ -->\n<title>258. Peste Negra - Blog do Professor Clebinho<\/title>\n<meta name=\"robots\" content=\"index, follow, max-snippet:-1, max-image-preview:large, max-video-preview:-1\" \/>\n<link rel=\"canonical\" href=\"https:\/\/www.clebinho.pro.br\/wp\/?p=17668\" \/>\n<meta property=\"og:locale\" content=\"pt_BR\" \/>\n<meta property=\"og:type\" content=\"article\" \/>\n<meta property=\"og:title\" content=\"258. Peste Negra - Blog do Professor Clebinho\" \/>\n<meta property=\"og:description\" content=\"Em nossos dois \u00faltimos textos abordamos a Idade M\u00e9dia.\u00a0 Antes de acabar, mais dois temas ser\u00e3o abordados. Arte Ao longo de toda a Idade M\u00e9dia a arte esteve totalmente ligada a religi\u00e3o. Era mais uma forma de mostrar poder e aproximar as pessoas da Igreja, de forma visual, j\u00e1 que praticamente ningu\u00e9m sabia ler e [&hellip;]\" \/>\n<meta property=\"og:url\" content=\"https:\/\/www.clebinho.pro.br\/wp\/?p=17668\" \/>\n<meta property=\"og:site_name\" content=\"Blog do Professor Clebinho\" \/>\n<meta property=\"article:published_time\" content=\"2019-12-19T18:34:05+00:00\" \/>\n<meta property=\"article:modified_time\" content=\"2025-01-22T20:22:16+00:00\" \/>\n<meta property=\"og:image\" content=\"https:\/\/clebinho.pro.br\/wp\/wp-content\/uploads\/2020\/01\/peste-bub\u00f4nica-tratamento-1024x817.jpg\" \/>\n\t<meta property=\"og:image:width\" content=\"1024\" \/>\n\t<meta property=\"og:image:height\" content=\"817\" \/>\n\t<meta property=\"og:image:type\" content=\"image\/jpeg\" \/>\n<meta name=\"author\" content=\"Professor Clebinho\" \/>\n<meta name=\"twitter:card\" content=\"summary_large_image\" \/>\n<meta name=\"twitter:label1\" content=\"Escrito por\" \/>\n\t<meta name=\"twitter:data1\" content=\"Professor Clebinho\" \/>\n\t<meta name=\"twitter:label2\" content=\"Est. tempo de leitura\" \/>\n\t<meta name=\"twitter:data2\" content=\"7 minutos\" \/>\n<script type=\"application\/ld+json\" class=\"yoast-schema-graph\">{\"@context\":\"https:\/\/schema.org\",\"@graph\":[{\"@type\":\"WebPage\",\"@id\":\"https:\/\/www.clebinho.pro.br\/wp\/?p=17668\",\"url\":\"https:\/\/www.clebinho.pro.br\/wp\/?p=17668\",\"name\":\"258. Peste Negra - Blog do Professor Clebinho\",\"isPartOf\":{\"@id\":\"https:\/\/www.clebinho.pro.br\/wp\/#website\"},\"datePublished\":\"2019-12-19T18:34:05+00:00\",\"dateModified\":\"2025-01-22T20:22:16+00:00\",\"author\":{\"@id\":\"https:\/\/www.clebinho.pro.br\/wp\/#\/schema\/person\/73417286de03a1ad762ac7d8ca8c6b77\"},\"breadcrumb\":{\"@id\":\"https:\/\/www.clebinho.pro.br\/wp\/?p=17668#breadcrumb\"},\"inLanguage\":\"pt-BR\",\"potentialAction\":[{\"@type\":\"ReadAction\",\"target\":[\"https:\/\/www.clebinho.pro.br\/wp\/?p=17668\"]}]},{\"@type\":\"BreadcrumbList\",\"@id\":\"https:\/\/www.clebinho.pro.br\/wp\/?p=17668#breadcrumb\",\"itemListElement\":[{\"@type\":\"ListItem\",\"position\":1,\"name\":\"In\u00edcio\",\"item\":\"https:\/\/www.clebinho.pro.br\/wp\"},{\"@type\":\"ListItem\",\"position\":2,\"name\":\"258. Peste Negra\"}]},{\"@type\":\"WebSite\",\"@id\":\"https:\/\/www.clebinho.pro.br\/wp\/#website\",\"url\":\"https:\/\/www.clebinho.pro.br\/wp\/\",\"name\":\"Blog do Professor Clebinho\",\"description\":\"Um espa\u00e7o virtual privilegiado oferecido pelo professor Clebinho, seus alunos, ex-alunos e demais interessados no debate de atualidades, hist\u00f3ria, geografia, geopolitica e meio ambiente\",\"potentialAction\":[{\"@type\":\"SearchAction\",\"target\":{\"@type\":\"EntryPoint\",\"urlTemplate\":\"https:\/\/www.clebinho.pro.br\/wp\/?s={search_term_string}\"},\"query-input\":\"required name=search_term_string\"}],\"inLanguage\":\"pt-BR\"},{\"@type\":\"Person\",\"@id\":\"https:\/\/www.clebinho.pro.br\/wp\/#\/schema\/person\/73417286de03a1ad762ac7d8ca8c6b77\",\"name\":\"Professor Clebinho\",\"image\":{\"@type\":\"ImageObject\",\"inLanguage\":\"pt-BR\",\"@id\":\"https:\/\/www.clebinho.pro.br\/wp\/#\/schema\/person\/image\/\",\"url\":\"https:\/\/secure.gravatar.com\/avatar\/bb922115afcbfb086f9c52d1dd4a20fa?s=96&d=mm&r=g\",\"contentUrl\":\"https:\/\/secure.gravatar.com\/avatar\/bb922115afcbfb086f9c52d1dd4a20fa?s=96&d=mm&r=g\",\"caption\":\"Professor Clebinho\"},\"sameAs\":[\"https:\/\/www.clebinho.pro.br\/wp\"],\"url\":\"https:\/\/www.clebinho.pro.br\/wp\/?author=2\"}]}<\/script>\n<!-- \/ Yoast SEO plugin. -->","yoast_head_json":{"title":"258. Peste Negra - Blog do Professor Clebinho","robots":{"index":"index","follow":"follow","max-snippet":"max-snippet:-1","max-image-preview":"max-image-preview:large","max-video-preview":"max-video-preview:-1"},"canonical":"https:\/\/www.clebinho.pro.br\/wp\/?p=17668","og_locale":"pt_BR","og_type":"article","og_title":"258. Peste Negra - Blog do Professor Clebinho","og_description":"Em nossos dois \u00faltimos textos abordamos a Idade M\u00e9dia.\u00a0 Antes de acabar, mais dois temas ser\u00e3o abordados. Arte Ao longo de toda a Idade M\u00e9dia a arte esteve totalmente ligada a religi\u00e3o. Era mais uma forma de mostrar poder e aproximar as pessoas da Igreja, de forma visual, j\u00e1 que praticamente ningu\u00e9m sabia ler e [&hellip;]","og_url":"https:\/\/www.clebinho.pro.br\/wp\/?p=17668","og_site_name":"Blog do Professor Clebinho","article_published_time":"2019-12-19T18:34:05+00:00","article_modified_time":"2025-01-22T20:22:16+00:00","og_image":[{"width":1024,"height":817,"url":"https:\/\/clebinho.pro.br\/wp\/wp-content\/uploads\/2020\/01\/peste-bub\u00f4nica-tratamento-1024x817.jpg","type":"image\/jpeg"}],"author":"Professor Clebinho","twitter_card":"summary_large_image","twitter_misc":{"Escrito por":"Professor Clebinho","Est. tempo de leitura":"7 minutos"},"schema":{"@context":"https:\/\/schema.org","@graph":[{"@type":"WebPage","@id":"https:\/\/www.clebinho.pro.br\/wp\/?p=17668","url":"https:\/\/www.clebinho.pro.br\/wp\/?p=17668","name":"258. Peste Negra - Blog do Professor Clebinho","isPartOf":{"@id":"https:\/\/www.clebinho.pro.br\/wp\/#website"},"datePublished":"2019-12-19T18:34:05+00:00","dateModified":"2025-01-22T20:22:16+00:00","author":{"@id":"https:\/\/www.clebinho.pro.br\/wp\/#\/schema\/person\/73417286de03a1ad762ac7d8ca8c6b77"},"breadcrumb":{"@id":"https:\/\/www.clebinho.pro.br\/wp\/?p=17668#breadcrumb"},"inLanguage":"pt-BR","potentialAction":[{"@type":"ReadAction","target":["https:\/\/www.clebinho.pro.br\/wp\/?p=17668"]}]},{"@type":"BreadcrumbList","@id":"https:\/\/www.clebinho.pro.br\/wp\/?p=17668#breadcrumb","itemListElement":[{"@type":"ListItem","position":1,"name":"In\u00edcio","item":"https:\/\/www.clebinho.pro.br\/wp"},{"@type":"ListItem","position":2,"name":"258. Peste Negra"}]},{"@type":"WebSite","@id":"https:\/\/www.clebinho.pro.br\/wp\/#website","url":"https:\/\/www.clebinho.pro.br\/wp\/","name":"Blog do Professor Clebinho","description":"Um espa\u00e7o virtual privilegiado oferecido pelo professor Clebinho, seus alunos, ex-alunos e demais interessados no debate de atualidades, hist\u00f3ria, geografia, geopolitica e meio ambiente","potentialAction":[{"@type":"SearchAction","target":{"@type":"EntryPoint","urlTemplate":"https:\/\/www.clebinho.pro.br\/wp\/?s={search_term_string}"},"query-input":"required name=search_term_string"}],"inLanguage":"pt-BR"},{"@type":"Person","@id":"https:\/\/www.clebinho.pro.br\/wp\/#\/schema\/person\/73417286de03a1ad762ac7d8ca8c6b77","name":"Professor Clebinho","image":{"@type":"ImageObject","inLanguage":"pt-BR","@id":"https:\/\/www.clebinho.pro.br\/wp\/#\/schema\/person\/image\/","url":"https:\/\/secure.gravatar.com\/avatar\/bb922115afcbfb086f9c52d1dd4a20fa?s=96&d=mm&r=g","contentUrl":"https:\/\/secure.gravatar.com\/avatar\/bb922115afcbfb086f9c52d1dd4a20fa?s=96&d=mm&r=g","caption":"Professor Clebinho"},"sameAs":["https:\/\/www.clebinho.pro.br\/wp"],"url":"https:\/\/www.clebinho.pro.br\/wp\/?author=2"}]}},"_links":{"self":[{"href":"https:\/\/www.clebinho.pro.br\/wp\/index.php?rest_route=\/wp\/v2\/posts\/17668"}],"collection":[{"href":"https:\/\/www.clebinho.pro.br\/wp\/index.php?rest_route=\/wp\/v2\/posts"}],"about":[{"href":"https:\/\/www.clebinho.pro.br\/wp\/index.php?rest_route=\/wp\/v2\/types\/post"}],"author":[{"embeddable":true,"href":"https:\/\/www.clebinho.pro.br\/wp\/index.php?rest_route=\/wp\/v2\/users\/2"}],"replies":[{"embeddable":true,"href":"https:\/\/www.clebinho.pro.br\/wp\/index.php?rest_route=%2Fwp%2Fv2%2Fcomments&post=17668"}],"version-history":[{"count":44,"href":"https:\/\/www.clebinho.pro.br\/wp\/index.php?rest_route=\/wp\/v2\/posts\/17668\/revisions"}],"predecessor-version":[{"id":18267,"href":"https:\/\/www.clebinho.pro.br\/wp\/index.php?rest_route=\/wp\/v2\/posts\/17668\/revisions\/18267"}],"wp:featuredmedia":[{"embeddable":true,"href":"https:\/\/www.clebinho.pro.br\/wp\/index.php?rest_route=\/wp\/v2\/media\/17775"}],"wp:attachment":[{"href":"https:\/\/www.clebinho.pro.br\/wp\/index.php?rest_route=%2Fwp%2Fv2%2Fmedia&parent=17668"}],"wp:term":[{"taxonomy":"category","embeddable":true,"href":"https:\/\/www.clebinho.pro.br\/wp\/index.php?rest_route=%2Fwp%2Fv2%2Fcategories&post=17668"},{"taxonomy":"post_tag","embeddable":true,"href":"https:\/\/www.clebinho.pro.br\/wp\/index.php?rest_route=%2Fwp%2Fv2%2Ftags&post=17668"}],"curies":[{"name":"wp","href":"https:\/\/api.w.org\/{rel}","templated":true}]}}