{"id":18068,"date":"2020-09-03T14:36:19","date_gmt":"2020-09-03T16:36:19","guid":{"rendered":"http:\/\/www.clebinho.pro.br\/?p=18068"},"modified":"2025-01-22T17:18:28","modified_gmt":"2025-01-22T20:18:28","slug":"269-amish","status":"publish","type":"post","link":"https:\/\/www.clebinho.pro.br\/wp\/?p=18068","title":{"rendered":"268. Amish"},"content":{"rendered":"<div dir=\"auto\" style=\"text-align: justify;\">\n<p>Fala meu povo!<\/p>\n<p>Voc\u00eas conhecem um grupo que, em pleno s\u00e9culo XXI, n\u00e3o usa tecnologia nem energia el\u00e9trica?<\/p>\n<\/div>\n<div dir=\"auto\" style=\"text-align: justify;\"><\/div>\n<div dir=\"auto\" style=\"text-align: justify;\">Para entender os Amish a hist\u00f3ria \u00e9 longa. No s\u00e9culo XVI ocorreu a Reforma Protestante, emergindo v\u00e1rias correntes religiosas crist\u00e3s. Uma delas foi a Anabatista, acreditando que crian\u00e7as n\u00e3o deveriam ser batizadas, somente adultos. Dessa forma, a pessoa escolhia passar pelo processo, tendo no\u00e7\u00e3o do que o ato realmente representa.<\/div>\n<div dir=\"auto\" style=\"text-align: justify;\"><\/div>\n<div dir=\"auto\" style=\"text-align: justify;\"><a href=\"https:\/\/clebinho.pro.br\/wp\/wp-content\/uploads\/2020\/10\/download-1.jpg\"><img loading=\"lazy\" decoding=\"async\" class=\"size-full wp-image-18101 alignleft\" src=\"https:\/\/clebinho.pro.br\/wp\/wp-content\/uploads\/2020\/10\/download-1.jpg\" alt=\"\" width=\"205\" height=\"246\" \/><\/a><\/div>\n<p>&nbsp;<\/p>\n<p>Um l\u00edder anabatista foi o holand\u00eas Menno Simons, considerado o fundador do movimento Menonita, ligado literalmente a B\u00edblia.<\/p>\n<p>Simons, imagem ao lado, foi um te\u00f3logo origin\u00e1rio da Fr\u00edsia, regi\u00e3o litor\u00e2nea que ia da Holanda a Dinamarca. Foi ordenado padre cat\u00f3lico em mar\u00e7o de 1.524. \u00c9 considerado um dos reformadores mais radicais de toda hist\u00f3ria.<\/p>\n<div dir=\"auto\" style=\"text-align: justify;\">Os Amish formam uma dissid\u00eancia desse grupo, por incr\u00edvel que pare\u00e7a ainda mais ultraconservadores. O termo surgiu do su\u00ed\u00e7o Jakob Amman e seus seguidores passaram a ser conhecidos como Amish.<\/div>\n<div dir=\"auto\" style=\"text-align: justify;\"><\/div>\n<div dir=\"auto\" style=\"text-align: justify;\"><a href=\"https:\/\/clebinho.pro.br\/wp\/wp-content\/uploads\/2020\/10\/lossy-page1-800px-Jakob_Ammann.tif.jpg\"><img loading=\"lazy\" decoding=\"async\" class=\"size-medium wp-image-18102 alignright\" src=\"https:\/\/clebinho.pro.br\/wp\/wp-content\/uploads\/2020\/10\/lossy-page1-800px-Jakob_Ammann.tif-300x242.jpg\" alt=\"\" width=\"300\" height=\"242\" srcset=\"https:\/\/www.clebinho.pro.br\/wp\/wp-content\/uploads\/2020\/10\/lossy-page1-800px-Jakob_Ammann.tif-300x242.jpg 300w, https:\/\/www.clebinho.pro.br\/wp\/wp-content\/uploads\/2020\/10\/lossy-page1-800px-Jakob_Ammann.tif-768x620.jpg 768w, https:\/\/www.clebinho.pro.br\/wp\/wp-content\/uploads\/2020\/10\/lossy-page1-800px-Jakob_Ammann.tif.jpg 800w\" sizes=\"(max-width: 300px) 100vw, 300px\" \/><\/a><\/div>\n<div dir=\"auto\" style=\"text-align: justify;\">\n<p>N\u00e3o existe nenhuma imagem real de Amman, mas um esbo\u00e7o de como ele deveria ser, embasado em relatos da \u00e9poca. Vejam ao lado na imagem.<\/p>\n<p>No in\u00edcio do s\u00e9culo XVIII chegaram aos EUA, em especial na Pensilv\u00e2nia. Atualmente, est\u00e3o em 28 dos 50 estados norte-americanos, um total de 200 a 300 mil adeptos. Pelo desenho, parecem realmente replicar o criador.<\/p>\n<\/div>\n<div dir=\"auto\" style=\"text-align: justify;\"><\/div>\n<div dir=\"auto\" style=\"text-align: justify;\">Sempre perseguidos, criaram o costume de rezar em casa, n\u00e3o nas igrejas. At\u00e9 hoje s\u00e3o assim. N\u00e3o s\u00e3o evangelizadores e se tornar um Amish \u00e9 tremendamente dif\u00edcil. Tem que saber falar seu dialeto, parecido com o alem\u00e3o e ser aceito por todos da comunidade.<\/div>\n<div dir=\"auto\" style=\"text-align: justify;\"><\/div>\n<div dir=\"auto\" style=\"text-align: justify;\">\n<div id=\"attachment_18104\" style=\"width: 310px\" class=\"wp-caption aligncenter\"><a href=\"https:\/\/clebinho.pro.br\/wp\/wp-content\/uploads\/2020\/10\/amish-family-horse-buggy.jpg\"><img loading=\"lazy\" decoding=\"async\" aria-describedby=\"caption-attachment-18104\" class=\"wp-image-18104 size-medium\" src=\"https:\/\/clebinho.pro.br\/wp\/wp-content\/uploads\/2020\/10\/amish-family-horse-buggy-300x200.jpg\" alt=\"\" width=\"300\" height=\"200\" srcset=\"https:\/\/www.clebinho.pro.br\/wp\/wp-content\/uploads\/2020\/10\/amish-family-horse-buggy-300x200.jpg 300w, https:\/\/www.clebinho.pro.br\/wp\/wp-content\/uploads\/2020\/10\/amish-family-horse-buggy.jpg 720w\" sizes=\"(max-width: 300px) 100vw, 300px\" \/><\/a><p id=\"caption-attachment-18104\" class=\"wp-caption-text\">Fam\u00edlia Amish, geralmente enorme, passeando em uma t\u00edpica charrete, j\u00e1 que n\u00e3o usam autom\u00f3veis. Imagem: Internet.<\/p><\/div>\n<\/div>\n<div dir=\"auto\" style=\"text-align: justify;\"><\/div>\n<div dir=\"auto\" style=\"text-align: justify;\">Como s\u00e3o radicalmente pacifistas, n\u00e3o ingressam nas For\u00e7as Armadas. As bonecas das crian\u00e7as n\u00e3o t\u00eam faces, para desencorajar vaidades. Pelo mesmo motivo, n\u00e3o tocam instrumentos musicais. As m\u00fasicas s\u00e3o proibidas por serem mundanas.<\/div>\n<div dir=\"auto\" style=\"text-align: justify;\"><\/div>\n<div dir=\"auto\" style=\"text-align: justify;\">\n<div id=\"attachment_18106\" style=\"width: 282px\" class=\"wp-caption aligncenter\"><a href=\"https:\/\/clebinho.pro.br\/wp\/wp-content\/uploads\/2020\/10\/images.jpg\"><img loading=\"lazy\" decoding=\"async\" aria-describedby=\"caption-attachment-18106\" class=\"wp-image-18106 size-full\" src=\"https:\/\/clebinho.pro.br\/wp\/wp-content\/uploads\/2020\/10\/images.jpg\" alt=\"\" width=\"272\" height=\"185\" \/><\/a><p id=\"caption-attachment-18106\" class=\"wp-caption-text\">Exemplo de bonecas Amish sem qualquer fei\u00e7\u00e3o. Imagem: Internet.<\/p><\/div>\n<\/div>\n<div dir=\"auto\" style=\"text-align: justify;\"><\/div>\n<div dir=\"auto\" style=\"text-align: justify;\">\n<p>S\u00e3o patriarcais e as mulheres, em geral, se ocupam dos trabalhos dom\u00e9sticos. Os homens lidam na agricultura ou carpintaria. Ap\u00f3s casarem podem cultivar uma barba, bigodes s\u00e3o proibidos.<\/p>\n<p>S\u00e3o aversos a tecnologia. Acreditam que isso poderia lev\u00e1-los ao pecado e a dissolu\u00e7\u00e3o da fam\u00edlia. Como se fossem distra\u00e7\u00f5es. N\u00e3o usam sequer luz el\u00e9trica muito menos autom\u00f3veis. S\u00f3 usam far\u00f3is em suas charretes porque uma lei obrigou.<\/p>\n<\/div>\n<div dir=\"auto\" style=\"text-align: justify;\"><\/div>\n<div dir=\"auto\" style=\"text-align: justify;\">\n<div id=\"attachment_18107\" style=\"width: 310px\" class=\"wp-caption aligncenter\"><a href=\"https:\/\/clebinho.pro.br\/wp\/wp-content\/uploads\/2020\/10\/unnamed-1.jpg\"><img loading=\"lazy\" decoding=\"async\" aria-describedby=\"caption-attachment-18107\" class=\"wp-image-18107 size-medium\" src=\"https:\/\/clebinho.pro.br\/wp\/wp-content\/uploads\/2020\/10\/unnamed-1-300x171.jpg\" alt=\"\" width=\"300\" height=\"171\" srcset=\"https:\/\/www.clebinho.pro.br\/wp\/wp-content\/uploads\/2020\/10\/unnamed-1-300x171.jpg 300w, https:\/\/www.clebinho.pro.br\/wp\/wp-content\/uploads\/2020\/10\/unnamed-1.jpg 400w\" sizes=\"(max-width: 300px) 100vw, 300px\" \/><\/a><p id=\"caption-attachment-18107\" class=\"wp-caption-text\">Visual tradicional dos Amish, com barba mas sem bigode. Imagem: Internet.<\/p><\/div>\n<\/div>\n<div dir=\"auto\" style=\"text-align: justify;\"><\/div>\n<div dir=\"auto\" style=\"text-align: justify;\">\n<p>Aos 16 anos podem fazer o que quiserem, em uma fase que se chama Rumspringa. Uns bebem, outros dirigem carros, alguns at\u00e9 exageram. Depois, escolhem se ficam ou n\u00e3o na comunidade, voltando, \u00e9 claro, a respeitar as proibi\u00e7\u00f5es.<\/p>\n<p>Antes de julgar nossos distintos personagens, tenho um dado interessante. Cerca de 80% a 90% dos jovens escolhem ficar e permanecer Amish.<\/p>\n<\/div>\n<div dir=\"auto\" style=\"text-align: justify;\"><\/div>\n<div dir=\"auto\" style=\"text-align: justify;\">\n<div dir=\"auto\" style=\"text-align: justify;\"><\/div>\n<div dir=\"auto\"><strong>Siga o Professor Clebinho nas redes sociais, clique nos links: <\/strong><b>\u00a0<a href=\"https:\/\/www.instagram.com\/professor.clebinho\/?hl=en\">Instagram<\/a><\/b><strong>\u00a0\u00a0<\/strong><a href=\"https:\/\/br.linkedin.com\/in\/professor-clebinho-83402218a\" target=\"_blank\" rel=\"noopener noreferrer\"><strong>Linkedin<\/strong><\/a><strong>\u00a0 \u00a0 \u00a0\u00a0<\/strong><a href=\"https:\/\/www.youtube.com\/channel\/UCPJKhdHCtO52vr5LIFOKcsQ\" target=\"_blank\" rel=\"noopener noreferrer\"><strong>Youtube<\/strong><\/a><\/p>\n<p style=\"text-align: justify;\">Publicado em 03.09.2020<\/p>\n<\/div>\n<\/div>\n","protected":false},"excerpt":{"rendered":"<p>Fala meu povo! Voc\u00eas conhecem um grupo que, em pleno s\u00e9culo XXI, n\u00e3o usa tecnologia nem energia el\u00e9trica? Para entender os Amish a hist\u00f3ria \u00e9 longa. No s\u00e9culo XVI ocorreu a Reforma Protestante, emergindo v\u00e1rias correntes religiosas crist\u00e3s. Uma delas foi a Anabatista, acreditando que crian\u00e7as n\u00e3o deveriam ser batizadas, somente adultos. Dessa forma, a [&hellip;]<\/p>\n","protected":false},"author":2,"featured_media":18107,"comment_status":"open","ping_status":"open","sticky":false,"template":"","format":"standard","meta":{"footnotes":""},"categories":[8,130,1,5],"tags":[2117,20,478,32],"yoast_head":"<!-- This site is optimized with the Yoast SEO plugin v20.3 - https:\/\/yoast.com\/wordpress\/plugins\/seo\/ -->\n<title>268. Amish - Blog do Professor Clebinho<\/title>\n<meta name=\"robots\" content=\"index, follow, max-snippet:-1, max-image-preview:large, max-video-preview:-1\" \/>\n<link rel=\"canonical\" href=\"https:\/\/www.clebinho.pro.br\/wp\/?p=18068\" \/>\n<meta property=\"og:locale\" content=\"pt_BR\" \/>\n<meta property=\"og:type\" content=\"article\" \/>\n<meta property=\"og:title\" content=\"268. Amish - Blog do Professor Clebinho\" \/>\n<meta property=\"og:description\" content=\"Fala meu povo! Voc\u00eas conhecem um grupo que, em pleno s\u00e9culo XXI, n\u00e3o usa tecnologia nem energia el\u00e9trica? Para entender os Amish a hist\u00f3ria \u00e9 longa. No s\u00e9culo XVI ocorreu a Reforma Protestante, emergindo v\u00e1rias correntes religiosas crist\u00e3s. Uma delas foi a Anabatista, acreditando que crian\u00e7as n\u00e3o deveriam ser batizadas, somente adultos. Dessa forma, a [&hellip;]\" \/>\n<meta property=\"og:url\" content=\"https:\/\/www.clebinho.pro.br\/wp\/?p=18068\" \/>\n<meta property=\"og:site_name\" content=\"Blog do Professor Clebinho\" \/>\n<meta property=\"article:published_time\" content=\"2020-09-03T16:36:19+00:00\" \/>\n<meta property=\"article:modified_time\" content=\"2025-01-22T20:18:28+00:00\" \/>\n<meta property=\"og:image\" content=\"https:\/\/clebinho.pro.br\/wp\/wp-content\/uploads\/2020\/10\/unnamed-1.jpg\" \/>\n\t<meta property=\"og:image:width\" content=\"400\" \/>\n\t<meta property=\"og:image:height\" content=\"228\" \/>\n\t<meta property=\"og:image:type\" content=\"image\/jpeg\" \/>\n<meta name=\"author\" content=\"Professor Clebinho\" \/>\n<meta name=\"twitter:card\" content=\"summary_large_image\" \/>\n<meta name=\"twitter:label1\" content=\"Escrito por\" \/>\n\t<meta name=\"twitter:data1\" content=\"Professor Clebinho\" \/>\n\t<meta name=\"twitter:label2\" content=\"Est. tempo de leitura\" \/>\n\t<meta name=\"twitter:data2\" content=\"4 minutos\" \/>\n<script type=\"application\/ld+json\" class=\"yoast-schema-graph\">{\"@context\":\"https:\/\/schema.org\",\"@graph\":[{\"@type\":\"WebPage\",\"@id\":\"https:\/\/www.clebinho.pro.br\/wp\/?p=18068\",\"url\":\"https:\/\/www.clebinho.pro.br\/wp\/?p=18068\",\"name\":\"268. Amish - Blog do Professor Clebinho\",\"isPartOf\":{\"@id\":\"https:\/\/www.clebinho.pro.br\/wp\/#website\"},\"datePublished\":\"2020-09-03T16:36:19+00:00\",\"dateModified\":\"2025-01-22T20:18:28+00:00\",\"author\":{\"@id\":\"https:\/\/www.clebinho.pro.br\/wp\/#\/schema\/person\/73417286de03a1ad762ac7d8ca8c6b77\"},\"breadcrumb\":{\"@id\":\"https:\/\/www.clebinho.pro.br\/wp\/?p=18068#breadcrumb\"},\"inLanguage\":\"pt-BR\",\"potentialAction\":[{\"@type\":\"ReadAction\",\"target\":[\"https:\/\/www.clebinho.pro.br\/wp\/?p=18068\"]}]},{\"@type\":\"BreadcrumbList\",\"@id\":\"https:\/\/www.clebinho.pro.br\/wp\/?p=18068#breadcrumb\",\"itemListElement\":[{\"@type\":\"ListItem\",\"position\":1,\"name\":\"In\u00edcio\",\"item\":\"https:\/\/www.clebinho.pro.br\/wp\"},{\"@type\":\"ListItem\",\"position\":2,\"name\":\"268. Amish\"}]},{\"@type\":\"WebSite\",\"@id\":\"https:\/\/www.clebinho.pro.br\/wp\/#website\",\"url\":\"https:\/\/www.clebinho.pro.br\/wp\/\",\"name\":\"Blog do Professor Clebinho\",\"description\":\"Um espa\u00e7o virtual privilegiado oferecido pelo professor Clebinho, seus alunos, ex-alunos e demais interessados no debate de atualidades, hist\u00f3ria, geografia, geopolitica e meio ambiente\",\"potentialAction\":[{\"@type\":\"SearchAction\",\"target\":{\"@type\":\"EntryPoint\",\"urlTemplate\":\"https:\/\/www.clebinho.pro.br\/wp\/?s={search_term_string}\"},\"query-input\":\"required name=search_term_string\"}],\"inLanguage\":\"pt-BR\"},{\"@type\":\"Person\",\"@id\":\"https:\/\/www.clebinho.pro.br\/wp\/#\/schema\/person\/73417286de03a1ad762ac7d8ca8c6b77\",\"name\":\"Professor Clebinho\",\"image\":{\"@type\":\"ImageObject\",\"inLanguage\":\"pt-BR\",\"@id\":\"https:\/\/www.clebinho.pro.br\/wp\/#\/schema\/person\/image\/\",\"url\":\"https:\/\/secure.gravatar.com\/avatar\/bb922115afcbfb086f9c52d1dd4a20fa?s=96&d=mm&r=g\",\"contentUrl\":\"https:\/\/secure.gravatar.com\/avatar\/bb922115afcbfb086f9c52d1dd4a20fa?s=96&d=mm&r=g\",\"caption\":\"Professor Clebinho\"},\"sameAs\":[\"https:\/\/www.clebinho.pro.br\/wp\"],\"url\":\"https:\/\/www.clebinho.pro.br\/wp\/?author=2\"}]}<\/script>\n<!-- \/ Yoast SEO plugin. -->","yoast_head_json":{"title":"268. Amish - Blog do Professor Clebinho","robots":{"index":"index","follow":"follow","max-snippet":"max-snippet:-1","max-image-preview":"max-image-preview:large","max-video-preview":"max-video-preview:-1"},"canonical":"https:\/\/www.clebinho.pro.br\/wp\/?p=18068","og_locale":"pt_BR","og_type":"article","og_title":"268. Amish - Blog do Professor Clebinho","og_description":"Fala meu povo! Voc\u00eas conhecem um grupo que, em pleno s\u00e9culo XXI, n\u00e3o usa tecnologia nem energia el\u00e9trica? Para entender os Amish a hist\u00f3ria \u00e9 longa. No s\u00e9culo XVI ocorreu a Reforma Protestante, emergindo v\u00e1rias correntes religiosas crist\u00e3s. Uma delas foi a Anabatista, acreditando que crian\u00e7as n\u00e3o deveriam ser batizadas, somente adultos. Dessa forma, a [&hellip;]","og_url":"https:\/\/www.clebinho.pro.br\/wp\/?p=18068","og_site_name":"Blog do Professor Clebinho","article_published_time":"2020-09-03T16:36:19+00:00","article_modified_time":"2025-01-22T20:18:28+00:00","og_image":[{"width":400,"height":228,"url":"https:\/\/clebinho.pro.br\/wp\/wp-content\/uploads\/2020\/10\/unnamed-1.jpg","type":"image\/jpeg"}],"author":"Professor Clebinho","twitter_card":"summary_large_image","twitter_misc":{"Escrito por":"Professor Clebinho","Est. tempo de leitura":"4 minutos"},"schema":{"@context":"https:\/\/schema.org","@graph":[{"@type":"WebPage","@id":"https:\/\/www.clebinho.pro.br\/wp\/?p=18068","url":"https:\/\/www.clebinho.pro.br\/wp\/?p=18068","name":"268. Amish - Blog do Professor Clebinho","isPartOf":{"@id":"https:\/\/www.clebinho.pro.br\/wp\/#website"},"datePublished":"2020-09-03T16:36:19+00:00","dateModified":"2025-01-22T20:18:28+00:00","author":{"@id":"https:\/\/www.clebinho.pro.br\/wp\/#\/schema\/person\/73417286de03a1ad762ac7d8ca8c6b77"},"breadcrumb":{"@id":"https:\/\/www.clebinho.pro.br\/wp\/?p=18068#breadcrumb"},"inLanguage":"pt-BR","potentialAction":[{"@type":"ReadAction","target":["https:\/\/www.clebinho.pro.br\/wp\/?p=18068"]}]},{"@type":"BreadcrumbList","@id":"https:\/\/www.clebinho.pro.br\/wp\/?p=18068#breadcrumb","itemListElement":[{"@type":"ListItem","position":1,"name":"In\u00edcio","item":"https:\/\/www.clebinho.pro.br\/wp"},{"@type":"ListItem","position":2,"name":"268. Amish"}]},{"@type":"WebSite","@id":"https:\/\/www.clebinho.pro.br\/wp\/#website","url":"https:\/\/www.clebinho.pro.br\/wp\/","name":"Blog do Professor Clebinho","description":"Um espa\u00e7o virtual privilegiado oferecido pelo professor Clebinho, seus alunos, ex-alunos e demais interessados no debate de atualidades, hist\u00f3ria, geografia, geopolitica e meio ambiente","potentialAction":[{"@type":"SearchAction","target":{"@type":"EntryPoint","urlTemplate":"https:\/\/www.clebinho.pro.br\/wp\/?s={search_term_string}"},"query-input":"required name=search_term_string"}],"inLanguage":"pt-BR"},{"@type":"Person","@id":"https:\/\/www.clebinho.pro.br\/wp\/#\/schema\/person\/73417286de03a1ad762ac7d8ca8c6b77","name":"Professor Clebinho","image":{"@type":"ImageObject","inLanguage":"pt-BR","@id":"https:\/\/www.clebinho.pro.br\/wp\/#\/schema\/person\/image\/","url":"https:\/\/secure.gravatar.com\/avatar\/bb922115afcbfb086f9c52d1dd4a20fa?s=96&d=mm&r=g","contentUrl":"https:\/\/secure.gravatar.com\/avatar\/bb922115afcbfb086f9c52d1dd4a20fa?s=96&d=mm&r=g","caption":"Professor Clebinho"},"sameAs":["https:\/\/www.clebinho.pro.br\/wp"],"url":"https:\/\/www.clebinho.pro.br\/wp\/?author=2"}]}},"_links":{"self":[{"href":"https:\/\/www.clebinho.pro.br\/wp\/index.php?rest_route=\/wp\/v2\/posts\/18068"}],"collection":[{"href":"https:\/\/www.clebinho.pro.br\/wp\/index.php?rest_route=\/wp\/v2\/posts"}],"about":[{"href":"https:\/\/www.clebinho.pro.br\/wp\/index.php?rest_route=\/wp\/v2\/types\/post"}],"author":[{"embeddable":true,"href":"https:\/\/www.clebinho.pro.br\/wp\/index.php?rest_route=\/wp\/v2\/users\/2"}],"replies":[{"embeddable":true,"href":"https:\/\/www.clebinho.pro.br\/wp\/index.php?rest_route=%2Fwp%2Fv2%2Fcomments&post=18068"}],"version-history":[{"count":22,"href":"https:\/\/www.clebinho.pro.br\/wp\/index.php?rest_route=\/wp\/v2\/posts\/18068\/revisions"}],"predecessor-version":[{"id":18258,"href":"https:\/\/www.clebinho.pro.br\/wp\/index.php?rest_route=\/wp\/v2\/posts\/18068\/revisions\/18258"}],"wp:featuredmedia":[{"embeddable":true,"href":"https:\/\/www.clebinho.pro.br\/wp\/index.php?rest_route=\/wp\/v2\/media\/18107"}],"wp:attachment":[{"href":"https:\/\/www.clebinho.pro.br\/wp\/index.php?rest_route=%2Fwp%2Fv2%2Fmedia&parent=18068"}],"wp:term":[{"taxonomy":"category","embeddable":true,"href":"https:\/\/www.clebinho.pro.br\/wp\/index.php?rest_route=%2Fwp%2Fv2%2Fcategories&post=18068"},{"taxonomy":"post_tag","embeddable":true,"href":"https:\/\/www.clebinho.pro.br\/wp\/index.php?rest_route=%2Fwp%2Fv2%2Ftags&post=18068"}],"curies":[{"name":"wp","href":"https:\/\/api.w.org\/{rel}","templated":true}]}}