{"id":1917,"date":"2015-07-29T06:43:49","date_gmt":"2015-07-29T09:43:49","guid":{"rendered":"http:\/\/www.clebinho.pro.br\/?p=1917"},"modified":"2017-10-11T13:25:07","modified_gmt":"2017-10-11T16:25:07","slug":"constituicoes-do-brasil","status":"publish","type":"post","link":"https:\/\/www.clebinho.pro.br\/wp\/?p=1917","title":{"rendered":"55. As Constitui\u00e7\u00f5es do Brasil: 1824"},"content":{"rendered":"<p style=\"text-align: justify;\">Iniciamos hoje um projeto muito importante em nosso blog, iremos apontar todas as constitui\u00e7\u00f5es que j\u00e1 vigoraram no Brasil ao longo de sua hist\u00f3ria. Ser\u00e3o 4 textos e ser\u00e1 uma oportunidade incr\u00edvel de voc\u00ea conhecer um pouco mais do que se passou em nosso pa\u00eds, assim como as reviravoltas que marcam nosso passado.<\/p>\n<h4 style=\"text-align: justify;\"><strong>Constitui\u00e7\u00e3o<\/strong><\/h4>\n<p style=\"text-align: justify;\">Constitui\u00e7\u00e3o \u00e9 o conjunto de leis, normas e regras de um pa\u00eds. Regula e organiza o funcionamento do Estado. \u00c9 a lei m\u00e1xima que limita poderes e define os direitos e deveres dos cidad\u00e3os. Nenhuma outra lei no pa\u00eds pode entrar em conflito com a Constitui\u00e7\u00e3o.<\/p>\n<div id=\"attachment_8322\" style=\"width: 310px\" class=\"wp-caption aligncenter\"><a href=\"https:\/\/clebinho.pro.br\/wp\/wp-content\/uploads\/2015\/07\/joaquim-barbosa-constituicao-1.jpg\"><img loading=\"lazy\" decoding=\"async\" aria-describedby=\"caption-attachment-8322\" class=\"wp-image-8322 size-medium\" src=\"https:\/\/clebinho.pro.br\/wp\/wp-content\/uploads\/2015\/07\/joaquim-barbosa-constituicao-1-300x225.jpg\" alt=\"joaquim-barbosa-constituicao-1\" width=\"300\" height=\"225\" srcset=\"https:\/\/www.clebinho.pro.br\/wp\/wp-content\/uploads\/2015\/07\/joaquim-barbosa-constituicao-1-300x225.jpg 300w, https:\/\/www.clebinho.pro.br\/wp\/wp-content\/uploads\/2015\/07\/joaquim-barbosa-constituicao-1-1024x767.jpg 1024w, https:\/\/www.clebinho.pro.br\/wp\/wp-content\/uploads\/2015\/07\/joaquim-barbosa-constituicao-1.jpg 1200w\" sizes=\"(max-width: 300px) 100vw, 300px\" \/><\/a><p id=\"caption-attachment-8322\" class=\"wp-caption-text\">Ministro do Supremo \u00e0 \u00e9poca, Joaquim Barbosa consultando atentamente a Constitui\u00e7\u00e3o brasileira. Imagem: Internet<\/p><\/div>\n<p>.<\/p>\n<p style=\"text-align: justify;\">Nos pa\u00edses democr\u00e1ticos, a constitui\u00e7\u00e3o \u00e9 elaborada por uma Assembleia Constituinte (Poder legislativo), eleita pelo povo. A Constitui\u00e7\u00e3o n\u00e3o pode ser eterna, imut\u00e1vel. O mundo muda, evolui, e as leis precisam acompanhar esse desenvolvimento. Para que isso ocorra, a Lei Maior de um pa\u00eds pode receber emendas e ser modificada. O detalhe \u00e9 que essas emendas n\u00e3o podem abolir ou entrar em choque com as as cl\u00e1usulas p\u00e9treas\u00b9, conte\u00fados protegidos de mudan\u00e7as.<\/p>\n<h4 style=\"text-align: justify;\"><strong>Emenda constitucional<br \/>\n<\/strong><\/h4>\n<p style=\"text-align: justify;\">No campo jur\u00eddico, \u00e9 chamada emenda constitucional\u00a0 a modifica\u00e7\u00e3o imposta ao texto da Constitui\u00e7\u00e3o Federal ap\u00f3s sua promulga\u00e7\u00e3o. \u00c9 o processo que garante que a Constitui\u00e7\u00e3o de um pa\u00eds seja modificada em partes, para se adaptar e permanecer atualizada diante de relevantes mudan\u00e7as sociais.<\/p>\n<p style=\"text-align: justify;\">No Brasil, o processo se inicia com a apresenta\u00e7\u00e3o de uma PEC (<em>Projeto de Emenda Constitucional<\/em>), de autoria de um ou um grupo de parlamentares. Quando a PEC chega\u00a0 \u00e0 C\u00e2mara dos Deputados, ela \u00e9 enviada para analise em algumas comiss\u00f5es, como a CCJ (Comiss\u00e3o de Constitui\u00e7\u00e3o e Justi\u00e7a)\u00b2. Caso as an\u00e1lises n\u00e3o identifiquem irregularidades no projeto, a emenda \u00e9 aprovada e vai a vota\u00e7\u00e3o no\u00a0 congresso. A emenda depende de tr\u00eas quintos dos votos em dois turnos de vota\u00e7\u00e3o em cada uma das casas legislativas (equivalente a 308 votos na C\u00e2mara e 49 no Senado).<\/p>\n<p style=\"text-align: justify;\">Uma das emendas mais\u00a0 pol\u00eamicas da atualidade \u00e9 a PEC 171\/1993 que diminui a maioridade penal. Saiba mais no <a href=\"http:\/\/g1.globo.com\/politica\/noticia\/2015\/07\/apos-rejeitar-pec-camara-aprova-novo-texto-que-reduz-maioridade.html\" target=\"_blank\" rel=\"noopener\">site G1.<\/a><\/p>\n<h4 style=\"text-align: justify;\"><strong>Constitui\u00e7\u00e3o dos EUA<br \/>\n<\/strong><\/h4>\n<p style=\"text-align: justify;\">Nos EUA, as institui\u00e7\u00f5es, leis e tradi\u00e7\u00f5es s\u00e3o tremendamente respeitadas. Em toda a sua hist\u00f3ria, que completou 239 anos em 2015, s\u00f3 tiveram uma \u00fanica Constitui\u00e7\u00e3o, promulgada em 1787, cerca de 11 anos ap\u00f3s a sua independ\u00eancia. Comparo sempre o Brasil com os EUA, pelo fato deles serem a maior pot\u00eancia do mundo, tendo sido col\u00f4nia como n\u00f3s. Pela l\u00f3gica, a mesma capacidade que os organizaram, deveria ter ocorrido aqui tamb\u00e9m. Mas isso \u00e9 assunto para outro momento.<\/p>\n<p>.<\/p>\n<div style=\"width: 286px\" class=\"wp-caption aligncenter\"><img loading=\"lazy\" decoding=\"async\" class=\"mw-mmv-final-image mw-mmv-dialog-is-open\" src=\"https:\/\/upload.wikimedia.org\/wikipedia\/commons\/thumb\/b\/b6\/Gilbert_Stuart_Williamstown_Portrait_of_George_Washington.jpg\/800px-Gilbert_Stuart_Williamstown_Portrait_of_George_Washington.jpg\" alt=\"\" width=\"276\" height=\"336\" crossorigin=\"anonymous\" \/><p class=\"wp-caption-text\">George Washington, foi o primeiro Presidente dos Estados Unidos (1789\u20131797) e presidiu \u00e0 conven\u00e7\u00e3o que elaborou a Constitui\u00e7\u00e3o. <a href=\"https:\/\/pt.wikipedia.org\/wiki\/George_Washington\" target=\"_blank\" rel=\"noopener\">Imagem: Wikip\u00e9dia.<\/a><\/p><\/div>\n<p>.<\/p>\n<p style=\"text-align: justify;\">Em mais de 228 anos, a constitui\u00e7\u00e3o norte americana sofreu apenas 27 emendas, entre as mais famosas, as leis que determinaram o fim da escravid\u00e3o (1865); a cria\u00e7\u00e3o do voto feminino (1920); e a\u00a0 que concedeu o direito do cidad\u00e3o ficar em sil\u00eancio e exigir um advogado quando acusado por algum crime (1966). A Lei Seca, que proibia o com\u00e9rcio de bebidas alco\u00f3licas, foi a \u00fanica emenda revogada pelo governo norte-americano.<\/p>\n<h4 style=\"text-align: justify;\"><strong>Brasil<\/strong><\/h4>\n<p style=\"text-align: justify;\">Para compara\u00e7\u00e3o, n\u00f3s j\u00e1 tivemos 7 Constitui\u00e7\u00f5es e a nossa \u00faltima, promulgada em\u00a0 1988, muito recente,\u00a0 j\u00e1 recebeu mais de 80 emendas.<\/p>\n<p style=\"text-align: justify;\">N\u00e3o que elaborar uma nova constitui\u00e7\u00e3o seja algo necessariamente ruim, mas mudar demais demonstra que as institui\u00e7\u00f5es de um pa\u00eds s\u00e3o fracas, muda-se a Lei Maior de acordo com os interesses de quem esta no poder naquele determinado momento.<\/p>\n<div style=\"width: 426px\" class=\"wp-caption aligncenter\"><img loading=\"lazy\" decoding=\"async\" class=\"irc_mi\" src=\"http:\/\/files.conscienciapolitica.webnode.pt\/200000182-4902c4af5c\/constitui%C3%A7%C3%B5es.PNG\" alt=\"\" width=\"416\" height=\"393\" \/><p class=\"wp-caption-text\">Lista com as 7 Constitui\u00e7\u00f5es da hist\u00f3ria brasileira e caracter\u00edsticas do momento em que cada uma foi criada. Imagem: <a href=\"http:\/\/www.portalconscienciapolitica.com.br\/administra%C3%A7%C3%A3o-publica\/constitui%C3%A7%C3%B5es-brasileiras\/\" target=\"_blank\" rel=\"noopener\">Consci\u00eancia Pol\u00edtica<\/a><\/p><\/div>\n<h4 style=\"text-align: justify;\"><\/h4>\n<h4 style=\"text-align: justify;\"><strong>Constitui\u00e7\u00e3o de 1824<\/strong><\/h4>\n<p style=\"text-align: justify;\">Ap\u00f3s a independ\u00eancia do Brasil, que ocorreu em 1822, o Partido brasileiro, representando principalmente a elite latifundi\u00e1ria escravista, produziu um anteprojeto, apelidado &#8220;constitui\u00e7\u00e3o da mandioca&#8221;, que limitava a poder imperial e discriminava os portugueses. Essa seria nossa 1\u00ba Constitui\u00e7\u00e3o.<\/p>\n<p style=\"text-align: justify;\">Dom Pedro I n\u00e3o gostou nada da limita\u00e7\u00e3o de seu poder, em 1823 dissolveu a Assembleia Constituinte brasileira e no ano seguinte imp\u00f4s seu pr\u00f3prio projeto, que se tornou, essa sim,\u00a0 nossa primeira constitui\u00e7\u00e3o.<\/p>\n<p style=\"text-align: justify;\">De acordo com essa constitui\u00e7\u00e3o o nome do pa\u00eds mudou para Imp\u00e9rio do Brasil. O governo era uma monarquia unit\u00e1ria e heredit\u00e1ria. O ponto mais pol\u00eamico e que mais chama nossa aten\u00e7\u00e3o foi a cria\u00e7\u00e3o do Poder Moderador, exercido pelo imperador e acima dos outros 3 (Executivo\/ Legislativo \/ Judici\u00e1rio), assunto j\u00e1 abordado aqui em <a href=\"https:\/\/www.clebinho.pro.br\/wp\/wp\/?p=323\" target=\"_blank\" rel=\"noopener\">nosso blog. <\/a>Assim sendo, o imperador estava acima de todas as leis. Dom Pedro II, filho de Dom Pedro I, tamb\u00e9m governou o Brasil exercendo este poder.<\/p>\n<div style=\"width: 258px\" class=\"wp-caption aligncenter\"><img loading=\"lazy\" decoding=\"async\" class=\"\" src=\"http:\/\/3.bp.blogspot.com\/-VdTN9qkicY4\/UKRcVWmXrfI\/AAAAAAAAP2g\/FjxUzP9HbwU\/s1600\/d-pedro-ii1.jpg\" alt=\"\" width=\"248\" height=\"334\" \/><p class=\"wp-caption-text\">Dom Pedro II, governou o Brasil de 1840 a 1889. Tamb\u00e9m se utilizou do Poder Moderador. Imagem: internet.<\/p><\/div>\n<p>.<\/p>\n<p style=\"text-align: justify;\">O mandato dos senadores era vital\u00edcio, o voto censit\u00e1rio (s\u00f3 para os ricos) e o Estado confessional (ligado \u00e0 Igreja Cat\u00f3lica). Manteve a escravid\u00e3o como algo dentro da lei. <span id=\"qsif\"><\/span>Tudo muito diferente do que temos hoje em dia. Foi a Constitui\u00e7\u00e3o de maior vig\u00eancia em toda nossa hist\u00f3ria, vigorou por mais de 65 anos.<\/p>\n<div id=\"attachment_1974\" style=\"width: 310px\" class=\"wp-caption aligncenter\"><a href=\"https:\/\/clebinho.pro.br\/wp\/wp-content\/uploads\/2015\/07\/Constitui\u00e7\u00e3o_de_1824_do_Brasil.jpg\"><img loading=\"lazy\" decoding=\"async\" aria-describedby=\"caption-attachment-1974\" class=\"wp-image-1974 size-medium\" src=\"https:\/\/clebinho.pro.br\/wp\/wp-content\/uploads\/2015\/07\/Constitui\u00e7\u00e3o_de_1824_do_Brasil-300x210.jpg\" alt=\"Constitui\u00e7\u00e3o_de_1824_do_Brasil\" width=\"300\" height=\"210\" srcset=\"https:\/\/www.clebinho.pro.br\/wp\/wp-content\/uploads\/2015\/07\/Constitui\u00e7\u00e3o_de_1824_do_Brasil-300x210.jpg 300w, https:\/\/www.clebinho.pro.br\/wp\/wp-content\/uploads\/2015\/07\/Constitui\u00e7\u00e3o_de_1824_do_Brasil.jpg 314w\" sizes=\"(max-width: 300px) 100vw, 300px\" \/><\/a><p id=\"caption-attachment-1974\" class=\"wp-caption-text\">Constitui\u00e7\u00e3o de 1824, a 1\u00ba do Brasil. exposta no museu Nacional no Rio de Janeiro. Imagem: Internet.<\/p><\/div>\n<p>.<\/p>\n<p style=\"text-align: justify;\"><a href=\"https:\/\/www.clebinho.pro.br\/wp\/wp\/?p=1946\" target=\"_blank\" rel=\"noopener\">No pr\u00f3ximo texto<\/a> continuaremos avan\u00e7ando em nosso assunto. Veremos mais 4 Constitui\u00e7\u00f5es de nossa hist\u00f3ria. Vem a\u00ed a\u00a0 Proclama\u00e7\u00e3o da Rep\u00fablica, Get\u00falio Vargas e muito mais, imperd\u00edvel!<\/p>\n<p style=\"text-align: justify;\"><strong>Espero ter aumentado o conhecimento de todos os leitores. Curtam nossa <a href=\"https:\/\/www.facebook.com\/pages\/Clebinho\/1551769148421187?ref=settings\" target=\"_blank\" rel=\"noopener\">p\u00e1gina no Facebook <\/a>e compartilhem nosso texto! Abra\u00e7o do Clebinho!<\/strong><\/p>\n<p style=\"text-align: justify;\">Publicado em 29.07.2015<\/p>\n<p style=\"text-align: justify;\">1 &#8211; O tema cl\u00e1usulas p\u00e9treas ser\u00e1 abordado em nosso 3\u00ba texto sobre este assunto.<\/p>\n<p id=\"aui_3_2_0_1142\" style=\"text-align: justify;\">2 &#8211; Comiss\u00e3o de Constitui\u00e7\u00e3o e Justi\u00e7a \u2013 CCJ: \u00c9 a comiss\u00e3o permanente que trata dos assuntos ligados a constitucionalidade, juridicidade, legalidade, regimentalidade, t\u00e9cnica legislativa e reda\u00e7\u00e3o. Ela tem como miss\u00e3o, por exemplo, verificar se em uma proposta de emenda n\u00e3o tem algo que contrarie as cl\u00e1usulas p\u00e9treas.<\/p>\n<p>&nbsp;<\/p>\n","protected":false},"excerpt":{"rendered":"<p>Iniciamos hoje um projeto muito importante em nosso blog, iremos apontar todas as constitui\u00e7\u00f5es que j\u00e1 vigoraram no Brasil ao longo de sua hist\u00f3ria. Ser\u00e3o 4 textos e ser\u00e1 uma oportunidade incr\u00edvel de voc\u00ea conhecer um pouco mais do que se passou em nosso pa\u00eds, assim como as reviravoltas que marcam nosso passado. Constitui\u00e7\u00e3o Constitui\u00e7\u00e3o [&hellip;]<\/p>\n","protected":false},"author":2,"featured_media":8322,"comment_status":"open","ping_status":"open","sticky":false,"template":"","format":"standard","meta":{"footnotes":""},"categories":[8,71,81,5,3,140],"tags":[634,641,638,633,635,106,637,636,639,640,210],"yoast_head":"<!-- This site is optimized with the Yoast SEO plugin v20.3 - https:\/\/yoast.com\/wordpress\/plugins\/seo\/ -->\n<title>55. As Constitui\u00e7\u00f5es do Brasil: 1824 - Blog do Professor Clebinho<\/title>\n<meta name=\"robots\" content=\"index, follow, max-snippet:-1, max-image-preview:large, max-video-preview:-1\" \/>\n<link rel=\"canonical\" href=\"https:\/\/www.clebinho.pro.br\/wp\/?p=1917\" \/>\n<meta property=\"og:locale\" content=\"pt_BR\" \/>\n<meta property=\"og:type\" content=\"article\" \/>\n<meta property=\"og:title\" content=\"55. As Constitui\u00e7\u00f5es do Brasil: 1824 - Blog do Professor Clebinho\" \/>\n<meta property=\"og:description\" content=\"Iniciamos hoje um projeto muito importante em nosso blog, iremos apontar todas as constitui\u00e7\u00f5es que j\u00e1 vigoraram no Brasil ao longo de sua hist\u00f3ria. Ser\u00e3o 4 textos e ser\u00e1 uma oportunidade incr\u00edvel de voc\u00ea conhecer um pouco mais do que se passou em nosso pa\u00eds, assim como as reviravoltas que marcam nosso passado. Constitui\u00e7\u00e3o Constitui\u00e7\u00e3o [&hellip;]\" \/>\n<meta property=\"og:url\" content=\"https:\/\/www.clebinho.pro.br\/wp\/?p=1917\" \/>\n<meta property=\"og:site_name\" content=\"Blog do Professor Clebinho\" \/>\n<meta property=\"article:published_time\" content=\"2015-07-29T09:43:49+00:00\" \/>\n<meta property=\"article:modified_time\" content=\"2017-10-11T16:25:07+00:00\" \/>\n<meta property=\"og:image\" content=\"https:\/\/clebinho.pro.br\/wp\/wp-content\/uploads\/2015\/07\/joaquim-barbosa-constituicao-1.jpg\" \/>\n\t<meta property=\"og:image:width\" content=\"1200\" \/>\n\t<meta property=\"og:image:height\" content=\"899\" \/>\n\t<meta property=\"og:image:type\" content=\"image\/jpeg\" \/>\n<meta name=\"author\" content=\"Professor Clebinho\" \/>\n<meta name=\"twitter:card\" content=\"summary_large_image\" \/>\n<meta name=\"twitter:label1\" content=\"Escrito por\" \/>\n\t<meta name=\"twitter:data1\" content=\"Professor Clebinho\" \/>\n\t<meta name=\"twitter:label2\" content=\"Est. tempo de leitura\" \/>\n\t<meta name=\"twitter:data2\" content=\"5 minutos\" \/>\n<script type=\"application\/ld+json\" class=\"yoast-schema-graph\">{\"@context\":\"https:\/\/schema.org\",\"@graph\":[{\"@type\":\"WebPage\",\"@id\":\"https:\/\/www.clebinho.pro.br\/wp\/?p=1917\",\"url\":\"https:\/\/www.clebinho.pro.br\/wp\/?p=1917\",\"name\":\"55. As Constitui\u00e7\u00f5es do Brasil: 1824 - Blog do Professor Clebinho\",\"isPartOf\":{\"@id\":\"https:\/\/www.clebinho.pro.br\/wp\/#website\"},\"datePublished\":\"2015-07-29T09:43:49+00:00\",\"dateModified\":\"2017-10-11T16:25:07+00:00\",\"author\":{\"@id\":\"https:\/\/www.clebinho.pro.br\/wp\/#\/schema\/person\/73417286de03a1ad762ac7d8ca8c6b77\"},\"breadcrumb\":{\"@id\":\"https:\/\/www.clebinho.pro.br\/wp\/?p=1917#breadcrumb\"},\"inLanguage\":\"pt-BR\",\"potentialAction\":[{\"@type\":\"ReadAction\",\"target\":[\"https:\/\/www.clebinho.pro.br\/wp\/?p=1917\"]}]},{\"@type\":\"BreadcrumbList\",\"@id\":\"https:\/\/www.clebinho.pro.br\/wp\/?p=1917#breadcrumb\",\"itemListElement\":[{\"@type\":\"ListItem\",\"position\":1,\"name\":\"In\u00edcio\",\"item\":\"https:\/\/www.clebinho.pro.br\/wp\"},{\"@type\":\"ListItem\",\"position\":2,\"name\":\"55. As Constitui\u00e7\u00f5es do Brasil: 1824\"}]},{\"@type\":\"WebSite\",\"@id\":\"https:\/\/www.clebinho.pro.br\/wp\/#website\",\"url\":\"https:\/\/www.clebinho.pro.br\/wp\/\",\"name\":\"Blog do Professor Clebinho\",\"description\":\"Um espa\u00e7o virtual privilegiado oferecido pelo professor Clebinho, seus alunos, ex-alunos e demais interessados no debate de atualidades, hist\u00f3ria, geografia, geopolitica e meio ambiente\",\"potentialAction\":[{\"@type\":\"SearchAction\",\"target\":{\"@type\":\"EntryPoint\",\"urlTemplate\":\"https:\/\/www.clebinho.pro.br\/wp\/?s={search_term_string}\"},\"query-input\":\"required name=search_term_string\"}],\"inLanguage\":\"pt-BR\"},{\"@type\":\"Person\",\"@id\":\"https:\/\/www.clebinho.pro.br\/wp\/#\/schema\/person\/73417286de03a1ad762ac7d8ca8c6b77\",\"name\":\"Professor Clebinho\",\"image\":{\"@type\":\"ImageObject\",\"inLanguage\":\"pt-BR\",\"@id\":\"https:\/\/www.clebinho.pro.br\/wp\/#\/schema\/person\/image\/\",\"url\":\"https:\/\/secure.gravatar.com\/avatar\/bb922115afcbfb086f9c52d1dd4a20fa?s=96&d=mm&r=g\",\"contentUrl\":\"https:\/\/secure.gravatar.com\/avatar\/bb922115afcbfb086f9c52d1dd4a20fa?s=96&d=mm&r=g\",\"caption\":\"Professor Clebinho\"},\"sameAs\":[\"https:\/\/www.clebinho.pro.br\/wp\"],\"url\":\"https:\/\/www.clebinho.pro.br\/wp\/?author=2\"}]}<\/script>\n<!-- \/ Yoast SEO plugin. -->","yoast_head_json":{"title":"55. As Constitui\u00e7\u00f5es do Brasil: 1824 - Blog do Professor Clebinho","robots":{"index":"index","follow":"follow","max-snippet":"max-snippet:-1","max-image-preview":"max-image-preview:large","max-video-preview":"max-video-preview:-1"},"canonical":"https:\/\/www.clebinho.pro.br\/wp\/?p=1917","og_locale":"pt_BR","og_type":"article","og_title":"55. As Constitui\u00e7\u00f5es do Brasil: 1824 - Blog do Professor Clebinho","og_description":"Iniciamos hoje um projeto muito importante em nosso blog, iremos apontar todas as constitui\u00e7\u00f5es que j\u00e1 vigoraram no Brasil ao longo de sua hist\u00f3ria. Ser\u00e3o 4 textos e ser\u00e1 uma oportunidade incr\u00edvel de voc\u00ea conhecer um pouco mais do que se passou em nosso pa\u00eds, assim como as reviravoltas que marcam nosso passado. Constitui\u00e7\u00e3o Constitui\u00e7\u00e3o [&hellip;]","og_url":"https:\/\/www.clebinho.pro.br\/wp\/?p=1917","og_site_name":"Blog do Professor Clebinho","article_published_time":"2015-07-29T09:43:49+00:00","article_modified_time":"2017-10-11T16:25:07+00:00","og_image":[{"width":1200,"height":899,"url":"https:\/\/clebinho.pro.br\/wp\/wp-content\/uploads\/2015\/07\/joaquim-barbosa-constituicao-1.jpg","type":"image\/jpeg"}],"author":"Professor Clebinho","twitter_card":"summary_large_image","twitter_misc":{"Escrito por":"Professor Clebinho","Est. tempo de leitura":"5 minutos"},"schema":{"@context":"https:\/\/schema.org","@graph":[{"@type":"WebPage","@id":"https:\/\/www.clebinho.pro.br\/wp\/?p=1917","url":"https:\/\/www.clebinho.pro.br\/wp\/?p=1917","name":"55. As Constitui\u00e7\u00f5es do Brasil: 1824 - Blog do Professor Clebinho","isPartOf":{"@id":"https:\/\/www.clebinho.pro.br\/wp\/#website"},"datePublished":"2015-07-29T09:43:49+00:00","dateModified":"2017-10-11T16:25:07+00:00","author":{"@id":"https:\/\/www.clebinho.pro.br\/wp\/#\/schema\/person\/73417286de03a1ad762ac7d8ca8c6b77"},"breadcrumb":{"@id":"https:\/\/www.clebinho.pro.br\/wp\/?p=1917#breadcrumb"},"inLanguage":"pt-BR","potentialAction":[{"@type":"ReadAction","target":["https:\/\/www.clebinho.pro.br\/wp\/?p=1917"]}]},{"@type":"BreadcrumbList","@id":"https:\/\/www.clebinho.pro.br\/wp\/?p=1917#breadcrumb","itemListElement":[{"@type":"ListItem","position":1,"name":"In\u00edcio","item":"https:\/\/www.clebinho.pro.br\/wp"},{"@type":"ListItem","position":2,"name":"55. As Constitui\u00e7\u00f5es do Brasil: 1824"}]},{"@type":"WebSite","@id":"https:\/\/www.clebinho.pro.br\/wp\/#website","url":"https:\/\/www.clebinho.pro.br\/wp\/","name":"Blog do Professor Clebinho","description":"Um espa\u00e7o virtual privilegiado oferecido pelo professor Clebinho, seus alunos, ex-alunos e demais interessados no debate de atualidades, hist\u00f3ria, geografia, geopolitica e meio ambiente","potentialAction":[{"@type":"SearchAction","target":{"@type":"EntryPoint","urlTemplate":"https:\/\/www.clebinho.pro.br\/wp\/?s={search_term_string}"},"query-input":"required name=search_term_string"}],"inLanguage":"pt-BR"},{"@type":"Person","@id":"https:\/\/www.clebinho.pro.br\/wp\/#\/schema\/person\/73417286de03a1ad762ac7d8ca8c6b77","name":"Professor Clebinho","image":{"@type":"ImageObject","inLanguage":"pt-BR","@id":"https:\/\/www.clebinho.pro.br\/wp\/#\/schema\/person\/image\/","url":"https:\/\/secure.gravatar.com\/avatar\/bb922115afcbfb086f9c52d1dd4a20fa?s=96&d=mm&r=g","contentUrl":"https:\/\/secure.gravatar.com\/avatar\/bb922115afcbfb086f9c52d1dd4a20fa?s=96&d=mm&r=g","caption":"Professor Clebinho"},"sameAs":["https:\/\/www.clebinho.pro.br\/wp"],"url":"https:\/\/www.clebinho.pro.br\/wp\/?author=2"}]}},"_links":{"self":[{"href":"https:\/\/www.clebinho.pro.br\/wp\/index.php?rest_route=\/wp\/v2\/posts\/1917"}],"collection":[{"href":"https:\/\/www.clebinho.pro.br\/wp\/index.php?rest_route=\/wp\/v2\/posts"}],"about":[{"href":"https:\/\/www.clebinho.pro.br\/wp\/index.php?rest_route=\/wp\/v2\/types\/post"}],"author":[{"embeddable":true,"href":"https:\/\/www.clebinho.pro.br\/wp\/index.php?rest_route=\/wp\/v2\/users\/2"}],"replies":[{"embeddable":true,"href":"https:\/\/www.clebinho.pro.br\/wp\/index.php?rest_route=%2Fwp%2Fv2%2Fcomments&post=1917"}],"version-history":[{"count":42,"href":"https:\/\/www.clebinho.pro.br\/wp\/index.php?rest_route=\/wp\/v2\/posts\/1917\/revisions"}],"predecessor-version":[{"id":11060,"href":"https:\/\/www.clebinho.pro.br\/wp\/index.php?rest_route=\/wp\/v2\/posts\/1917\/revisions\/11060"}],"wp:featuredmedia":[{"embeddable":true,"href":"https:\/\/www.clebinho.pro.br\/wp\/index.php?rest_route=\/wp\/v2\/media\/8322"}],"wp:attachment":[{"href":"https:\/\/www.clebinho.pro.br\/wp\/index.php?rest_route=%2Fwp%2Fv2%2Fmedia&parent=1917"}],"wp:term":[{"taxonomy":"category","embeddable":true,"href":"https:\/\/www.clebinho.pro.br\/wp\/index.php?rest_route=%2Fwp%2Fv2%2Fcategories&post=1917"},{"taxonomy":"post_tag","embeddable":true,"href":"https:\/\/www.clebinho.pro.br\/wp\/index.php?rest_route=%2Fwp%2Fv2%2Ftags&post=1917"}],"curies":[{"name":"wp","href":"https:\/\/api.w.org\/{rel}","templated":true}]}}