{"id":2491,"date":"2015-09-20T06:10:18","date_gmt":"2015-09-20T09:10:18","guid":{"rendered":"http:\/\/www.clebinho.pro.br\/?p=2491"},"modified":"2018-09-17T11:46:29","modified_gmt":"2018-09-17T13:46:29","slug":"conflito-arabe-israelense","status":"publish","type":"post","link":"https:\/\/www.clebinho.pro.br\/wp\/?p=2491","title":{"rendered":"70. Conflito \u00c1rabe-Israelense: Sionismo"},"content":{"rendered":"<p style=\"text-align: justify;\">Hoje, entramos em um tema paradoxalmente antigo e atual. Vamos abordar o impressionante conflito \u00c1rabe-israelense.<\/p>\n<p style=\"text-align: justify;\">\u00c9 um dos conflitos mais complexos de ser estudado e merece de n\u00f3s toda a aten\u00e7\u00e3o na leitura. Ser\u00e3o 3 textos para trazer maior conhecimento sobre o tema.<\/p>\n<p style=\"text-align: justify;\">A grande verdade \u00e9 que este conflito remonta aos tempos b\u00edblicos, por\u00e9m, temos que escolher um ponto de partida. Para n\u00e3o delongar demais a hist\u00f3ria escolhemos o s\u00e9culo XIX.<\/p>\n<h4 style=\"text-align: justify;\"><strong>Sionismo<\/strong><\/h4>\n<p style=\"text-align: justify;\">No s\u00e9culo XIX tivemos a cria\u00e7\u00e3o de pa\u00edses como Alemanha e It\u00e1lia na Europa. Na carona desses nacionalismos, os judeus, povo espalhado pelo mundo desde as <em><strong>di\u00e1sporas\u00b9,\u00a0<\/strong><\/em>tamb\u00e9m iniciou um movimento, chamado de Sionismo, com o objetivo maior de criar um pa\u00eds para os Judeus.<\/p>\n<div id=\"attachment_14213\" style=\"width: 310px\" class=\"wp-caption aligncenter\"><a href=\"https:\/\/clebinho.pro.br\/wp\/wp-content\/uploads\/2015\/09\/diaspora-ah-119.jpg\"><img loading=\"lazy\" decoding=\"async\" aria-describedby=\"caption-attachment-14213\" class=\"wp-image-14213 size-medium\" src=\"https:\/\/clebinho.pro.br\/wp\/wp-content\/uploads\/2015\/09\/diaspora-ah-119-300x144.jpg\" alt=\"\" width=\"300\" height=\"144\" srcset=\"https:\/\/www.clebinho.pro.br\/wp\/wp-content\/uploads\/2015\/09\/diaspora-ah-119-300x144.jpg 300w, https:\/\/www.clebinho.pro.br\/wp\/wp-content\/uploads\/2015\/09\/diaspora-ah-119-768x368.jpg 768w, https:\/\/www.clebinho.pro.br\/wp\/wp-content\/uploads\/2015\/09\/diaspora-ah-119-1024x490.jpg 1024w, https:\/\/www.clebinho.pro.br\/wp\/wp-content\/uploads\/2015\/09\/diaspora-ah-119.jpg 1400w\" sizes=\"(max-width: 300px) 100vw, 300px\" \/><\/a><p id=\"caption-attachment-14213\" class=\"wp-caption-text\">Clique para ampliar. 20 s\u00e9culos ap\u00f3s as di\u00e1sporas, os judeus est\u00e3o espalhados pelo mundo. Imagem retirada da Internet.<\/p><\/div>\n<p>.<\/p>\n<p style=\"text-align: justify;\">O local deste suposto pa\u00eds judeu foi bastante discutido. A princ\u00edpio, pensaram em comprar um peda\u00e7o na \u00c1frica ou na Argentina. Por\u00e9m, os principais l\u00edderes sionistas chegaram a conclus\u00e3o que nenhum outro lugar teria um apelo emocional maior que a b\u00edblica regi\u00e3o de Cana\u00e3, a Terra Santa, prometida aos hebreus (atuais judeus) por Deus.<\/p>\n<div id=\"attachment_2534\" style=\"width: 235px\" class=\"wp-caption alignleft\"><a href=\"https:\/\/clebinho.pro.br\/wp\/wp-content\/uploads\/2015\/09\/Theodor_Herzl.jpg\"><img loading=\"lazy\" decoding=\"async\" aria-describedby=\"caption-attachment-2534\" class=\"size-medium wp-image-2534\" src=\"https:\/\/clebinho.pro.br\/wp\/wp-content\/uploads\/2015\/09\/Theodor_Herzl-225x300.jpg\" alt=\"AUSTRIA - JANUARY 01: Portrait Theodor Herzl. Photography. 1896. (Photo by Imagno\/Getty Images) [Portrait Theodor Herzl. Photographie. 1896]\" width=\"225\" height=\"300\" srcset=\"https:\/\/www.clebinho.pro.br\/wp\/wp-content\/uploads\/2015\/09\/Theodor_Herzl-225x300.jpg 225w, https:\/\/www.clebinho.pro.br\/wp\/wp-content\/uploads\/2015\/09\/Theodor_Herzl.jpg 300w\" sizes=\"(max-width: 225px) 100vw, 225px\" \/><\/a><p id=\"caption-attachment-2534\" class=\"wp-caption-text\">Theodor Herzl, l\u00edder do movimento sionista. Imagem: Internet<\/p><\/div>\n<p style=\"text-align: justify;\">O termo &#8220;sionismo&#8221; \u00e9 derivado da palavra &#8220;Sion&#8221;, que quer dizer elevado. Originalmente, Si\u00e3o ou Sion era o nome de uma das colinas que cercam a Terra Santa, onde existiu uma fortaleza de mesmo nome.<\/p>\n<p style=\"text-align: justify;\">O l\u00edder do movimento foi\u00a0o escritor austr\u00edaco Theodor Herzl, autor do livro <i>Der Judenstaat<\/i> (<i>O Estado Judeu<\/i>). Ele foi o organizador do\u00a0 primeiro congresso Sionista, ocorrido na\u00a0cidade su\u00ed\u00e7a de Basileia, em 29 de agosto de 1897.<\/p>\n<p style=\"text-align: justify;\">O evento reuniu cerca de 200 participantes e seus principais resultados foram a formula\u00e7\u00e3o da plataforma sionista, conhecida como &#8220;Programa de Basileia&#8221;, e a funda\u00e7\u00e3o da Organiza\u00e7\u00e3o Sionista Mundial.<\/p>\n<p style=\"text-align: justify;\">O interessante \u00e9 que, no in\u00edcio,\u00a0 boa parte da comunidade judaica viu esse interesse em migrar para a Terra Santa como algo muito mais pr\u00f3ximo do imagin\u00e1rio religioso do que uma realidade concreta. N\u00e3o era do interesse da maioria dos judeus migrar para um local desconhecido, distante do que todos conheciam. Mas o transcorrer da hist\u00f3ria se reservaria no direito de mudar a opini\u00e3o de todos.<\/p>\n<h4 style=\"text-align: justify;\"><strong>Palestina<\/strong><\/h4>\n<p style=\"text-align: justify;\">Ao longo da hist\u00f3ria, a Terra Santa teve v\u00e1rias denomina\u00e7\u00f5es: Israel, Cana\u00e3, Judeia, Samaria, Galileia. Onde historicamente existiu uma p\u00e1tria judaica, o reinado do rei Davi (1.000 a.C.), encontrava-se desde o ano de 638 sob o controle\u00a0\u00e1rabe, e a\u00a0partir de 1517, do Imp\u00e9rio Turco-otomano, ambos mu\u00e7ulmanos.<\/p>\n<div style=\"width: 341px\" class=\"wp-caption alignleft\"><img loading=\"lazy\" decoding=\"async\" class=\"shrinkToFit\" src=\"https:\/\/c2.staticflickr.com\/8\/7156\/13957667525_1a8a8127eb_b.jpg\" alt=\"https:\/\/c2.staticflickr.com\/8\/7156\/13957667525_1a8a8127eb_b.jpg\" width=\"331\" height=\"521\" \/><p class=\"wp-caption-text\">Reinos de Saul, Davi e Salom\u00e3o. O auge o imp\u00e9rio Hebreu (judeu) Imagem retirada da internet.<\/p><\/div>\n<p style=\"text-align: justify;\">Durante o per\u00edodo em que a regi\u00e3o esteve sob dom\u00ednio do Imp\u00e9rio Romano, o nome dado ao local foi Palestina, utilizado at\u00e9 os dias atuais.<\/p>\n<p style=\"text-align: justify;\">O interessante \u00e9 que ao longo de todo este tempo, sempre existiu uma comunidade judaica na regi\u00e3o, minoria, mas vivendo em harmonia com os mu\u00e7ulmanos.<\/p>\n<h4 style=\"text-align: justify;\"><strong>A volta<\/strong><\/h4>\n<p style=\"text-align: justify;\">Criado o movimento Sionista, milion\u00e1rios judeus, como a c\u00e9lebre fam\u00edlia Rothschild, doaram dinheiro para se comprarem terras dos propriet\u00e1rios \u00e1rabes da regi\u00e3o.\u00a0Muitas vezes perseguidos em seus pa\u00edses de origem, oprimidos por terem religi\u00e3o diferente,\u00a0 jovens judeus de toda parte, principalmente do Leste Europeu, come\u00e7aram a desembarcar na Palestina no in\u00edcio do s\u00e9culo XX.<\/p>\n<p style=\"text-align: justify;\">Neste momento da hist\u00f3ria, in\u00edcio do s\u00e9culo XX,\u00a0 os judeus totalizavam 60 mil habitantes na Terra Santa.<\/p>\n<h4 style=\"text-align: justify;\"><strong>1\u00ba Guerra Mundial<\/strong><\/h4>\n<p style=\"text-align: justify;\">Durante a 1\u00ba Guerra Mundial, o Imp\u00e9rio Turco-otomano entrou ao lado da Alemanha, e saiu derrotado. Ap\u00f3s a fracasso, a\u00a0\u00a0regi\u00e3o da Palestina passou a ser um protetorado brit\u00e2nico em 1922. Agora, o sonho sionista estava mais pr\u00f3ximo, a Palestina estava sob o dom\u00ednio de um pa\u00eds ocidental.<\/p>\n<div id=\"attachment_4897\" style=\"width: 266px\" class=\"wp-caption aligncenter\"><a href=\"https:\/\/clebinho.pro.br\/wp\/wp-content\/uploads\/2015\/09\/280px-Balfour_declaration_unmarked.jpg\"><img loading=\"lazy\" decoding=\"async\" aria-describedby=\"caption-attachment-4897\" class=\"wp-image-4897 \" src=\"https:\/\/clebinho.pro.br\/wp\/wp-content\/uploads\/2015\/09\/280px-Balfour_declaration_unmarked-228x300.jpg\" alt=\"280px-Balfour_declaration_unmarked\" width=\"256\" height=\"337\" srcset=\"https:\/\/www.clebinho.pro.br\/wp\/wp-content\/uploads\/2015\/09\/280px-Balfour_declaration_unmarked-228x300.jpg 228w, https:\/\/www.clebinho.pro.br\/wp\/wp-content\/uploads\/2015\/09\/280px-Balfour_declaration_unmarked.jpg 280w\" sizes=\"(max-width: 256px) 100vw, 256px\" \/><\/a><p id=\"caption-attachment-4897\" class=\"wp-caption-text\">Declara\u00e7\u00e3o Balfour original. Escrita dia 2 de novembro de 1917, foi a primeira manifesta\u00e7\u00e3o oficial emitida por uma pot\u00eancia a favor da cria\u00e7\u00e3o de um lar judeu Imagem: Internet<\/p><\/div>\n<p style=\"text-align: justify;\">Em meio ao conflito mundial,\u00a0o ent\u00e3o secret\u00e1rio\u00a0brit\u00e2nico dos assuntos estrangeiros, Arthur James Balfour, escreveu uma carta dirigida ao Bar\u00e3o Rothschild, l\u00edder da comunidade judaica do Reino Unido. A carta demonstrava a\u00a0 inten\u00e7\u00e3o do governo brit\u00e2nico de facilitar o estabelecimento do Lar Nacional Judeu na Palestina, caso a Inglaterra\u00a0conseguisse derrotar o Imp\u00e9rio Otomano.<\/p>\n<p style=\"text-align: justify;\">Esta carta ficou conhecida como Declara\u00e7\u00e3o Balfour e foi o pontap\u00e9 inicial da cria\u00e7\u00e3o do Estado judeu.<\/p>\n<p style=\"text-align: justify;\">Com a concretiza\u00e7\u00e3o da vit\u00f3ria brit\u00e2nica, a migra\u00e7\u00e3o judaica para a regi\u00e3o se iniciou. Em 1930,\u00a0170 mil judeus j\u00e1 habitavam a regi\u00e3o.<\/p>\n<h4 style=\"text-align: justify;\"><strong>In\u00edcio dos problemas<\/strong><\/h4>\n<p style=\"text-align: justify;\">Com um n\u00famero crescente de judeus na regi\u00e3o, os problemas come\u00e7aram. L\u00edderes \u00e1rabes,\u00a0 incomodados com a presen\u00e7a cada vez maior dos estrangeiros, incitavam seu povo contra os judeus. O contragolpe foi a cria\u00e7\u00e3o de um ex\u00e9rcito clandestino, chamado Haganah (defesa em hebraico).<\/p>\n<p style=\"text-align: justify;\">O interessante \u00e9 que, na \u00e9poca, os judeus eram minoria, e apelavam para a\u00e7\u00f5es terroristas contra os interesses \u00e1rabes, exatamente o contr\u00e1rio do \u00a0que veio a ocorrer depois da cria\u00e7\u00e3o do Estado de Israel.<\/p>\n<h4 style=\"text-align: justify;\"><strong>2\u00b0 Guerra Mundial<\/strong><\/h4>\n<p style=\"text-align: justify;\">Se o Movimento Sionista e a declara\u00e7\u00e3o Balfour foram importantes para a cria\u00e7\u00e3o do Estado de Israel, a 2\u00b0 Guerra Mundial foi o evento definitivo para tal. Durante o maior conflito de todos os tempos, 6 milh\u00f5es de judeus foram massacrados pelos Nazistas nos campos de concentra\u00e7\u00e3o. O epis\u00f3dio ficou conhecido como o Holocausto.<\/p>\n<div id=\"attachment_2537\" style=\"width: 349px\" class=\"wp-caption aligncenter\"><a href=\"https:\/\/clebinho.pro.br\/wp\/wp-content\/uploads\/2015\/09\/AuschwitzWorkers.jpg\"><img loading=\"lazy\" decoding=\"async\" aria-describedby=\"caption-attachment-2537\" class=\"wp-image-2537\" src=\"https:\/\/clebinho.pro.br\/wp\/wp-content\/uploads\/2015\/09\/AuschwitzWorkers-300x210.jpg\" alt=\"AuschwitzWorkers\" width=\"339\" height=\"237\" srcset=\"https:\/\/www.clebinho.pro.br\/wp\/wp-content\/uploads\/2015\/09\/AuschwitzWorkers-300x210.jpg 300w, https:\/\/www.clebinho.pro.br\/wp\/wp-content\/uploads\/2015\/09\/AuschwitzWorkers.jpg 468w\" sizes=\"(max-width: 339px) 100vw, 339px\" \/><\/a><p id=\"caption-attachment-2537\" class=\"wp-caption-text\">6 milh\u00f5es de judeus morreram durante o Holocausto. Imagem retirada da Internet.<\/p><\/div>\n<p style=\"text-align: justify;\">A como\u00e7\u00e3o internacional gerou uma press\u00e3o sobre a Inglaterra para que ela cedesse a regi\u00e3o para a cria\u00e7\u00e3o de um Estado judeu. Rec\u00e9m sa\u00edda da guerra, os ingleses n\u00e3o queriam arcar com os custos da ocupa\u00e7\u00e3o, lavaram as m\u00e3os e levaram o caso at\u00e9 a\u00a0 ONU.<\/p>\n<h4 style=\"text-align: justify;\"><strong>ONU<\/strong><\/h4>\n<p style=\"text-align: justify;\">Em abril de 1947, um Comit\u00ea Especial das Na\u00e7\u00f5es Unidas prop\u00f4s a partilha da Palestina em um Estado judeu (j\u00e1 com cerca de 650 mil habitantes) e um Estado \u00e1rabe-palestino (com o dobro dessa popula\u00e7\u00e3o).<\/p>\n<p style=\"text-align: justify;\">Pressionados pelo desastre promovido por Hitler, o placar da vota\u00e7\u00e3o foi 33 votos a favor da cria\u00e7\u00e3o dos dois Estados (Brasil, EUA, URSS, entre outros) , 13 contra (9 mu\u00e7ulmanos) e 10 absten\u00e7\u00f5es.<\/p>\n<div id=\"attachment_2539\" style=\"width: 383px\" class=\"wp-caption aligncenter\"><a href=\"https:\/\/clebinho.pro.br\/wp\/wp-content\/uploads\/2015\/09\/image004.jpg\"><img loading=\"lazy\" decoding=\"async\" aria-describedby=\"caption-attachment-2539\" class=\"wp-image-2539\" src=\"https:\/\/clebinho.pro.br\/wp\/wp-content\/uploads\/2015\/09\/image004-300x198.jpg\" alt=\"image004\" width=\"373\" height=\"246\" srcset=\"https:\/\/www.clebinho.pro.br\/wp\/wp-content\/uploads\/2015\/09\/image004-300x198.jpg 300w, https:\/\/www.clebinho.pro.br\/wp\/wp-content\/uploads\/2015\/09\/image004.jpg 604w\" sizes=\"(max-width: 373px) 100vw, 373px\" \/><\/a><p id=\"caption-attachment-2539\" class=\"wp-caption-text\">O diplomata brasileiro Osvaldo Aranha presidiu a Assembleia Geral da ONU que culminou com a cria\u00e7\u00e3o do Estado de Israel. Imagem Retirada da Internet.<\/p><\/div>\n<p style=\"text-align: justify;\">Enfim, o sonho judeu estava conclu\u00eddo, foi criado o Estado de Israel. Os problemas s\u00f3 estavam come\u00e7ando.<\/p>\n<p style=\"text-align: justify;\">No <a href=\"https:\/\/www.clebinho.pro.br\/wp\/wp\/?p=2522\" target=\"_blank\" rel=\"noopener\">pr\u00f3ximo texto<\/a>, veremos as v\u00e1rias guerras entre Israel e seus vizinhos \u00e1rabes. Imperd\u00edvel!<\/p>\n<p style=\"text-align: justify;\"><strong>Espero ter aumentado seu conhecimento. \u00a0Curta nossa p\u00e1gina<a href=\"https:\/\/www.facebook.com\/pages\/Clebinho\/1551769148421187?ref=settings\" target=\"_blank\" rel=\"noopener\"> no Facebook <\/a>e compartilhe nosso texto! Abra\u00e7o do Clebinho!<br \/>\n<\/strong><\/p>\n<p style=\"text-align: justify;\">Publicado em 20.09.2015<\/p>\n<p style=\"text-align: justify;\"><em><strong>1 &#8211; Di\u00e1spora &#8211;<\/strong><\/em> O termo significa, em grego, dispers\u00e3o. Define o deslocamento, normalmente for\u00e7ado ou incentivado, de grandes massas populacionais origin\u00e1rias de uma zona determinada para v\u00e1rias \u00e1reas de acolhimento distintas. No caso do tema de hoje, o termo\u00a0 \u00e9 usado para fazer refer\u00eancia \u00e0 dispers\u00e3o do povo judaico no mundo antigo, primeiro obrigados pelos babil\u00f4nios, no s\u00e9culo VI, depois pelos romanos no ano 70 d.C. Ap\u00f3s as duas di\u00e1sporas, os judeus se espalharam pelo mundo.<\/p>\n<p>&nbsp;<\/p>\n<p>&nbsp;<\/p>\n","protected":false},"excerpt":{"rendered":"<p>Hoje, entramos em um tema paradoxalmente antigo e atual. Vamos abordar o impressionante conflito \u00c1rabe-israelense. \u00c9 um dos conflitos mais complexos de ser estudado e merece de n\u00f3s toda a aten\u00e7\u00e3o na leitura. Ser\u00e3o 3 textos para trazer maior conhecimento sobre o tema. A grande verdade \u00e9 que este conflito remonta aos tempos b\u00edblicos, por\u00e9m, [&hellip;]<\/p>\n","protected":false},"author":2,"featured_media":2534,"comment_status":"closed","ping_status":"closed","sticky":false,"template":"","format":"standard","meta":{"footnotes":""},"categories":[8,130,139,4,81,5,3,140],"tags":[779,770,767,768,778,775,774,771,119,347,772,773,777,533,780,348,769,776],"yoast_head":"<!-- This site is optimized with the Yoast SEO plugin v20.3 - https:\/\/yoast.com\/wordpress\/plugins\/seo\/ -->\n<title>70. Conflito \u00c1rabe-Israelense: Sionismo - Blog do Professor Clebinho<\/title>\n<meta name=\"robots\" content=\"index, follow, max-snippet:-1, max-image-preview:large, max-video-preview:-1\" \/>\n<link rel=\"canonical\" href=\"https:\/\/www.clebinho.pro.br\/wp\/?p=2491\" \/>\n<meta property=\"og:locale\" content=\"pt_BR\" \/>\n<meta property=\"og:type\" content=\"article\" \/>\n<meta property=\"og:title\" content=\"70. Conflito \u00c1rabe-Israelense: Sionismo - Blog do Professor Clebinho\" \/>\n<meta property=\"og:description\" content=\"Hoje, entramos em um tema paradoxalmente antigo e atual. Vamos abordar o impressionante conflito \u00c1rabe-israelense. \u00c9 um dos conflitos mais complexos de ser estudado e merece de n\u00f3s toda a aten\u00e7\u00e3o na leitura. Ser\u00e3o 3 textos para trazer maior conhecimento sobre o tema. A grande verdade \u00e9 que este conflito remonta aos tempos b\u00edblicos, por\u00e9m, [&hellip;]\" \/>\n<meta property=\"og:url\" content=\"https:\/\/www.clebinho.pro.br\/wp\/?p=2491\" \/>\n<meta property=\"og:site_name\" content=\"Blog do Professor Clebinho\" \/>\n<meta property=\"article:published_time\" content=\"2015-09-20T09:10:18+00:00\" \/>\n<meta property=\"article:modified_time\" content=\"2018-09-17T13:46:29+00:00\" \/>\n<meta property=\"og:image\" content=\"https:\/\/clebinho.pro.br\/wp\/wp-content\/uploads\/2015\/09\/Theodor_Herzl.jpg\" \/>\n\t<meta property=\"og:image:width\" content=\"300\" \/>\n\t<meta property=\"og:image:height\" content=\"400\" \/>\n\t<meta property=\"og:image:type\" content=\"image\/jpeg\" \/>\n<meta name=\"author\" content=\"Professor Clebinho\" \/>\n<meta name=\"twitter:card\" content=\"summary_large_image\" \/>\n<meta name=\"twitter:label1\" content=\"Escrito por\" \/>\n\t<meta name=\"twitter:data1\" content=\"Professor Clebinho\" \/>\n\t<meta name=\"twitter:label2\" content=\"Est. tempo de leitura\" \/>\n\t<meta name=\"twitter:data2\" content=\"6 minutos\" \/>\n<script type=\"application\/ld+json\" class=\"yoast-schema-graph\">{\"@context\":\"https:\/\/schema.org\",\"@graph\":[{\"@type\":\"WebPage\",\"@id\":\"https:\/\/www.clebinho.pro.br\/wp\/?p=2491\",\"url\":\"https:\/\/www.clebinho.pro.br\/wp\/?p=2491\",\"name\":\"70. Conflito \u00c1rabe-Israelense: Sionismo - Blog do Professor Clebinho\",\"isPartOf\":{\"@id\":\"https:\/\/www.clebinho.pro.br\/wp\/#website\"},\"datePublished\":\"2015-09-20T09:10:18+00:00\",\"dateModified\":\"2018-09-17T13:46:29+00:00\",\"author\":{\"@id\":\"https:\/\/www.clebinho.pro.br\/wp\/#\/schema\/person\/73417286de03a1ad762ac7d8ca8c6b77\"},\"breadcrumb\":{\"@id\":\"https:\/\/www.clebinho.pro.br\/wp\/?p=2491#breadcrumb\"},\"inLanguage\":\"pt-BR\",\"potentialAction\":[{\"@type\":\"ReadAction\",\"target\":[\"https:\/\/www.clebinho.pro.br\/wp\/?p=2491\"]}]},{\"@type\":\"BreadcrumbList\",\"@id\":\"https:\/\/www.clebinho.pro.br\/wp\/?p=2491#breadcrumb\",\"itemListElement\":[{\"@type\":\"ListItem\",\"position\":1,\"name\":\"In\u00edcio\",\"item\":\"https:\/\/www.clebinho.pro.br\/wp\"},{\"@type\":\"ListItem\",\"position\":2,\"name\":\"70. Conflito \u00c1rabe-Israelense: Sionismo\"}]},{\"@type\":\"WebSite\",\"@id\":\"https:\/\/www.clebinho.pro.br\/wp\/#website\",\"url\":\"https:\/\/www.clebinho.pro.br\/wp\/\",\"name\":\"Blog do Professor Clebinho\",\"description\":\"Um espa\u00e7o virtual privilegiado oferecido pelo professor Clebinho, seus alunos, ex-alunos e demais interessados no debate de atualidades, hist\u00f3ria, geografia, geopolitica e meio ambiente\",\"potentialAction\":[{\"@type\":\"SearchAction\",\"target\":{\"@type\":\"EntryPoint\",\"urlTemplate\":\"https:\/\/www.clebinho.pro.br\/wp\/?s={search_term_string}\"},\"query-input\":\"required name=search_term_string\"}],\"inLanguage\":\"pt-BR\"},{\"@type\":\"Person\",\"@id\":\"https:\/\/www.clebinho.pro.br\/wp\/#\/schema\/person\/73417286de03a1ad762ac7d8ca8c6b77\",\"name\":\"Professor Clebinho\",\"image\":{\"@type\":\"ImageObject\",\"inLanguage\":\"pt-BR\",\"@id\":\"https:\/\/www.clebinho.pro.br\/wp\/#\/schema\/person\/image\/\",\"url\":\"https:\/\/secure.gravatar.com\/avatar\/bb922115afcbfb086f9c52d1dd4a20fa?s=96&d=mm&r=g\",\"contentUrl\":\"https:\/\/secure.gravatar.com\/avatar\/bb922115afcbfb086f9c52d1dd4a20fa?s=96&d=mm&r=g\",\"caption\":\"Professor Clebinho\"},\"sameAs\":[\"https:\/\/www.clebinho.pro.br\/wp\"],\"url\":\"https:\/\/www.clebinho.pro.br\/wp\/?author=2\"}]}<\/script>\n<!-- \/ Yoast SEO plugin. -->","yoast_head_json":{"title":"70. Conflito \u00c1rabe-Israelense: Sionismo - Blog do Professor Clebinho","robots":{"index":"index","follow":"follow","max-snippet":"max-snippet:-1","max-image-preview":"max-image-preview:large","max-video-preview":"max-video-preview:-1"},"canonical":"https:\/\/www.clebinho.pro.br\/wp\/?p=2491","og_locale":"pt_BR","og_type":"article","og_title":"70. Conflito \u00c1rabe-Israelense: Sionismo - Blog do Professor Clebinho","og_description":"Hoje, entramos em um tema paradoxalmente antigo e atual. Vamos abordar o impressionante conflito \u00c1rabe-israelense. \u00c9 um dos conflitos mais complexos de ser estudado e merece de n\u00f3s toda a aten\u00e7\u00e3o na leitura. Ser\u00e3o 3 textos para trazer maior conhecimento sobre o tema. A grande verdade \u00e9 que este conflito remonta aos tempos b\u00edblicos, por\u00e9m, [&hellip;]","og_url":"https:\/\/www.clebinho.pro.br\/wp\/?p=2491","og_site_name":"Blog do Professor Clebinho","article_published_time":"2015-09-20T09:10:18+00:00","article_modified_time":"2018-09-17T13:46:29+00:00","og_image":[{"width":300,"height":400,"url":"https:\/\/clebinho.pro.br\/wp\/wp-content\/uploads\/2015\/09\/Theodor_Herzl.jpg","type":"image\/jpeg"}],"author":"Professor Clebinho","twitter_card":"summary_large_image","twitter_misc":{"Escrito por":"Professor Clebinho","Est. tempo de leitura":"6 minutos"},"schema":{"@context":"https:\/\/schema.org","@graph":[{"@type":"WebPage","@id":"https:\/\/www.clebinho.pro.br\/wp\/?p=2491","url":"https:\/\/www.clebinho.pro.br\/wp\/?p=2491","name":"70. Conflito \u00c1rabe-Israelense: Sionismo - Blog do Professor Clebinho","isPartOf":{"@id":"https:\/\/www.clebinho.pro.br\/wp\/#website"},"datePublished":"2015-09-20T09:10:18+00:00","dateModified":"2018-09-17T13:46:29+00:00","author":{"@id":"https:\/\/www.clebinho.pro.br\/wp\/#\/schema\/person\/73417286de03a1ad762ac7d8ca8c6b77"},"breadcrumb":{"@id":"https:\/\/www.clebinho.pro.br\/wp\/?p=2491#breadcrumb"},"inLanguage":"pt-BR","potentialAction":[{"@type":"ReadAction","target":["https:\/\/www.clebinho.pro.br\/wp\/?p=2491"]}]},{"@type":"BreadcrumbList","@id":"https:\/\/www.clebinho.pro.br\/wp\/?p=2491#breadcrumb","itemListElement":[{"@type":"ListItem","position":1,"name":"In\u00edcio","item":"https:\/\/www.clebinho.pro.br\/wp"},{"@type":"ListItem","position":2,"name":"70. Conflito \u00c1rabe-Israelense: Sionismo"}]},{"@type":"WebSite","@id":"https:\/\/www.clebinho.pro.br\/wp\/#website","url":"https:\/\/www.clebinho.pro.br\/wp\/","name":"Blog do Professor Clebinho","description":"Um espa\u00e7o virtual privilegiado oferecido pelo professor Clebinho, seus alunos, ex-alunos e demais interessados no debate de atualidades, hist\u00f3ria, geografia, geopolitica e meio ambiente","potentialAction":[{"@type":"SearchAction","target":{"@type":"EntryPoint","urlTemplate":"https:\/\/www.clebinho.pro.br\/wp\/?s={search_term_string}"},"query-input":"required name=search_term_string"}],"inLanguage":"pt-BR"},{"@type":"Person","@id":"https:\/\/www.clebinho.pro.br\/wp\/#\/schema\/person\/73417286de03a1ad762ac7d8ca8c6b77","name":"Professor Clebinho","image":{"@type":"ImageObject","inLanguage":"pt-BR","@id":"https:\/\/www.clebinho.pro.br\/wp\/#\/schema\/person\/image\/","url":"https:\/\/secure.gravatar.com\/avatar\/bb922115afcbfb086f9c52d1dd4a20fa?s=96&d=mm&r=g","contentUrl":"https:\/\/secure.gravatar.com\/avatar\/bb922115afcbfb086f9c52d1dd4a20fa?s=96&d=mm&r=g","caption":"Professor Clebinho"},"sameAs":["https:\/\/www.clebinho.pro.br\/wp"],"url":"https:\/\/www.clebinho.pro.br\/wp\/?author=2"}]}},"_links":{"self":[{"href":"https:\/\/www.clebinho.pro.br\/wp\/index.php?rest_route=\/wp\/v2\/posts\/2491"}],"collection":[{"href":"https:\/\/www.clebinho.pro.br\/wp\/index.php?rest_route=\/wp\/v2\/posts"}],"about":[{"href":"https:\/\/www.clebinho.pro.br\/wp\/index.php?rest_route=\/wp\/v2\/types\/post"}],"author":[{"embeddable":true,"href":"https:\/\/www.clebinho.pro.br\/wp\/index.php?rest_route=\/wp\/v2\/users\/2"}],"replies":[{"embeddable":true,"href":"https:\/\/www.clebinho.pro.br\/wp\/index.php?rest_route=%2Fwp%2Fv2%2Fcomments&post=2491"}],"version-history":[{"count":55,"href":"https:\/\/www.clebinho.pro.br\/wp\/index.php?rest_route=\/wp\/v2\/posts\/2491\/revisions"}],"predecessor-version":[{"id":14214,"href":"https:\/\/www.clebinho.pro.br\/wp\/index.php?rest_route=\/wp\/v2\/posts\/2491\/revisions\/14214"}],"wp:featuredmedia":[{"embeddable":true,"href":"https:\/\/www.clebinho.pro.br\/wp\/index.php?rest_route=\/wp\/v2\/media\/2534"}],"wp:attachment":[{"href":"https:\/\/www.clebinho.pro.br\/wp\/index.php?rest_route=%2Fwp%2Fv2%2Fmedia&parent=2491"}],"wp:term":[{"taxonomy":"category","embeddable":true,"href":"https:\/\/www.clebinho.pro.br\/wp\/index.php?rest_route=%2Fwp%2Fv2%2Fcategories&post=2491"},{"taxonomy":"post_tag","embeddable":true,"href":"https:\/\/www.clebinho.pro.br\/wp\/index.php?rest_route=%2Fwp%2Fv2%2Ftags&post=2491"}],"curies":[{"name":"wp","href":"https:\/\/api.w.org\/{rel}","templated":true}]}}