{"id":3140,"date":"2015-11-01T07:21:02","date_gmt":"2015-11-01T10:21:02","guid":{"rendered":"http:\/\/www.clebinho.pro.br\/?p=3140"},"modified":"2017-10-16T08:32:23","modified_gmt":"2017-10-16T11:32:23","slug":"icones-mundiais-as-piramides-e-o-cristo","status":"publish","type":"post","link":"https:\/\/www.clebinho.pro.br\/wp\/?p=3140","title":{"rendered":"82. \u00cdcones Mundiais &#8211; As Pir\u00e2mides e o Cristo"},"content":{"rendered":"<p style=\"text-align: justify;\">Em <a href=\"https:\/\/www.clebinho.pro.br\/wp\/wp\/?p=106\" target=\"_blank\" rel=\"noopener\">nosso \u00faltimo texto<\/a>, abordamos duas monumentais constru\u00e7\u00f5es humanas, a Est\u00e1tua da Liberdade e a Torre Eiffel. No texto de hoje mostraremos mais duas grandes obras:<\/p>\n<h4 style=\"text-align: justify;\"><strong>Pir\u00e2mides do Egito<\/strong><\/h4>\n<p style=\"text-align: justify;\">A civiliza\u00e7\u00e3o eg\u00edpcia era tremendamente religiosa. Eram polite\u00edstas, acreditavam em v\u00e1rios Deuses. Outra caracter\u00edstica t\u00edpica era a cren\u00e7a na vida ap\u00f3s a morte, uma caracter\u00edstica marcante dos antigos eg\u00edpcios. Dito isso,\u00a0os fara\u00f3s eram mumificados para que estivessem\u00a0preservados no al\u00e9m vida.<\/p>\n<p style=\"text-align: justify;\">Retiravam todos os \u00f3rg\u00e3os do poderoso l\u00edder e passavam em seu corpo uma complexa mistura para embalsamamento. Somente o cora\u00e7\u00e3o permanecia, por ser um\u00a0 \u00f3rg\u00e3o ligado as emo\u00e7\u00f5es. Ap\u00f3s esse preparo, enrolavam faixas de linho em todo\u00a0corpo.<\/p>\n<p style=\"text-align: justify;\">Veja mais sobre a m\u00famia de Tutankamon, a mais famosa de todas no site <a href=\"http:\/\/www.sohistoria.com.br\/biografias\/tutankamon\/\" target=\"_blank\" rel=\"noopener\">S\u00f3 Hist\u00f3ria.<\/a><\/p>\n<div id=\"attachment_3164\" style=\"width: 310px\" class=\"wp-caption aligncenter\"><a href=\"https:\/\/clebinho.pro.br\/wp\/wp-content\/uploads\/2015\/10\/fotos-madrid-exposici\u00f3n-tutankamon-032.jpg\"><img loading=\"lazy\" decoding=\"async\" aria-describedby=\"caption-attachment-3164\" class=\"wp-image-3164 size-medium\" src=\"https:\/\/clebinho.pro.br\/wp\/wp-content\/uploads\/2015\/10\/fotos-madrid-exposici\u00f3n-tutankamon-032-300x225.jpg\" alt=\"fotos-madrid-exposici\u00f3n-tutankamon-032\" width=\"300\" height=\"225\" srcset=\"https:\/\/www.clebinho.pro.br\/wp\/wp-content\/uploads\/2015\/10\/fotos-madrid-exposici\u00f3n-tutankamon-032-300x225.jpg 300w, https:\/\/www.clebinho.pro.br\/wp\/wp-content\/uploads\/2015\/10\/fotos-madrid-exposici\u00f3n-tutankamon-032.jpg 900w\" sizes=\"(max-width: 300px) 100vw, 300px\" \/><\/a><p id=\"caption-attachment-3164\" class=\"wp-caption-text\">Bel\u00edssimo sarc\u00f3fago de Tutankamon. Imagem Internet.<\/p><\/div>\n<p>.<\/p>\n<p style=\"text-align: justify;\">Se a prepara\u00e7\u00e3o do corpo era t\u00e3o meticulosa, o lugar de sepultamento mais ainda. \u00c9 a\u00ed que entram as pir\u00e2mides. N\u00e3o existe consenso absoluto sobre o verdadeiro sentido das obras, os historiadores acreditam que as pir\u00e2mides poderiam ser, al\u00e9m de t\u00famulos, locais de adora\u00e7\u00e3o aos deuses ou simplesmente, pretensas conex\u00f5es com o mundo al\u00e9m vida.<\/p>\n<p style=\"text-align: justify;\">Como elas foram constru\u00eddas ainda \u00e9 cercado por algum mist\u00e9rio, existem suposi\u00e7\u00f5es,\u00a0como pode ser observado no site da revista <a href=\"http:\/\/mundoestranho.abril.com.br\/materia\/como-foram-erguidas-as-piramides-do-egito\" target=\"_blank\" rel=\"noopener\">Mundo Estranho.<\/a><\/p>\n<p style=\"text-align: justify;\">Outro Blog,<a href=\"http:\/\/www.fascinioegito.sh06.com\/comofora.htm\" target=\"_blank\" rel=\"noopener\"> Fasc\u00ednio Egito<\/a>, tamb\u00e9m faz uma completa reportagem sobre o assunto.<\/p>\n<p style=\"text-align: justify;\">Estima-se que existam cerca de 120 pir\u00e2mides no Egito.\u00a0A mais antiga de todas j\u00e1 catalogada data de 2.630 anos antes de Cristo e \u00e9 conhecida como pir\u00e2mide de Djoser, projetada pelo arquiteto Imhotep.<\/p>\n<div id=\"attachment_3167\" style=\"width: 310px\" class=\"wp-caption aligncenter\"><a href=\"https:\/\/clebinho.pro.br\/wp\/wp-content\/uploads\/2015\/10\/c39fc6fce62d4c058f9c5b9f83bf8803.jpg\"><img loading=\"lazy\" decoding=\"async\" aria-describedby=\"caption-attachment-3167\" class=\"wp-image-3167 size-medium\" src=\"https:\/\/clebinho.pro.br\/wp\/wp-content\/uploads\/2015\/10\/c39fc6fce62d4c058f9c5b9f83bf8803-300x169.jpg\" alt=\"c39fc6fce62d4c058f9c5b9f83bf8803\" width=\"300\" height=\"169\" srcset=\"https:\/\/www.clebinho.pro.br\/wp\/wp-content\/uploads\/2015\/10\/c39fc6fce62d4c058f9c5b9f83bf8803-300x169.jpg 300w, https:\/\/www.clebinho.pro.br\/wp\/wp-content\/uploads\/2015\/10\/c39fc6fce62d4c058f9c5b9f83bf8803.jpg 850w\" sizes=\"(max-width: 300px) 100vw, 300px\" \/><\/a><p id=\"caption-attachment-3167\" class=\"wp-caption-text\">Pir\u00e2mide de Djoser. Imagem: Internet.<\/p><\/div>\n<p>.<\/p>\n<p style=\"text-align: justify;\">As obras mais famosas est\u00e3o localizadas pr\u00f3ximas a cidade do Cairo, capital do Egito, em um local chamado de Necr\u00f3pole de Giz\u00e9. Dentro do complexo, a maior pir\u00e2mide \u00e9 a de Que\u00f3ps, que chegou a ter mais de 140 metros de altura. Hoje, se desgastou um pouco, mas permanece como a \u00fanica maravilha do mundo antigo ainda de p\u00e9. Ao seu lado, ficam as pir\u00e2mides de\u00a0Qu\u00e9fren e Miquerinos, formando a sequ\u00eancia pai, filho e neto.<\/p>\n<div id=\"attachment_3170\" style=\"width: 333px\" class=\"wp-caption aligncenter\"><a href=\"https:\/\/clebinho.pro.br\/wp\/wp-content\/uploads\/2015\/11\/piramides.jpg\"><img loading=\"lazy\" decoding=\"async\" aria-describedby=\"caption-attachment-3170\" class=\"wp-image-3170\" src=\"https:\/\/clebinho.pro.br\/wp\/wp-content\/uploads\/2015\/11\/piramides-300x141.jpg\" alt=\"piramides\" width=\"323\" height=\"152\" srcset=\"https:\/\/www.clebinho.pro.br\/wp\/wp-content\/uploads\/2015\/11\/piramides-300x141.jpg 300w, https:\/\/www.clebinho.pro.br\/wp\/wp-content\/uploads\/2015\/11\/piramides.jpg 800w\" sizes=\"(max-width: 323px) 100vw, 323px\" \/><\/a><p id=\"caption-attachment-3170\" class=\"wp-caption-text\">Pir\u00e2mides de Que\u00f3ps, Qu\u00e9fren e Miquerinos. Imagem: Internet<\/p><\/div>\n<p>.<\/p>\n<p style=\"text-align: justify;\">Um dado interessante \u00e9 que todas as pir\u00e2mides foram constru\u00eddas na margem oeste do Rio Nilo, onde\u00a0ocorre o p\u00f4r do sol. Obviamente uma liga\u00e7\u00e3o com o fim da vida.<\/p>\n<p style=\"text-align: justify;\">As pir\u00e2mides eram vigiadas por fora, o acesso ao t\u00famulo do fara\u00f3 era praticamente imposs\u00edvel. Em alguns casos, at\u00e9 mesmo os arquitetos que projetaram as pir\u00e2mides foram mortos, para que o segredo dos intrincados caminhos internos n\u00e3o fossem revelados.<\/p>\n<p style=\"text-align: justify;\">Em um curto v\u00eddeo, voc\u00ea pode acessar a parte interna da pir\u00e2mide, confira no site <a href=\"https:\/\/www.youtube.com\/watch?v=u1rlLryOOeM\" target=\"_blank\" rel=\"noopener\">Youtube.\u00a0<\/a><\/p>\n<h4 style=\"text-align: justify;\"><strong>Esfinge<\/strong><\/h4>\n<p style=\"text-align: justify;\">\u00c9 uma imagem mitol\u00f3gica criada pelos eg\u00edpcios, com corpo de le\u00e3o e cabe\u00e7a de humano. A mais famosa \u00e9 chamada de Esfinge de Giz\u00e9, e fica na necr\u00f3pole de mesmo nome. \u00a0\u00c9 a maior est\u00e1tua feita de mon\u00f3lito no mundo, com 73,5 metros de comprimento, 19,3 metros de largura e 20,22 m de altura. Foi projetada e esculpida durante o reinado do fara\u00f3 Qu\u00e9fren ( 2558 aC\u00a0&#8211;\u00a02532 aC).<\/p>\n<div id=\"attachment_3171\" style=\"width: 310px\" class=\"wp-caption aligncenter\"><a href=\"https:\/\/clebinho.pro.br\/wp\/wp-content\/uploads\/2015\/11\/esfinge-egipcia.jpg\"><img loading=\"lazy\" decoding=\"async\" aria-describedby=\"caption-attachment-3171\" class=\"wp-image-3171 size-medium\" src=\"https:\/\/clebinho.pro.br\/wp\/wp-content\/uploads\/2015\/11\/esfinge-egipcia-300x225.jpg\" alt=\"esfinge-egipcia\" width=\"300\" height=\"225\" srcset=\"https:\/\/www.clebinho.pro.br\/wp\/wp-content\/uploads\/2015\/11\/esfinge-egipcia-300x225.jpg 300w, https:\/\/www.clebinho.pro.br\/wp\/wp-content\/uploads\/2015\/11\/esfinge-egipcia.jpg 500w\" sizes=\"(max-width: 300px) 100vw, 300px\" \/><\/a><p id=\"caption-attachment-3171\" class=\"wp-caption-text\">Esfinge. Imagem: Internet<\/p><\/div>\n<p>.<\/p>\n<p style=\"text-align: justify;\">Para os eg\u00edpcios antigos a imagem de uma esfinge significava poder e sabedoria. Serviam, no imagin\u00e1rio antigo, como protetoras das pir\u00e2mides e templos.<\/p>\n<p style=\"text-align: justify;\">A revista Mundo Estranho elucubra sobre como\u00a0a esfinge perdeu o nariz, <a href=\"http:\/\/mundoestranho.abril.com.br\/materia\/como-a-esfinge-de-gize-perdeu-o-nariz\" target=\"_blank\" rel=\"noopener\">confiram.<\/a><\/p>\n<h4 style=\"text-align: justify;\"><strong>Cristo Redentor<\/strong><\/h4>\n<p style=\"text-align: justify;\">\u00c9 uma magn\u00edfica est\u00e1tua no estilo art d\u00e9co, que representa Jesus Cristo, localizada no cume do morro do Corcovado, na cidade do Rio de Janeiro.<\/p>\n<p style=\"text-align: justify;\">No s\u00e9culo XIX foi proposto pela primeira vez a cria\u00e7\u00e3o de um enorme s\u00edmbolo crist\u00e3o sobre a cidade do Rio de Janeiro. Por\u00e9m, com a cria\u00e7\u00e3o da Rep\u00fablica em 1889, e a separa\u00e7\u00e3o entre Estado e igreja, a ideia foi descartada.<\/p>\n<p style=\"text-align: justify;\">Na d\u00e9cada de 1920, a ideia voltou \u00e0 tona, dessa vez mais forte, e os cat\u00f3licos come\u00e7aram a arrecadar dinheiro e assinaturas para iniciar o empreendimento. O projeto vencedor foi a figura de um cristo de bra\u00e7os abertos, projetado pelo\u00a0engenheiro Heitor da Silva Costa\u00a0e esculpida por Paul Landowski, um escultor franco-polon\u00eas.<\/p>\n<div style=\"width: 592px\" class=\"wp-caption aligncenter\"><img loading=\"lazy\" decoding=\"async\" src=\"http:\/\/www.cimentoitambe.com.br\/wp-content\/uploads\/2011\/11\/cristo_redentor1.jpg\" alt=\"http:\/\/www.cimentoitambe.com.br\/wp-content\/uploads\/2011\/11\/cristo_redentor1.jpg\" width=\"582\" height=\"328\" \/><p class=\"wp-caption-text\">Constru\u00e7\u00e3o do Cristo Redentor. Imagem: Internet<\/p><\/div>\n<p>.<\/p>\n<p style=\"text-align: justify;\">A est\u00e1tua \u00e9 de concreto armado, com o exterior feito de pedra-sab\u00e3o. Demorou 9 anos para ser constru\u00edda, sendo inaugurada em 12 de outubro de 1931, \u00a0ao pre\u00e7o de\u00a0250 mil d\u00f3lares (ou 3,3 milh\u00f5es de d\u00f3lares em valores atuais). Ao longo das \u00faltimas d\u00e9cadas, foi restaurado e o seu entorno modernizado com escadas rolantes\u00a0e elevadores.<\/p>\n<div id=\"attachment_3175\" style=\"width: 255px\" class=\"wp-caption aligncenter\"><a href=\"https:\/\/clebinho.pro.br\/wp\/wp-content\/uploads\/2015\/11\/cristo_redentor_em_construcao.jpg\"><img loading=\"lazy\" decoding=\"async\" aria-describedby=\"caption-attachment-3175\" class=\"wp-image-3175 size-medium\" src=\"https:\/\/clebinho.pro.br\/wp\/wp-content\/uploads\/2015\/11\/cristo_redentor_em_construcao-245x300.jpg\" alt=\"cristo_redentor_em_construcao\" width=\"245\" height=\"300\" srcset=\"https:\/\/www.clebinho.pro.br\/wp\/wp-content\/uploads\/2015\/11\/cristo_redentor_em_construcao-245x300.jpg 245w, https:\/\/www.clebinho.pro.br\/wp\/wp-content\/uploads\/2015\/11\/cristo_redentor_em_construcao-838x1024.jpg 838w, https:\/\/www.clebinho.pro.br\/wp\/wp-content\/uploads\/2015\/11\/cristo_redentor_em_construcao.jpg 1587w\" sizes=\"(max-width: 245px) 100vw, 245px\" \/><\/a><p id=\"caption-attachment-3175\" class=\"wp-caption-text\">Cabe\u00e7a do Cristo sendo esculpida. Imagem: internet<\/p><\/div>\n<p>.<\/p>\n<p style=\"text-align: justify;\">Como estamos no Brasil, pol\u00eamicas envolvem a est\u00e1tua, como o direito de comercializar a imagem da mesma. No ano passado, o diretor Jos\u00e9 Padilha teve negado pela arquidiocese do Rio, detentora dos direitos de imagem do Cristo, a apari\u00e7\u00e3o do monumento no filme &#8220;Rio, Eu te amo&#8221;. Confira no site do <a href=\"http:\/\/oglobo.globo.com\/rio\/decisao-da-arquidiocese-de-proibir-uso-da-imagem-do-cristo-em-filme-causa-indignacao-13175926\" target=\"_blank\" rel=\"noopener\">Jornal O Globo.<\/a><\/p>\n<p style=\"text-align: justify;\">Deixando a pol\u00eamica de lado, nosso Cristo Redentor acumula os t\u00edtulos de\u00a0maior s\u00edmbolo do Rio de Janeiro, uma das Sete Maravilhas do Mundo Moderno e Patrim\u00f4nio da Humanidade pela Unesco. Incont\u00e1veis cidades do Brasil e do mundo possuem r\u00e9plicas do Cristo de bra\u00e7os abertos.<\/p>\n<div id=\"attachment_3174\" style=\"width: 333px\" class=\"wp-caption aligncenter\"><a href=\"https:\/\/clebinho.pro.br\/wp\/wp-content\/uploads\/2015\/11\/cristo_redentor.jpg2_.jpg\"><img loading=\"lazy\" decoding=\"async\" aria-describedby=\"caption-attachment-3174\" class=\"wp-image-3174\" src=\"https:\/\/clebinho.pro.br\/wp\/wp-content\/uploads\/2015\/11\/cristo_redentor.jpg2_-300x199.jpg\" alt=\"cristo_redentor.jpg2\" width=\"323\" height=\"214\" srcset=\"https:\/\/www.clebinho.pro.br\/wp\/wp-content\/uploads\/2015\/11\/cristo_redentor.jpg2_-300x199.jpg 300w, https:\/\/www.clebinho.pro.br\/wp\/wp-content\/uploads\/2015\/11\/cristo_redentor.jpg2_.jpg 800w\" sizes=\"(max-width: 323px) 100vw, 323px\" \/><\/a><p id=\"caption-attachment-3174\" class=\"wp-caption-text\">Cristo Redentor. Imagem: Internet<\/p><\/div>\n<p>.<\/p>\n<p style=\"text-align: justify;\">A est\u00e1tua possui 30 metros de altura, somados a mais 8 do pedestal e est\u00e1 localizada a 709 metros de altitude. J\u00e1 foi tema de in\u00fameras m\u00fasicas como &#8220;Corcovado&#8221; de Tom Jobim, apareceu em diversos filmes, novelas e s\u00e9ries. \u00c9 um dos maiores \u00edcones do Brasil e da f\u00e9 cat\u00f3lica, um grande orgulho para todos n\u00f3s.<\/p>\n<div id=\"attachment_3176\" style=\"width: 310px\" class=\"wp-caption aligncenter\"><a href=\"https:\/\/clebinho.pro.br\/wp\/wp-content\/uploads\/2015\/11\/Height_comparison_of_notable_statues_vector.svg_.png\"><img loading=\"lazy\" decoding=\"async\" aria-describedby=\"caption-attachment-3176\" class=\"wp-image-3176 size-medium\" src=\"https:\/\/clebinho.pro.br\/wp\/wp-content\/uploads\/2015\/11\/Height_comparison_of_notable_statues_vector.svg_-300x148.png\" alt=\"Height_comparison_of_notable_statues_(vector).svg\" width=\"300\" height=\"148\" srcset=\"https:\/\/www.clebinho.pro.br\/wp\/wp-content\/uploads\/2015\/11\/Height_comparison_of_notable_statues_vector.svg_-300x148.png 300w, https:\/\/www.clebinho.pro.br\/wp\/wp-content\/uploads\/2015\/11\/Height_comparison_of_notable_statues_vector.svg_-1024x504.png 1024w, https:\/\/www.clebinho.pro.br\/wp\/wp-content\/uploads\/2015\/11\/Height_comparison_of_notable_statues_vector.svg_.png 2000w\" sizes=\"(max-width: 300px) 100vw, 300px\" \/><\/a><p id=\"caption-attachment-3176\" class=\"wp-caption-text\">Compara\u00e7\u00e3o entre a impressionante est\u00e1tua de Buda, no Jap\u00e3o, a Est\u00e1tua da Liberdade, a M\u00e3e-terra na R\u00fassia e o Cristo. Imagem: Internet.<\/p><\/div>\n<p>.<\/p>\n<p style=\"text-align: justify;\">No <a href=\"https:\/\/www.clebinho.pro.br\/wp\/wp\/?p=3184\" target=\"_blank\" rel=\"noopener\">pr\u00f3ximo texto<\/a> fechamos a saga dos \u00edcones com mais duas constru\u00e7\u00f5es incr\u00edveis, imperd\u00edvel!<\/p>\n<p style=\"text-align: justify;\"><strong>Espero ter aumentado seu conhecimento. \u00a0Curta nossa p\u00e1gina<a href=\"https:\/\/www.facebook.com\/pages\/Clebinho\/1551769148421187?ref=settings\" target=\"_blank\" rel=\"noopener\"> no Facebook <\/a>e compartilhe nosso texto! Abra\u00e7o do Clebinho!<br \/>\n<\/strong><\/p>\n<p style=\"text-align: justify;\">Publicado em 01.11.2015<\/p>\n<p><strong>\u00a0<\/strong><\/p>\n<p>&nbsp;<\/p>\n","protected":false},"excerpt":{"rendered":"<p>Em nosso \u00faltimo texto, abordamos duas monumentais constru\u00e7\u00f5es humanas, a Est\u00e1tua da Liberdade e a Torre Eiffel. No texto de hoje mostraremos mais duas grandes obras: Pir\u00e2mides do Egito A civiliza\u00e7\u00e3o eg\u00edpcia era tremendamente religiosa. Eram polite\u00edstas, acreditavam em v\u00e1rios Deuses. Outra caracter\u00edstica t\u00edpica era a cren\u00e7a na vida ap\u00f3s a morte, uma caracter\u00edstica marcante [&hellip;]<\/p>\n","protected":false},"author":2,"featured_media":3174,"comment_status":"open","ping_status":"open","sticky":false,"template":"","format":"standard","meta":{"footnotes":""},"categories":[8,129,71,130,1,4,81,5,140],"tags":[25,867,73,623,74,872,871,861,873,868,870,869,78],"yoast_head":"<!-- This site is optimized with the Yoast SEO plugin v20.3 - https:\/\/yoast.com\/wordpress\/plugins\/seo\/ -->\n<title>82. \u00cdcones Mundiais - As Pir\u00e2mides e o Cristo - Blog do Professor Clebinho<\/title>\n<meta name=\"robots\" content=\"index, follow, max-snippet:-1, max-image-preview:large, max-video-preview:-1\" \/>\n<link rel=\"canonical\" href=\"https:\/\/www.clebinho.pro.br\/wp\/?p=3140\" \/>\n<meta property=\"og:locale\" content=\"pt_BR\" \/>\n<meta property=\"og:type\" content=\"article\" \/>\n<meta property=\"og:title\" content=\"82. \u00cdcones Mundiais - As Pir\u00e2mides e o Cristo - Blog do Professor Clebinho\" \/>\n<meta property=\"og:description\" content=\"Em nosso \u00faltimo texto, abordamos duas monumentais constru\u00e7\u00f5es humanas, a Est\u00e1tua da Liberdade e a Torre Eiffel. No texto de hoje mostraremos mais duas grandes obras: Pir\u00e2mides do Egito A civiliza\u00e7\u00e3o eg\u00edpcia era tremendamente religiosa. Eram polite\u00edstas, acreditavam em v\u00e1rios Deuses. Outra caracter\u00edstica t\u00edpica era a cren\u00e7a na vida ap\u00f3s a morte, uma caracter\u00edstica marcante [&hellip;]\" \/>\n<meta property=\"og:url\" content=\"https:\/\/www.clebinho.pro.br\/wp\/?p=3140\" \/>\n<meta property=\"og:site_name\" content=\"Blog do Professor Clebinho\" \/>\n<meta property=\"article:published_time\" content=\"2015-11-01T10:21:02+00:00\" \/>\n<meta property=\"article:modified_time\" content=\"2017-10-16T11:32:23+00:00\" \/>\n<meta property=\"og:image\" content=\"https:\/\/clebinho.pro.br\/wp\/wp-content\/uploads\/2015\/11\/cristo_redentor.jpg2_.jpg\" \/>\n\t<meta property=\"og:image:width\" content=\"800\" \/>\n\t<meta property=\"og:image:height\" content=\"531\" \/>\n\t<meta property=\"og:image:type\" content=\"image\/jpeg\" \/>\n<meta name=\"author\" content=\"Professor Clebinho\" \/>\n<meta name=\"twitter:card\" content=\"summary_large_image\" \/>\n<meta name=\"twitter:label1\" content=\"Escrito por\" \/>\n\t<meta name=\"twitter:data1\" content=\"Professor Clebinho\" \/>\n\t<meta name=\"twitter:label2\" content=\"Est. tempo de leitura\" \/>\n\t<meta name=\"twitter:data2\" content=\"5 minutos\" \/>\n<script type=\"application\/ld+json\" class=\"yoast-schema-graph\">{\"@context\":\"https:\/\/schema.org\",\"@graph\":[{\"@type\":\"WebPage\",\"@id\":\"https:\/\/www.clebinho.pro.br\/wp\/?p=3140\",\"url\":\"https:\/\/www.clebinho.pro.br\/wp\/?p=3140\",\"name\":\"82. \u00cdcones Mundiais - As Pir\u00e2mides e o Cristo - Blog do Professor Clebinho\",\"isPartOf\":{\"@id\":\"https:\/\/www.clebinho.pro.br\/wp\/#website\"},\"datePublished\":\"2015-11-01T10:21:02+00:00\",\"dateModified\":\"2017-10-16T11:32:23+00:00\",\"author\":{\"@id\":\"https:\/\/www.clebinho.pro.br\/wp\/#\/schema\/person\/73417286de03a1ad762ac7d8ca8c6b77\"},\"breadcrumb\":{\"@id\":\"https:\/\/www.clebinho.pro.br\/wp\/?p=3140#breadcrumb\"},\"inLanguage\":\"pt-BR\",\"potentialAction\":[{\"@type\":\"ReadAction\",\"target\":[\"https:\/\/www.clebinho.pro.br\/wp\/?p=3140\"]}]},{\"@type\":\"BreadcrumbList\",\"@id\":\"https:\/\/www.clebinho.pro.br\/wp\/?p=3140#breadcrumb\",\"itemListElement\":[{\"@type\":\"ListItem\",\"position\":1,\"name\":\"In\u00edcio\",\"item\":\"https:\/\/www.clebinho.pro.br\/wp\"},{\"@type\":\"ListItem\",\"position\":2,\"name\":\"82. \u00cdcones Mundiais &#8211; As Pir\u00e2mides e o Cristo\"}]},{\"@type\":\"WebSite\",\"@id\":\"https:\/\/www.clebinho.pro.br\/wp\/#website\",\"url\":\"https:\/\/www.clebinho.pro.br\/wp\/\",\"name\":\"Blog do Professor Clebinho\",\"description\":\"Um espa\u00e7o virtual privilegiado oferecido pelo professor Clebinho, seus alunos, ex-alunos e demais interessados no debate de atualidades, hist\u00f3ria, geografia, geopolitica e meio ambiente\",\"potentialAction\":[{\"@type\":\"SearchAction\",\"target\":{\"@type\":\"EntryPoint\",\"urlTemplate\":\"https:\/\/www.clebinho.pro.br\/wp\/?s={search_term_string}\"},\"query-input\":\"required name=search_term_string\"}],\"inLanguage\":\"pt-BR\"},{\"@type\":\"Person\",\"@id\":\"https:\/\/www.clebinho.pro.br\/wp\/#\/schema\/person\/73417286de03a1ad762ac7d8ca8c6b77\",\"name\":\"Professor Clebinho\",\"image\":{\"@type\":\"ImageObject\",\"inLanguage\":\"pt-BR\",\"@id\":\"https:\/\/www.clebinho.pro.br\/wp\/#\/schema\/person\/image\/\",\"url\":\"https:\/\/secure.gravatar.com\/avatar\/bb922115afcbfb086f9c52d1dd4a20fa?s=96&d=mm&r=g\",\"contentUrl\":\"https:\/\/secure.gravatar.com\/avatar\/bb922115afcbfb086f9c52d1dd4a20fa?s=96&d=mm&r=g\",\"caption\":\"Professor Clebinho\"},\"sameAs\":[\"https:\/\/www.clebinho.pro.br\/wp\"],\"url\":\"https:\/\/www.clebinho.pro.br\/wp\/?author=2\"}]}<\/script>\n<!-- \/ Yoast SEO plugin. -->","yoast_head_json":{"title":"82. \u00cdcones Mundiais - As Pir\u00e2mides e o Cristo - Blog do Professor Clebinho","robots":{"index":"index","follow":"follow","max-snippet":"max-snippet:-1","max-image-preview":"max-image-preview:large","max-video-preview":"max-video-preview:-1"},"canonical":"https:\/\/www.clebinho.pro.br\/wp\/?p=3140","og_locale":"pt_BR","og_type":"article","og_title":"82. \u00cdcones Mundiais - As Pir\u00e2mides e o Cristo - Blog do Professor Clebinho","og_description":"Em nosso \u00faltimo texto, abordamos duas monumentais constru\u00e7\u00f5es humanas, a Est\u00e1tua da Liberdade e a Torre Eiffel. No texto de hoje mostraremos mais duas grandes obras: Pir\u00e2mides do Egito A civiliza\u00e7\u00e3o eg\u00edpcia era tremendamente religiosa. Eram polite\u00edstas, acreditavam em v\u00e1rios Deuses. Outra caracter\u00edstica t\u00edpica era a cren\u00e7a na vida ap\u00f3s a morte, uma caracter\u00edstica marcante [&hellip;]","og_url":"https:\/\/www.clebinho.pro.br\/wp\/?p=3140","og_site_name":"Blog do Professor Clebinho","article_published_time":"2015-11-01T10:21:02+00:00","article_modified_time":"2017-10-16T11:32:23+00:00","og_image":[{"width":800,"height":531,"url":"https:\/\/clebinho.pro.br\/wp\/wp-content\/uploads\/2015\/11\/cristo_redentor.jpg2_.jpg","type":"image\/jpeg"}],"author":"Professor Clebinho","twitter_card":"summary_large_image","twitter_misc":{"Escrito por":"Professor Clebinho","Est. tempo de leitura":"5 minutos"},"schema":{"@context":"https:\/\/schema.org","@graph":[{"@type":"WebPage","@id":"https:\/\/www.clebinho.pro.br\/wp\/?p=3140","url":"https:\/\/www.clebinho.pro.br\/wp\/?p=3140","name":"82. \u00cdcones Mundiais - As Pir\u00e2mides e o Cristo - Blog do Professor Clebinho","isPartOf":{"@id":"https:\/\/www.clebinho.pro.br\/wp\/#website"},"datePublished":"2015-11-01T10:21:02+00:00","dateModified":"2017-10-16T11:32:23+00:00","author":{"@id":"https:\/\/www.clebinho.pro.br\/wp\/#\/schema\/person\/73417286de03a1ad762ac7d8ca8c6b77"},"breadcrumb":{"@id":"https:\/\/www.clebinho.pro.br\/wp\/?p=3140#breadcrumb"},"inLanguage":"pt-BR","potentialAction":[{"@type":"ReadAction","target":["https:\/\/www.clebinho.pro.br\/wp\/?p=3140"]}]},{"@type":"BreadcrumbList","@id":"https:\/\/www.clebinho.pro.br\/wp\/?p=3140#breadcrumb","itemListElement":[{"@type":"ListItem","position":1,"name":"In\u00edcio","item":"https:\/\/www.clebinho.pro.br\/wp"},{"@type":"ListItem","position":2,"name":"82. \u00cdcones Mundiais &#8211; As Pir\u00e2mides e o Cristo"}]},{"@type":"WebSite","@id":"https:\/\/www.clebinho.pro.br\/wp\/#website","url":"https:\/\/www.clebinho.pro.br\/wp\/","name":"Blog do Professor Clebinho","description":"Um espa\u00e7o virtual privilegiado oferecido pelo professor Clebinho, seus alunos, ex-alunos e demais interessados no debate de atualidades, hist\u00f3ria, geografia, geopolitica e meio ambiente","potentialAction":[{"@type":"SearchAction","target":{"@type":"EntryPoint","urlTemplate":"https:\/\/www.clebinho.pro.br\/wp\/?s={search_term_string}"},"query-input":"required name=search_term_string"}],"inLanguage":"pt-BR"},{"@type":"Person","@id":"https:\/\/www.clebinho.pro.br\/wp\/#\/schema\/person\/73417286de03a1ad762ac7d8ca8c6b77","name":"Professor Clebinho","image":{"@type":"ImageObject","inLanguage":"pt-BR","@id":"https:\/\/www.clebinho.pro.br\/wp\/#\/schema\/person\/image\/","url":"https:\/\/secure.gravatar.com\/avatar\/bb922115afcbfb086f9c52d1dd4a20fa?s=96&d=mm&r=g","contentUrl":"https:\/\/secure.gravatar.com\/avatar\/bb922115afcbfb086f9c52d1dd4a20fa?s=96&d=mm&r=g","caption":"Professor Clebinho"},"sameAs":["https:\/\/www.clebinho.pro.br\/wp"],"url":"https:\/\/www.clebinho.pro.br\/wp\/?author=2"}]}},"_links":{"self":[{"href":"https:\/\/www.clebinho.pro.br\/wp\/index.php?rest_route=\/wp\/v2\/posts\/3140"}],"collection":[{"href":"https:\/\/www.clebinho.pro.br\/wp\/index.php?rest_route=\/wp\/v2\/posts"}],"about":[{"href":"https:\/\/www.clebinho.pro.br\/wp\/index.php?rest_route=\/wp\/v2\/types\/post"}],"author":[{"embeddable":true,"href":"https:\/\/www.clebinho.pro.br\/wp\/index.php?rest_route=\/wp\/v2\/users\/2"}],"replies":[{"embeddable":true,"href":"https:\/\/www.clebinho.pro.br\/wp\/index.php?rest_route=%2Fwp%2Fv2%2Fcomments&post=3140"}],"version-history":[{"count":47,"href":"https:\/\/www.clebinho.pro.br\/wp\/index.php?rest_route=\/wp\/v2\/posts\/3140\/revisions"}],"predecessor-version":[{"id":11121,"href":"https:\/\/www.clebinho.pro.br\/wp\/index.php?rest_route=\/wp\/v2\/posts\/3140\/revisions\/11121"}],"wp:featuredmedia":[{"embeddable":true,"href":"https:\/\/www.clebinho.pro.br\/wp\/index.php?rest_route=\/wp\/v2\/media\/3174"}],"wp:attachment":[{"href":"https:\/\/www.clebinho.pro.br\/wp\/index.php?rest_route=%2Fwp%2Fv2%2Fmedia&parent=3140"}],"wp:term":[{"taxonomy":"category","embeddable":true,"href":"https:\/\/www.clebinho.pro.br\/wp\/index.php?rest_route=%2Fwp%2Fv2%2Fcategories&post=3140"},{"taxonomy":"post_tag","embeddable":true,"href":"https:\/\/www.clebinho.pro.br\/wp\/index.php?rest_route=%2Fwp%2Fv2%2Ftags&post=3140"}],"curies":[{"name":"wp","href":"https:\/\/api.w.org\/{rel}","templated":true}]}}