{"id":323,"date":"2015-03-03T07:04:23","date_gmt":"2015-03-03T10:04:23","guid":{"rendered":"http:\/\/www.clebinho.pro.br\/?p=323"},"modified":"2019-09-09T21:54:10","modified_gmt":"2019-09-09T23:54:10","slug":"dom-pedro-i-heroi-ou-vilao-parte1","status":"publish","type":"post","link":"https:\/\/www.clebinho.pro.br\/wp\/?p=323","title":{"rendered":"12. Dom Pedro I, Her\u00f3i ou Vil\u00e3o ? (Parte 1)"},"content":{"rendered":"<p style=\"text-align: justify;\">Antes do texto uma dica. Veja toda a saga de nossa Independ\u00eancia em 3 textos de nosso blog:<\/p>\n<p style=\"text-align: justify;\"><a href=\"https:\/\/www.clebinho.pro.br\/wp\/wp\/?p=14257\" target=\"_blank\" rel=\"noopener\">216 \u2013 Vinda da Fam\u00edlia Real ao Brasil (1808)<\/a><\/p>\n<p style=\"text-align: justify;\"><a href=\"https:\/\/www.clebinho.pro.br\/wp\/wp\/?p=14167\" target=\"_blank\" rel=\"noopener\">217 \u2013 Per\u00edodo Joanino (1808 \u2013 1821)<\/a><\/p>\n<p style=\"text-align: justify;\"><a href=\"https:\/\/www.clebinho.pro.br\/wp\/wp\/?p=14385\" target=\"_blank\" rel=\"noopener\">218 \u2013 Independ\u00eancia do Brasil (1822)<\/a><\/p>\n<p style=\"text-align: justify;\">Dom Pedro I foi nosso her\u00f3i, o homem que escolheu o Brasil em detrimento a seu pa\u00eds, Portugal.<\/p>\n<p style=\"text-align: justify;\">Deu o Grito da Independ\u00eancia, com o apoio de nossa elite,\u00a0 principalmente os donos de terras, e nos libertou de 322 anos de coloniza\u00e7\u00e3o. Por que n\u00e3o temos para com Dom Pedro, a adora\u00e7\u00e3o que alguns de\u00a0 nossos vizinhos tem pelo seu libertador, Sim\u00f3n Bol\u00edvar?<\/p>\n<div id=\"attachment_4928\" style=\"width: 245px\" class=\"wp-caption aligncenter\"><a href=\"https:\/\/clebinho.pro.br\/wp\/wp-content\/uploads\/2015\/03\/Pedro_I_por_Henrique_Jos\u00e9_da_Silva.jpg\"><img loading=\"lazy\" decoding=\"async\" aria-describedby=\"caption-attachment-4928\" class=\"wp-image-4928 size-medium\" src=\"https:\/\/clebinho.pro.br\/wp\/wp-content\/uploads\/2015\/03\/Pedro_I_por_Henrique_Jos\u00e9_da_Silva-235x300.jpg\" alt=\"Pedro_I_por_Henrique_Jos\u00e9_da_Silva\" width=\"235\" height=\"300\" srcset=\"https:\/\/www.clebinho.pro.br\/wp\/wp-content\/uploads\/2015\/03\/Pedro_I_por_Henrique_Jos\u00e9_da_Silva-235x300.jpg 235w, https:\/\/www.clebinho.pro.br\/wp\/wp-content\/uploads\/2015\/03\/Pedro_I_por_Henrique_Jos\u00e9_da_Silva-801x1024.jpg 801w, https:\/\/www.clebinho.pro.br\/wp\/wp-content\/uploads\/2015\/03\/Pedro_I_por_Henrique_Jos\u00e9_da_Silva.jpg 1167w\" sizes=\"(max-width: 235px) 100vw, 235px\" \/><\/a><p id=\"caption-attachment-4928\" class=\"wp-caption-text\">Dom Pedro I, pintor desconhecido.\u00a0Imagem: Internet.<\/p><\/div>\n<p style=\"text-align: justify;\">.<\/p>\n<p style=\"text-align: justify;\">Com certeza, uma parte dessa resposta est\u00e1 no fato do povo brasileiro n\u00e3o conhecer, e muito menos valorizar, a sua hist\u00f3ria, outra parte \u00e9 mais complexa, tem a ver com os acontecimentos p\u00f3s Independ\u00eancia.<\/p>\n<p style=\"text-align: justify;\">Um governo que tinha tudo para dar certo, infelizmente foi bastante tumultuado. De her\u00f3i nacional a vil\u00e3o. Destaco, a seguir, entre os\u00a0quase 10 anos de governo (1822-1831), alguns pontos que transformaram, um libertador, em um homem que abandonou seu pa\u00eds.<\/p>\n<p style=\"text-align: justify;\"><strong>Em dois textos, enumeramos 6 Causas para explicar seu curto governo:<\/strong><\/p>\n<p style=\"text-align: justify;\"><strong>1-<\/strong> O primeiro ponto foi nossa constitui\u00e7\u00e3o de 1824, a 1\u00ba do Brasil. Todos esperavam uma constitui\u00e7\u00e3o onde existiriam os 3 poderes: Executivo, Legislativo e Judici\u00e1rio, agindo de forma independente. Nosso l\u00edder inovou, inseriu na lei uma ideia \u201cgenial\u201d, a cria\u00e7\u00e3o de um 4\u00ba poder, o Moderador. Este poder estava acima de todos os outros. O idealizador dessa anomalia fora o pensador su\u00ed\u00e7o Henri-Benjamin Constant de Rebeque, e somente Brasil e Portugal adotaram essa medida.<\/p>\n<p style=\"text-align: justify;\">Para quem esperava um pa\u00eds moderno, com uma constitui\u00e7\u00e3o forte, que atingisse a todos os cidad\u00e3os, inclusive o imperador e seus protegidos, se decepcionou. O Brasil iniciou sua hist\u00f3ria com um comandante acima de todas as outras institui\u00e7\u00f5es.<\/p>\n<div id=\"attachment_388\" style=\"width: 345px\" class=\"wp-caption aligncenter\"><a href=\"https:\/\/clebinho.pro.br\/wp\/wp-content\/uploads\/2015\/03\/charge0.jpg\"><img loading=\"lazy\" decoding=\"async\" aria-describedby=\"caption-attachment-388\" class=\"wp-image-388 size-full\" src=\"https:\/\/clebinho.pro.br\/wp\/wp-content\/uploads\/2015\/03\/charge0.jpg\" alt=\"A charge nos mostra o tamanho do poder moderador, acima de todos os outros. Fonte:historiadb8.blogspot.com.br\" width=\"335\" height=\"213\" srcset=\"https:\/\/www.clebinho.pro.br\/wp\/wp-content\/uploads\/2015\/03\/charge0.jpg 335w, https:\/\/www.clebinho.pro.br\/wp\/wp-content\/uploads\/2015\/03\/charge0-300x191.jpg 300w\" sizes=\"(max-width: 335px) 100vw, 335px\" \/><\/a><p id=\"caption-attachment-388\" class=\"wp-caption-text\">A charge nos mostra o tamanho do poder moderador, acima de todos os outros. Fonte: Internet<\/p><\/div>\n<p style=\"text-align: justify;\">.<\/p>\n<p style=\"text-align: justify;\"><strong>2.<\/strong> Ap\u00f3s a constitui\u00e7\u00e3o de 1824, irradia-se de Pernambuco um movimento, separatista, reunindo v\u00e1rias prov\u00edncias do Nordeste. A ideia era se separar do Brasil e criar uma rep\u00fablica. Esse movimento ficou conhecido como a Confedera\u00e7\u00e3o do Equador. Essa revolta foi duramente abafada pelo Imp\u00e9rio, com a ajuda de mercen\u00e1rios ingleses.<\/p>\n<p style=\"text-align: justify;\">Frei Caneca, mentor intelectual da revolta e uma das figuras mais carism\u00e1ticas do Recife \u00e0 \u00e9poca, foi executado. Para a moral de um imperador, revoltas e revolu\u00e7\u00f5es s\u00e3o o pior cen\u00e1rio, principalmente quando pessoas morrem.<\/p>\n<div id=\"attachment_392\" style=\"width: 281px\" class=\"wp-caption aligncenter\"><a href=\"https:\/\/clebinho.pro.br\/wp\/wp-content\/uploads\/2015\/03\/Confedera\u00e7\u00e3o_do_Equador.png\"><img loading=\"lazy\" decoding=\"async\" aria-describedby=\"caption-attachment-392\" class=\"wp-image-392\" src=\"https:\/\/clebinho.pro.br\/wp\/wp-content\/uploads\/2015\/03\/Confedera\u00e7\u00e3o_do_Equador.png\" alt=\"Regi\u00e3o da Confedera\u00e7\u00e3o do Equador. V\u00e1rias prov\u00edncias do Nordeste. Fonte: Wikip\u00e9dia\" width=\"271\" height=\"326\" \/><\/a><p id=\"caption-attachment-392\" class=\"wp-caption-text\">Regi\u00e3o da Confedera\u00e7\u00e3o do Equador. V\u00e1rias prov\u00edncias do Nordeste.<br \/>Fonte: Wikip\u00e9dia.<\/p><\/div>\n<p style=\"text-align: justify;\">.<\/p>\n<p style=\"text-align: justify;\"><strong>3.<\/strong> Outro importante ponto de ruptura entre Dom Pedro I e os\u00a0 brasileiros, foi a perda de uma importante prov\u00edncia. Pelo fato do local ser bastante estrat\u00e9gico, na foz do Rio da Prata, a regi\u00e3o do atual Uruguai sempre foi disputada por Portugal e Espanha.<\/p>\n<p style=\"text-align: justify;\">Em 1817, Dom Jo\u00e3o VI, ent\u00e3o rei de Portugal, enviou tropas a Montevid\u00e9u e incorporou a regi\u00e3o ao territ\u00f3rio brasileiro, dando a ela o nome de Cisplatina. A partir de 1825, durante o imp\u00e9rio de Dom Pedro I, o Brasil enfrentou a Argentina e os colonos locais, em uma luta pela independ\u00eancia do territ\u00f3rio. Em 1828, fomos derrotados e perdemos a prov\u00edncia.<\/p>\n<p style=\"text-align: justify;\">Essa derrota, somada aos aumentos de impostos para bancar a guerra e a fal\u00eancia do Banco do Brasil, fez a moral do nosso her\u00f3i despencar ainda mais entre a elite, e tamb\u00e9m, junto a popula\u00e7\u00e3o em geral.<\/p>\n<div id=\"attachment_326\" style=\"width: 260px\" class=\"wp-caption aligncenter\"><a href=\"https:\/\/clebinho.pro.br\/wp\/wp-content\/uploads\/2015\/02\/Cisplatina.png\"><img loading=\"lazy\" decoding=\"async\" aria-describedby=\"caption-attachment-326\" class=\"size-full wp-image-326\" src=\"https:\/\/clebinho.pro.br\/wp\/wp-content\/uploads\/2015\/02\/Cisplatina.png\" alt=\"Prov\u00edncia Cisplatina (Hoje Uruguai), independente do Brasil durante Governo de Dom Pedro I. Fonte: wikipedia\" width=\"250\" height=\"267\" \/><\/a><p id=\"caption-attachment-326\" class=\"wp-caption-text\">Prov\u00edncia Cisplatina (Hoje Uruguai), independente do Brasil durante Governo de Dom Pedro I. Fonte: Wikipedia.<\/p><\/div>\n<p style=\"text-align: justify;\">.<\/p>\n<p style=\"text-align: justify;\"><a href=\"https:\/\/www.clebinho.pro.br\/wp\/wp\/?p=328\" target=\"_blank\" rel=\"noopener\">Na pr\u00f3xima publica\u00e7\u00e3o<\/a>, veremos mais algumas pol\u00eamicas do nosso her\u00f3i, ou seria vil\u00e3o? N\u00e3o percam!<\/p>\n<p style=\"text-align: justify;\"><strong>Espero ter aumentado seu conhecimento. Curta nossa <a href=\"https:\/\/www.facebook.com\/pages\/Clebinho\/1551769148421187?ref=settings\" target=\"_blank\" rel=\"noopener\">p\u00e1gina no Facebook <\/a>e compartilhe nosso texto! Abra\u00e7o do Clebinho!<\/strong><\/p>\n<p style=\"text-align: justify;\">Publicado em 03.03.2015<\/p>\n<p>Revisado em 09.09.2019<\/p>\n","protected":false},"excerpt":{"rendered":"<p>Antes do texto uma dica. Veja toda a saga de nossa Independ\u00eancia em 3 textos de nosso blog: 216 \u2013 Vinda da Fam\u00edlia Real ao Brasil (1808) 217 \u2013 Per\u00edodo Joanino (1808 \u2013 1821) 218 \u2013 Independ\u00eancia do Brasil (1822) Dom Pedro I foi nosso her\u00f3i, o homem que escolheu o Brasil em detrimento a [&hellip;]<\/p>\n","protected":false},"author":2,"featured_media":5878,"comment_status":"open","ping_status":"open","sticky":false,"template":"","format":"standard","meta":{"footnotes":""},"categories":[71,1,81,5,3],"tags":[196,218,25,197,205,217,204,202,106,207,216,208,210,209,206,220,219],"yoast_head":"<!-- This site is optimized with the Yoast SEO plugin v20.3 - https:\/\/yoast.com\/wordpress\/plugins\/seo\/ -->\n<title>12. Dom Pedro I, Her\u00f3i ou Vil\u00e3o ? (Parte 1) - Blog do Professor Clebinho<\/title>\n<meta name=\"robots\" content=\"index, follow, max-snippet:-1, max-image-preview:large, max-video-preview:-1\" \/>\n<link rel=\"canonical\" href=\"https:\/\/www.clebinho.pro.br\/wp\/?p=323\" \/>\n<meta property=\"og:locale\" content=\"pt_BR\" \/>\n<meta property=\"og:type\" content=\"article\" \/>\n<meta property=\"og:title\" content=\"12. Dom Pedro I, Her\u00f3i ou Vil\u00e3o ? (Parte 1) - Blog do Professor Clebinho\" \/>\n<meta property=\"og:description\" content=\"Antes do texto uma dica. Veja toda a saga de nossa Independ\u00eancia em 3 textos de nosso blog: 216 \u2013 Vinda da Fam\u00edlia Real ao Brasil (1808) 217 \u2013 Per\u00edodo Joanino (1808 \u2013 1821) 218 \u2013 Independ\u00eancia do Brasil (1822) Dom Pedro I foi nosso her\u00f3i, o homem que escolheu o Brasil em detrimento a [&hellip;]\" \/>\n<meta property=\"og:url\" content=\"https:\/\/www.clebinho.pro.br\/wp\/?p=323\" \/>\n<meta property=\"og:site_name\" content=\"Blog do Professor Clebinho\" \/>\n<meta property=\"article:published_time\" content=\"2015-03-03T10:04:23+00:00\" \/>\n<meta property=\"article:modified_time\" content=\"2019-09-09T23:54:10+00:00\" \/>\n<meta property=\"og:image\" content=\"https:\/\/clebinho.pro.br\/wp\/wp-content\/uploads\/2015\/03\/dom-pedro-i.jpg\" \/>\n\t<meta property=\"og:image:width\" content=\"574\" \/>\n\t<meta property=\"og:image:height\" content=\"800\" \/>\n\t<meta property=\"og:image:type\" content=\"image\/jpeg\" \/>\n<meta name=\"author\" content=\"Professor Clebinho\" \/>\n<meta name=\"twitter:card\" content=\"summary_large_image\" \/>\n<meta name=\"twitter:label1\" content=\"Escrito por\" \/>\n\t<meta name=\"twitter:data1\" content=\"Professor Clebinho\" \/>\n\t<meta name=\"twitter:label2\" content=\"Est. tempo de leitura\" \/>\n\t<meta name=\"twitter:data2\" content=\"3 minutos\" \/>\n<script type=\"application\/ld+json\" class=\"yoast-schema-graph\">{\"@context\":\"https:\/\/schema.org\",\"@graph\":[{\"@type\":\"WebPage\",\"@id\":\"https:\/\/www.clebinho.pro.br\/wp\/?p=323\",\"url\":\"https:\/\/www.clebinho.pro.br\/wp\/?p=323\",\"name\":\"12. Dom Pedro I, Her\u00f3i ou Vil\u00e3o ? (Parte 1) - Blog do Professor Clebinho\",\"isPartOf\":{\"@id\":\"https:\/\/www.clebinho.pro.br\/wp\/#website\"},\"datePublished\":\"2015-03-03T10:04:23+00:00\",\"dateModified\":\"2019-09-09T23:54:10+00:00\",\"author\":{\"@id\":\"https:\/\/www.clebinho.pro.br\/wp\/#\/schema\/person\/73417286de03a1ad762ac7d8ca8c6b77\"},\"breadcrumb\":{\"@id\":\"https:\/\/www.clebinho.pro.br\/wp\/?p=323#breadcrumb\"},\"inLanguage\":\"pt-BR\",\"potentialAction\":[{\"@type\":\"ReadAction\",\"target\":[\"https:\/\/www.clebinho.pro.br\/wp\/?p=323\"]}]},{\"@type\":\"BreadcrumbList\",\"@id\":\"https:\/\/www.clebinho.pro.br\/wp\/?p=323#breadcrumb\",\"itemListElement\":[{\"@type\":\"ListItem\",\"position\":1,\"name\":\"In\u00edcio\",\"item\":\"https:\/\/www.clebinho.pro.br\/wp\"},{\"@type\":\"ListItem\",\"position\":2,\"name\":\"12. Dom Pedro I, Her\u00f3i ou Vil\u00e3o ? (Parte 1)\"}]},{\"@type\":\"WebSite\",\"@id\":\"https:\/\/www.clebinho.pro.br\/wp\/#website\",\"url\":\"https:\/\/www.clebinho.pro.br\/wp\/\",\"name\":\"Blog do Professor Clebinho\",\"description\":\"Um espa\u00e7o virtual privilegiado oferecido pelo professor Clebinho, seus alunos, ex-alunos e demais interessados no debate de atualidades, hist\u00f3ria, geografia, geopolitica e meio ambiente\",\"potentialAction\":[{\"@type\":\"SearchAction\",\"target\":{\"@type\":\"EntryPoint\",\"urlTemplate\":\"https:\/\/www.clebinho.pro.br\/wp\/?s={search_term_string}\"},\"query-input\":\"required name=search_term_string\"}],\"inLanguage\":\"pt-BR\"},{\"@type\":\"Person\",\"@id\":\"https:\/\/www.clebinho.pro.br\/wp\/#\/schema\/person\/73417286de03a1ad762ac7d8ca8c6b77\",\"name\":\"Professor Clebinho\",\"image\":{\"@type\":\"ImageObject\",\"inLanguage\":\"pt-BR\",\"@id\":\"https:\/\/www.clebinho.pro.br\/wp\/#\/schema\/person\/image\/\",\"url\":\"https:\/\/secure.gravatar.com\/avatar\/bb922115afcbfb086f9c52d1dd4a20fa?s=96&d=mm&r=g\",\"contentUrl\":\"https:\/\/secure.gravatar.com\/avatar\/bb922115afcbfb086f9c52d1dd4a20fa?s=96&d=mm&r=g\",\"caption\":\"Professor Clebinho\"},\"sameAs\":[\"https:\/\/www.clebinho.pro.br\/wp\"],\"url\":\"https:\/\/www.clebinho.pro.br\/wp\/?author=2\"}]}<\/script>\n<!-- \/ Yoast SEO plugin. -->","yoast_head_json":{"title":"12. Dom Pedro I, Her\u00f3i ou Vil\u00e3o ? (Parte 1) - Blog do Professor Clebinho","robots":{"index":"index","follow":"follow","max-snippet":"max-snippet:-1","max-image-preview":"max-image-preview:large","max-video-preview":"max-video-preview:-1"},"canonical":"https:\/\/www.clebinho.pro.br\/wp\/?p=323","og_locale":"pt_BR","og_type":"article","og_title":"12. Dom Pedro I, Her\u00f3i ou Vil\u00e3o ? (Parte 1) - Blog do Professor Clebinho","og_description":"Antes do texto uma dica. Veja toda a saga de nossa Independ\u00eancia em 3 textos de nosso blog: 216 \u2013 Vinda da Fam\u00edlia Real ao Brasil (1808) 217 \u2013 Per\u00edodo Joanino (1808 \u2013 1821) 218 \u2013 Independ\u00eancia do Brasil (1822) Dom Pedro I foi nosso her\u00f3i, o homem que escolheu o Brasil em detrimento a [&hellip;]","og_url":"https:\/\/www.clebinho.pro.br\/wp\/?p=323","og_site_name":"Blog do Professor Clebinho","article_published_time":"2015-03-03T10:04:23+00:00","article_modified_time":"2019-09-09T23:54:10+00:00","og_image":[{"width":574,"height":800,"url":"https:\/\/clebinho.pro.br\/wp\/wp-content\/uploads\/2015\/03\/dom-pedro-i.jpg","type":"image\/jpeg"}],"author":"Professor Clebinho","twitter_card":"summary_large_image","twitter_misc":{"Escrito por":"Professor Clebinho","Est. tempo de leitura":"3 minutos"},"schema":{"@context":"https:\/\/schema.org","@graph":[{"@type":"WebPage","@id":"https:\/\/www.clebinho.pro.br\/wp\/?p=323","url":"https:\/\/www.clebinho.pro.br\/wp\/?p=323","name":"12. Dom Pedro I, Her\u00f3i ou Vil\u00e3o ? (Parte 1) - Blog do Professor Clebinho","isPartOf":{"@id":"https:\/\/www.clebinho.pro.br\/wp\/#website"},"datePublished":"2015-03-03T10:04:23+00:00","dateModified":"2019-09-09T23:54:10+00:00","author":{"@id":"https:\/\/www.clebinho.pro.br\/wp\/#\/schema\/person\/73417286de03a1ad762ac7d8ca8c6b77"},"breadcrumb":{"@id":"https:\/\/www.clebinho.pro.br\/wp\/?p=323#breadcrumb"},"inLanguage":"pt-BR","potentialAction":[{"@type":"ReadAction","target":["https:\/\/www.clebinho.pro.br\/wp\/?p=323"]}]},{"@type":"BreadcrumbList","@id":"https:\/\/www.clebinho.pro.br\/wp\/?p=323#breadcrumb","itemListElement":[{"@type":"ListItem","position":1,"name":"In\u00edcio","item":"https:\/\/www.clebinho.pro.br\/wp"},{"@type":"ListItem","position":2,"name":"12. Dom Pedro I, Her\u00f3i ou Vil\u00e3o ? (Parte 1)"}]},{"@type":"WebSite","@id":"https:\/\/www.clebinho.pro.br\/wp\/#website","url":"https:\/\/www.clebinho.pro.br\/wp\/","name":"Blog do Professor Clebinho","description":"Um espa\u00e7o virtual privilegiado oferecido pelo professor Clebinho, seus alunos, ex-alunos e demais interessados no debate de atualidades, hist\u00f3ria, geografia, geopolitica e meio ambiente","potentialAction":[{"@type":"SearchAction","target":{"@type":"EntryPoint","urlTemplate":"https:\/\/www.clebinho.pro.br\/wp\/?s={search_term_string}"},"query-input":"required name=search_term_string"}],"inLanguage":"pt-BR"},{"@type":"Person","@id":"https:\/\/www.clebinho.pro.br\/wp\/#\/schema\/person\/73417286de03a1ad762ac7d8ca8c6b77","name":"Professor Clebinho","image":{"@type":"ImageObject","inLanguage":"pt-BR","@id":"https:\/\/www.clebinho.pro.br\/wp\/#\/schema\/person\/image\/","url":"https:\/\/secure.gravatar.com\/avatar\/bb922115afcbfb086f9c52d1dd4a20fa?s=96&d=mm&r=g","contentUrl":"https:\/\/secure.gravatar.com\/avatar\/bb922115afcbfb086f9c52d1dd4a20fa?s=96&d=mm&r=g","caption":"Professor Clebinho"},"sameAs":["https:\/\/www.clebinho.pro.br\/wp"],"url":"https:\/\/www.clebinho.pro.br\/wp\/?author=2"}]}},"_links":{"self":[{"href":"https:\/\/www.clebinho.pro.br\/wp\/index.php?rest_route=\/wp\/v2\/posts\/323"}],"collection":[{"href":"https:\/\/www.clebinho.pro.br\/wp\/index.php?rest_route=\/wp\/v2\/posts"}],"about":[{"href":"https:\/\/www.clebinho.pro.br\/wp\/index.php?rest_route=\/wp\/v2\/types\/post"}],"author":[{"embeddable":true,"href":"https:\/\/www.clebinho.pro.br\/wp\/index.php?rest_route=\/wp\/v2\/users\/2"}],"replies":[{"embeddable":true,"href":"https:\/\/www.clebinho.pro.br\/wp\/index.php?rest_route=%2Fwp%2Fv2%2Fcomments&post=323"}],"version-history":[{"count":34,"href":"https:\/\/www.clebinho.pro.br\/wp\/index.php?rest_route=\/wp\/v2\/posts\/323\/revisions"}],"predecessor-version":[{"id":16974,"href":"https:\/\/www.clebinho.pro.br\/wp\/index.php?rest_route=\/wp\/v2\/posts\/323\/revisions\/16974"}],"wp:featuredmedia":[{"embeddable":true,"href":"https:\/\/www.clebinho.pro.br\/wp\/index.php?rest_route=\/wp\/v2\/media\/5878"}],"wp:attachment":[{"href":"https:\/\/www.clebinho.pro.br\/wp\/index.php?rest_route=%2Fwp%2Fv2%2Fmedia&parent=323"}],"wp:term":[{"taxonomy":"category","embeddable":true,"href":"https:\/\/www.clebinho.pro.br\/wp\/index.php?rest_route=%2Fwp%2Fv2%2Fcategories&post=323"},{"taxonomy":"post_tag","embeddable":true,"href":"https:\/\/www.clebinho.pro.br\/wp\/index.php?rest_route=%2Fwp%2Fv2%2Ftags&post=323"}],"curies":[{"name":"wp","href":"https:\/\/api.w.org\/{rel}","templated":true}]}}