{"id":3671,"date":"2015-12-06T05:38:30","date_gmt":"2015-12-06T08:38:30","guid":{"rendered":"http:\/\/www.clebinho.pro.br\/?p=3671"},"modified":"2019-10-30T12:05:14","modified_gmt":"2019-10-30T14:05:14","slug":"piramide-etaria-e-mortalidade-infantil","status":"publish","type":"post","link":"https:\/\/www.clebinho.pro.br\/wp\/?p=3671","title":{"rendered":"92. Demografia: Pir\u00e2mide Et\u00e1ria e Mortalidade Infantil"},"content":{"rendered":"<p style=\"text-align: justify;\">Em nossos dois <a href=\"https:\/\/www.clebinho.pro.br\/wp\/wp\/?p=3600\" target=\"_blank\" rel=\"noopener\">\u00faltimos textos<\/a>, abordamos as mais importantes taxas demogr\u00e1ficas. No post de hoje, finalizaremos o assunto com mais alguns itens:<\/p>\n<p style=\"text-align: justify;\"><span style=\"color: #ff0000;\"><strong>9 &#8211; Taxa de Mortalidade Infantil<\/strong><\/span><\/p>\n<p style=\"text-align: justify;\">\u00c9 o n\u00famero de crian\u00e7as que morrem, antes de completar o 1\u00ba ano de vida, para cada mil nascimentos.<\/p>\n<p style=\"text-align: justify;\">\u00c9 um important\u00edssimo n\u00famero para se avaliar a qualidade de vida de um determinado local. A mortalidade infantil nos mostra a efic\u00e1cia de a\u00e7\u00f5es governamentais nos aspectos de saneamento b\u00e1sico, alimenta\u00e7\u00e3o, acompanhamento m\u00e9dico (pr\u00e9-natal), distribui\u00e7\u00e3o de vacinas e do SUS (sistema \u00fanico de sa\u00fade). Qualquer um desses itens n\u00e3o contemplado de forma apropriada pelo governo faz aumentar o n\u00famero de mortes de rec\u00e9m-nascidos.<\/p>\n<div id=\"attachment_17357\" style=\"width: 310px\" class=\"wp-caption aligncenter\"><a href=\"https:\/\/clebinho.pro.br\/wp\/wp-content\/uploads\/2015\/12\/mapa-mundo-taxa-de-mortalidade-infantil-por-pais.jpg\"><img loading=\"lazy\" decoding=\"async\" aria-describedby=\"caption-attachment-17357\" class=\"wp-image-17357 size-medium\" src=\"https:\/\/clebinho.pro.br\/wp\/wp-content\/uploads\/2015\/12\/mapa-mundo-taxa-de-mortalidade-infantil-por-pais-300x174.jpg\" alt=\"\" width=\"300\" height=\"174\" srcset=\"https:\/\/www.clebinho.pro.br\/wp\/wp-content\/uploads\/2015\/12\/mapa-mundo-taxa-de-mortalidade-infantil-por-pais-300x174.jpg 300w, https:\/\/www.clebinho.pro.br\/wp\/wp-content\/uploads\/2015\/12\/mapa-mundo-taxa-de-mortalidade-infantil-por-pais-768x445.jpg 768w, https:\/\/www.clebinho.pro.br\/wp\/wp-content\/uploads\/2015\/12\/mapa-mundo-taxa-de-mortalidade-infantil-por-pais.jpg 964w\" sizes=\"(max-width: 300px) 100vw, 300px\" \/><\/a><p id=\"caption-attachment-17357\" class=\"wp-caption-text\">Clique para ampliar. Mortalidade Infantil no mundo. Imagem: Internet.<\/p><\/div>\n<p>.<\/p>\n<p style=\"text-align: justify;\">Observando o mapa acima, percebemos mais uma vez como o continente africano possui os piores \u00edndices, junto com o Afeganist\u00e3o, Mianmar e Paquist\u00e3o na \u00c1sia. A ONU tem como objetivo que todos os pa\u00edses do mundo tenham mortalidades infantis at\u00e9, no m\u00e1ximo, 15 por mil. Como pode ser observado no mapa, alguns pa\u00edses ultrapassam 150.<\/p>\n<p style=\"text-align: justify;\">No Brasil, a taxa vem caindo bruscamente. Sa\u00edmos de 82,4 mortes por mil nascimentos em 1980 para os n\u00fameros observados na tabela abaixo:<\/p>\n<div id=\"attachment_17344\" style=\"width: 310px\" class=\"wp-caption aligncenter\"><a href=\"https:\/\/clebinho.pro.br\/wp\/wp-content\/uploads\/2015\/12\/gr\u00e1fico-mortalidade-infantil-600x400-1.jpg\"><img loading=\"lazy\" decoding=\"async\" aria-describedby=\"caption-attachment-17344\" class=\"wp-image-17344 size-medium\" src=\"https:\/\/clebinho.pro.br\/wp\/wp-content\/uploads\/2015\/12\/gr\u00e1fico-mortalidade-infantil-600x400-1-300x200.jpg\" alt=\"\" width=\"300\" height=\"200\" srcset=\"https:\/\/www.clebinho.pro.br\/wp\/wp-content\/uploads\/2015\/12\/gr\u00e1fico-mortalidade-infantil-600x400-1-300x200.jpg 300w, https:\/\/www.clebinho.pro.br\/wp\/wp-content\/uploads\/2015\/12\/gr\u00e1fico-mortalidade-infantil-600x400-1.jpg 600w\" sizes=\"(max-width: 300px) 100vw, 300px\" \/><\/a><p id=\"caption-attachment-17344\" class=\"wp-caption-text\">Pela 1\u00ba vez desde 1990 a mortalidade infantil cresceu no Brasil, aumentando para 14 mortes por mil nascimentos. O triste fato ocorreu em 2016 e o Minist\u00e9rio da Sa\u00fade atribui a alta mortalidade \u00e0 emerg\u00eancia do v\u00edrus da zika, queda da vacina\u00e7\u00e3o e \u00e0 crise econ\u00f4mica. Imagem: Internet.<\/p><\/div>\n<p>.<\/p>\n<p>&nbsp;<\/p>\n<p style=\"text-align: justify;\">Al\u00e9m do aumento registrado, ainda existe um problema, a desigualdade regional. Os n\u00fameros nos mostram como s\u00e3o desniveladas as regi\u00f5es do Brasil. Os n\u00fameros do Norte\/Nordeste (acima de 17) s\u00e3o quase o dobro da dupla Sul\/Sudeste (entre 9 e 11):<\/p>\n<p style=\"text-align: justify;\">Historicamente, as regi\u00f5es norte e\u00a0 nordeste apresentam piores \u00edndices em quase todas as taxas analisadas. S\u00e3o n\u00famero sempre fora do aceit\u00e1vel pelas ag\u00eancias internacionais. Uma pol\u00edtica de equipara\u00e7\u00e3o das infraestruturas das regi\u00f5es deve ser feita imediatamente.<\/p>\n<p style=\"text-align: justify;\">No Brasil, existem estados com mortalidade abaixo de 9,\u00a0 como o Esp\u00edrito Santo e Santa Catarina, frente a outros acima de 20, como Alagoas e Maranh\u00e3o. N\u00e3o podemos conviver dentro de um mesmo pa\u00eds, rico em recursos como \u00e9 o nosso, com diferen\u00e7as deste n\u00edvel.\u00a0 Veja a lista com os dados de 2017 de todos os estados no site <a href=\"https:\/\/pt.wikipedia.org\/wiki\/Lista_de_unidades_federativas_do_Brasil_por_mortalidade_infantil\" target=\"_blank\" rel=\"noopener\">Wikip\u00e9dia.<\/a><\/p>\n<p style=\"text-align: justify;\"><strong>Importante<\/strong><\/p>\n<p style=\"text-align: justify;\">Lembrando que o Nordeste elege 151 deputados federais, enquanto a regi\u00e3o Sul elege somente 77. Em rela\u00e7\u00e3o a senadores, o Nordeste \u00e9 quem mais elege, pois s\u00e3o 3 por unidade federativa, e a regi\u00e3o possui 9 Estados, portanto 27 eleitos, contra 12 do Sudeste.<\/p>\n<p style=\"text-align: justify;\">Todo esse contingente de representantes, entre eles a fam\u00edlia Sarney, Fernando Collor e Renan Calheiros,\u00a0 n\u00e3o conseguiram atingir n\u00edveis aceit\u00e1veis em nenhum \u00edndice de qualidade de vida. Passados quase 30 anos da redemocratiza\u00e7\u00e3o, a regi\u00e3o ainda possui os piores n\u00fameros do pa\u00eds. Veja quantos deputados federais cada Estado elege no site da <a href=\"http:\/\/www2.camara.leg.br\/a-camara\/conheca\/quantos-sao-e-de-que-forma-e-definido-o-numero-de-deputados\" target=\"_blank\" rel=\"noopener\">C\u00e2mara dos Deputados.<\/a><\/p>\n<p style=\"text-align: justify;\"><span style=\"color: #ff0000;\"><strong>10 &#8211; Pir\u00e2mide Et\u00e1ria<\/strong><\/span><\/p>\n<p style=\"text-align: justify;\">Tamb\u00e9m conhecida como pir\u00e2mide demogr\u00e1fica. \u00c9 um gr\u00e1fico, dividido entre homens e mulheres, onde a popula\u00e7\u00e3o, de forma percentual, \u00e9 distribu\u00edda por faixas et\u00e1rias. As idades mais jovens formam a base da pir\u00e2mide e vai aumentando at\u00e9 o topo, que representa os idosos.<\/p>\n<div style=\"width: 410px\" class=\"wp-caption aligncenter\"><img loading=\"lazy\" decoding=\"async\" class=\"decoded\" src=\"http:\/\/s1.static.brasilescola.uol.com.br\/img\/2014\/01\/piramide-etaria-estreita.jpg\" alt=\"http:\/\/s1.static.brasilescola.uol.com.br\/img\/2014\/01\/piramide-etaria-estreita.jpg\" width=\"400\" height=\"277\" \/><p class=\"wp-caption-text\">Imagem ilustrativa de uma pir\u00e2mide et\u00e1ria. Homens a esquerda, e mulheres a direita. A idade vai aumentando em dire\u00e7\u00e3o ao topo. Imagem: Internet.<\/p><\/div>\n<p>.<\/p>\n<p style=\"text-align: justify;\">O simples fato de se analisar a pir\u00e2mide et\u00e1ria de um pa\u00eds nos permite constatar em qual n\u00edvel de desenvolvimento ele se encontra. Um pa\u00eds pobre, com grande n\u00famero de nascimentos e poucas pessoas chegando a idades mais elevadas, denunciando uma expectativa de vida baixa, possui uma pir\u00e2mide et\u00e1ria exatamente como o exemplo acima. A base muito grande (taxa de fecundidade alta) e o topo fino (baixa esperan\u00e7a de vida).<\/p>\n<div id=\"attachment_17353\" style=\"width: 307px\" class=\"wp-caption aligncenter\"><a href=\"https:\/\/clebinho.pro.br\/wp\/wp-content\/uploads\/2015\/12\/download.png\"><img loading=\"lazy\" decoding=\"async\" aria-describedby=\"caption-attachment-17353\" class=\"wp-image-17353 size-medium\" src=\"https:\/\/clebinho.pro.br\/wp\/wp-content\/uploads\/2015\/12\/download-297x300.png\" alt=\"\" width=\"297\" height=\"300\" srcset=\"https:\/\/www.clebinho.pro.br\/wp\/wp-content\/uploads\/2015\/12\/download-297x300.png 297w, https:\/\/www.clebinho.pro.br\/wp\/wp-content\/uploads\/2015\/12\/download-60x60.png 60w, https:\/\/www.clebinho.pro.br\/wp\/wp-content\/uploads\/2015\/12\/download.png 575w\" sizes=\"(max-width: 297px) 100vw, 297px\" \/><\/a><p id=\"caption-attachment-17353\" class=\"wp-caption-text\">Pir\u00e2mide t\u00edpica de um local pobre. Base larga topo estreito. Imagem: Internet.<\/p><\/div>\n<p>.<\/p>\n<p style=\"text-align: justify;\">Um pa\u00eds desenvolvido, possui uma pir\u00e2mide demogr\u00e1fica mais equilibrada. A base n\u00e3o \u00e9 larga, em alguns casos chega a ser at\u00e9 bem curta, denunciando baixo n\u00famero de nascimentos, enquanto o meio \u00e9 largo. O topo, mesmo n\u00e3o sendo enorme, \u00e9 consider\u00e1vel, denotando grande n\u00famero de pessoas nas idades mais avan\u00e7adas. Veja um exemplo abaixo:<\/p>\n<div id=\"attachment_17355\" style=\"width: 307px\" class=\"wp-caption aligncenter\"><a href=\"https:\/\/clebinho.pro.br\/wp\/wp-content\/uploads\/2015\/12\/download-1.png\"><img loading=\"lazy\" decoding=\"async\" aria-describedby=\"caption-attachment-17355\" class=\"wp-image-17355 size-medium\" src=\"https:\/\/clebinho.pro.br\/wp\/wp-content\/uploads\/2015\/12\/download-1-297x300.png\" alt=\"\" width=\"297\" height=\"300\" srcset=\"https:\/\/www.clebinho.pro.br\/wp\/wp-content\/uploads\/2015\/12\/download-1-297x300.png 297w, https:\/\/www.clebinho.pro.br\/wp\/wp-content\/uploads\/2015\/12\/download-1-60x60.png 60w, https:\/\/www.clebinho.pro.br\/wp\/wp-content\/uploads\/2015\/12\/download-1.png 575w\" sizes=\"(max-width: 297px) 100vw, 297px\" \/><\/a><p id=\"caption-attachment-17355\" class=\"wp-caption-text\">Pir\u00e2mide et\u00e1ria t\u00edpica de pa\u00edses desenvolvidos. Imagem: Internet.<\/p><\/div>\n<p>.<\/p>\n<p style=\"text-align: justify;\">No Brasil, a pir\u00e2mide demogr\u00e1fica vem mudando de forma bastante r\u00e1pida. Sa\u00edmos de uma situa\u00e7\u00e3o id\u00eantica a dos pa\u00edses subdesenvolvidos e nos aproximamos do exemplo desenvolvido. \u00c9 um fen\u00f4meno bastante compreens\u00edvel levando-se em considera\u00e7\u00e3o que somos um pa\u00eds emergente, ou seja, em desenvolvimento.<\/p>\n<p style=\"text-align: justify;\"><img decoding=\"async\" class=\"aligncenter\" src=\"http:\/\/rede.novaescolaclube.org.br\/sites\/default\/files\/importadas\/2013\/10\/08\/1508\/Nteu9\/previdencia.png\" alt=\"\" \/><\/p>\n<div id=\"attachment_17351\" style=\"width: 310px\" class=\"wp-caption aligncenter\"><a href=\"https:\/\/clebinho.pro.br\/wp\/wp-content\/uploads\/2015\/12\/brazil_pyramid.gif\"><img loading=\"lazy\" decoding=\"async\" aria-describedby=\"caption-attachment-17351\" class=\"wp-image-17351 size-medium\" src=\"https:\/\/clebinho.pro.br\/wp\/wp-content\/uploads\/2015\/12\/brazil_pyramid-300x257.gif\" alt=\"\" width=\"300\" height=\"257\" \/><\/a><p id=\"caption-attachment-17351\" class=\"wp-caption-text\">Clique para ativar o GIF e perceba como nossa pir\u00e2mide et\u00e1ria vem mudando, diminuindo a base a aumentando o topo.<\/p><\/div>\n<p>.<\/p>\n<p style=\"text-align: justify;\"><span style=\"color: #ff0000;\"><strong>11. Taxa de Natalidade<\/strong><\/span><\/p>\n<p style=\"text-align: justify;\">\u00c9 o n\u00famero de habitantes que nasceram em um determinado local, ao longo de um ano, para cada grupo de mil j\u00e1 existentes.\u00a0A taxa de natalidade \u00e9 influenciada pelos mesmos fatores da fecundidade, tema abordado em nosso \u00faltimo texto.<\/p>\n<p style=\"text-align: justify;\">A taxa de natalidade do Brasil vem caindo bruscamente, hoje, para cada grupo de mil brasileiros, nascem 14,16 por ano. Fonte: <a href=\"http:\/\/brasilemsintese.ibge.gov.br\/populacao\/taxas-brutas-de-natalidade.html\" target=\"_blank\" rel=\"noopener\">IBGE<\/a><\/p>\n<div id=\"attachment_17437\" style=\"width: 310px\" class=\"wp-caption aligncenter\"><a href=\"https:\/\/clebinho.pro.br\/wp\/wp-content\/uploads\/2015\/12\/1024px-Countries_by_Birth_Rate_in_2017.svg_.png\"><img loading=\"lazy\" decoding=\"async\" aria-describedby=\"caption-attachment-17437\" class=\"wp-image-17437 size-medium\" src=\"https:\/\/clebinho.pro.br\/wp\/wp-content\/uploads\/2015\/12\/1024px-Countries_by_Birth_Rate_in_2017.svg_-300x138.png\" alt=\"\" width=\"300\" height=\"138\" srcset=\"https:\/\/www.clebinho.pro.br\/wp\/wp-content\/uploads\/2015\/12\/1024px-Countries_by_Birth_Rate_in_2017.svg_-300x138.png 300w, https:\/\/www.clebinho.pro.br\/wp\/wp-content\/uploads\/2015\/12\/1024px-Countries_by_Birth_Rate_in_2017.svg_-768x353.png 768w, https:\/\/www.clebinho.pro.br\/wp\/wp-content\/uploads\/2015\/12\/1024px-Countries_by_Birth_Rate_in_2017.svg_.png 1024w\" sizes=\"(max-width: 300px) 100vw, 300px\" \/><\/a><p id=\"caption-attachment-17437\" class=\"wp-caption-text\">Taxa de natalidade mundial. Imagem: Internet.<\/p><\/div>\n<p>.<\/p>\n<p style=\"text-align: justify;\"><span style=\"color: #ff0000;\"><strong>12. Taxa de Mortalidade<\/strong><\/span><\/p>\n<p style=\"text-align: justify;\">\u00c9 o n\u00famero de habitantes que morreram em\u00a0um determinado local, ao longo de um ano, para cada grupo de mil existente. Este n\u00famero \u00e9 influenciado por v\u00e1rios fatores como mis\u00e9ria, fome, viol\u00eancia e guerras, que fazem o n\u00famero aumentar.<\/p>\n<p style=\"text-align: justify;\">Desde o ano 2000 a taxa de mortalidade no Brasil est\u00e1 est\u00e1vel, em torno de 6,08. Ou seja, a cada ano, morrem 6 brasileiros para cada mil existentes. Fonte: <a href=\"http:\/\/brasilemsintese.ibge.gov.br\/populacao\/taxas-brutas-de-mortalidade.html\" target=\"_blank\" rel=\"noopener\">IBGE<\/a><\/p>\n<p style=\"text-align: justify;\"><span style=\"color: #ff0000;\"><strong>13. Crescimento Vegetativo<\/strong><\/span><\/p>\n<p style=\"text-align: justify;\">Tamb\u00e9m conhecido como crescimento natural. Muito simples, \u00e9 a diferen\u00e7a entre as taxas de natalidade e mortalidade. Vamos pegar o Brasil como exemplo.<\/p>\n<p style=\"text-align: justify;\">Se por aqui, para cada grupo de mil habitantes, \u00a0nascem 14,16 e morrem 6,08, nosso crescimento vegetativo \u00e9 de 8,08 por mil, que \u00e9 o mesmo que 0,8 por cento (0,8%).<\/p>\n<p style=\"text-align: justify;\"><span style=\"color: #ff0000;\"><strong>14. Crescimento Demogr\u00e1fico<\/strong><\/span><\/p>\n<p style=\"text-align: justify;\">Tamb\u00e9m conhecido como crescimento absoluto. Para se saber, exatamente, se a popula\u00e7\u00e3o de um pa\u00eds cresceu e o quanto isso representou, al\u00e9m da conta entre quem nasceu e quem morreu (crescimento vegetativo), temos que diminuir\u00a0quem saiu (emigra\u00e7\u00e3o) e somar quem chegou (imigra\u00e7\u00e3o). O total representa o crescimento demogr\u00e1fico de um local.<\/p>\n<p style=\"text-align: justify;\"><strong>Espero ter aumentado seu conhecimento. \u00a0Curta nossa p\u00e1gina<a href=\"https:\/\/www.facebook.com\/pages\/Clebinho\/1551769148421187?ref=settings\" target=\"_blank\" rel=\"noopener\"> no Facebook <\/a>e compartilhe nosso texto! Abra\u00e7o do Clebinho!<br \/>\n<\/strong><\/p>\n<p style=\"text-align: justify;\">Publicado em 06.12.2015<\/p>\n<p>Revisado 04.10.2019<\/p>\n<p style=\"text-align: justify;\"><strong>\u00a0<\/strong><\/p>\n","protected":false},"excerpt":{"rendered":"<p>Em nossos dois \u00faltimos textos, abordamos as mais importantes taxas demogr\u00e1ficas. No post de hoje, finalizaremos o assunto com mais alguns itens: 9 &#8211; Taxa de Mortalidade Infantil \u00c9 o n\u00famero de crian\u00e7as que morrem, antes de completar o 1\u00ba ano de vida, para cada mil nascimentos. \u00c9 um important\u00edssimo n\u00famero para se avaliar a [&hellip;]<\/p>\n","protected":false},"author":2,"featured_media":17357,"comment_status":"open","ping_status":"open","sticky":false,"template":"","format":"standard","meta":{"footnotes":""},"categories":[8,71,11,1,4,81,5,3,140],"tags":[930,931,925,933,932,927,186,934,928,929,935,936,926],"yoast_head":"<!-- This site is optimized with the Yoast SEO plugin v20.3 - https:\/\/yoast.com\/wordpress\/plugins\/seo\/ -->\n<title>92. Demografia: Pir\u00e2mide Et\u00e1ria e Mortalidade Infantil - Blog do Professor Clebinho<\/title>\n<meta name=\"robots\" content=\"index, follow, max-snippet:-1, max-image-preview:large, max-video-preview:-1\" \/>\n<link rel=\"canonical\" href=\"https:\/\/www.clebinho.pro.br\/wp\/?p=3671\" \/>\n<meta property=\"og:locale\" content=\"pt_BR\" \/>\n<meta property=\"og:type\" content=\"article\" \/>\n<meta property=\"og:title\" content=\"92. Demografia: Pir\u00e2mide Et\u00e1ria e Mortalidade Infantil - Blog do Professor Clebinho\" \/>\n<meta property=\"og:description\" content=\"Em nossos dois \u00faltimos textos, abordamos as mais importantes taxas demogr\u00e1ficas. No post de hoje, finalizaremos o assunto com mais alguns itens: 9 &#8211; Taxa de Mortalidade Infantil \u00c9 o n\u00famero de crian\u00e7as que morrem, antes de completar o 1\u00ba ano de vida, para cada mil nascimentos. \u00c9 um important\u00edssimo n\u00famero para se avaliar a [&hellip;]\" \/>\n<meta property=\"og:url\" content=\"https:\/\/www.clebinho.pro.br\/wp\/?p=3671\" \/>\n<meta property=\"og:site_name\" content=\"Blog do Professor Clebinho\" \/>\n<meta property=\"article:published_time\" content=\"2015-12-06T08:38:30+00:00\" \/>\n<meta property=\"article:modified_time\" content=\"2019-10-30T14:05:14+00:00\" \/>\n<meta property=\"og:image\" content=\"https:\/\/clebinho.pro.br\/wp\/wp-content\/uploads\/2015\/12\/mapa-mundo-taxa-de-mortalidade-infantil-por-pais.jpg\" \/>\n\t<meta property=\"og:image:width\" content=\"964\" \/>\n\t<meta property=\"og:image:height\" content=\"559\" \/>\n\t<meta property=\"og:image:type\" content=\"image\/jpeg\" \/>\n<meta name=\"author\" content=\"Professor Clebinho\" \/>\n<meta name=\"twitter:card\" content=\"summary_large_image\" \/>\n<meta name=\"twitter:label1\" content=\"Escrito por\" \/>\n\t<meta name=\"twitter:data1\" content=\"Professor Clebinho\" \/>\n\t<meta name=\"twitter:label2\" content=\"Est. tempo de leitura\" \/>\n\t<meta name=\"twitter:data2\" content=\"6 minutos\" \/>\n<script type=\"application\/ld+json\" class=\"yoast-schema-graph\">{\"@context\":\"https:\/\/schema.org\",\"@graph\":[{\"@type\":\"WebPage\",\"@id\":\"https:\/\/www.clebinho.pro.br\/wp\/?p=3671\",\"url\":\"https:\/\/www.clebinho.pro.br\/wp\/?p=3671\",\"name\":\"92. Demografia: Pir\u00e2mide Et\u00e1ria e Mortalidade Infantil - Blog do Professor Clebinho\",\"isPartOf\":{\"@id\":\"https:\/\/www.clebinho.pro.br\/wp\/#website\"},\"datePublished\":\"2015-12-06T08:38:30+00:00\",\"dateModified\":\"2019-10-30T14:05:14+00:00\",\"author\":{\"@id\":\"https:\/\/www.clebinho.pro.br\/wp\/#\/schema\/person\/73417286de03a1ad762ac7d8ca8c6b77\"},\"breadcrumb\":{\"@id\":\"https:\/\/www.clebinho.pro.br\/wp\/?p=3671#breadcrumb\"},\"inLanguage\":\"pt-BR\",\"potentialAction\":[{\"@type\":\"ReadAction\",\"target\":[\"https:\/\/www.clebinho.pro.br\/wp\/?p=3671\"]}]},{\"@type\":\"BreadcrumbList\",\"@id\":\"https:\/\/www.clebinho.pro.br\/wp\/?p=3671#breadcrumb\",\"itemListElement\":[{\"@type\":\"ListItem\",\"position\":1,\"name\":\"In\u00edcio\",\"item\":\"https:\/\/www.clebinho.pro.br\/wp\"},{\"@type\":\"ListItem\",\"position\":2,\"name\":\"92. Demografia: Pir\u00e2mide Et\u00e1ria e Mortalidade Infantil\"}]},{\"@type\":\"WebSite\",\"@id\":\"https:\/\/www.clebinho.pro.br\/wp\/#website\",\"url\":\"https:\/\/www.clebinho.pro.br\/wp\/\",\"name\":\"Blog do Professor Clebinho\",\"description\":\"Um espa\u00e7o virtual privilegiado oferecido pelo professor Clebinho, seus alunos, ex-alunos e demais interessados no debate de atualidades, hist\u00f3ria, geografia, geopolitica e meio ambiente\",\"potentialAction\":[{\"@type\":\"SearchAction\",\"target\":{\"@type\":\"EntryPoint\",\"urlTemplate\":\"https:\/\/www.clebinho.pro.br\/wp\/?s={search_term_string}\"},\"query-input\":\"required name=search_term_string\"}],\"inLanguage\":\"pt-BR\"},{\"@type\":\"Person\",\"@id\":\"https:\/\/www.clebinho.pro.br\/wp\/#\/schema\/person\/73417286de03a1ad762ac7d8ca8c6b77\",\"name\":\"Professor Clebinho\",\"image\":{\"@type\":\"ImageObject\",\"inLanguage\":\"pt-BR\",\"@id\":\"https:\/\/www.clebinho.pro.br\/wp\/#\/schema\/person\/image\/\",\"url\":\"https:\/\/secure.gravatar.com\/avatar\/bb922115afcbfb086f9c52d1dd4a20fa?s=96&d=mm&r=g\",\"contentUrl\":\"https:\/\/secure.gravatar.com\/avatar\/bb922115afcbfb086f9c52d1dd4a20fa?s=96&d=mm&r=g\",\"caption\":\"Professor Clebinho\"},\"sameAs\":[\"https:\/\/www.clebinho.pro.br\/wp\"],\"url\":\"https:\/\/www.clebinho.pro.br\/wp\/?author=2\"}]}<\/script>\n<!-- \/ Yoast SEO plugin. -->","yoast_head_json":{"title":"92. Demografia: Pir\u00e2mide Et\u00e1ria e Mortalidade Infantil - Blog do Professor Clebinho","robots":{"index":"index","follow":"follow","max-snippet":"max-snippet:-1","max-image-preview":"max-image-preview:large","max-video-preview":"max-video-preview:-1"},"canonical":"https:\/\/www.clebinho.pro.br\/wp\/?p=3671","og_locale":"pt_BR","og_type":"article","og_title":"92. Demografia: Pir\u00e2mide Et\u00e1ria e Mortalidade Infantil - Blog do Professor Clebinho","og_description":"Em nossos dois \u00faltimos textos, abordamos as mais importantes taxas demogr\u00e1ficas. No post de hoje, finalizaremos o assunto com mais alguns itens: 9 &#8211; Taxa de Mortalidade Infantil \u00c9 o n\u00famero de crian\u00e7as que morrem, antes de completar o 1\u00ba ano de vida, para cada mil nascimentos. \u00c9 um important\u00edssimo n\u00famero para se avaliar a [&hellip;]","og_url":"https:\/\/www.clebinho.pro.br\/wp\/?p=3671","og_site_name":"Blog do Professor Clebinho","article_published_time":"2015-12-06T08:38:30+00:00","article_modified_time":"2019-10-30T14:05:14+00:00","og_image":[{"width":964,"height":559,"url":"https:\/\/clebinho.pro.br\/wp\/wp-content\/uploads\/2015\/12\/mapa-mundo-taxa-de-mortalidade-infantil-por-pais.jpg","type":"image\/jpeg"}],"author":"Professor Clebinho","twitter_card":"summary_large_image","twitter_misc":{"Escrito por":"Professor Clebinho","Est. tempo de leitura":"6 minutos"},"schema":{"@context":"https:\/\/schema.org","@graph":[{"@type":"WebPage","@id":"https:\/\/www.clebinho.pro.br\/wp\/?p=3671","url":"https:\/\/www.clebinho.pro.br\/wp\/?p=3671","name":"92. Demografia: Pir\u00e2mide Et\u00e1ria e Mortalidade Infantil - Blog do Professor Clebinho","isPartOf":{"@id":"https:\/\/www.clebinho.pro.br\/wp\/#website"},"datePublished":"2015-12-06T08:38:30+00:00","dateModified":"2019-10-30T14:05:14+00:00","author":{"@id":"https:\/\/www.clebinho.pro.br\/wp\/#\/schema\/person\/73417286de03a1ad762ac7d8ca8c6b77"},"breadcrumb":{"@id":"https:\/\/www.clebinho.pro.br\/wp\/?p=3671#breadcrumb"},"inLanguage":"pt-BR","potentialAction":[{"@type":"ReadAction","target":["https:\/\/www.clebinho.pro.br\/wp\/?p=3671"]}]},{"@type":"BreadcrumbList","@id":"https:\/\/www.clebinho.pro.br\/wp\/?p=3671#breadcrumb","itemListElement":[{"@type":"ListItem","position":1,"name":"In\u00edcio","item":"https:\/\/www.clebinho.pro.br\/wp"},{"@type":"ListItem","position":2,"name":"92. Demografia: Pir\u00e2mide Et\u00e1ria e Mortalidade Infantil"}]},{"@type":"WebSite","@id":"https:\/\/www.clebinho.pro.br\/wp\/#website","url":"https:\/\/www.clebinho.pro.br\/wp\/","name":"Blog do Professor Clebinho","description":"Um espa\u00e7o virtual privilegiado oferecido pelo professor Clebinho, seus alunos, ex-alunos e demais interessados no debate de atualidades, hist\u00f3ria, geografia, geopolitica e meio ambiente","potentialAction":[{"@type":"SearchAction","target":{"@type":"EntryPoint","urlTemplate":"https:\/\/www.clebinho.pro.br\/wp\/?s={search_term_string}"},"query-input":"required name=search_term_string"}],"inLanguage":"pt-BR"},{"@type":"Person","@id":"https:\/\/www.clebinho.pro.br\/wp\/#\/schema\/person\/73417286de03a1ad762ac7d8ca8c6b77","name":"Professor Clebinho","image":{"@type":"ImageObject","inLanguage":"pt-BR","@id":"https:\/\/www.clebinho.pro.br\/wp\/#\/schema\/person\/image\/","url":"https:\/\/secure.gravatar.com\/avatar\/bb922115afcbfb086f9c52d1dd4a20fa?s=96&d=mm&r=g","contentUrl":"https:\/\/secure.gravatar.com\/avatar\/bb922115afcbfb086f9c52d1dd4a20fa?s=96&d=mm&r=g","caption":"Professor Clebinho"},"sameAs":["https:\/\/www.clebinho.pro.br\/wp"],"url":"https:\/\/www.clebinho.pro.br\/wp\/?author=2"}]}},"_links":{"self":[{"href":"https:\/\/www.clebinho.pro.br\/wp\/index.php?rest_route=\/wp\/v2\/posts\/3671"}],"collection":[{"href":"https:\/\/www.clebinho.pro.br\/wp\/index.php?rest_route=\/wp\/v2\/posts"}],"about":[{"href":"https:\/\/www.clebinho.pro.br\/wp\/index.php?rest_route=\/wp\/v2\/types\/post"}],"author":[{"embeddable":true,"href":"https:\/\/www.clebinho.pro.br\/wp\/index.php?rest_route=\/wp\/v2\/users\/2"}],"replies":[{"embeddable":true,"href":"https:\/\/www.clebinho.pro.br\/wp\/index.php?rest_route=%2Fwp%2Fv2%2Fcomments&post=3671"}],"version-history":[{"count":53,"href":"https:\/\/www.clebinho.pro.br\/wp\/index.php?rest_route=\/wp\/v2\/posts\/3671\/revisions"}],"predecessor-version":[{"id":17438,"href":"https:\/\/www.clebinho.pro.br\/wp\/index.php?rest_route=\/wp\/v2\/posts\/3671\/revisions\/17438"}],"wp:featuredmedia":[{"embeddable":true,"href":"https:\/\/www.clebinho.pro.br\/wp\/index.php?rest_route=\/wp\/v2\/media\/17357"}],"wp:attachment":[{"href":"https:\/\/www.clebinho.pro.br\/wp\/index.php?rest_route=%2Fwp%2Fv2%2Fmedia&parent=3671"}],"wp:term":[{"taxonomy":"category","embeddable":true,"href":"https:\/\/www.clebinho.pro.br\/wp\/index.php?rest_route=%2Fwp%2Fv2%2Fcategories&post=3671"},{"taxonomy":"post_tag","embeddable":true,"href":"https:\/\/www.clebinho.pro.br\/wp\/index.php?rest_route=%2Fwp%2Fv2%2Ftags&post=3671"}],"curies":[{"name":"wp","href":"https:\/\/api.w.org\/{rel}","templated":true}]}}