{"id":3753,"date":"2015-12-13T05:48:21","date_gmt":"2015-12-13T08:48:21","guid":{"rendered":"http:\/\/www.clebinho.pro.br\/?p=3753"},"modified":"2017-10-16T09:48:53","modified_gmt":"2017-10-16T12:48:53","slug":"3753","status":"publish","type":"post","link":"https:\/\/www.clebinho.pro.br\/wp\/?p=3753","title":{"rendered":"94. A Maior Favela do Mundo"},"content":{"rendered":"<p style=\"text-align: justify;\">Desde o in\u00edcio deste blog, era nosso desejo fazer textos abordando grandes curiosidades constru\u00eddas pelos seres humanos. Vamos abordar, em alguns posts, temas fant\u00e1sticos, que agu\u00e7ar\u00e3o a curiosidade e, em alguns casos, a preocupa\u00e7\u00e3o dos nossos leitores.<\/p>\n<p style=\"text-align: justify;\">Vamos conhecer as maiores constru\u00e7\u00f5es do mundo em alguns setores. N\u00e3o s\u00f3 pelas curiosidades, mas pelos conceitos, n\u00fameros, e\u00a0 quando os assuntos n\u00e3o forem positivos, tentar trazer solu\u00e7\u00f5es.<\/p>\n<p style=\"text-align: justify;\">No texto de hoje, mostraremos graves problemas que precisamos enfrentar, as moradias prec\u00e1rias. Vamos falar das favelas, locais de gente trabalhadora, com uma vida cultura incr\u00edvel, mas que carece de infraestrutura urbana:<\/p>\n<p style=\"text-align: justify;\"><strong>Favela<br \/>\n<\/strong><\/p>\n<p style=\"text-align: justify;\">\u00c9 um assentamento urbano informal, densamente povoado, caracterizado por moradias prec\u00e1rias. Mesmo sendo diferentes entre si, todas elas carecem de infraestrutura e regulariza\u00e7\u00e3o fundi\u00e1ria.<\/p>\n<p style=\"text-align: justify;\">Conhecidas como invas\u00f5es, baixadas, comunidades, vilas, ressacas, mocambos ou palafitas, essas \u00e1reas abrigam os lares de 6% da popula\u00e7\u00e3o brasileira, o que representa 11.425.644 pessoas. De acordo com o Censo feito pelo IBGE em 2010, 3.224.529 domic\u00edlios brasileiros se encontram nessas \u00e1reas, o que representa 5,6% do total de resid\u00eancias existentes no Pa\u00eds.<\/p>\n<p style=\"text-align: justify;\">Segundo a ONU, 863 milh\u00f5es de pessoas vivem em favelas no mundo em desenvolvimento.<\/p>\n<div id=\"attachment_3769\" style=\"width: 310px\" class=\"wp-caption aligncenter\"><a href=\"https:\/\/clebinho.pro.br\/wp\/wp-content\/uploads\/2015\/12\/Barrio_de_Caracas.jpg\"><img loading=\"lazy\" decoding=\"async\" aria-describedby=\"caption-attachment-3769\" class=\"wp-image-3769 size-medium\" src=\"https:\/\/clebinho.pro.br\/wp\/wp-content\/uploads\/2015\/12\/Barrio_de_Caracas-300x193.jpg\" alt=\"Barrio_de_Caracas\" width=\"300\" height=\"193\" srcset=\"https:\/\/www.clebinho.pro.br\/wp\/wp-content\/uploads\/2015\/12\/Barrio_de_Caracas-300x193.jpg 300w, https:\/\/www.clebinho.pro.br\/wp\/wp-content\/uploads\/2015\/12\/Barrio_de_Caracas.jpg 1024w\" sizes=\"(max-width: 300px) 100vw, 300px\" \/><\/a><p id=\"caption-attachment-3769\" class=\"wp-caption-text\">Favela em Caracas, Venezuela. Imagem: Internet<\/p><\/div>\n<p>.<\/p>\n<p style=\"text-align: justify;\"><strong>Origem do Nome Favela<br \/>\n<\/strong><\/p>\n<p style=\"text-align: justify;\">No final do S\u00e9culo XIX, um arraial, denominado Canudos, enfrentou o Governo Federal brasileiro. Para lutar contra o assentamento, milhares de soldados foram encaminhado ao local. O acampamento da tropa estava localizado em um morro, onde era abundante uma planta conhecida como Favela. A partir da\u00ed, passaram a chamar o local de morro da Favela.<\/p>\n<p class=\"texto\" style=\"text-align: justify;\" align=\"justify\">Ap\u00f3s o fim da guerra, em 1897, alguns soldados voltaram para o Rio de Janeiro e ficaram desamparados, sem receber o soldo. N\u00e3o tendo condi\u00e7\u00f5es financeiras, se instalaram em um morro pr\u00f3ximo ao centro da cidade, que ficou conhecido como Provid\u00eancia, j\u00e1 que exigiam uma atitude do governo.<\/p>\n<p class=\"texto\" style=\"text-align: justify;\" align=\"justify\">Em uma alus\u00e3o ao antigo acampamento, o nome popular dos barracos improvisados se tornou favela, por parecer com o morro pr\u00f3ximo a Canudos. A partir dai, todo local de moradia prec\u00e1ria no Rio de Janeiro passou a ser chamado de favela.<\/p>\n<p>.<\/p>\n<p>&nbsp;<\/p>\n<p>&nbsp;<\/p>\n<div id=\"attachment_3771\" style=\"width: 310px\" class=\"wp-caption aligncenter\"><a href=\"https:\/\/clebinho.pro.br\/wp\/wp-content\/uploads\/2015\/12\/favela22.jpg\"><img loading=\"lazy\" decoding=\"async\" aria-describedby=\"caption-attachment-3771\" class=\"wp-image-3771 size-medium\" src=\"https:\/\/clebinho.pro.br\/wp\/wp-content\/uploads\/2015\/12\/favela22-300x225.jpg\" alt=\"favela22\" width=\"300\" height=\"225\" \/><\/a><p id=\"caption-attachment-3771\" class=\"wp-caption-text\">Planta Favela. Veja a reportagem completa no <a href=\"http:\/\/g1.globo.com\/rio-de-janeiro\/noticia\/2012\/05\/favela-e-plantada-por-alunos-em-escola-publica-dentro-do-alemao.html\" target=\"_blank\" rel=\"noopener\">site G1.<\/a><\/p><\/div>\n<p class=\"texto\" style=\"text-align: justify;\" align=\"justify\">.<\/p>\n<p class=\"texto\" style=\"text-align: justify;\" align=\"justify\"><strong>Origem das Favelas<\/strong><\/p>\n<p style=\"text-align: justify;\">Os motivos do crescimento dessas locais foram a desigualdade social e o forte \u00eaxodo rural, que expulsou milhares de pessoas do campo. Chegando nas cidades, toda essa massa populacional n\u00e3o conseguiu empregos, nem moradias formais. Os morros e beiras de rios, foram as solu\u00e7\u00f5es poss\u00edveis.<\/p>\n<p style=\"text-align: justify;\">No Brasil, este fen\u00f4meno teve um recrudescimento a partir da d\u00e9cada de 1950. Infelizmente, nossos pol\u00edticos da \u00e9poca, n\u00e3o promoveram a\u00e7\u00f5es habitacionais para mitigar este problema, que prosseguiu nas d\u00e9cadas posteriores. Outra poss\u00edvel solu\u00e7\u00e3o teria sido uma real reforma agr\u00e1ria, que daria condi\u00e7\u00f5es aos brasileiros de ficarem no campo, evitando a chegada maci\u00e7a nas cidades.<\/p>\n<p style=\"text-align: justify;\">Veja abaixo, em ordem de propor\u00e7\u00e3o em rela\u00e7\u00e3o a sua popula\u00e7\u00e3o total, as regi\u00f5es metropolitanas com maior n\u00famero de pessoas vivendo em favelas.<\/p>\n<table class=\"wikitable sortable jquery-tablesorter\" width=\"80%\">\n<caption><b><br \/>\n<\/b><\/caption>\n<thead>\n<tr>\n<th class=\"headerSort\" tabindex=\"0\" title=\"Ordenar por ordem ascendente\">Regi\u00e3o metropolitana<\/th>\n<th class=\"headerSort\" tabindex=\"0\" title=\"Ordenar por ordem ascendente\">Pop. residente<br \/>\nem aglomerados<\/th>\n<th class=\"headerSort headerSortUp\" tabindex=\"0\" title=\"Ordenar por ordem ascendente\">Propor\u00e7\u00e3o em rela\u00e7\u00e3o \u00e0<br \/>\npop. total<\/th>\n<\/tr>\n<\/thead>\n<tbody>\n<tr>\n<td>Bel\u00e9m<\/td>\n<td align=\"right\">1.131.368<\/td>\n<td align=\"right\">53,9%<\/td>\n<\/tr>\n<tr>\n<td>Salvador<\/td>\n<td align=\"right\">931.662<\/td>\n<td align=\"right\">26,1%<\/td>\n<\/tr>\n<tr>\n<td>S\u00e3o Lu\u00eds<\/td>\n<td align=\"right\">325.139<\/td>\n<td align=\"right\">24,5%<\/td>\n<\/tr>\n<tr>\n<td>Recife<\/td>\n<td align=\"right\">852.700<\/td>\n<td align=\"right\">23,2%<\/td>\n<\/tr>\n<tr>\n<td>Baixada Santista<\/td>\n<td align=\"right\">287.191<\/td>\n<td align=\"right\">17,9%<\/td>\n<\/tr>\n<tr>\n<td>Manaus<\/td>\n<td align=\"right\">315.415<\/td>\n<td align=\"right\">15%<\/td>\n<\/tr>\n<tr>\n<td>Rio de Janeiro<\/td>\n<td align=\"right\">1.702.073<\/td>\n<td align=\"right\">14,4%<\/td>\n<\/tr>\n<tr>\n<td>Teresina<\/td>\n<td align=\"right\">154.385<\/td>\n<td align=\"right\">13,4%<\/td>\n<\/tr>\n<tr>\n<td>Fortaleza<\/td>\n<td align=\"right\">430.207<\/td>\n<td align=\"right\">11,9%<\/td>\n<\/tr>\n<tr>\n<td>S\u00e3o Paulo<\/td>\n<td align=\"right\">2.162.368<\/td>\n<td align=\"right\">11%<\/td>\n<\/tr>\n<\/tbody>\n<\/table>\n<p style=\"text-align: justify;\">Veja o texto completo no site <a href=\"https:\/\/pt.wikipedia.org\/wiki\/Favelas_no_Brasil\" target=\"_blank\" rel=\"noopener\">Wikip\u00e9dia.<\/a><\/p>\n<p style=\"text-align: justify;\">Vale lembrar que pa\u00edses como os EUA e Canad\u00e1, at\u00e9 o in\u00edcio do s\u00e9culo XX, tiveram suas favelas, diferentes das nossas em alguns pontos, mas ainda sim, similar em v\u00e1rias quest\u00f5es.\u00a0 Atualmente, com o enorme fluxo de imigrantes chegando na Europa, pa\u00edses como a Fran\u00e7a tamb\u00e9m possuem bairros prec\u00e1rios.<\/p>\n<p>&nbsp;<\/p>\n<div id=\"attachment_3772\" style=\"width: 310px\" class=\"wp-caption aligncenter\"><a href=\"https:\/\/clebinho.pro.br\/wp\/wp-content\/uploads\/2015\/12\/getimage.exe_.jpg\"><img loading=\"lazy\" decoding=\"async\" aria-describedby=\"caption-attachment-3772\" class=\"wp-image-3772 size-medium\" src=\"https:\/\/clebinho.pro.br\/wp\/wp-content\/uploads\/2015\/12\/getimage.exe_-300x239.jpg\" alt=\"getimage.exe\" width=\"300\" height=\"239\" srcset=\"https:\/\/www.clebinho.pro.br\/wp\/wp-content\/uploads\/2015\/12\/getimage.exe_-300x239.jpg 300w, https:\/\/www.clebinho.pro.br\/wp\/wp-content\/uploads\/2015\/12\/getimage.exe_.jpg 768w\" sizes=\"(max-width: 300px) 100vw, 300px\" \/><\/a><p id=\"caption-attachment-3772\" class=\"wp-caption-text\">Favela em Seattle, EUA. Chamadas de Hoovervilles, em &#8220;homenagem&#8221; ao presidente norte americano p\u00f3s Crise de 1929. Imagem: <a href=\"https:\/\/depts.washington.edu\/depress\/hooverville_seattle.shtml\" target=\"_blank\" rel=\"noopener\">The Great Depression<\/a><\/p><\/div>\n<p style=\"text-align: justify;\">.<\/p>\n<p style=\"text-align: justify;\"><strong>Maior Favela do Mundo<\/strong><\/p>\n<p style=\"text-align: justify;\">A maior favela do Brasil, a Rocinha, localizada no Rio de Janeiro, nem de perto pode ser comparada com as maiores do mundo. Como \u00e9 dif\u00edcil conceituar uma favela e definir at\u00e9 onde vai o seu limite, existem alguns rankings em rela\u00e7\u00e3o as maiores do mundo.<\/p>\n<p style=\"text-align: justify;\">Alguns, de forma equivocada, como este do site <a href=\"http:\/\/listacuriosa.com.br\/maiores_favelas_do_mundo\/\" target=\"_blank\" rel=\"noopener\">R7<\/a>, definem Maharashtra, na \u00cdndia, como maior favela do mundo, com seus 19 milh\u00f5es de habitantes. Isso \u00e9 um enorme erro, visto que Maharashtra \u00e9 um Estado indiano, sua maior cidade \u00e9 Mumbai, com 12 milh\u00f5es. Portanto n\u00e3o \u00e9 uma favela cont\u00ednua, e sim v\u00e1rias distribu\u00eddas por in\u00fameros munic\u00edpios.<\/p>\n<div style=\"width: 510px\" class=\"wp-caption aligncenter\"><img loading=\"lazy\" decoding=\"async\" src=\"http:\/\/virusdaarte.net\/wp-content\/uploads\/2013\/03\/darav.jpg\" alt=\"http:\/\/virusdaarte.net\/wp-content\/uploads\/2013\/03\/darav.jpg\" width=\"500\" height=\"375\" \/><p class=\"wp-caption-text\">Favela Dharavi em Mumbai, \u00cdndia. Imagem: Internet.<\/p><\/div>\n<p>.<\/p>\n<p style=\"text-align: justify;\">Realmente, Mumbai \u00e9 uma das cidades do mundo com maior n\u00edvel de crescimento de favelas. Nesta cidade, cerca de 55% da popula\u00e7\u00e3o mora em moradias prec\u00e1rias que correspondem a somente 6% da \u00e1rea do munic\u00edpio. Mas nem de perto o n\u00famero chega a 19 milh\u00f5es.<\/p>\n<p style=\"text-align: justify;\">\u00c9 consenso ent\u00e3o, entre os estudiosos em urbaniza\u00e7\u00e3o, que a maior favela do mundo \u00e9 a de Kibera, na cidade de Nair\u00f3bi, capital do Qu\u00eania. S\u00e3o impressionantes 2,5 milh\u00f5es de pessoas vivendo de forma prec\u00e1ria. Isso \u00e9 31 vezes maior que a Rocinha.<\/p>\n<p>.<\/p>\n<div style=\"width: 595px\" class=\"wp-caption aligncenter\"><img loading=\"lazy\" decoding=\"async\" class=\"CSS_LIGHTBOX_SCALED_IMAGE_IMG\" src=\"http:\/\/3.bp.blogspot.com\/-7mtWOdFYEEk\/U198MS7MOGI\/AAAAAAAA_OY\/4e2_INdAo2w\/s1600\/Kibera-maior-favela-do-mundo.JPG\" alt=\"\" width=\"585\" height=\"333\" \/><p class=\"wp-caption-text\">Kibera, Qu\u00eania. A maior favela do mundo. Veja mais em <a href=\"http:\/\/gigantesdomundo.blogspot.com.br\/2014\/04\/maior-favela-do-mundo.html\" target=\"_blank\" rel=\"noopener\">Gigantes do mundo.<\/a><\/p><\/div>\n<p>.<\/p>\n<p>Saiba mais sobre Kibera no site <a href=\"https:\/\/pt.wikipedia.org\/wiki\/Kibera\" target=\"_blank\" rel=\"noopener\">Wikip\u00e9dia.<\/a> O site <a href=\"http:\/\/www.bbc.com\/news\/world-africa-31540911\" target=\"_blank\" rel=\"noopener\">BBC<\/a>, tamb\u00e9m fez uma reportagem sobre a regi\u00e3o em 2015, onde estimou a popula\u00e7\u00e3o do local em um n\u00famero menor, 800 mil. Independente da diferen\u00e7a entre os n\u00fameros, \u00e9 muita gente. Metade da popula\u00e7\u00e3o est\u00e1 desempregada e existe uma epidemia de AIDS no local.<\/p>\n<p><img loading=\"lazy\" decoding=\"async\" class=\"shrinkToFit\" src=\"http:\/\/iaps.zrc-sazu.si\/sites\/default\/files\/kibera_numbering_m.jpg\" alt=\"http:\/\/iaps.zrc-sazu.si\/sites\/default\/files\/kibera_numbering_m.jpg\" width=\"589\" height=\"248\" \/><\/p>\n<p>Kibera dividida em 12 zoneamentos. Imagem: Internet.<\/p>\n<p style=\"text-align: justify;\">Infelizmente, as mazelas do continente africano s\u00f3 tocam o mundo quando os pa\u00edses desenvolvidos s\u00e3o afetados. Um exemplo disso foi o surto de Ebola, que s\u00f3 foi combatido quando o primeiro caso foi diagnosticado na Europa.<\/p>\n<p style=\"text-align: justify;\"><strong>Maior favela vertical do Mundo<\/strong><\/p>\n<p style=\"text-align: justify;\">S\u00e3o pr\u00e9dios, onde as condi\u00e7\u00f5es de vida s\u00e3o prec\u00e1rias. A maior favela vertical que j\u00e1 existiu foi Kowloon Walled City. Era uma esp\u00e9cie de condom\u00ednio murado densamente povoado, localizado em New Kowloon, Hong Kong.<\/p>\n<div style=\"width: 548px\" class=\"wp-caption aligncenter\"><img loading=\"lazy\" decoding=\"async\" class=\"CSS_LIGHTBOX_SCALED_IMAGE_IMG\" src=\"http:\/\/1.bp.blogspot.com\/-WJTjoq-W6w8\/U7Pdks-TUkI\/AAAAAAABAPY\/zUBgmisezmg\/s1600\/Kowloon-Walled-City.jpg\" alt=\"\" width=\"538\" height=\"379\" \/><p class=\"wp-caption-text\">Kowloon Walled City, em Hong Kong. Veja mais no site <a href=\"http:\/\/gigantesdomundo.blogspot.com.br\/2014\/07\/maior-favela-vertical-do-mundo.html\" target=\"_blank\" rel=\"noopener\">Gigantes do Mundo.<\/a><\/p><\/div>\n<p style=\"text-align: justify;\">O local chegou a ter cerca de 33.000 moradores e era bastante famoso por ser um antro de prostitui\u00e7\u00e3o, jogos de azar e tr\u00e1fico de drogas. Com o incr\u00edvel crescimento econ\u00f4mico de Hong Kong, o quarteir\u00e3o foi demolido em 1993 e nele, constru\u00eddo um parque, inaugurado em 1995.<\/p>\n<p style=\"text-align: justify;\"><strong>Solu\u00e7\u00e3o<\/strong><\/p>\n<p style=\"text-align: justify;\">N\u00e3o podemos deixar de mostrar poss\u00edveis solu\u00e7\u00f5es para o problema de moradias. O prestigiado ex-prefeito de Curitiba, Jaime Lerner, escreveu para a revista Galileu, uma s\u00e9rie de medidas para se revolver a quest\u00e3o. Ele fala sobre coleta de lixo, gera\u00e7\u00e3o de empregos, \u00e1gua, esgoto e energia, <a href=\"http:\/\/revistagalileu.globo.com\/Revista\/Galileu\/0,,EDG86943-7833-215,00-FAVELA+NAO+E+PROBLEMA+E+SOLUCAO.html\" target=\"_blank\" rel=\"noopener\">confiram.<\/a><\/p>\n<p style=\"text-align: justify;\"><strong>Espero ter aumentado seu conhecimento. \u00a0Curta nossa p\u00e1gina<a href=\"https:\/\/www.facebook.com\/pages\/Clebinho\/1551769148421187?ref=settings\" target=\"_blank\" rel=\"noopener\"> no Facebook <\/a>e compartilhe nosso texto! Abra\u00e7o do Clebinho!<br \/>\n<\/strong><\/p>\n<p style=\"text-align: justify;\">Publicado em 13.12.2015<\/p>\n<p style=\"text-align: justify;\"><strong>\u00a0<\/strong><\/p>\n","protected":false},"excerpt":{"rendered":"<p>Desde o in\u00edcio deste blog, era nosso desejo fazer textos abordando grandes curiosidades constru\u00eddas pelos seres humanos. Vamos abordar, em alguns posts, temas fant\u00e1sticos, que agu\u00e7ar\u00e3o a curiosidade e, em alguns casos, a preocupa\u00e7\u00e3o dos nossos leitores. Vamos conhecer as maiores constru\u00e7\u00f5es do mundo em alguns setores. N\u00e3o s\u00f3 pelas curiosidades, mas pelos conceitos, n\u00fameros, [&hellip;]<\/p>\n","protected":false},"author":2,"featured_media":3775,"comment_status":"open","ping_status":"open","sticky":false,"template":"","format":"standard","meta":{"footnotes":""},"categories":[8,71,11,1,4,81,5,6,3],"tags":[956,25,962,957,949,235,67,955,954,953,952,960,950,961,951,959,958],"yoast_head":"<!-- This site is optimized with the Yoast SEO plugin v20.3 - https:\/\/yoast.com\/wordpress\/plugins\/seo\/ -->\n<title>94. A Maior Favela do Mundo - Blog do Professor Clebinho<\/title>\n<meta name=\"robots\" content=\"index, follow, max-snippet:-1, max-image-preview:large, max-video-preview:-1\" \/>\n<link rel=\"canonical\" href=\"https:\/\/www.clebinho.pro.br\/wp\/?p=3753\" \/>\n<meta property=\"og:locale\" content=\"pt_BR\" \/>\n<meta property=\"og:type\" content=\"article\" \/>\n<meta property=\"og:title\" content=\"94. A Maior Favela do Mundo - Blog do Professor Clebinho\" \/>\n<meta property=\"og:description\" content=\"Desde o in\u00edcio deste blog, era nosso desejo fazer textos abordando grandes curiosidades constru\u00eddas pelos seres humanos. Vamos abordar, em alguns posts, temas fant\u00e1sticos, que agu\u00e7ar\u00e3o a curiosidade e, em alguns casos, a preocupa\u00e7\u00e3o dos nossos leitores. Vamos conhecer as maiores constru\u00e7\u00f5es do mundo em alguns setores. N\u00e3o s\u00f3 pelas curiosidades, mas pelos conceitos, n\u00fameros, [&hellip;]\" \/>\n<meta property=\"og:url\" content=\"https:\/\/www.clebinho.pro.br\/wp\/?p=3753\" \/>\n<meta property=\"og:site_name\" content=\"Blog do Professor Clebinho\" \/>\n<meta property=\"article:published_time\" content=\"2015-12-13T08:48:21+00:00\" \/>\n<meta property=\"article:modified_time\" content=\"2017-10-16T12:48:53+00:00\" \/>\n<meta property=\"og:image\" content=\"https:\/\/clebinho.pro.br\/wp\/wp-content\/uploads\/2015\/12\/darav.jpg\" \/>\n\t<meta property=\"og:image:width\" content=\"500\" \/>\n\t<meta property=\"og:image:height\" content=\"375\" \/>\n\t<meta property=\"og:image:type\" content=\"image\/jpeg\" \/>\n<meta name=\"author\" content=\"Professor Clebinho\" \/>\n<meta name=\"twitter:card\" content=\"summary_large_image\" \/>\n<meta name=\"twitter:label1\" content=\"Escrito por\" \/>\n\t<meta name=\"twitter:data1\" content=\"Professor Clebinho\" \/>\n\t<meta name=\"twitter:label2\" content=\"Est. tempo de leitura\" \/>\n\t<meta name=\"twitter:data2\" content=\"6 minutos\" \/>\n<script type=\"application\/ld+json\" class=\"yoast-schema-graph\">{\"@context\":\"https:\/\/schema.org\",\"@graph\":[{\"@type\":\"WebPage\",\"@id\":\"https:\/\/www.clebinho.pro.br\/wp\/?p=3753\",\"url\":\"https:\/\/www.clebinho.pro.br\/wp\/?p=3753\",\"name\":\"94. A Maior Favela do Mundo - Blog do Professor Clebinho\",\"isPartOf\":{\"@id\":\"https:\/\/www.clebinho.pro.br\/wp\/#website\"},\"datePublished\":\"2015-12-13T08:48:21+00:00\",\"dateModified\":\"2017-10-16T12:48:53+00:00\",\"author\":{\"@id\":\"https:\/\/www.clebinho.pro.br\/wp\/#\/schema\/person\/73417286de03a1ad762ac7d8ca8c6b77\"},\"breadcrumb\":{\"@id\":\"https:\/\/www.clebinho.pro.br\/wp\/?p=3753#breadcrumb\"},\"inLanguage\":\"pt-BR\",\"potentialAction\":[{\"@type\":\"ReadAction\",\"target\":[\"https:\/\/www.clebinho.pro.br\/wp\/?p=3753\"]}]},{\"@type\":\"BreadcrumbList\",\"@id\":\"https:\/\/www.clebinho.pro.br\/wp\/?p=3753#breadcrumb\",\"itemListElement\":[{\"@type\":\"ListItem\",\"position\":1,\"name\":\"In\u00edcio\",\"item\":\"https:\/\/www.clebinho.pro.br\/wp\"},{\"@type\":\"ListItem\",\"position\":2,\"name\":\"94. A Maior Favela do Mundo\"}]},{\"@type\":\"WebSite\",\"@id\":\"https:\/\/www.clebinho.pro.br\/wp\/#website\",\"url\":\"https:\/\/www.clebinho.pro.br\/wp\/\",\"name\":\"Blog do Professor Clebinho\",\"description\":\"Um espa\u00e7o virtual privilegiado oferecido pelo professor Clebinho, seus alunos, ex-alunos e demais interessados no debate de atualidades, hist\u00f3ria, geografia, geopolitica e meio ambiente\",\"potentialAction\":[{\"@type\":\"SearchAction\",\"target\":{\"@type\":\"EntryPoint\",\"urlTemplate\":\"https:\/\/www.clebinho.pro.br\/wp\/?s={search_term_string}\"},\"query-input\":\"required name=search_term_string\"}],\"inLanguage\":\"pt-BR\"},{\"@type\":\"Person\",\"@id\":\"https:\/\/www.clebinho.pro.br\/wp\/#\/schema\/person\/73417286de03a1ad762ac7d8ca8c6b77\",\"name\":\"Professor Clebinho\",\"image\":{\"@type\":\"ImageObject\",\"inLanguage\":\"pt-BR\",\"@id\":\"https:\/\/www.clebinho.pro.br\/wp\/#\/schema\/person\/image\/\",\"url\":\"https:\/\/secure.gravatar.com\/avatar\/bb922115afcbfb086f9c52d1dd4a20fa?s=96&d=mm&r=g\",\"contentUrl\":\"https:\/\/secure.gravatar.com\/avatar\/bb922115afcbfb086f9c52d1dd4a20fa?s=96&d=mm&r=g\",\"caption\":\"Professor Clebinho\"},\"sameAs\":[\"https:\/\/www.clebinho.pro.br\/wp\"],\"url\":\"https:\/\/www.clebinho.pro.br\/wp\/?author=2\"}]}<\/script>\n<!-- \/ Yoast SEO plugin. -->","yoast_head_json":{"title":"94. A Maior Favela do Mundo - Blog do Professor Clebinho","robots":{"index":"index","follow":"follow","max-snippet":"max-snippet:-1","max-image-preview":"max-image-preview:large","max-video-preview":"max-video-preview:-1"},"canonical":"https:\/\/www.clebinho.pro.br\/wp\/?p=3753","og_locale":"pt_BR","og_type":"article","og_title":"94. A Maior Favela do Mundo - Blog do Professor Clebinho","og_description":"Desde o in\u00edcio deste blog, era nosso desejo fazer textos abordando grandes curiosidades constru\u00eddas pelos seres humanos. Vamos abordar, em alguns posts, temas fant\u00e1sticos, que agu\u00e7ar\u00e3o a curiosidade e, em alguns casos, a preocupa\u00e7\u00e3o dos nossos leitores. Vamos conhecer as maiores constru\u00e7\u00f5es do mundo em alguns setores. N\u00e3o s\u00f3 pelas curiosidades, mas pelos conceitos, n\u00fameros, [&hellip;]","og_url":"https:\/\/www.clebinho.pro.br\/wp\/?p=3753","og_site_name":"Blog do Professor Clebinho","article_published_time":"2015-12-13T08:48:21+00:00","article_modified_time":"2017-10-16T12:48:53+00:00","og_image":[{"width":500,"height":375,"url":"https:\/\/clebinho.pro.br\/wp\/wp-content\/uploads\/2015\/12\/darav.jpg","type":"image\/jpeg"}],"author":"Professor Clebinho","twitter_card":"summary_large_image","twitter_misc":{"Escrito por":"Professor Clebinho","Est. tempo de leitura":"6 minutos"},"schema":{"@context":"https:\/\/schema.org","@graph":[{"@type":"WebPage","@id":"https:\/\/www.clebinho.pro.br\/wp\/?p=3753","url":"https:\/\/www.clebinho.pro.br\/wp\/?p=3753","name":"94. A Maior Favela do Mundo - Blog do Professor Clebinho","isPartOf":{"@id":"https:\/\/www.clebinho.pro.br\/wp\/#website"},"datePublished":"2015-12-13T08:48:21+00:00","dateModified":"2017-10-16T12:48:53+00:00","author":{"@id":"https:\/\/www.clebinho.pro.br\/wp\/#\/schema\/person\/73417286de03a1ad762ac7d8ca8c6b77"},"breadcrumb":{"@id":"https:\/\/www.clebinho.pro.br\/wp\/?p=3753#breadcrumb"},"inLanguage":"pt-BR","potentialAction":[{"@type":"ReadAction","target":["https:\/\/www.clebinho.pro.br\/wp\/?p=3753"]}]},{"@type":"BreadcrumbList","@id":"https:\/\/www.clebinho.pro.br\/wp\/?p=3753#breadcrumb","itemListElement":[{"@type":"ListItem","position":1,"name":"In\u00edcio","item":"https:\/\/www.clebinho.pro.br\/wp"},{"@type":"ListItem","position":2,"name":"94. A Maior Favela do Mundo"}]},{"@type":"WebSite","@id":"https:\/\/www.clebinho.pro.br\/wp\/#website","url":"https:\/\/www.clebinho.pro.br\/wp\/","name":"Blog do Professor Clebinho","description":"Um espa\u00e7o virtual privilegiado oferecido pelo professor Clebinho, seus alunos, ex-alunos e demais interessados no debate de atualidades, hist\u00f3ria, geografia, geopolitica e meio ambiente","potentialAction":[{"@type":"SearchAction","target":{"@type":"EntryPoint","urlTemplate":"https:\/\/www.clebinho.pro.br\/wp\/?s={search_term_string}"},"query-input":"required name=search_term_string"}],"inLanguage":"pt-BR"},{"@type":"Person","@id":"https:\/\/www.clebinho.pro.br\/wp\/#\/schema\/person\/73417286de03a1ad762ac7d8ca8c6b77","name":"Professor Clebinho","image":{"@type":"ImageObject","inLanguage":"pt-BR","@id":"https:\/\/www.clebinho.pro.br\/wp\/#\/schema\/person\/image\/","url":"https:\/\/secure.gravatar.com\/avatar\/bb922115afcbfb086f9c52d1dd4a20fa?s=96&d=mm&r=g","contentUrl":"https:\/\/secure.gravatar.com\/avatar\/bb922115afcbfb086f9c52d1dd4a20fa?s=96&d=mm&r=g","caption":"Professor Clebinho"},"sameAs":["https:\/\/www.clebinho.pro.br\/wp"],"url":"https:\/\/www.clebinho.pro.br\/wp\/?author=2"}]}},"_links":{"self":[{"href":"https:\/\/www.clebinho.pro.br\/wp\/index.php?rest_route=\/wp\/v2\/posts\/3753"}],"collection":[{"href":"https:\/\/www.clebinho.pro.br\/wp\/index.php?rest_route=\/wp\/v2\/posts"}],"about":[{"href":"https:\/\/www.clebinho.pro.br\/wp\/index.php?rest_route=\/wp\/v2\/types\/post"}],"author":[{"embeddable":true,"href":"https:\/\/www.clebinho.pro.br\/wp\/index.php?rest_route=\/wp\/v2\/users\/2"}],"replies":[{"embeddable":true,"href":"https:\/\/www.clebinho.pro.br\/wp\/index.php?rest_route=%2Fwp%2Fv2%2Fcomments&post=3753"}],"version-history":[{"count":30,"href":"https:\/\/www.clebinho.pro.br\/wp\/index.php?rest_route=\/wp\/v2\/posts\/3753\/revisions"}],"predecessor-version":[{"id":11142,"href":"https:\/\/www.clebinho.pro.br\/wp\/index.php?rest_route=\/wp\/v2\/posts\/3753\/revisions\/11142"}],"wp:featuredmedia":[{"embeddable":true,"href":"https:\/\/www.clebinho.pro.br\/wp\/index.php?rest_route=\/wp\/v2\/media\/3775"}],"wp:attachment":[{"href":"https:\/\/www.clebinho.pro.br\/wp\/index.php?rest_route=%2Fwp%2Fv2%2Fmedia&parent=3753"}],"wp:term":[{"taxonomy":"category","embeddable":true,"href":"https:\/\/www.clebinho.pro.br\/wp\/index.php?rest_route=%2Fwp%2Fv2%2Fcategories&post=3753"},{"taxonomy":"post_tag","embeddable":true,"href":"https:\/\/www.clebinho.pro.br\/wp\/index.php?rest_route=%2Fwp%2Fv2%2Ftags&post=3753"}],"curies":[{"name":"wp","href":"https:\/\/api.w.org\/{rel}","templated":true}]}}