{"id":3883,"date":"2015-12-30T05:24:11","date_gmt":"2015-12-30T08:24:11","guid":{"rendered":"http:\/\/www.clebinho.pro.br\/?p=3883"},"modified":"2017-10-16T10:06:24","modified_gmt":"2017-10-16T13:06:24","slug":"3883","status":"publish","type":"post","link":"https:\/\/www.clebinho.pro.br\/wp\/?p=3883","title":{"rendered":"97. Bem Pr\u00f3ximo do Fim"},"content":{"rendered":"<p style=\"text-align: justify;\">A Guerra Fria pode ser conceituada como o per\u00edodo que vai desde o fim da 2\u00ba Guerra Mundial at\u00e9 a queda do muro de Berlim, tema j\u00e1 abordado em<a href=\"https:\/\/www.clebinho.pro.br\/wp\/wp\/?p=1125\" target=\"_blank\" rel=\"noopener\"> nosso blog.<\/a> Se caracterizou pela disputa entre os EUA (Estados Unidos da Am\u00e9rica) e a URSS (Uni\u00e3o das Rep\u00fablicas Socialistas Sovi\u00e9ticas) pela hegemonia mundial.<\/p>\n<p style=\"text-align: justify;\">Em nenhum momento as duas grandes pot\u00eancias se enfrentaram diretamente, da\u00ed a origem do nome, Guerra Fria. Por\u00e9m, diversas guerras e milhares de pessoas morreram a partir de manobras de bastidores efetuadas pelos dois gigantes. Isso ocorreu na Guerra da Coreia, <a href=\"https:\/\/www.clebinho.pro.br\/wp\/wp\/?p=1169\" target=\"_blank\" rel=\"noopener\">do Vietn\u00e3<\/a> e na invas\u00e3o sovi\u00e9tica ao Afeganist\u00e3o, al\u00e9m de in\u00fameros outros conflitos e guerras civis.<\/p>\n<p style=\"text-align: justify;\">Essa disputa mobilizou todo o planeta, n\u00e3o s\u00f3 no \u00e2mbito b\u00e9lico, mas tamb\u00e9m nos aspectos cultural, econ\u00f4mico, <a href=\"https:\/\/www.clebinho.pro.br\/wp\/wp\/?p=783\" target=\"_blank\" rel=\"noopener\">esportivo<\/a>, ideol\u00f3gico e at\u00e9 mesmo espacial, j\u00e1 que, chegar primeiro a lua era o grande pr\u00eamio. A maioria dos pa\u00edses teve que escolher seu bloco, capitalista ou socialista.<\/p>\n<div style=\"width: 1376px\" class=\"wp-caption aligncenter\"><img loading=\"lazy\" decoding=\"async\" class=\"shrinkToFit\" src=\"http:\/\/3.bp.blogspot.com\/_aJT3I8ICB-8\/S89Kx1Y-FPI\/AAAAAAAAAso\/dZtHDK4xK0A\/s1600\/Guerra_Fria_1980.png\" alt=\"http:\/\/3.bp.blogspot.com\/_aJT3I8ICB-8\/S89Kx1Y-FPI\/AAAAAAAAAso\/dZtHDK4xK0A\/s1600\/Guerra_Fria_1980.png\" width=\"1366\" height=\"601\" \/><p class=\"wp-caption-text\">De azul os capitalistas aliados dos EUA. De vermelho os socialistas, aliados da URSS. Imagem: Internet<\/p><\/div>\n<p>.<\/p>\n<p style=\"text-align: justify;\">Como as duas superpot\u00eancias possu\u00edam tecnologia nuclear, o mundo vivia no limiar de uma hecatombe at\u00f4mica. O cl\u00edmax da tens\u00e3o ocorreu em 1962, em um evento denominado &#8220;A crise dos m\u00edsseis em Cuba&#8221;.<\/p>\n<p style=\"text-align: justify;\">Em nenhum momento da hist\u00f3ria humana, o mundo esteve t\u00e3o pr\u00f3ximo da 3\u00ba Guerra Mundial como em outubro daquele ano.<\/p>\n<p style=\"text-align: justify;\"><strong>Cuba escolheu seu lado<\/strong><\/p>\n<p style=\"text-align: justify;\">Em 1959, a pequena ilha do Caribe passou por uma intensa revolu\u00e7\u00e3o, se tornando socialista e escolhendo o seu lado do conflito, tema abordado em<a href=\"https:\/\/www.clebinho.pro.br\/wp\/wp\/?p=3382\" target=\"_blank\" rel=\"noopener\"> nosso blog.<\/a><\/p>\n<p style=\"text-align: justify;\">Dois anos depois, os norte-americanos, na figura de seu servi\u00e7o secreto (CIA), treinou um grupo de 1.400 exilados cubanos com a miss\u00e3o de invadir Cuba e dar o troco em Fidel, tornando o pa\u00eds um aliado dos EUA novamente. Esse evento foi um grande fracasso, com as for\u00e7as de Fidel aniquilando os invasores. Essa trapalhada yankee ficou conhecida como a Invas\u00e3o da Ba\u00eda dos Porcos.<\/p>\n<div id=\"attachment_3908\" style=\"width: 310px\" class=\"wp-caption aligncenter\"><a href=\"https:\/\/clebinho.pro.br\/wp\/wp-content\/uploads\/2015\/12\/bopigs_16663s.jpg\"><img loading=\"lazy\" decoding=\"async\" aria-describedby=\"caption-attachment-3908\" class=\"wp-image-3908 size-medium\" src=\"https:\/\/clebinho.pro.br\/wp\/wp-content\/uploads\/2015\/12\/bopigs_16663s-300x195.jpg\" alt=\"bopigs_16663s\" width=\"300\" height=\"195\" srcset=\"https:\/\/www.clebinho.pro.br\/wp\/wp-content\/uploads\/2015\/12\/bopigs_16663s-300x195.jpg 300w, https:\/\/www.clebinho.pro.br\/wp\/wp-content\/uploads\/2015\/12\/bopigs_16663s.jpg 638w\" sizes=\"(max-width: 300px) 100vw, 300px\" \/><\/a><p id=\"caption-attachment-3908\" class=\"wp-caption-text\">Prisioneiros feitos pelas for\u00e7as de Fidel. Imagem: internet.<\/p><\/div>\n<p>.<\/p>\n<p style=\"text-align: justify;\">No mesmo ano, com a Guerra Fria no auge, os EUA instalaram m\u00edsseis nucleares na Inglaterra, It\u00e1lia e Turquia,\u00a0 pa\u00edses aliados e membros da <em><strong>OTAN\u00b9<\/strong><\/em>. Isso revoltou os sovi\u00e9ticos, principalmente em rela\u00e7\u00e3o a Turquia, pa\u00eds majoritariamente asi\u00e1tico e muito pr\u00f3ximo do territ\u00f3rio comunista. A partir do solo turco, a URSS poderia ser atacada com armamento at\u00f4mico.<\/p>\n<p style=\"text-align: justify;\">Os dois eventos, a interven\u00e7\u00e3o em Cuba e a instala\u00e7\u00e3o dos m\u00edsseis na Turquia n\u00e3o passariam despercebido. A contrapartida sovi\u00e9tica viria de imediato.<\/p>\n<p style=\"text-align: justify;\"><strong>13 dias de arrepiar<\/strong><\/p>\n<p style=\"text-align: justify;\">Em 14 de Outubro de 1962, um voo espi\u00e3o de um avi\u00e3o U-2, norte-americano, fotografou o que parecia ser cerca de 40 silos constru\u00eddos, possivelmente, para abrigar m\u00edsseis nucleares em Cuba. Confirmada a not\u00edcia, soou como um soco da cara dos norte-americanos, j\u00e1 que a ilha est\u00e1 localizada a cerca de 150 Km do territ\u00f3rio yankee.<\/p>\n<div style=\"width: 520px\" class=\"wp-caption aligncenter\"><img loading=\"lazy\" decoding=\"async\" class=\"valign\" src=\"http:\/\/infograficos.estadao.com.br\/uploads\/galerias\/4523\/46646.jpg\" alt=\"\" width=\"510\" height=\"462\" \/><p class=\"wp-caption-text\">Foto do avi\u00e3o espi\u00e3o mostrando a constru\u00e7\u00e3o de todo um complexo lan\u00e7ador de m\u00edsseis bal\u00edsticos. Imagem: Internet.<\/p><\/div>\n<p>.<\/p>\n<p style=\"text-align: justify;\">No dia 15, o assessor especial para Assuntos de Seguran\u00e7a Nacional, McGeorge Bundy recebeu o relat\u00f3rio. Na manh\u00e3 do dia 16, o presidente\u00a0 John F. Kennedy foi informado e um comit\u00ea de crise foi formado. Nova Iorque, Washington, Miami e v\u00e1rias metr\u00f3poles norte-americanas poderiam ser, em pouqu\u00edssimo tempo, pulverizadas por essa nova amea\u00e7a.<\/p>\n<p style=\"text-align: justify;\">Por sua vez, o primeiro ministro da URSS, Nikita Kruschev, afirmou que a coloca\u00e7\u00e3o dos m\u00edsseis era meramente defensiva, para impedir qualquer nova interven\u00e7\u00e3o dos EUA em seu aliado caribenho.<\/p>\n<div id=\"attachment_3911\" style=\"width: 310px\" class=\"wp-caption aligncenter\"><a href=\"https:\/\/clebinho.pro.br\/wp\/wp-content\/uploads\/2015\/12\/cuba.jpg\"><img loading=\"lazy\" decoding=\"async\" aria-describedby=\"caption-attachment-3911\" class=\"wp-image-3911 size-medium\" src=\"https:\/\/clebinho.pro.br\/wp\/wp-content\/uploads\/2015\/12\/cuba-300x198.jpg\" alt=\"cuba\" width=\"300\" height=\"198\" srcset=\"https:\/\/www.clebinho.pro.br\/wp\/wp-content\/uploads\/2015\/12\/cuba-300x198.jpg 300w, https:\/\/www.clebinho.pro.br\/wp\/wp-content\/uploads\/2015\/12\/cuba.jpg 325w\" sizes=\"(max-width: 300px) 100vw, 300px\" \/><\/a><p id=\"caption-attachment-3911\" class=\"wp-caption-text\">Cuba estava virando um paliteiro, com tantos m\u00edsseis sovi\u00e9ticos. Imagem: Internet<\/p><\/div>\n<p>.<\/p>\n<p style=\"text-align: justify;\">O governo dos EUA ent\u00e3o, bloqueou o Atl\u00e2ntico e afirmou que iria afundar qualquer embarca\u00e7\u00e3o sovi\u00e9tica com destino a Cuba. Se isso realmente acontecesse, seria uma agress\u00e3o direta entre os dois gigantes, a Guerra Fria chegaria ao fim e se iniciaria, provavelmente, uma nova Guerra Mundial, dessa vez com tecnologias capazes de riscar cidades do mapa.<\/p>\n<p style=\"text-align: justify;\">Come\u00e7ou a contagem para o armagedom nuclear. In\u00fameros norte-americanos correram para construir alojamentos anti-nucleares e estocar alimentos, p\u00e2nico generalizado.<\/p>\n<p style=\"text-align: justify;\">Por 11 dias, nenhuma grande novidade entre as pot\u00eancias ocorreu, enquanto navios sovi\u00e9ticos se aproximavam. At\u00e9 que no dia 26, na imin\u00eancia do conflito, uma inesperada mensagem, escrita a m\u00e3o, e sem o conhecimento do partido comunista sovi\u00e9tico, chega as m\u00e3os de Kennedy. O presidente Kruschev escreveu:<\/p>\n<div id=\"attachment_3912\" style=\"width: 227px\" class=\"wp-caption alignleft\"><a href=\"https:\/\/clebinho.pro.br\/wp\/wp-content\/uploads\/2015\/12\/n_krushchev.jpg\"><img loading=\"lazy\" decoding=\"async\" aria-describedby=\"caption-attachment-3912\" class=\"wp-image-3912 size-medium\" src=\"https:\/\/clebinho.pro.br\/wp\/wp-content\/uploads\/2015\/12\/n_krushchev-217x300.jpg\" alt=\"n_krushchev\" width=\"217\" height=\"300\" srcset=\"https:\/\/www.clebinho.pro.br\/wp\/wp-content\/uploads\/2015\/12\/n_krushchev-217x300.jpg 217w, https:\/\/www.clebinho.pro.br\/wp\/wp-content\/uploads\/2015\/12\/n_krushchev.jpg 433w\" sizes=\"(max-width: 217px) 100vw, 217px\" \/><\/a><p id=\"caption-attachment-3912\" class=\"wp-caption-text\">Nikita Kruschev, primeiro ministro sovi\u00e9tico. Imagem: internet<\/p><\/div>\n<p style=\"text-align: justify;\"><em>&#8220;Entendemos perfeitamente que, se atacarmos voc\u00eas, voc\u00eas responder\u00e3o da mesma forma. Somos pessoas normais, que compreendemos e avaliamos corretamente a situa\u00e7\u00e3o. S\u00f3 lun\u00e1ticos e suicidas poderiam agir de outra forma. N\u00e3o queremos destruir seu pa\u00eds, mas sim, apesar das nossas diferen\u00e7as ideol\u00f3gicas, competir pacificamente, e n\u00e3o por meios militares. Somente um louco \u00e9 capaz de acreditar que as armas s\u00e3o os principais meios de vida de uma sociedade. Se as pessoas n\u00e3o mostrarem sabedoria, elas entrar\u00e3o em confronto, e a extermina\u00e7\u00e3o rec\u00edproca come\u00e7ar\u00e1.&#8221;<\/em><\/p>\n<p style=\"text-align: justify;\">Pela m\u00eddia, obviamente jogando para o seu p\u00fablico, o l\u00edder sovi\u00e9tico n\u00e3o era t\u00e3o bonzinho e exigia que os EUA afirmassem, oficialmente, que nunca invadiriam Cuba, al\u00e9m de retirar os m\u00edsseis da Turquia. Pelo menos uma chance para a paz havia surgido.<\/p>\n<p style=\"text-align: justify;\">No dia 27, uma reviravolta cruel. A situa\u00e7\u00e3o piorou e o dia ficou conhecido como &#8220;s\u00e1bado negro&#8221;. A guerra parecia irrevers\u00edvel, quando um avi\u00e3o norte-americano foi abatido em espa\u00e7o a\u00e9reo cubano. O Pent\u00e1gono j\u00e1 havia inclusive escolhido os alvos priorit\u00e1rios em um eventual conflito armado. Em todos os 13 dias de agonia (16 a 28 de outubro de 1962), este foi o mais tenso.<\/p>\n<p style=\"text-align: justify;\">Durante a noite, o governo dos EUA enviou uma mensagem a todos os membros da OTAN:<\/p>\n<p style=\"text-align: justify;\">&#8220;A situa\u00e7\u00e3o est\u00e1 ficando urgente. Dentro de um prazo muito curto, nosso pa\u00eds pode considerar necess\u00e1rio adotar uma a\u00e7\u00e3o militar em nome de seus pr\u00f3prios interesses e dos interesses das na\u00e7\u00f5es aliadas no Hemisf\u00e9rio Ocidental.&#8221;<\/p>\n<p style=\"text-align: justify;\">Na manh\u00e3 seguinte, enquanto o mundo se preparava para o in\u00edcio do apocalipse, Nikita Kruschev fez um pronunciamento inesperado a r\u00e1dio Moscou, anunciando que qualquer armamento nuclear presente em Cuba seria devolvido a URSS.<\/p>\n<p style=\"text-align: justify;\">Ufa! O mundo n\u00e3o iria acabar.<\/p>\n<p style=\"text-align: justify;\">Oficialmente, nunca se soube o que ocorreu naquela madrugada em Moscou. Aparentemente um acordo foi fechado entre os dois pa\u00edses que retiraram os m\u00edsseis localizados em seus aliados, Turquia e Cuba.<\/p>\n<p style=\"text-align: justify;\">Um filme foi produzido sobre este assunto, denominado &#8220;Os treze dias que abalaram o mundo&#8221;, estrelado por Kevin Costner.<\/p>\n<div id=\"attachment_3906\" style=\"width: 223px\" class=\"wp-caption aligncenter\"><a href=\"https:\/\/clebinho.pro.br\/wp\/wp-content\/uploads\/2015\/12\/filme_10706.jpg\"><img loading=\"lazy\" decoding=\"async\" aria-describedby=\"caption-attachment-3906\" class=\"wp-image-3906 size-medium\" src=\"https:\/\/clebinho.pro.br\/wp\/wp-content\/uploads\/2015\/12\/filme_10706-213x300.jpg\" alt=\"filme_10706\" width=\"213\" height=\"300\" srcset=\"https:\/\/www.clebinho.pro.br\/wp\/wp-content\/uploads\/2015\/12\/filme_10706-213x300.jpg 213w, https:\/\/www.clebinho.pro.br\/wp\/wp-content\/uploads\/2015\/12\/filme_10706-728x1024.jpg 728w, https:\/\/www.clebinho.pro.br\/wp\/wp-content\/uploads\/2015\/12\/filme_10706.jpg 800w\" sizes=\"(max-width: 213px) 100vw, 213px\" \/><\/a><p id=\"caption-attachment-3906\" class=\"wp-caption-text\">Filme retratando este tenso momento na hist\u00f3ria mundial. Imagem: Internet<\/p><\/div>\n<p style=\"text-align: justify;\"><strong>Consequ\u00eancias<\/strong><\/p>\n<p style=\"text-align: justify;\">O susto foi t\u00e3o grande que, em 1963, as duas superpot\u00eancias assinaram um acordo limitando os testes nucleares. Em 1968, EUA, URSS e outros 58 pa\u00edses assinaram o\u00a0 Tratado de N\u00e3o-Prolifera\u00e7\u00e3o de Armas Nucleares. Quem j\u00e1 dominava a tecnologia nuclear limitaria seu arsenal, quem n\u00e3o possu\u00eda se comprometeu a nunca desenvolver. O Brasil \u00e9 signat\u00e1rio deste tratado.<\/p>\n<div id=\"attachment_3913\" style=\"width: 235px\" class=\"wp-caption aligncenter\"><a href=\"https:\/\/clebinho.pro.br\/wp\/wp-content\/uploads\/2015\/12\/Khrushev-JFK.jpg\"><img loading=\"lazy\" decoding=\"async\" aria-describedby=\"caption-attachment-3913\" class=\"wp-image-3913 size-medium\" src=\"https:\/\/clebinho.pro.br\/wp\/wp-content\/uploads\/2015\/12\/Khrushev-JFK-225x300.jpg\" alt=\"Khrushev-JFK\" width=\"225\" height=\"300\" srcset=\"https:\/\/www.clebinho.pro.br\/wp\/wp-content\/uploads\/2015\/12\/Khrushev-JFK-225x300.jpg 225w, https:\/\/www.clebinho.pro.br\/wp\/wp-content\/uploads\/2015\/12\/Khrushev-JFK.jpg 450w\" sizes=\"(max-width: 225px) 100vw, 225px\" \/><\/a><p id=\"caption-attachment-3913\" class=\"wp-caption-text\">Encontro posterior a crise entre Kennedy e Krushev. Imagem: Internet<\/p><\/div>\n<p>.<\/p>\n<p style=\"text-align: justify;\">Que nunca mais se repitam dias como estes! Feliz 2016 a todos os nossos leitores!<\/p>\n<p style=\"text-align: justify;\"><strong>Espero ter aumentado seu conhecimento. \u00a0Curta nossa p\u00e1gina<a href=\"https:\/\/www.facebook.com\/pages\/Clebinho\/1551769148421187?ref=settings\" target=\"_blank\" rel=\"noopener\"> no Facebook <\/a>e compartilhe nosso texto! Abra\u00e7o do Clebinho!<br \/>\n<\/strong><\/p>\n<p style=\"text-align: justify;\">Publicado em 30.12.2015<\/p>\n<p style=\"text-align: justify;\"><em><strong>1- OTAN ou NATO ((North Atlantic Treaty Organization):<\/strong><\/em><\/p>\n<p style=\"text-align: justify;\">\u00c9 uma organiza\u00e7\u00e3o criada ap\u00f3s a 2\u00ba Guerra Mundial, no contexto da Guerra Fria, onde todos os membros se comprometem com a defesa m\u00fatua em caso de alguma a\u00e7\u00e3o hostil de um pa\u00eds fora do bloco. Atualmente seus membros s\u00e3o:<\/p>\n<p style=\"text-align: justify;\">Alemanha B\u00e9lgica, Canad\u00e1, Dinamarca, Espanha, Estados Unidos da Am\u00e9rica, Fran\u00e7a, Gr\u00e9cia, Pa\u00edses Baixos, Isl\u00e2ndia, It\u00e1lia, Luxemburgo, Noruega, Portugal, Reino Unido, Turquia, Hungria, Pol\u00f4nia, Rep\u00fablica Checa, Bulg\u00e1ria, Est\u00f4nia, Let\u00f4nia, Litu\u00e2nia, Rom\u00eania, Eslov\u00e1quia e a Eslov\u00eania.<\/p>\n<p>&nbsp;<\/p>\n<p>&nbsp;<\/p>\n<p>&nbsp;<\/p>\n<p>&nbsp;<\/p>\n<p>&nbsp;<\/p>\n","protected":false},"excerpt":{"rendered":"<p>A Guerra Fria pode ser conceituada como o per\u00edodo que vai desde o fim da 2\u00ba Guerra Mundial at\u00e9 a queda do muro de Berlim, tema j\u00e1 abordado em nosso blog. Se caracterizou pela disputa entre os EUA (Estados Unidos da Am\u00e9rica) e a URSS (Uni\u00e3o das Rep\u00fablicas Socialistas Sovi\u00e9ticas) pela hegemonia mundial. Em nenhum [&hellip;]<\/p>\n","protected":false},"author":2,"featured_media":3913,"comment_status":"open","ping_status":"open","sticky":false,"template":"","format":"standard","meta":{"footnotes":""},"categories":[129,71,11,1,4,81],"tags":[992,990,991,994,989,904,20,984,993,343,986,985,987,988,370,267,34],"yoast_head":"<!-- This site is optimized with the Yoast SEO plugin v20.3 - https:\/\/yoast.com\/wordpress\/plugins\/seo\/ -->\n<title>97. Bem Pr\u00f3ximo do Fim - Blog do Professor Clebinho<\/title>\n<meta name=\"robots\" content=\"index, follow, max-snippet:-1, max-image-preview:large, max-video-preview:-1\" \/>\n<link rel=\"canonical\" href=\"https:\/\/www.clebinho.pro.br\/wp\/?p=3883\" \/>\n<meta property=\"og:locale\" content=\"pt_BR\" \/>\n<meta property=\"og:type\" content=\"article\" \/>\n<meta property=\"og:title\" content=\"97. Bem Pr\u00f3ximo do Fim - Blog do Professor Clebinho\" \/>\n<meta property=\"og:description\" content=\"A Guerra Fria pode ser conceituada como o per\u00edodo que vai desde o fim da 2\u00ba Guerra Mundial at\u00e9 a queda do muro de Berlim, tema j\u00e1 abordado em nosso blog. Se caracterizou pela disputa entre os EUA (Estados Unidos da Am\u00e9rica) e a URSS (Uni\u00e3o das Rep\u00fablicas Socialistas Sovi\u00e9ticas) pela hegemonia mundial. Em nenhum [&hellip;]\" \/>\n<meta property=\"og:url\" content=\"https:\/\/www.clebinho.pro.br\/wp\/?p=3883\" \/>\n<meta property=\"og:site_name\" content=\"Blog do Professor Clebinho\" \/>\n<meta property=\"article:published_time\" content=\"2015-12-30T08:24:11+00:00\" \/>\n<meta property=\"article:modified_time\" content=\"2017-10-16T13:06:24+00:00\" \/>\n<meta property=\"og:image\" content=\"https:\/\/clebinho.pro.br\/wp\/wp-content\/uploads\/2015\/12\/Khrushev-JFK.jpg\" \/>\n\t<meta property=\"og:image:width\" content=\"450\" \/>\n\t<meta property=\"og:image:height\" content=\"600\" \/>\n\t<meta property=\"og:image:type\" content=\"image\/jpeg\" \/>\n<meta name=\"author\" content=\"Professor Clebinho\" \/>\n<meta name=\"twitter:card\" content=\"summary_large_image\" \/>\n<meta name=\"twitter:label1\" content=\"Escrito por\" \/>\n\t<meta name=\"twitter:data1\" content=\"Professor Clebinho\" \/>\n\t<meta name=\"twitter:label2\" content=\"Est. tempo de leitura\" \/>\n\t<meta name=\"twitter:data2\" content=\"7 minutos\" \/>\n<script type=\"application\/ld+json\" class=\"yoast-schema-graph\">{\"@context\":\"https:\/\/schema.org\",\"@graph\":[{\"@type\":\"WebPage\",\"@id\":\"https:\/\/www.clebinho.pro.br\/wp\/?p=3883\",\"url\":\"https:\/\/www.clebinho.pro.br\/wp\/?p=3883\",\"name\":\"97. Bem Pr\u00f3ximo do Fim - Blog do Professor Clebinho\",\"isPartOf\":{\"@id\":\"https:\/\/www.clebinho.pro.br\/wp\/#website\"},\"datePublished\":\"2015-12-30T08:24:11+00:00\",\"dateModified\":\"2017-10-16T13:06:24+00:00\",\"author\":{\"@id\":\"https:\/\/www.clebinho.pro.br\/wp\/#\/schema\/person\/73417286de03a1ad762ac7d8ca8c6b77\"},\"breadcrumb\":{\"@id\":\"https:\/\/www.clebinho.pro.br\/wp\/?p=3883#breadcrumb\"},\"inLanguage\":\"pt-BR\",\"potentialAction\":[{\"@type\":\"ReadAction\",\"target\":[\"https:\/\/www.clebinho.pro.br\/wp\/?p=3883\"]}]},{\"@type\":\"BreadcrumbList\",\"@id\":\"https:\/\/www.clebinho.pro.br\/wp\/?p=3883#breadcrumb\",\"itemListElement\":[{\"@type\":\"ListItem\",\"position\":1,\"name\":\"In\u00edcio\",\"item\":\"https:\/\/www.clebinho.pro.br\/wp\"},{\"@type\":\"ListItem\",\"position\":2,\"name\":\"97. Bem Pr\u00f3ximo do Fim\"}]},{\"@type\":\"WebSite\",\"@id\":\"https:\/\/www.clebinho.pro.br\/wp\/#website\",\"url\":\"https:\/\/www.clebinho.pro.br\/wp\/\",\"name\":\"Blog do Professor Clebinho\",\"description\":\"Um espa\u00e7o virtual privilegiado oferecido pelo professor Clebinho, seus alunos, ex-alunos e demais interessados no debate de atualidades, hist\u00f3ria, geografia, geopolitica e meio ambiente\",\"potentialAction\":[{\"@type\":\"SearchAction\",\"target\":{\"@type\":\"EntryPoint\",\"urlTemplate\":\"https:\/\/www.clebinho.pro.br\/wp\/?s={search_term_string}\"},\"query-input\":\"required name=search_term_string\"}],\"inLanguage\":\"pt-BR\"},{\"@type\":\"Person\",\"@id\":\"https:\/\/www.clebinho.pro.br\/wp\/#\/schema\/person\/73417286de03a1ad762ac7d8ca8c6b77\",\"name\":\"Professor Clebinho\",\"image\":{\"@type\":\"ImageObject\",\"inLanguage\":\"pt-BR\",\"@id\":\"https:\/\/www.clebinho.pro.br\/wp\/#\/schema\/person\/image\/\",\"url\":\"https:\/\/secure.gravatar.com\/avatar\/bb922115afcbfb086f9c52d1dd4a20fa?s=96&d=mm&r=g\",\"contentUrl\":\"https:\/\/secure.gravatar.com\/avatar\/bb922115afcbfb086f9c52d1dd4a20fa?s=96&d=mm&r=g\",\"caption\":\"Professor Clebinho\"},\"sameAs\":[\"https:\/\/www.clebinho.pro.br\/wp\"],\"url\":\"https:\/\/www.clebinho.pro.br\/wp\/?author=2\"}]}<\/script>\n<!-- \/ Yoast SEO plugin. -->","yoast_head_json":{"title":"97. Bem Pr\u00f3ximo do Fim - Blog do Professor Clebinho","robots":{"index":"index","follow":"follow","max-snippet":"max-snippet:-1","max-image-preview":"max-image-preview:large","max-video-preview":"max-video-preview:-1"},"canonical":"https:\/\/www.clebinho.pro.br\/wp\/?p=3883","og_locale":"pt_BR","og_type":"article","og_title":"97. Bem Pr\u00f3ximo do Fim - Blog do Professor Clebinho","og_description":"A Guerra Fria pode ser conceituada como o per\u00edodo que vai desde o fim da 2\u00ba Guerra Mundial at\u00e9 a queda do muro de Berlim, tema j\u00e1 abordado em nosso blog. Se caracterizou pela disputa entre os EUA (Estados Unidos da Am\u00e9rica) e a URSS (Uni\u00e3o das Rep\u00fablicas Socialistas Sovi\u00e9ticas) pela hegemonia mundial. Em nenhum [&hellip;]","og_url":"https:\/\/www.clebinho.pro.br\/wp\/?p=3883","og_site_name":"Blog do Professor Clebinho","article_published_time":"2015-12-30T08:24:11+00:00","article_modified_time":"2017-10-16T13:06:24+00:00","og_image":[{"width":450,"height":600,"url":"https:\/\/clebinho.pro.br\/wp\/wp-content\/uploads\/2015\/12\/Khrushev-JFK.jpg","type":"image\/jpeg"}],"author":"Professor Clebinho","twitter_card":"summary_large_image","twitter_misc":{"Escrito por":"Professor Clebinho","Est. tempo de leitura":"7 minutos"},"schema":{"@context":"https:\/\/schema.org","@graph":[{"@type":"WebPage","@id":"https:\/\/www.clebinho.pro.br\/wp\/?p=3883","url":"https:\/\/www.clebinho.pro.br\/wp\/?p=3883","name":"97. Bem Pr\u00f3ximo do Fim - Blog do Professor Clebinho","isPartOf":{"@id":"https:\/\/www.clebinho.pro.br\/wp\/#website"},"datePublished":"2015-12-30T08:24:11+00:00","dateModified":"2017-10-16T13:06:24+00:00","author":{"@id":"https:\/\/www.clebinho.pro.br\/wp\/#\/schema\/person\/73417286de03a1ad762ac7d8ca8c6b77"},"breadcrumb":{"@id":"https:\/\/www.clebinho.pro.br\/wp\/?p=3883#breadcrumb"},"inLanguage":"pt-BR","potentialAction":[{"@type":"ReadAction","target":["https:\/\/www.clebinho.pro.br\/wp\/?p=3883"]}]},{"@type":"BreadcrumbList","@id":"https:\/\/www.clebinho.pro.br\/wp\/?p=3883#breadcrumb","itemListElement":[{"@type":"ListItem","position":1,"name":"In\u00edcio","item":"https:\/\/www.clebinho.pro.br\/wp"},{"@type":"ListItem","position":2,"name":"97. Bem Pr\u00f3ximo do Fim"}]},{"@type":"WebSite","@id":"https:\/\/www.clebinho.pro.br\/wp\/#website","url":"https:\/\/www.clebinho.pro.br\/wp\/","name":"Blog do Professor Clebinho","description":"Um espa\u00e7o virtual privilegiado oferecido pelo professor Clebinho, seus alunos, ex-alunos e demais interessados no debate de atualidades, hist\u00f3ria, geografia, geopolitica e meio ambiente","potentialAction":[{"@type":"SearchAction","target":{"@type":"EntryPoint","urlTemplate":"https:\/\/www.clebinho.pro.br\/wp\/?s={search_term_string}"},"query-input":"required name=search_term_string"}],"inLanguage":"pt-BR"},{"@type":"Person","@id":"https:\/\/www.clebinho.pro.br\/wp\/#\/schema\/person\/73417286de03a1ad762ac7d8ca8c6b77","name":"Professor Clebinho","image":{"@type":"ImageObject","inLanguage":"pt-BR","@id":"https:\/\/www.clebinho.pro.br\/wp\/#\/schema\/person\/image\/","url":"https:\/\/secure.gravatar.com\/avatar\/bb922115afcbfb086f9c52d1dd4a20fa?s=96&d=mm&r=g","contentUrl":"https:\/\/secure.gravatar.com\/avatar\/bb922115afcbfb086f9c52d1dd4a20fa?s=96&d=mm&r=g","caption":"Professor Clebinho"},"sameAs":["https:\/\/www.clebinho.pro.br\/wp"],"url":"https:\/\/www.clebinho.pro.br\/wp\/?author=2"}]}},"_links":{"self":[{"href":"https:\/\/www.clebinho.pro.br\/wp\/index.php?rest_route=\/wp\/v2\/posts\/3883"}],"collection":[{"href":"https:\/\/www.clebinho.pro.br\/wp\/index.php?rest_route=\/wp\/v2\/posts"}],"about":[{"href":"https:\/\/www.clebinho.pro.br\/wp\/index.php?rest_route=\/wp\/v2\/types\/post"}],"author":[{"embeddable":true,"href":"https:\/\/www.clebinho.pro.br\/wp\/index.php?rest_route=\/wp\/v2\/users\/2"}],"replies":[{"embeddable":true,"href":"https:\/\/www.clebinho.pro.br\/wp\/index.php?rest_route=%2Fwp%2Fv2%2Fcomments&post=3883"}],"version-history":[{"count":41,"href":"https:\/\/www.clebinho.pro.br\/wp\/index.php?rest_route=\/wp\/v2\/posts\/3883\/revisions"}],"predecessor-version":[{"id":11153,"href":"https:\/\/www.clebinho.pro.br\/wp\/index.php?rest_route=\/wp\/v2\/posts\/3883\/revisions\/11153"}],"wp:featuredmedia":[{"embeddable":true,"href":"https:\/\/www.clebinho.pro.br\/wp\/index.php?rest_route=\/wp\/v2\/media\/3913"}],"wp:attachment":[{"href":"https:\/\/www.clebinho.pro.br\/wp\/index.php?rest_route=%2Fwp%2Fv2%2Fmedia&parent=3883"}],"wp:term":[{"taxonomy":"category","embeddable":true,"href":"https:\/\/www.clebinho.pro.br\/wp\/index.php?rest_route=%2Fwp%2Fv2%2Fcategories&post=3883"},{"taxonomy":"post_tag","embeddable":true,"href":"https:\/\/www.clebinho.pro.br\/wp\/index.php?rest_route=%2Fwp%2Fv2%2Ftags&post=3883"}],"curies":[{"name":"wp","href":"https:\/\/api.w.org\/{rel}","templated":true}]}}