{"id":5136,"date":"2016-04-26T15:20:49","date_gmt":"2016-04-26T18:20:49","guid":{"rendered":"http:\/\/www.clebinho.pro.br\/?p=5136"},"modified":"2017-10-18T10:26:51","modified_gmt":"2017-10-18T13:26:51","slug":"114-viagem-ao-centro-da-terra","status":"publish","type":"post","link":"https:\/\/www.clebinho.pro.br\/wp\/?p=5136","title":{"rendered":"114. Viagem ao Centro da Terra (Crosta)"},"content":{"rendered":"<p style=\"text-align: justify;\">Um dos assuntos mais interessantes da geografia \u00e9 o estudo do\u00a0interior do nosso planeta. Conhecer o que existe abaixo de n\u00f3s \u00e9, al\u00e9m de tremendamente curioso, importante para o entendimento da din\u00e2mica que transforma o relevo da Terra.<\/p>\n<p style=\"text-align: justify;\">Em 1864, o c\u00e9lebre escritor franc\u00eas J\u00falio Verne escreveu um livro explorando o interesse\u00a0humano sobre o assunto. Obviamente, com os parcos conhecimentos da \u00e9poca, explorou \u00a0a fic\u00e7\u00e3o de forma bel\u00edssima, criando um universo bem diferente da realidade.<\/p>\n<div id=\"attachment_5192\" style=\"width: 226px\" class=\"wp-caption aligncenter\"><a href=\"https:\/\/clebinho.pro.br\/wp\/wp-content\/uploads\/2016\/04\/jules-verne.jpg\"><img loading=\"lazy\" decoding=\"async\" aria-describedby=\"caption-attachment-5192\" class=\"wp-image-5192 size-medium\" src=\"https:\/\/clebinho.pro.br\/wp\/wp-content\/uploads\/2016\/04\/jules-verne-216x300.jpg\" alt=\"jules-verne\" width=\"216\" height=\"300\" srcset=\"https:\/\/www.clebinho.pro.br\/wp\/wp-content\/uploads\/2016\/04\/jules-verne-216x300.jpg 216w, https:\/\/www.clebinho.pro.br\/wp\/wp-content\/uploads\/2016\/04\/jules-verne.jpg 431w\" sizes=\"(max-width: 216px) 100vw, 216px\" \/><\/a><p id=\"caption-attachment-5192\" class=\"wp-caption-text\">J\u00falio Verne, franc\u00eas, escritor de mais de 100 livros, traduzidos em 148 l\u00ednguas. Veja sua biografia no <a href=\"https:\/\/pt.wikipedia.org\/wiki\/J%C3%BAlio_Verne\" target=\"_blank\" rel=\"noopener\">site Wikip\u00e9dia.<\/a><\/p><\/div>\n<p>.<\/p>\n<p style=\"text-align: justify;\">O\u00a0que existe abaixo de n\u00f3s \u00e9 algo bem diferente do imaginado no s\u00e9culo XIX.<\/p>\n<p style=\"text-align: justify;\"><strong>Buraco mais profundo j\u00e1 perfurado<\/strong><\/p>\n<p style=\"text-align: justify;\">Conhecemos somente o b\u00e1sico das profundezas do nosso planeta. Para chegarmos at\u00e9 o ponto mais profundo da Terra, ter\u00edamos que perfurar<span style=\"color: #ff0000;\"> 6.371 quil\u00f4metros<\/span>. Por hora, n\u00e3o chegamos nem perto disso.<\/p>\n<p style=\"text-align: justify;\">Atualmente, o ponto mais profundo j\u00e1 atingido pelo homem est\u00e1 localizado na\u00a0R\u00fassia, o po\u00e7o de Kola, que atingiu pouco mais de<span style=\"color: #ff0000;\"> 12 quil\u00f4metros<\/span>. O objetivo de se perfurar a crosta ficou distante. Principalmente a press\u00e3o e o calor impediram o progresso da experi\u00eancia.<\/p>\n<p style=\"text-align: justify;\">Conhe\u00e7a mais este enorme projeto no <a href=\"https:\/\/pt.wikipedia.org\/wiki\/Po%C3%A7o_Superprofundo_de_Kola\" target=\"_blank\" rel=\"noopener\">site Wikip\u00e9dia.<\/a><\/p>\n<p style=\"text-align: justify;\"><strong>Mina Mirny<\/strong><\/p>\n<p style=\"text-align: justify;\">Aproveitando o tema, os Russos parecem mesmo gostar de cavar. A maior mina de diamantes do mundo est\u00e1 localizada na Sib\u00e9ria e se chama Mirny. A profundidade \u00e9 relativamente pequena, 525 metros, mas o di\u00e2metro impressiona, 1.200 metros. Atualmente, 25% dos diamantes do mundo vem deste interessante local.<\/p>\n<div id=\"attachment_5196\" style=\"width: 310px\" class=\"wp-caption aligncenter\"><a href=\"https:\/\/clebinho.pro.br\/wp\/wp-content\/uploads\/2016\/04\/Mirny-Diamante-Minas-Siberia-Oriental-Russia.png\"><img loading=\"lazy\" decoding=\"async\" aria-describedby=\"caption-attachment-5196\" class=\"wp-image-5196 size-medium\" src=\"https:\/\/clebinho.pro.br\/wp\/wp-content\/uploads\/2016\/04\/Mirny-Diamante-Minas-Siberia-Oriental-Russia-300x166.png\" alt=\"Mirny-Diamante-Minas-Siberia-Oriental-Russia\" width=\"300\" height=\"166\" srcset=\"https:\/\/www.clebinho.pro.br\/wp\/wp-content\/uploads\/2016\/04\/Mirny-Diamante-Minas-Siberia-Oriental-Russia-300x166.png 300w, https:\/\/www.clebinho.pro.br\/wp\/wp-content\/uploads\/2016\/04\/Mirny-Diamante-Minas-Siberia-Oriental-Russia.png 599w\" sizes=\"(max-width: 300px) 100vw, 300px\" \/><\/a><p id=\"caption-attachment-5196\" class=\"wp-caption-text\">Mina de diamantes Mirny, na Sib\u00e9ria. Imagem: Internet.<\/p><\/div>\n<p>.<\/p>\n<p style=\"text-align: justify;\">Veja o v\u00eddeo em uma reportagem do programa\u00a0<a href=\"http:\/\/g1.globo.com\/fantastico\/noticia\/2015\/09\/mina-de-diamantes-e-capaz-de-engolir-helicopteros-na-russia.html\" target=\"_blank\" rel=\"noopener\">Fant\u00e1stico, da rede Globo.\u00a0<\/a><\/p>\n<p style=\"text-align: justify;\"><strong>Interior Misterioso<\/strong><\/p>\n<p style=\"text-align: justify;\">Os alunos me perguntam sempre, se perfuramos somente 12 dos 6.400 mil metros que nos separam do n\u00facleo, como sabemos o que existe dentro do planeta?<\/p>\n<p style=\"text-align: justify;\">\u00c9 um conjunto de ci\u00eancias e an\u00e1lises.\u00a0<span style=\"color: #333333;\">Sabemos o tamanho da Terra e sua for\u00e7a gravitacional, portanto, os cientistas podem calcular a massa do nosso planeta e, consequentemente, sua densidade. Um n\u00facleo composto de ferro \u00e9 o melhor modelo para se encaixar\u00a0nos resultados dos c\u00e1lculos.<\/span><\/p>\n<p style=\"text-align: justify;\">Ainda existem os sism\u00f3grafos, aparelhos que medem as ondas s\u00edsmicas que atravessam o planeta ap\u00f3s os terremotos. Cada camada do interior da Terra possui uma composi\u00e7\u00e3o, densidade e temperatura, al\u00e9m de ser s\u00f3lida ou l\u00edquida. As ondas de choque atravessam cada uma delas de uma forma diferente. Em laborat\u00f3rios, os cientistas criam modelos que melhor se enquadram nos resultados encontrados.<\/p>\n<div id=\"attachment_5209\" style=\"width: 310px\" class=\"wp-caption aligncenter\"><a href=\"https:\/\/clebinho.pro.br\/wp\/wp-content\/uploads\/2016\/04\/ondassismicas.gif\"><img loading=\"lazy\" decoding=\"async\" aria-describedby=\"caption-attachment-5209\" class=\"wp-image-5209 size-medium\" src=\"https:\/\/clebinho.pro.br\/wp\/wp-content\/uploads\/2016\/04\/ondassismicas-300x281.gif\" alt=\"ondassismicas\" width=\"300\" height=\"281\" \/><\/a><p id=\"caption-attachment-5209\" class=\"wp-caption-text\">Sismo, tremor, e as ondas atravessando o planeta. Imagem: Internet.<\/p><\/div>\n<p>.<\/p>\n<p style=\"text-align: justify;\">Existem tamb\u00e9m as an\u00e1lises de meteoros, corpos celestes menores que a terra, mas que podem nos dar pistas dos materiais que comp\u00f5em os diferentes planetas rochosos do universo.<\/p>\n<p style=\"text-align: justify;\">Outra forma de se inferir o que existe abaixo de n\u00f3s \u00e9 o fato de existir um forte campo magn\u00e9tico entorno da Terra. Isso s\u00f3 \u00e9 poss\u00edvel pelo fato de existir grande quantidade de metal em movimento no interior do planeta.<\/p>\n<p style=\"text-align: justify;\">Por fim, os cientistas analisam a composi\u00e7\u00e3o do magma que extravasa dos vulc\u00f5es, j\u00e1 que, atrav\u00e9s deles, pode-se observar\u00a0o que existe l\u00e1 dentro.<\/p>\n<div id=\"attachment_5257\" style=\"width: 310px\" class=\"wp-caption aligncenter\"><a href=\"https:\/\/clebinho.pro.br\/wp\/wp-content\/uploads\/2016\/04\/Going_to_the-Volcano_mary_curtis.jpg\"><img loading=\"lazy\" decoding=\"async\" aria-describedby=\"caption-attachment-5257\" class=\"wp-image-5257 size-medium\" src=\"https:\/\/clebinho.pro.br\/wp\/wp-content\/uploads\/2016\/04\/Going_to_the-Volcano_mary_curtis-300x225.jpg\" alt=\"Going_to_the Volcano_mary_curtis\" width=\"300\" height=\"225\" srcset=\"https:\/\/www.clebinho.pro.br\/wp\/wp-content\/uploads\/2016\/04\/Going_to_the-Volcano_mary_curtis-300x225.jpg 300w, https:\/\/www.clebinho.pro.br\/wp\/wp-content\/uploads\/2016\/04\/Going_to_the-Volcano_mary_curtis.jpg 600w\" sizes=\"(max-width: 300px) 100vw, 300px\" \/><\/a><p id=\"caption-attachment-5257\" class=\"wp-caption-text\">O magma que sai dos vulc\u00f5es, passando a se chamar lava, s\u00e3o boas fontes de informa\u00e7\u00f5es sobre o interior do nosso planeta. Imagem: Internet.<\/p><\/div>\n<p>.<\/p>\n<p style=\"text-align: justify;\">Sabemos ent\u00e3o, basicamente, o que existe no interior do planeta. No futuro, n\u00e3o se descartam novidades nessa \u00e1rea, que podem surgir a partir de novos e modernos estudos.<\/p>\n<p style=\"text-align: justify;\">Finalizada a introdu\u00e7\u00e3o, vamos ao\u00a0tema principal, as camadas da Terra. O texto <a href=\"https:\/\/www.clebinho.pro.br\/wp\/wp\/?p=912\" target=\"_blank\" rel=\"noopener\">29 de nosso blog<\/a>,\u00a0j\u00e1 abordou este tema superficialmente.<\/p>\n<p style=\"text-align: justify;\">Basicamente, nosso planeta se divide internamente\u00a0em\u00a03 partes:<span style=\"color: #ff0000;\"> Crosta<\/span> (neste texto), <span style=\"color: #ff0000;\">Manto<\/span> e <span style=\"color: #ff0000;\">N\u00facleo<\/span> (pr\u00f3ximo texto).<\/p>\n<p style=\"text-align: justify;\"><b>Crosta (Litosfera)<\/b><\/p>\n<p style=\"text-align: justify;\">A primeira camada do nosso planeta, a mais superficial, onde pisamos e vivemos, \u00e9 conhecida como crosta ou <span style=\"color: #ff0000;\">litosfera (esfera de pedra).<\/span><\/p>\n<div id=\"attachment_5213\" style=\"width: 310px\" class=\"wp-caption aligncenter\"><a href=\"https:\/\/clebinho.pro.br\/wp\/wp-content\/uploads\/2016\/04\/camadas-terra-ovo.jpg\"><img loading=\"lazy\" decoding=\"async\" aria-describedby=\"caption-attachment-5213\" class=\"wp-image-5213 size-medium\" src=\"https:\/\/clebinho.pro.br\/wp\/wp-content\/uploads\/2016\/04\/camadas-terra-ovo-300x186.jpg\" alt=\"camadas-terra-ovo\" width=\"300\" height=\"186\" srcset=\"https:\/\/www.clebinho.pro.br\/wp\/wp-content\/uploads\/2016\/04\/camadas-terra-ovo-300x186.jpg 300w, https:\/\/www.clebinho.pro.br\/wp\/wp-content\/uploads\/2016\/04\/camadas-terra-ovo-1024x634.jpg 1024w\" sizes=\"(max-width: 300px) 100vw, 300px\" \/><\/a><p id=\"caption-attachment-5213\" class=\"wp-caption-text\">Didaticamente, podemos simplificar e fazer um paralelo entre a\u00a0Terra e\u00a0um ovo. A crosta \u00e9 a casca (3), o Manto \u00e9 a clara (2) e o N\u00facleo a gema (1). Imagem: Internet.<\/p><\/div>\n<p>.<\/p>\n<p style=\"text-align: justify;\">A litosfera \u00e9\u00a0a&#8221; casca&#8221; de nosso planeta, s\u00f3lida e relativamente fina. Isso \u00e9 explicado pelo fato do nosso planeta estar, aos poucos, se resfriando, de fora para dentro, formando uma fina crosta superficial.<\/p>\n<p style=\"text-align: justify;\">Quanto mais pr\u00f3ximo do nosso n\u00facleo, mais quente, assim como uma batata sa\u00edda da panela.<\/p>\n<div id=\"attachment_5206\" style=\"width: 310px\" class=\"wp-caption aligncenter\"><a href=\"https:\/\/clebinho.pro.br\/wp\/wp-content\/uploads\/2016\/04\/litosfera-camada-solida-planeta-565ca0a27f03e.jpg\"><img loading=\"lazy\" decoding=\"async\" aria-describedby=\"caption-attachment-5206\" class=\"wp-image-5206 size-medium\" src=\"https:\/\/clebinho.pro.br\/wp\/wp-content\/uploads\/2016\/04\/litosfera-camada-solida-planeta-565ca0a27f03e-300x300.jpg\" alt=\"litosfera-camada-solida-planeta-565ca0a27f03e\" width=\"300\" height=\"300\" srcset=\"https:\/\/www.clebinho.pro.br\/wp\/wp-content\/uploads\/2016\/04\/litosfera-camada-solida-planeta-565ca0a27f03e-300x300.jpg 300w, https:\/\/www.clebinho.pro.br\/wp\/wp-content\/uploads\/2016\/04\/litosfera-camada-solida-planeta-565ca0a27f03e-150x150.jpg 150w, https:\/\/www.clebinho.pro.br\/wp\/wp-content\/uploads\/2016\/04\/litosfera-camada-solida-planeta-565ca0a27f03e-60x60.jpg 60w, https:\/\/www.clebinho.pro.br\/wp\/wp-content\/uploads\/2016\/04\/litosfera-camada-solida-planeta-565ca0a27f03e.jpg 500w\" sizes=\"(max-width: 300px) 100vw, 300px\" \/><\/a><p id=\"caption-attachment-5206\" class=\"wp-caption-text\">Imagem da Terra sem os oceanos e os solos, para que voc\u00ea possa ver a totalidade da Crosta, camada superficial do planeta. Imagem:\u00a0<a href=\"http:\/\/brasilescola.uol.com.br\/o-que-e\/geografia\/o-que-e-litosfera.htm\" target=\"_blank\" rel=\"noopener\">Brasil Escola<\/a><\/p><\/div>\n<p>.<\/p>\n<p style=\"text-align: justify;\">Esta camada tem uma espessura bem variada. Em alguns pontos, geralmente abaixo dos oceanos, ela\u00a0\u00e9 mais fina, chegando a ter somente 6 Km de profundidade. Nas regi\u00f5es continentais, principalmente abaixo das grandes cadeias de montanhas, a espessura chega a 70 Km.<\/p>\n<div id=\"attachment_5255\" style=\"width: 310px\" class=\"wp-caption aligncenter\"><a href=\"https:\/\/clebinho.pro.br\/wp\/wp-content\/uploads\/2016\/04\/2-Perfil-Crosta.jpg\"><img loading=\"lazy\" decoding=\"async\" aria-describedby=\"caption-attachment-5255\" class=\"wp-image-5255 size-medium\" src=\"https:\/\/clebinho.pro.br\/wp\/wp-content\/uploads\/2016\/04\/2-Perfil-Crosta-300x180.jpg\" alt=\"2 - Perfil Crosta\" width=\"300\" height=\"180\" srcset=\"https:\/\/www.clebinho.pro.br\/wp\/wp-content\/uploads\/2016\/04\/2-Perfil-Crosta-300x180.jpg 300w, https:\/\/www.clebinho.pro.br\/wp\/wp-content\/uploads\/2016\/04\/2-Perfil-Crosta.jpg 340w\" sizes=\"(max-width: 300px) 100vw, 300px\" \/><\/a><p id=\"caption-attachment-5255\" class=\"wp-caption-text\">A espessura da crosta varia entre a continental (maior) e a oce\u00e2nica. Imagem: Internet.<\/p><\/div>\n<p>.<\/p>\n<p style=\"text-align: justify;\">\u00c9 importante ressaltar que a afirma\u00e7\u00e3o de que a Crosta \u00e9 fina est\u00e1 levando em considera\u00e7\u00e3o a espessura total do planeta.<\/p>\n<p style=\"text-align: justify;\"><strong>Princ\u00edpio da Isostasia<\/strong><\/p>\n<p style=\"text-align: justify;\">O processo de flutua\u00e7\u00e3o da crosta sobre o material mais espesso presente abaixo dela (Magma), \u00e9 conhecido como Isostasia.<\/p>\n<p style=\"text-align: justify;\">Este equil\u00edbrio isost\u00e1tico pode ser modificado caso\u00a0os movimentos tect\u00f4nicos ou (e) a eros\u00e3o modificarem a distribui\u00e7\u00e3o do peso ao longo da placa, assim como um navio no mar.<\/p>\n<p style=\"text-align: justify;\">Nossa Litosfera \u00e9 toda quebrada em peda\u00e7os, conhecidos como placas tect\u00f4nicas. Este tema ser\u00e1 abordado em nosso blog no texto 116, ap\u00f3s encerrarmos a &#8220;Viagem ao Centro da Terra&#8221;.<\/p>\n<p style=\"text-align: justify;\"><strong>Pr\u00f3ximo texto<\/strong><\/p>\n<p style=\"text-align: justify;\">Nosso pr\u00f3ximo post (texto 115) continua descendo, at\u00e9 chegar ao\u00a0Manto e N\u00facleo, duas camadas abaixo da crosta. Muita curiosidade e conhecimento pela frente, imperd\u00edvel.<\/p>\n<p style=\"text-align: justify;\"><strong>Espero ter aumentado seu conhecimento. \u00a0Curta nossa p\u00e1gina<a href=\"https:\/\/www.facebook.com\/pages\/Clebinho\/1551769148421187?ref=settings\" target=\"_blank\" rel=\"noopener\"> no Facebook <\/a>e compartilhe nosso texto! Abra\u00e7o do Clebinho!<\/strong><\/p>\n<p style=\"text-align: justify;\">Publicado em 27.04.2016<\/p>\n","protected":false},"excerpt":{"rendered":"<p>Um dos assuntos mais interessantes da geografia \u00e9 o estudo do\u00a0interior do nosso planeta. Conhecer o que existe abaixo de n\u00f3s \u00e9, al\u00e9m de tremendamente curioso, importante para o entendimento da din\u00e2mica que transforma o relevo da Terra. Em 1864, o c\u00e9lebre escritor franc\u00eas J\u00falio Verne escreveu um livro explorando o interesse\u00a0humano sobre o assunto. [&hellip;]<\/p>\n","protected":false},"author":2,"featured_media":5206,"comment_status":"open","ping_status":"open","sticky":false,"template":"","format":"standard","meta":{"footnotes":""},"categories":[8,129,71,1,4],"tags":[1075,1080,391,1077,392,390,389,1079,1078,1076,1072,1074,1073,1081,99],"yoast_head":"<!-- This site is optimized with the Yoast SEO plugin v20.3 - https:\/\/yoast.com\/wordpress\/plugins\/seo\/ -->\n<title>114. Viagem ao Centro da Terra (Crosta) - Blog do Professor Clebinho<\/title>\n<meta name=\"robots\" content=\"index, follow, max-snippet:-1, max-image-preview:large, max-video-preview:-1\" \/>\n<link rel=\"canonical\" href=\"https:\/\/www.clebinho.pro.br\/wp\/?p=5136\" \/>\n<meta property=\"og:locale\" content=\"pt_BR\" \/>\n<meta property=\"og:type\" content=\"article\" \/>\n<meta property=\"og:title\" content=\"114. Viagem ao Centro da Terra (Crosta) - Blog do Professor Clebinho\" \/>\n<meta property=\"og:description\" content=\"Um dos assuntos mais interessantes da geografia \u00e9 o estudo do\u00a0interior do nosso planeta. Conhecer o que existe abaixo de n\u00f3s \u00e9, al\u00e9m de tremendamente curioso, importante para o entendimento da din\u00e2mica que transforma o relevo da Terra. Em 1864, o c\u00e9lebre escritor franc\u00eas J\u00falio Verne escreveu um livro explorando o interesse\u00a0humano sobre o assunto. [&hellip;]\" \/>\n<meta property=\"og:url\" content=\"https:\/\/www.clebinho.pro.br\/wp\/?p=5136\" \/>\n<meta property=\"og:site_name\" content=\"Blog do Professor Clebinho\" \/>\n<meta property=\"article:published_time\" content=\"2016-04-26T18:20:49+00:00\" \/>\n<meta property=\"article:modified_time\" content=\"2017-10-18T13:26:51+00:00\" \/>\n<meta property=\"og:image\" content=\"https:\/\/clebinho.pro.br\/wp\/wp-content\/uploads\/2016\/04\/litosfera-camada-solida-planeta-565ca0a27f03e.jpg\" \/>\n\t<meta property=\"og:image:width\" content=\"500\" \/>\n\t<meta property=\"og:image:height\" content=\"500\" \/>\n\t<meta property=\"og:image:type\" content=\"image\/jpeg\" \/>\n<meta name=\"author\" content=\"Professor Clebinho\" \/>\n<meta name=\"twitter:card\" content=\"summary_large_image\" \/>\n<meta name=\"twitter:label1\" content=\"Escrito por\" \/>\n\t<meta name=\"twitter:data1\" content=\"Professor Clebinho\" \/>\n\t<meta name=\"twitter:label2\" content=\"Est. tempo de leitura\" \/>\n\t<meta name=\"twitter:data2\" content=\"5 minutos\" \/>\n<script type=\"application\/ld+json\" class=\"yoast-schema-graph\">{\"@context\":\"https:\/\/schema.org\",\"@graph\":[{\"@type\":\"WebPage\",\"@id\":\"https:\/\/www.clebinho.pro.br\/wp\/?p=5136\",\"url\":\"https:\/\/www.clebinho.pro.br\/wp\/?p=5136\",\"name\":\"114. Viagem ao Centro da Terra (Crosta) - Blog do Professor Clebinho\",\"isPartOf\":{\"@id\":\"https:\/\/www.clebinho.pro.br\/wp\/#website\"},\"datePublished\":\"2016-04-26T18:20:49+00:00\",\"dateModified\":\"2017-10-18T13:26:51+00:00\",\"author\":{\"@id\":\"https:\/\/www.clebinho.pro.br\/wp\/#\/schema\/person\/73417286de03a1ad762ac7d8ca8c6b77\"},\"breadcrumb\":{\"@id\":\"https:\/\/www.clebinho.pro.br\/wp\/?p=5136#breadcrumb\"},\"inLanguage\":\"pt-BR\",\"potentialAction\":[{\"@type\":\"ReadAction\",\"target\":[\"https:\/\/www.clebinho.pro.br\/wp\/?p=5136\"]}]},{\"@type\":\"BreadcrumbList\",\"@id\":\"https:\/\/www.clebinho.pro.br\/wp\/?p=5136#breadcrumb\",\"itemListElement\":[{\"@type\":\"ListItem\",\"position\":1,\"name\":\"In\u00edcio\",\"item\":\"https:\/\/www.clebinho.pro.br\/wp\"},{\"@type\":\"ListItem\",\"position\":2,\"name\":\"114. Viagem ao Centro da Terra (Crosta)\"}]},{\"@type\":\"WebSite\",\"@id\":\"https:\/\/www.clebinho.pro.br\/wp\/#website\",\"url\":\"https:\/\/www.clebinho.pro.br\/wp\/\",\"name\":\"Blog do Professor Clebinho\",\"description\":\"Um espa\u00e7o virtual privilegiado oferecido pelo professor Clebinho, seus alunos, ex-alunos e demais interessados no debate de atualidades, hist\u00f3ria, geografia, geopolitica e meio ambiente\",\"potentialAction\":[{\"@type\":\"SearchAction\",\"target\":{\"@type\":\"EntryPoint\",\"urlTemplate\":\"https:\/\/www.clebinho.pro.br\/wp\/?s={search_term_string}\"},\"query-input\":\"required name=search_term_string\"}],\"inLanguage\":\"pt-BR\"},{\"@type\":\"Person\",\"@id\":\"https:\/\/www.clebinho.pro.br\/wp\/#\/schema\/person\/73417286de03a1ad762ac7d8ca8c6b77\",\"name\":\"Professor Clebinho\",\"image\":{\"@type\":\"ImageObject\",\"inLanguage\":\"pt-BR\",\"@id\":\"https:\/\/www.clebinho.pro.br\/wp\/#\/schema\/person\/image\/\",\"url\":\"https:\/\/secure.gravatar.com\/avatar\/bb922115afcbfb086f9c52d1dd4a20fa?s=96&d=mm&r=g\",\"contentUrl\":\"https:\/\/secure.gravatar.com\/avatar\/bb922115afcbfb086f9c52d1dd4a20fa?s=96&d=mm&r=g\",\"caption\":\"Professor Clebinho\"},\"sameAs\":[\"https:\/\/www.clebinho.pro.br\/wp\"],\"url\":\"https:\/\/www.clebinho.pro.br\/wp\/?author=2\"}]}<\/script>\n<!-- \/ Yoast SEO plugin. -->","yoast_head_json":{"title":"114. Viagem ao Centro da Terra (Crosta) - Blog do Professor Clebinho","robots":{"index":"index","follow":"follow","max-snippet":"max-snippet:-1","max-image-preview":"max-image-preview:large","max-video-preview":"max-video-preview:-1"},"canonical":"https:\/\/www.clebinho.pro.br\/wp\/?p=5136","og_locale":"pt_BR","og_type":"article","og_title":"114. Viagem ao Centro da Terra (Crosta) - Blog do Professor Clebinho","og_description":"Um dos assuntos mais interessantes da geografia \u00e9 o estudo do\u00a0interior do nosso planeta. Conhecer o que existe abaixo de n\u00f3s \u00e9, al\u00e9m de tremendamente curioso, importante para o entendimento da din\u00e2mica que transforma o relevo da Terra. Em 1864, o c\u00e9lebre escritor franc\u00eas J\u00falio Verne escreveu um livro explorando o interesse\u00a0humano sobre o assunto. [&hellip;]","og_url":"https:\/\/www.clebinho.pro.br\/wp\/?p=5136","og_site_name":"Blog do Professor Clebinho","article_published_time":"2016-04-26T18:20:49+00:00","article_modified_time":"2017-10-18T13:26:51+00:00","og_image":[{"width":500,"height":500,"url":"https:\/\/clebinho.pro.br\/wp\/wp-content\/uploads\/2016\/04\/litosfera-camada-solida-planeta-565ca0a27f03e.jpg","type":"image\/jpeg"}],"author":"Professor Clebinho","twitter_card":"summary_large_image","twitter_misc":{"Escrito por":"Professor Clebinho","Est. tempo de leitura":"5 minutos"},"schema":{"@context":"https:\/\/schema.org","@graph":[{"@type":"WebPage","@id":"https:\/\/www.clebinho.pro.br\/wp\/?p=5136","url":"https:\/\/www.clebinho.pro.br\/wp\/?p=5136","name":"114. Viagem ao Centro da Terra (Crosta) - Blog do Professor Clebinho","isPartOf":{"@id":"https:\/\/www.clebinho.pro.br\/wp\/#website"},"datePublished":"2016-04-26T18:20:49+00:00","dateModified":"2017-10-18T13:26:51+00:00","author":{"@id":"https:\/\/www.clebinho.pro.br\/wp\/#\/schema\/person\/73417286de03a1ad762ac7d8ca8c6b77"},"breadcrumb":{"@id":"https:\/\/www.clebinho.pro.br\/wp\/?p=5136#breadcrumb"},"inLanguage":"pt-BR","potentialAction":[{"@type":"ReadAction","target":["https:\/\/www.clebinho.pro.br\/wp\/?p=5136"]}]},{"@type":"BreadcrumbList","@id":"https:\/\/www.clebinho.pro.br\/wp\/?p=5136#breadcrumb","itemListElement":[{"@type":"ListItem","position":1,"name":"In\u00edcio","item":"https:\/\/www.clebinho.pro.br\/wp"},{"@type":"ListItem","position":2,"name":"114. Viagem ao Centro da Terra (Crosta)"}]},{"@type":"WebSite","@id":"https:\/\/www.clebinho.pro.br\/wp\/#website","url":"https:\/\/www.clebinho.pro.br\/wp\/","name":"Blog do Professor Clebinho","description":"Um espa\u00e7o virtual privilegiado oferecido pelo professor Clebinho, seus alunos, ex-alunos e demais interessados no debate de atualidades, hist\u00f3ria, geografia, geopolitica e meio ambiente","potentialAction":[{"@type":"SearchAction","target":{"@type":"EntryPoint","urlTemplate":"https:\/\/www.clebinho.pro.br\/wp\/?s={search_term_string}"},"query-input":"required name=search_term_string"}],"inLanguage":"pt-BR"},{"@type":"Person","@id":"https:\/\/www.clebinho.pro.br\/wp\/#\/schema\/person\/73417286de03a1ad762ac7d8ca8c6b77","name":"Professor Clebinho","image":{"@type":"ImageObject","inLanguage":"pt-BR","@id":"https:\/\/www.clebinho.pro.br\/wp\/#\/schema\/person\/image\/","url":"https:\/\/secure.gravatar.com\/avatar\/bb922115afcbfb086f9c52d1dd4a20fa?s=96&d=mm&r=g","contentUrl":"https:\/\/secure.gravatar.com\/avatar\/bb922115afcbfb086f9c52d1dd4a20fa?s=96&d=mm&r=g","caption":"Professor Clebinho"},"sameAs":["https:\/\/www.clebinho.pro.br\/wp"],"url":"https:\/\/www.clebinho.pro.br\/wp\/?author=2"}]}},"_links":{"self":[{"href":"https:\/\/www.clebinho.pro.br\/wp\/index.php?rest_route=\/wp\/v2\/posts\/5136"}],"collection":[{"href":"https:\/\/www.clebinho.pro.br\/wp\/index.php?rest_route=\/wp\/v2\/posts"}],"about":[{"href":"https:\/\/www.clebinho.pro.br\/wp\/index.php?rest_route=\/wp\/v2\/types\/post"}],"author":[{"embeddable":true,"href":"https:\/\/www.clebinho.pro.br\/wp\/index.php?rest_route=\/wp\/v2\/users\/2"}],"replies":[{"embeddable":true,"href":"https:\/\/www.clebinho.pro.br\/wp\/index.php?rest_route=%2Fwp%2Fv2%2Fcomments&post=5136"}],"version-history":[{"count":58,"href":"https:\/\/www.clebinho.pro.br\/wp\/index.php?rest_route=\/wp\/v2\/posts\/5136\/revisions"}],"predecessor-version":[{"id":11209,"href":"https:\/\/www.clebinho.pro.br\/wp\/index.php?rest_route=\/wp\/v2\/posts\/5136\/revisions\/11209"}],"wp:featuredmedia":[{"embeddable":true,"href":"https:\/\/www.clebinho.pro.br\/wp\/index.php?rest_route=\/wp\/v2\/media\/5206"}],"wp:attachment":[{"href":"https:\/\/www.clebinho.pro.br\/wp\/index.php?rest_route=%2Fwp%2Fv2%2Fmedia&parent=5136"}],"wp:term":[{"taxonomy":"category","embeddable":true,"href":"https:\/\/www.clebinho.pro.br\/wp\/index.php?rest_route=%2Fwp%2Fv2%2Fcategories&post=5136"},{"taxonomy":"post_tag","embeddable":true,"href":"https:\/\/www.clebinho.pro.br\/wp\/index.php?rest_route=%2Fwp%2Fv2%2Ftags&post=5136"}],"curies":[{"name":"wp","href":"https:\/\/api.w.org\/{rel}","templated":true}]}}