{"id":548,"date":"2015-03-22T07:00:34","date_gmt":"2015-03-22T10:00:34","guid":{"rendered":"http:\/\/www.clebinho.pro.br\/?p=548"},"modified":"2017-10-11T12:19:35","modified_gmt":"2017-10-11T15:19:35","slug":"a-quem-pertence-o-mar","status":"publish","type":"post","link":"https:\/\/www.clebinho.pro.br\/wp\/?p=548","title":{"rendered":"18. A Quem Pertencem os Oceanos?"},"content":{"rendered":"<p style=\"text-align: justify;\">Nesta data, Dia Mundial da \u00c1gua, nos lembramos de uma d\u00favida muito interessante que ocorre em sala de aula, quando o assunto s\u00e3o os Oceanos e Mares.<\/p>\n<p style=\"text-align: justify;\">At\u00e9 qual ponto vai a soberania de um pa\u00eds?<\/p>\n<p style=\"text-align: justify;\">Vamos falar da \u00e1gua salgada e a quem ela pertence.<\/p>\n<p style=\"text-align: justify;\">A ONU (Organiza\u00e7\u00e3o das Na\u00e7\u00f5es Unidas) \u00e9 quem patrocina os acordos que definiram a soberania sobre as \u00e1guas salgadas, que correspondem a 71% da superf\u00edcie da Terra. O Brasil \u00e9 signat\u00e1rio da <strong>Conven\u00e7\u00e3o das Na\u00e7\u00f5es Unidas sobre o Direito do Mar.<\/strong><\/p>\n<div style=\"width: 456px\" class=\"wp-caption aligncenter\"><img loading=\"lazy\" decoding=\"async\" src=\"http:\/\/upload.wikimedia.org\/wikipedia\/commons\/thumb\/4\/43\/Law_of_the_Sea_Convention.svg\/940px-Law_of_the_Sea_Convention.svg.png\" alt=\"&quot;Donos&quot; da \u00e1gua dos mares e oceanos\" width=\"446\" height=\"197\" \/><p class=\"wp-caption-text\">De verde escuro pa\u00edses que Ratificaram a conven\u00e7\u00e3o. De verde claro pa\u00edses que assinaram, mas ainda n\u00e3o ratificaram.<br \/>Fonte: Wikip\u00e9dia<\/p><\/div>\n<p>.<\/p>\n<p style=\"text-align: justify;\">Um grande perigo para todos \u00e9 o fato dos EUA n\u00e3o terem assinado a conven\u00e7\u00e3o. A ideia Norte Americana \u00e9 n\u00e3o se comprometer com um tratado e,\u00a0 eventualmente,\u00a0assumir posi\u00e7\u00e3o de poder e\u00a0posse de alguma riqueza encontrada nos oceanos.<\/p>\n<p style=\"text-align: justify;\">Como quase todos os pa\u00edses\u00a0assinaram, mostraremos, em 4 partes, como funciona esta divis\u00e3o e limites, e sendo um assunto que envolve\u00a0leis e acordos internacionais, com algumas decis\u00f5es\u00a0\u00a0t\u00e9cnicas, exige aten\u00e7\u00e3o e observa\u00e7\u00e3o aos detalhes.<\/p>\n<p style=\"text-align: justify;\"><strong>1. Mar territorial<\/strong><br \/>\n\u00c9 a faixa de mar que se estende desde a praia, at\u00e9 uma dist\u00e2ncia de 12 milhas n\u00e1uticas (22,2 Km). O pa\u00eds \u00e9 totalmente soberano sobre esta parte do oceano que est\u00e1 a sua frente. Pegando nosso pa\u00eds como exemplo, nenhuma embarca\u00e7\u00e3o estrangeira pode adentrar est\u00e1 \u00e1rea sem a permiss\u00e3o da marinha brasileira. Literalmente \u00e9 uma extens\u00e3o do nosso territ\u00f3rio.<\/p>\n<div style=\"width: 418px\" class=\"wp-caption aligncenter\"><img loading=\"lazy\" decoding=\"async\" src=\"http:\/\/s2.glbimg.com\/gRpRP79X66XbMC-rmIqQjdxb0MM=\/620x465\/s.glbimg.com\/jo\/g1\/f\/original\/2014\/02\/04\/msc_orquestra.jpg\" alt=\"\" width=\"408\" height=\"306\" \/><p class=\"wp-caption-text\">Transatl\u00e2ntico chegando em Cabo Frio.<br \/> Imagem: g1.globo.com (Foto: Telma Flora)<\/p><\/div>\n<p>.<\/p>\n<p style=\"text-align: justify;\">Teoricamente, os bel\u00edssimos transatl\u00e2nticos que aportam no Brasil, principalmente durante o ver\u00e3o, s\u00f3 poderiam abrir as portas de seus cassinos fora de nossa jurisdi\u00e7\u00e3o, ou seja, quando sa\u00edssem do mar territorial.<\/p>\n<div style=\"width: 405px\" class=\"wp-caption aligncenter\"><img loading=\"lazy\" decoding=\"async\" class=\"transparent\" src=\"http:\/\/legado.vitoria.es.gov.br\/images\/negocios\/mapabr.gif\" alt=\"http:\/\/legado.vitoria.es.gov.br\/images\/negocios\/mapabr.gif\" width=\"395\" height=\"387\" \/><p class=\"wp-caption-text\">Mar territorial do Brasil, 22 Km da costa,\u00a0 destacado de azul mais forte. Fonte:legado.vitoria.es.gov.br<\/p><\/div>\n<p>.<\/p>\n<p style=\"text-align: justify;\"><strong>2. Zona Cont\u00edgua<\/strong><br \/>\nAp\u00f3s as 12 milhas n\u00e1uticas do Mar Territorial, existe a Zona Cont\u00edgua. Ela consiste em uma segunda faixa de mar, de 12 milhas, adjacente ao mar territorial. Nela, o pa\u00eds costeiro n\u00e3o possui mais soberania, mas tem jurisdi\u00e7\u00e3o legal espec\u00edfica para os fins de fiscaliza\u00e7\u00e3o no que tange \u00e0 alf\u00e2ndega, sa\u00fade, imigra\u00e7\u00e3o, portos e tr\u00e2nsito por \u00e1guas territoriais. \u00c9 como se fosse um escudo do Mar territorial, onde os navios podem ser parados antes de adentrar nosso territ\u00f3rio mar\u00edtimo.<\/p>\n<div style=\"width: 599px\" class=\"wp-caption aligncenter\"><img loading=\"lazy\" decoding=\"async\" id=\"irc_mi\" src=\"http:\/\/elistas.egrupos.net\/cgi-bin\/eGruposDMime.cgi?K9D9K9Q8L8xumopxCdtlozmepojdneu-nuCQRTUPQCwuhrCuwymqCUQPQdgb7\" alt=\"\" width=\"589\" height=\"214\" \/><p class=\"wp-caption-text\">Mar territorial, faixa de soberania Nacional e Zona Cont\u00edgua. Fonte:bloggeograficoadolescente.blogspot.com.br<\/p><\/div>\n<p>.<\/p>\n<p style=\"text-align: justify;\"><strong>3. ZEE \u2013 Zona Econ\u00f4mica Exclusiva<\/strong><br \/>\n\u00c9 uma faixa tamb\u00e9m posterior ao Mar Territorial. As suas primeiras 12 milhas se sobrep\u00f5em a Zona Cont\u00edgua. O limite m\u00e1ximo da ZEE \u00e9 de 188 milhas mar\u00edtimas a contar do limite exterior do Mar Territorial, ou 200 milhas (370 Km), a contar da costa.<br \/>\nNas ZEEs, qualquer embarca\u00e7\u00e3o goza do direito de navega\u00e7\u00e3o e sobrevoo, tamb\u00e9m podendo instalar cabos e dutos submarinos. O detalhe \u00e9 que nessa faixa, somente o pa\u00eds costeiro, de frente a ela, pode explorar economicamente. Petr\u00f3leo e pesca s\u00e3o exemplos de explora\u00e7\u00e3o econ\u00f4mica dessa \u00e1rea. O nosso Pr\u00e9-Sal, se localiza nessa faixa, ou seja, qualquer embarca\u00e7\u00e3o, de qualquer pa\u00eds, pode navegar sobre ele, mas somente n\u00f3s podemos explor\u00e1-lo.<\/p>\n<div style=\"width: 546px\" class=\"wp-caption aligncenter\"><img loading=\"lazy\" decoding=\"async\" src=\"http:\/\/lh5.ggpht.com\/-khIZHWF32jE\/TgPMrFiRv2I\/AAAAAAAAAvg\/qxkTXs8LLQ8\/4085-1%25255B3%25255D.jpg?imgmax=800\" alt=\"http:\/\/lh5.ggpht.com\/-khIZHWF32jE\/TgPMrFiRv2I\/AAAAAAAAAvg\/qxkTXs8LLQ8\/4085-1%25255B3%25255D.jpg?imgmax=800\" width=\"536\" height=\"265\" \/><p class=\"wp-caption-text\">Dist\u00e2ncias do Mar Territorial, da ZEE e da Plataforma Continental Brasileira. Fonte:geobarreiros.blogspot.com.br<\/p><\/div>\n<p>.<\/p>\n<p style=\"text-align: justify;\"><strong>4. Plataforma Continental.<\/strong><\/p>\n<p style=\"text-align: justify;\">\nPlataforma Continental \u00e9 uma parte do relevo submarino. A rigor, \u00e9 como se fosse uma continua\u00e7\u00e3o do continente embaixo d\u00b4\u00e1gua. \u00c9 o relevo que conecta a costa ao fundo do mar (plan\u00edcie abissal). A ONU\u00a0considera\u00a0a\u00a0 plataforma continental de um pa\u00eds at\u00e9 200 milhas n\u00e1uticas da costa, definindo assim a ZEE (Item 3). Por\u00e9m, ela permite que pa\u00edses que possuam Plataforma Continental mais extensa\u00a0que 200 milhas mar\u00edtimas, apresentem \u00e0 ONU uma proposi\u00e7\u00e3o para aumenta-la oficialmente.<\/p>\n<p style=\"text-align: justify;\">Pelo fato da Plataforma Brasileira ultrapassar as 200 milhas n\u00e1uticas, o Brasil apresentou, em 2004, um pedido de sua extens\u00e3o\u00a0 \u00e0 Comiss\u00e3o para os Limites da Plataforma Continental da ONU. No pedido, reivindicamos\u00a0um aumento de nossa ZEE, em alguns casos, para at\u00e9 350 Milhas n\u00e1uticas, ou 648Km da costa. Abaixo, de azul escuro, o alvo do nosso pedido de expans\u00e3o:<\/p>\n<div id=\"attachment_3992\" style=\"width: 243px\" class=\"wp-caption aligncenter\"><a href=\"https:\/\/clebinho.pro.br\/wp\/wp-content\/uploads\/2015\/03\/brasil.gif\"><img loading=\"lazy\" decoding=\"async\" aria-describedby=\"caption-attachment-3992\" class=\"wp-image-3992\" src=\"https:\/\/clebinho.pro.br\/wp\/wp-content\/uploads\/2015\/03\/brasil.gif\" alt=\"brasil\" width=\"233\" height=\"297\" \/><\/a><p id=\"caption-attachment-3992\" class=\"wp-caption-text\">De azul claro esta nossa ZEE, at\u00e9 370Km da costa. De azul escuro, o limite de nossa Plataforma Continental. \u00c9 essa regi\u00e3o que o Brasil pretende incorporar a seu uso exclusivo. Imagem: internet.<\/p><\/div>\n<p>.<\/p>\n<p style=\"text-align: justify;\">Fomos o segundo pa\u00eds a pedir essa expans\u00e3o da ZEE, a R\u00fassia foi o primeiro e teve o pedido negado. Nossa demanda\u00a0 ainda est\u00e1 em an\u00e1lises e estudos. Quanto maior for nossa ZEE, maior ser\u00e1 nosso zoneamento de explora\u00e7\u00e3o exclusiva.\u00a0 Se a resposta for positiva, acrescentaremos mais 712 mil quil\u00f4metros quadrados a nossa \u00e1rea de explora\u00e7\u00e3o. Isso corresponde ao tamanho dos Estados de S\u00e3o Paulo, Rio Grande do Sul e Paran\u00e1.<\/p>\n<p style=\"text-align: justify;\">Para finalizar, me perguntam como \u00e9 resolvido quando o Mar territorial ou a ZEE de um pa\u00eds coincide com de outro. Simples, \u00e9 dividido exatamente no meio do caminho entre os 2.<\/p>\n<p style=\"text-align: justify;\"><strong>Espero ter aumentado o conhecimento de todos os leitores. Curtam nossa <a href=\"https:\/\/www.facebook.com\/pages\/Clebinho\/1551769148421187?ref=settings\" target=\"_blank\" rel=\"noopener\">p\u00e1gina no Facebook <\/a>e compartilhem nosso texto! Abra\u00e7o do Clebinho!<\/strong><\/p>\n<p style=\"text-align: justify;\">Publicado em 22.03.2015<\/p>\n<p>&nbsp;<\/p>\n","protected":false},"excerpt":{"rendered":"<p>Nesta data, Dia Mundial da \u00c1gua, nos lembramos de uma d\u00favida muito interessante que ocorre em sala de aula, quando o assunto s\u00e3o os Oceanos e Mares. At\u00e9 qual ponto vai a soberania de um pa\u00eds? Vamos falar da \u00e1gua salgada e a quem ela pertence. A ONU (Organiza\u00e7\u00e3o das Na\u00e7\u00f5es Unidas) \u00e9 quem patrocina [&hellip;]<\/p>\n","protected":false},"author":2,"featured_media":553,"comment_status":"open","ping_status":"open","sticky":false,"template":"","format":"standard","meta":{"footnotes":""},"categories":[8,129,71,11,4,81,6],"tags":[252,25,255,251,257,258,253,256,254],"yoast_head":"<!-- This site is optimized with the Yoast SEO plugin v20.3 - https:\/\/yoast.com\/wordpress\/plugins\/seo\/ -->\n<title>18. A Quem Pertencem os Oceanos? - Blog do Professor Clebinho<\/title>\n<meta name=\"robots\" content=\"index, follow, max-snippet:-1, max-image-preview:large, max-video-preview:-1\" \/>\n<link rel=\"canonical\" href=\"https:\/\/www.clebinho.pro.br\/wp\/?p=548\" \/>\n<meta property=\"og:locale\" content=\"pt_BR\" \/>\n<meta property=\"og:type\" content=\"article\" \/>\n<meta property=\"og:title\" content=\"18. A Quem Pertencem os Oceanos? - Blog do Professor Clebinho\" \/>\n<meta property=\"og:description\" content=\"Nesta data, Dia Mundial da \u00c1gua, nos lembramos de uma d\u00favida muito interessante que ocorre em sala de aula, quando o assunto s\u00e3o os Oceanos e Mares. At\u00e9 qual ponto vai a soberania de um pa\u00eds? Vamos falar da \u00e1gua salgada e a quem ela pertence. A ONU (Organiza\u00e7\u00e3o das Na\u00e7\u00f5es Unidas) \u00e9 quem patrocina [&hellip;]\" \/>\n<meta property=\"og:url\" content=\"https:\/\/www.clebinho.pro.br\/wp\/?p=548\" \/>\n<meta property=\"og:site_name\" content=\"Blog do Professor Clebinho\" \/>\n<meta property=\"article:published_time\" content=\"2015-03-22T10:00:34+00:00\" \/>\n<meta property=\"article:modified_time\" content=\"2017-10-11T15:19:35+00:00\" \/>\n<meta property=\"og:image\" content=\"https:\/\/clebinho.pro.br\/wp\/wp-content\/uploads\/2015\/03\/4085-1.jpg\" \/>\n\t<meta property=\"og:image:width\" content=\"630\" \/>\n\t<meta property=\"og:image:height\" content=\"288\" \/>\n\t<meta property=\"og:image:type\" content=\"image\/jpeg\" \/>\n<meta name=\"author\" content=\"Professor Clebinho\" \/>\n<meta name=\"twitter:card\" content=\"summary_large_image\" \/>\n<meta name=\"twitter:label1\" content=\"Escrito por\" \/>\n\t<meta name=\"twitter:data1\" content=\"Professor Clebinho\" \/>\n\t<meta name=\"twitter:label2\" content=\"Est. tempo de leitura\" \/>\n\t<meta name=\"twitter:data2\" content=\"5 minutos\" \/>\n<script type=\"application\/ld+json\" class=\"yoast-schema-graph\">{\"@context\":\"https:\/\/schema.org\",\"@graph\":[{\"@type\":\"WebPage\",\"@id\":\"https:\/\/www.clebinho.pro.br\/wp\/?p=548\",\"url\":\"https:\/\/www.clebinho.pro.br\/wp\/?p=548\",\"name\":\"18. A Quem Pertencem os Oceanos? - Blog do Professor Clebinho\",\"isPartOf\":{\"@id\":\"https:\/\/www.clebinho.pro.br\/wp\/#website\"},\"datePublished\":\"2015-03-22T10:00:34+00:00\",\"dateModified\":\"2017-10-11T15:19:35+00:00\",\"author\":{\"@id\":\"https:\/\/www.clebinho.pro.br\/wp\/#\/schema\/person\/73417286de03a1ad762ac7d8ca8c6b77\"},\"breadcrumb\":{\"@id\":\"https:\/\/www.clebinho.pro.br\/wp\/?p=548#breadcrumb\"},\"inLanguage\":\"pt-BR\",\"potentialAction\":[{\"@type\":\"ReadAction\",\"target\":[\"https:\/\/www.clebinho.pro.br\/wp\/?p=548\"]}]},{\"@type\":\"BreadcrumbList\",\"@id\":\"https:\/\/www.clebinho.pro.br\/wp\/?p=548#breadcrumb\",\"itemListElement\":[{\"@type\":\"ListItem\",\"position\":1,\"name\":\"In\u00edcio\",\"item\":\"https:\/\/www.clebinho.pro.br\/wp\"},{\"@type\":\"ListItem\",\"position\":2,\"name\":\"18. A Quem Pertencem os Oceanos?\"}]},{\"@type\":\"WebSite\",\"@id\":\"https:\/\/www.clebinho.pro.br\/wp\/#website\",\"url\":\"https:\/\/www.clebinho.pro.br\/wp\/\",\"name\":\"Blog do Professor Clebinho\",\"description\":\"Um espa\u00e7o virtual privilegiado oferecido pelo professor Clebinho, seus alunos, ex-alunos e demais interessados no debate de atualidades, hist\u00f3ria, geografia, geopolitica e meio ambiente\",\"potentialAction\":[{\"@type\":\"SearchAction\",\"target\":{\"@type\":\"EntryPoint\",\"urlTemplate\":\"https:\/\/www.clebinho.pro.br\/wp\/?s={search_term_string}\"},\"query-input\":\"required name=search_term_string\"}],\"inLanguage\":\"pt-BR\"},{\"@type\":\"Person\",\"@id\":\"https:\/\/www.clebinho.pro.br\/wp\/#\/schema\/person\/73417286de03a1ad762ac7d8ca8c6b77\",\"name\":\"Professor Clebinho\",\"image\":{\"@type\":\"ImageObject\",\"inLanguage\":\"pt-BR\",\"@id\":\"https:\/\/www.clebinho.pro.br\/wp\/#\/schema\/person\/image\/\",\"url\":\"https:\/\/secure.gravatar.com\/avatar\/bb922115afcbfb086f9c52d1dd4a20fa?s=96&d=mm&r=g\",\"contentUrl\":\"https:\/\/secure.gravatar.com\/avatar\/bb922115afcbfb086f9c52d1dd4a20fa?s=96&d=mm&r=g\",\"caption\":\"Professor Clebinho\"},\"sameAs\":[\"https:\/\/www.clebinho.pro.br\/wp\"],\"url\":\"https:\/\/www.clebinho.pro.br\/wp\/?author=2\"}]}<\/script>\n<!-- \/ Yoast SEO plugin. -->","yoast_head_json":{"title":"18. A Quem Pertencem os Oceanos? - Blog do Professor Clebinho","robots":{"index":"index","follow":"follow","max-snippet":"max-snippet:-1","max-image-preview":"max-image-preview:large","max-video-preview":"max-video-preview:-1"},"canonical":"https:\/\/www.clebinho.pro.br\/wp\/?p=548","og_locale":"pt_BR","og_type":"article","og_title":"18. A Quem Pertencem os Oceanos? - Blog do Professor Clebinho","og_description":"Nesta data, Dia Mundial da \u00c1gua, nos lembramos de uma d\u00favida muito interessante que ocorre em sala de aula, quando o assunto s\u00e3o os Oceanos e Mares. At\u00e9 qual ponto vai a soberania de um pa\u00eds? Vamos falar da \u00e1gua salgada e a quem ela pertence. A ONU (Organiza\u00e7\u00e3o das Na\u00e7\u00f5es Unidas) \u00e9 quem patrocina [&hellip;]","og_url":"https:\/\/www.clebinho.pro.br\/wp\/?p=548","og_site_name":"Blog do Professor Clebinho","article_published_time":"2015-03-22T10:00:34+00:00","article_modified_time":"2017-10-11T15:19:35+00:00","og_image":[{"width":630,"height":288,"url":"https:\/\/clebinho.pro.br\/wp\/wp-content\/uploads\/2015\/03\/4085-1.jpg","type":"image\/jpeg"}],"author":"Professor Clebinho","twitter_card":"summary_large_image","twitter_misc":{"Escrito por":"Professor Clebinho","Est. tempo de leitura":"5 minutos"},"schema":{"@context":"https:\/\/schema.org","@graph":[{"@type":"WebPage","@id":"https:\/\/www.clebinho.pro.br\/wp\/?p=548","url":"https:\/\/www.clebinho.pro.br\/wp\/?p=548","name":"18. A Quem Pertencem os Oceanos? - Blog do Professor Clebinho","isPartOf":{"@id":"https:\/\/www.clebinho.pro.br\/wp\/#website"},"datePublished":"2015-03-22T10:00:34+00:00","dateModified":"2017-10-11T15:19:35+00:00","author":{"@id":"https:\/\/www.clebinho.pro.br\/wp\/#\/schema\/person\/73417286de03a1ad762ac7d8ca8c6b77"},"breadcrumb":{"@id":"https:\/\/www.clebinho.pro.br\/wp\/?p=548#breadcrumb"},"inLanguage":"pt-BR","potentialAction":[{"@type":"ReadAction","target":["https:\/\/www.clebinho.pro.br\/wp\/?p=548"]}]},{"@type":"BreadcrumbList","@id":"https:\/\/www.clebinho.pro.br\/wp\/?p=548#breadcrumb","itemListElement":[{"@type":"ListItem","position":1,"name":"In\u00edcio","item":"https:\/\/www.clebinho.pro.br\/wp"},{"@type":"ListItem","position":2,"name":"18. A Quem Pertencem os Oceanos?"}]},{"@type":"WebSite","@id":"https:\/\/www.clebinho.pro.br\/wp\/#website","url":"https:\/\/www.clebinho.pro.br\/wp\/","name":"Blog do Professor Clebinho","description":"Um espa\u00e7o virtual privilegiado oferecido pelo professor Clebinho, seus alunos, ex-alunos e demais interessados no debate de atualidades, hist\u00f3ria, geografia, geopolitica e meio ambiente","potentialAction":[{"@type":"SearchAction","target":{"@type":"EntryPoint","urlTemplate":"https:\/\/www.clebinho.pro.br\/wp\/?s={search_term_string}"},"query-input":"required name=search_term_string"}],"inLanguage":"pt-BR"},{"@type":"Person","@id":"https:\/\/www.clebinho.pro.br\/wp\/#\/schema\/person\/73417286de03a1ad762ac7d8ca8c6b77","name":"Professor Clebinho","image":{"@type":"ImageObject","inLanguage":"pt-BR","@id":"https:\/\/www.clebinho.pro.br\/wp\/#\/schema\/person\/image\/","url":"https:\/\/secure.gravatar.com\/avatar\/bb922115afcbfb086f9c52d1dd4a20fa?s=96&d=mm&r=g","contentUrl":"https:\/\/secure.gravatar.com\/avatar\/bb922115afcbfb086f9c52d1dd4a20fa?s=96&d=mm&r=g","caption":"Professor Clebinho"},"sameAs":["https:\/\/www.clebinho.pro.br\/wp"],"url":"https:\/\/www.clebinho.pro.br\/wp\/?author=2"}]}},"_links":{"self":[{"href":"https:\/\/www.clebinho.pro.br\/wp\/index.php?rest_route=\/wp\/v2\/posts\/548"}],"collection":[{"href":"https:\/\/www.clebinho.pro.br\/wp\/index.php?rest_route=\/wp\/v2\/posts"}],"about":[{"href":"https:\/\/www.clebinho.pro.br\/wp\/index.php?rest_route=\/wp\/v2\/types\/post"}],"author":[{"embeddable":true,"href":"https:\/\/www.clebinho.pro.br\/wp\/index.php?rest_route=\/wp\/v2\/users\/2"}],"replies":[{"embeddable":true,"href":"https:\/\/www.clebinho.pro.br\/wp\/index.php?rest_route=%2Fwp%2Fv2%2Fcomments&post=548"}],"version-history":[{"count":33,"href":"https:\/\/www.clebinho.pro.br\/wp\/index.php?rest_route=\/wp\/v2\/posts\/548\/revisions"}],"predecessor-version":[{"id":11017,"href":"https:\/\/www.clebinho.pro.br\/wp\/index.php?rest_route=\/wp\/v2\/posts\/548\/revisions\/11017"}],"wp:featuredmedia":[{"embeddable":true,"href":"https:\/\/www.clebinho.pro.br\/wp\/index.php?rest_route=\/wp\/v2\/media\/553"}],"wp:attachment":[{"href":"https:\/\/www.clebinho.pro.br\/wp\/index.php?rest_route=%2Fwp%2Fv2%2Fmedia&parent=548"}],"wp:term":[{"taxonomy":"category","embeddable":true,"href":"https:\/\/www.clebinho.pro.br\/wp\/index.php?rest_route=%2Fwp%2Fv2%2Fcategories&post=548"},{"taxonomy":"post_tag","embeddable":true,"href":"https:\/\/www.clebinho.pro.br\/wp\/index.php?rest_route=%2Fwp%2Fv2%2Ftags&post=548"}],"curies":[{"name":"wp","href":"https:\/\/api.w.org\/{rel}","templated":true}]}}