{"id":5532,"date":"2016-05-31T10:56:39","date_gmt":"2016-05-31T13:56:39","guid":{"rendered":"http:\/\/www.clebinho.pro.br\/?p=5532"},"modified":"2018-08-02T14:49:53","modified_gmt":"2018-08-02T16:49:53","slug":"efeito-estufa-consequencias","status":"publish","type":"post","link":"https:\/\/www.clebinho.pro.br\/wp\/?p=5532","title":{"rendered":"120. Aquecimento Global: Futuro Tr\u00e1gico"},"content":{"rendered":"<p style=\"text-align: justify;\">Em nosso <a href=\"https:\/\/www.clebinho.pro.br\/wp\/wp\/?p=5498\" target=\"_blank\" rel=\"noopener\">\u00faltimo texto <\/a>explicamos o que \u00e9 o Efeito Estufa e quais gases s\u00e3o respons\u00e1veis pelo fen\u00f4meno. O post de hoje desvenda outros mist\u00e9rios dentro deste fascinante tema:<\/p>\n<p style=\"text-align: justify;\"><strong>O planeta realmente est\u00e1 esquentando?<\/strong><\/p>\n<p style=\"text-align: justify;\">Que a temperatura m\u00e9dia da Terra aumentou nos \u00faltimos anos \u00e9 indiscut\u00edvel, como iremos provar a seguir. A d\u00favida que ainda persiste \u00e9 a interfer\u00eancia ou n\u00e3o da industrializa\u00e7\u00e3o neste processo.<\/p>\n<p style=\"text-align: justify;\">Dados levantados por cientistas vinculados ao <em><strong>IPCC\u00b9 <\/strong><\/em>afirmam que o s\u00e9culo XX foi o mais quente da hist\u00f3ria, desde a \u00faltima <em><strong>glacia\u00e7\u00e3o\u00b2. <\/strong><\/em>O aumento m\u00e9dio da temperatura j\u00e1 \u00e9 de mais de\u00a0 1\u00b0C em rela\u00e7\u00e3o ao in\u00edcio da Revolu\u00e7\u00e3o industrial <a href=\"http:\/\/oglobo.globo.com\/sociedade\/sustentabilidade\/temperatura-media-da-terra-cresceu-102-grau-celsius-desde-seculo-xix-18002272\" target=\"_blank\" rel=\"noopener\">(Fonte: Site do O Globo)<\/a>. Pode parecer pouco, mas em alguns locais do planeta faz toda a diferen\u00e7a<\/p>\n<div id=\"attachment_5750\" style=\"width: 350px\" class=\"wp-caption aligncenter\"><a href=\"https:\/\/clebinho.pro.br\/wp\/wp-content\/uploads\/2016\/05\/17179158.jpg\"><img loading=\"lazy\" decoding=\"async\" aria-describedby=\"caption-attachment-5750\" class=\"wp-image-5750\" src=\"https:\/\/clebinho.pro.br\/wp\/wp-content\/uploads\/2016\/05\/17179158-300x188.jpg\" alt=\"17179158\" width=\"340\" height=\"213\" srcset=\"https:\/\/www.clebinho.pro.br\/wp\/wp-content\/uploads\/2016\/05\/17179158-300x188.jpg 300w, https:\/\/www.clebinho.pro.br\/wp\/wp-content\/uploads\/2016\/05\/17179158.jpg 640w\" sizes=\"(max-width: 340px) 100vw, 340px\" \/><\/a><p id=\"caption-attachment-5750\" class=\"wp-caption-text\">Anomalias nas temperaturas nos \u00faltimos 130 anos. Cr\u00e9dito: Nasa\/GIS (Goddard Institute for Space Studies).<\/p><\/div>\n<p>.<\/p>\n<p style=\"text-align: justify;\">Tendo como base as temperaturas m\u00e9dias mensais entre 1951 e 1980 foi produzido o gr\u00e1fico acima. Podemos observar nitidamente que as anomalias de temperaturas eram para menos, antes do per\u00edodo base. Principalmente ap\u00f3s a d\u00e9cada de 1980, \u00e9 n\u00edtido um incremento de temperaturas anormais acima do par\u00e2metro estabelecido.<\/p>\n<p style=\"text-align: justify;\">\u00c9 natural que as m\u00e9dias de temperaturas variem\u00a0ao longo dos anos, como podemos perceber no gr\u00e1fico. Por\u00e9m,\u00a0\u00e9 n\u00edtido um vi\u00e9s de alta nos \u00faltimos anos.<\/p>\n<p style=\"text-align: justify;\">O mapa abaixo nos mostra anomalias nas temperaturas em todo o mundo no ano de 2010. Em vermelho temperaturas mais quentes que o normal, em azul mais frias. Percebam a predomin\u00e2ncia do vermelho.<\/p>\n<p><a href=\"https:\/\/clebinho.pro.br\/wp\/wp-content\/uploads\/2016\/05\/ddd.jpg\"><img loading=\"lazy\" decoding=\"async\" class=\"wp-image-5752  aligncenter\" src=\"https:\/\/clebinho.pro.br\/wp\/wp-content\/uploads\/2016\/05\/ddd-300x209.jpg\" alt=\"ddd\" width=\"321\" height=\"224\" srcset=\"https:\/\/www.clebinho.pro.br\/wp\/wp-content\/uploads\/2016\/05\/ddd-300x209.jpg 300w, https:\/\/www.clebinho.pro.br\/wp\/wp-content\/uploads\/2016\/05\/ddd.jpg 490w\" sizes=\"(max-width: 321px) 100vw, 321px\" \/><\/a><\/p>\n<p>&nbsp;<\/p>\n<p style=\"text-align: justify;\"><span style=\"color: #000000;\">A seguir, uma outra forma de percebermos isso. Seguindo a mesma l\u00f3gica de cores (vermelho e azul), percebam o dom\u00ednio das altas temperaturas em rela\u00e7\u00e3o as mais baixas.<\/span><\/p>\n<div id=\"attachment_5756\" style=\"width: 310px\" class=\"wp-caption aligncenter\"><a href=\"https:\/\/clebinho.pro.br\/wp\/wp-content\/uploads\/2016\/05\/Schermata-2015-04-16-alle-23.01.57.png\"><img loading=\"lazy\" decoding=\"async\" aria-describedby=\"caption-attachment-5756\" class=\"wp-image-5756 size-medium\" src=\"https:\/\/clebinho.pro.br\/wp\/wp-content\/uploads\/2016\/05\/Schermata-2015-04-16-alle-23.01.57-300x190.png\" alt=\"Schermata-2015-04-16-alle-23.01.57\" width=\"300\" height=\"190\" srcset=\"https:\/\/www.clebinho.pro.br\/wp\/wp-content\/uploads\/2016\/05\/Schermata-2015-04-16-alle-23.01.57-300x190.png 300w, https:\/\/www.clebinho.pro.br\/wp\/wp-content\/uploads\/2016\/05\/Schermata-2015-04-16-alle-23.01.57.png 750w\" sizes=\"(max-width: 300px) 100vw, 300px\" \/><\/a><p id=\"caption-attachment-5756\" class=\"wp-caption-text\">Os tons de azul mostram anomalias de temperaturas mais frias. Os tons de amarelo e vermelho mais quentes. Imagem: Internet<\/p><\/div>\n<p>&nbsp;<\/p>\n<p style=\"text-align: justify;\"><span style=\"color: #000000;\">Em uma proje\u00e7\u00e3o pessimista, estas temperaturas an\u00f4malas podem chegar a 4\u00b0C no futuro. Isso seria catastr\u00f3fico para grande parte do planeta e para a sobreviv\u00eancia dos seres humanos e demais esp\u00e9cies.<\/span><\/p>\n<p style=\"text-align: justify;\"><span style=\"color: #000000;\"><strong>Consequ\u00eancias do aquecimento\u00a0<\/strong><\/span><\/p>\n<p style=\"text-align: justify;\"><span style=\"color: #000000;\">A grande verdade \u00e9 que j\u00e1 estamos sofrendo consequ\u00eancias. O pior, no entanto, ainda est\u00e1 por vir nos pr\u00f3ximos anos. Entre\u00a0os principais problemas podemos destacar:<\/span><\/p>\n<ul style=\"text-align: justify;\">\n<li><span style=\"color: #000000;\">O<span style=\"color: #ff0000;\"><strong> derretimento das calotas polares <\/strong><\/span>e do gelo das montanhas. Isso j\u00e1 est\u00e1 ocorrendo. Como a \u00e1gua, mais cedo ou mais tarde, geralmente acaba desaguando nos oceanos, estamos observando um aumento nos n\u00edveis m\u00e9dios dos mesmos. Isso impacta diretamente cidades litor\u00e2neas. A National Geographic, fez uma lista de 10 lugares que podem ser engolidos pelo mar, <a style=\"color: #000000;\" href=\"http:\/\/viajeaqui.abril.com.br\/materias\/noticias-lugares-engolidos-pelo-mar\" target=\"_blank\" rel=\"noopener\">confiram.<\/a>\u00a0 \u00a0 \u00a0 \u00a0 \u00a0 \u00a0 \u00a0 \u00a0 \u00a0 \u00a0 \u00a0 \u00a0 \u00a0 \u00a0 \u00a0 \u00a0 \u00a0 \u00a0 \u00a0 \u00a0 \u00a0 \u00a0 Uma<\/span><span style=\"color: #000000;\">\u00a0reportagem do Jornal Nacional, da rede Globo, indica um aumento de at\u00e9 82 cm no litoral do Rio de Janeiro nos pr\u00f3ximos anos, <a style=\"color: #000000;\" href=\"http:\/\/g1.globo.com\/jornal-nacional\/noticia\/2015\/10\/cientistas-preveem-aumento-do-nivel-do-mar-em-2020.html\" target=\"_blank\" rel=\"noopener\">confiram.<\/a><\/span><\/li>\n<\/ul>\n<div id=\"attachment_5633\" style=\"width: 310px\" class=\"wp-caption aligncenter\"><a style=\"color: #000000;\" href=\"https:\/\/clebinho.pro.br\/wp\/wp-content\/uploads\/2016\/05\/McCarty_Glacier.jpg\"><img loading=\"lazy\" decoding=\"async\" aria-describedby=\"caption-attachment-5633\" class=\"wp-image-5633 size-medium\" src=\"https:\/\/clebinho.pro.br\/wp\/wp-content\/uploads\/2016\/05\/McCarty_Glacier-300x212.jpg\" alt=\"McCarty_Glacier\" width=\"300\" height=\"212\" srcset=\"https:\/\/www.clebinho.pro.br\/wp\/wp-content\/uploads\/2016\/05\/McCarty_Glacier-300x212.jpg 300w, https:\/\/www.clebinho.pro.br\/wp\/wp-content\/uploads\/2016\/05\/McCarty_Glacier.jpg 996w\" sizes=\"(max-width: 300px) 100vw, 300px\" \/><\/a><p id=\"caption-attachment-5633\" class=\"wp-caption-text\"><span style=\"color: #000000;\">Foto produzido em um mesmo m\u00eas, por\u00e9m, em anos diferentes. Nos mostra como o gelo diminuiu nesta regi\u00e3o do Alasca. Imagem: Internet.<\/span><\/p><\/div>\n<p>.<\/p>\n<p style=\"text-align: justify;\"><span style=\"color: #000000;\">Outro exemplo \u00e9 o Glaciar Upsala, na Argentina:<\/span><\/p>\n<div id=\"attachment_5634\" style=\"width: 310px\" class=\"wp-caption aligncenter\"><a style=\"color: #000000;\" href=\"https:\/\/clebinho.pro.br\/wp\/wp-content\/uploads\/2016\/05\/1.jpg\"><img loading=\"lazy\" decoding=\"async\" aria-describedby=\"caption-attachment-5634\" class=\"wp-image-5634 size-medium\" src=\"https:\/\/clebinho.pro.br\/wp\/wp-content\/uploads\/2016\/05\/1-300x213.jpg\" alt=\"1\" width=\"300\" height=\"213\" srcset=\"https:\/\/www.clebinho.pro.br\/wp\/wp-content\/uploads\/2016\/05\/1-300x213.jpg 300w, https:\/\/www.clebinho.pro.br\/wp\/wp-content\/uploads\/2016\/05\/1.jpg 350w\" sizes=\"(max-width: 300px) 100vw, 300px\" \/><\/a><p id=\"caption-attachment-5634\" class=\"wp-caption-text\"><span style=\"color: #000000;\">Observem como a bancada de gelo desapareceu\u00a0na Argentina em 76 anos. Imagem: Internet.<\/span><\/p><\/div>\n<p>.<\/p>\n<p style=\"text-align: justify;\"><span style=\"color: #000000;\">Corremos o s\u00e9rio risco de, em poucos anos, presenciarmos\u00a0um ver\u00e3o com o\u00a0\u00c1rtico totalmente descongelado. Como n\u00e3o existe continente abaixo da maior parte do polo norte, poderemos ter a extin\u00e7\u00e3o de in\u00fameras esp\u00e9cies que ali habitam, como o Urso Polar.<\/span><\/p>\n<p style=\"text-align: justify;\"><span style=\"color: #000000;\">A imagem a seguir impressiona. Ela ilustra o que ocorreu com o gelo do \u00c1rtico entre 1979 e 2003.\u00a0Uma diferen\u00e7a de apenas 32 anos.<\/span><\/p>\n<div id=\"attachment_5637\" style=\"width: 310px\" class=\"wp-caption aligncenter\"><a style=\"color: #000000;\" href=\"https:\/\/clebinho.pro.br\/wp\/wp-content\/uploads\/2016\/05\/nasa.jpg\"><img loading=\"lazy\" decoding=\"async\" aria-describedby=\"caption-attachment-5637\" class=\"wp-image-5637 size-medium\" src=\"https:\/\/clebinho.pro.br\/wp\/wp-content\/uploads\/2016\/05\/nasa-300x156.jpg\" alt=\"nasa\" width=\"300\" height=\"156\" srcset=\"https:\/\/www.clebinho.pro.br\/wp\/wp-content\/uploads\/2016\/05\/nasa-300x156.jpg 300w, https:\/\/www.clebinho.pro.br\/wp\/wp-content\/uploads\/2016\/05\/nasa.jpg 673w\" sizes=\"(max-width: 300px) 100vw, 300px\" \/><\/a><p id=\"caption-attachment-5637\" class=\"wp-caption-text\"><span style=\"color: #000000;\">Aumento vis\u00edvel do degelo do \u00c1rtico. Imagem: Internet<\/span><\/p><\/div>\n<ul style=\"text-align: justify;\">\n<li><span style=\"color: #000000;\">Outra importante quest\u00e3o \u00e9 a\u00a0<\/span><strong><span style=\"color: #ff0000;\">desertifica\u00e7\u00e3o<\/span><\/strong>, <span style=\"color: #000000;\">representada pelo<\/span>\u00a0<span style=\"color: #000000;\">aumento de desertos. O incremento\u00a0da temperatura provoca mortes de esp\u00e9cies vegetais que, somado ao desmatamento, pode gerar novas regi\u00f5es \u00e1ridas no planeta. Al\u00e9m, \u00e9 claro, de aumentar a \u00e1rea das que j\u00e1 existem.<\/span><\/li>\n<\/ul>\n<div id=\"attachment_5641\" style=\"width: 310px\" class=\"wp-caption aligncenter\"><a href=\"https:\/\/clebinho.pro.br\/wp\/wp-content\/uploads\/2016\/05\/MapaDesertifica\u00e7\u00e3o2012.gif\"><img loading=\"lazy\" decoding=\"async\" aria-describedby=\"caption-attachment-5641\" class=\"wp-image-5641 size-medium\" src=\"https:\/\/clebinho.pro.br\/wp\/wp-content\/uploads\/2016\/05\/MapaDesertifica\u00e7\u00e3o2012-300x167.gif\" alt=\"MapaDesertifica\u00e7\u00e3o2012\" width=\"300\" height=\"167\" \/><\/a><p id=\"caption-attachment-5641\" class=\"wp-caption-text\">\u00c1reas com risco de desertifica\u00e7\u00e3o na Am\u00e9rica do Sul. Quanto mais pr\u00f3ximo do vermelho, maior o risco. Imagem: ETA-CPTEC<\/p><\/div>\n<ul style=\"text-align: justify;\">\n<li><span style=\"color: #000000;\">Os oceanos mais quentes potencializar\u00e3o as cat\u00e1strofes clim\u00e1ticas como<\/span><strong><span style=\"color: #ff0000;\"> furac\u00f5es, tuf\u00f5es e ciclones. <\/span><\/strong><span style=\"color: #000000;\">Os 3 nomes representam\u00a0basicamente\u00a0o mesmo fen\u00f4meno. A diferen\u00e7a \u00e9 o local onde ocorrem. \u00a0Saiba mais no <a href=\"http:\/\/www.estudopratico.com.br\/ciclones-furacoes-e-tufoes-o-que-sao-e-como-acontecem\/\" target=\"_blank\" rel=\"noopener\">site Estudo Pr\u00e1tico<\/a>.<\/span><\/li>\n<\/ul>\n<div id=\"attachment_5656\" style=\"width: 310px\" class=\"wp-caption aligncenter\"><a href=\"https:\/\/clebinho.pro.br\/wp\/wp-content\/uploads\/2016\/05\/Ciclones-y-huracanes-Formaci\u00f3n.jpg\"><img loading=\"lazy\" decoding=\"async\" aria-describedby=\"caption-attachment-5656\" class=\" wp-image-5656\" src=\"https:\/\/clebinho.pro.br\/wp\/wp-content\/uploads\/2016\/05\/Ciclones-y-huracanes-Formaci\u00f3n-300x196.jpg\" alt=\"Die Aufnahme des ISS (International Space Station) vom 15. September 2003 zeigt das Auge des Hurrikan Isabel. Der Hurrikan bedroht die Ostk\u00b8ste der USA. Starke Wirbelst\u00b8rme haben ein relativ ruhiges Zentrum: Das Auge. Foto: Nasa ACHTUNG:\u2020Honorarfrei nur f\u00b8r Bezieher des dpa-Dienstes Nachrichten f\u00b8r Kinder +++(c) dpa - Nachrichten f\u00b8r Kinder+++\" width=\"300\" height=\"196\" srcset=\"https:\/\/www.clebinho.pro.br\/wp\/wp-content\/uploads\/2016\/05\/Ciclones-y-huracanes-Formaci\u00f3n-300x196.jpg 300w, https:\/\/www.clebinho.pro.br\/wp\/wp-content\/uploads\/2016\/05\/Ciclones-y-huracanes-Formaci\u00f3n.jpg 900w\" sizes=\"(max-width: 300px) 100vw, 300px\" \/><\/a><p id=\"caption-attachment-5656\" class=\"wp-caption-text\">Furac\u00e3o Izabel observado em setembro de 2003. Imagem: Esta\u00e7\u00e3o Espacial Internacional-ISS<\/p><\/div>\n<ul style=\"text-align: justify;\">\n<li><span style=\"color: #000000;\">V\u00e1rias regi\u00f5es tamb\u00e9m sofrer\u00e3o com<\/span><strong><span style=\"color: #ff0000;\">\u00a0<\/span><\/strong><span style=\"color: #000000;\">impressionantes<\/span><span style=\"color: #ff0000;\"><b>\u00a0ondas de calor<\/b><\/span>. <span style=\"color: #000000;\">No ver\u00e3o Europeu de 2003, por exemplo, 70 mil pessoas morreram por causa das altas temperaturas. \u00cdndia e Paquist\u00e3o sofreram bastante em 2015, confiram<\/span><a href=\"http:\/\/g1.globo.com\/natureza\/noticia\/2015\/07\/ondas-de-calor-serao-mais-intensas-no-mundo-alertam-organizacoes.html\" target=\"_blank\" rel=\"noopener\"> no site G1.<\/a>\u00a0<span style=\"color: #000000;\">Este fen\u00f4meno ser\u00e1 cada vez mais comum.<\/span><\/li>\n<li><span style=\"color: #000000;\">Alterando o clima, obviamente a <span style=\"color: #ff0000;\"><strong>agricultura<\/strong> <\/span>ser\u00e1 afeta. \u00c9 um ramo econ\u00f4mico que\u00a0depende profundamente de um fluxo constante de\u00a0chuvas e temperaturas m\u00e9dias para produzir. Uma grave crise humanit\u00e1ria pode afetar o planeta.\u00a0<\/span><\/li>\n<\/ul>\n<p style=\"text-align: justify;\"><span style=\"color: #000000;\"><strong>Pr\u00f3ximo Texto<\/strong><\/span><\/p>\n<p style=\"text-align: justify;\"><span style=\"color: #000000;\">Na semana que vem vamos concluir se realmente os seres humanos s\u00e3o os grandes vil\u00f5es do tema\u00a0e o que vem sendo feito para\u00a0frear o aquecimento. Imperd\u00edvel!<\/span><\/p>\n<p style=\"text-align: justify;\"><span style=\"color: #000000;\"><strong>Espero ter aum<\/strong><strong>entado seu conhecimento. \u00a0Curta nossa p\u00e1gina<a style=\"color: #000000;\" href=\"https:\/\/www.facebook.com\/pages\/Clebinho\/1551769148421187?ref=settings\" target=\"_blank\" rel=\"noopener\"> no Facebook <\/a>e compartilhe nosso texto! Abra\u00e7o do Clebinho!<\/strong><\/span><\/p>\n<p style=\"text-align: justify;\"><span style=\"color: #000000;\"><strong>1 &#8211; IPCC:\u00a0<\/strong>\u00a0Painel Intergovernamental sobre Mudan\u00e7as Clim\u00e1ticas, mais conhecido pelo acr\u00f4nimo <b>IPCC<\/b> (em ingl\u00eas <i>Intergovernmental Panel on Climate Change<\/i>) \u00e9 uma organiza\u00e7\u00e3o\u00a0criada pela ONU com\u00a0objetivo de\u00a0divulgar o conhecimento mais avan\u00e7ado sobre as mudan\u00e7as clim\u00e1ticas que hoje afetam o mundo.<\/span><\/p>\n<p style=\"text-align: justify;\"><span style=\"color: #000000;\"><strong>2 &#8211; Glacia\u00e7\u00f5es: <\/strong>S\u00e3o fen\u00f4menos clim\u00e1ticos que ocorreram ao longo da\u00a0hist\u00f3ria do planeta Terra. S\u00e3o per\u00edodos de frio\u00a0intenso, dentro de uma era do gelo.<\/span><\/p>\n<p style=\"text-align: justify;\"><span style=\"color: #000000;\">Publicado em 01.06.2016<\/span><\/p>\n","protected":false},"excerpt":{"rendered":"<p>Em nosso \u00faltimo texto explicamos o que \u00e9 o Efeito Estufa e quais gases s\u00e3o respons\u00e1veis pelo fen\u00f4meno. O post de hoje desvenda outros mist\u00e9rios dentro deste fascinante tema: O planeta realmente est\u00e1 esquentando? Que a temperatura m\u00e9dia da Terra aumentou nos \u00faltimos anos \u00e9 indiscut\u00edvel, como iremos provar a seguir. A d\u00favida que ainda [&hellip;]<\/p>\n","protected":false},"author":2,"featured_media":5634,"comment_status":"open","ping_status":"open","sticky":false,"template":"","format":"standard","meta":{"footnotes":""},"categories":[8,129,71,11,1,4,6],"tags":[1115,1131,1119,1098,1123,1124,1111,1112,1121,681,1130,1125,1114,1117,1134,1129,1133,1127,1120,1132,1122,787,44,1113,1126,1118,1128,100,1116],"yoast_head":"<!-- This site is optimized with the Yoast SEO plugin v20.3 - https:\/\/yoast.com\/wordpress\/plugins\/seo\/ -->\n<title>120. Aquecimento Global: Futuro Tr\u00e1gico - Blog do Professor Clebinho<\/title>\n<meta name=\"robots\" content=\"index, follow, max-snippet:-1, max-image-preview:large, max-video-preview:-1\" \/>\n<link rel=\"canonical\" href=\"https:\/\/www.clebinho.pro.br\/wp\/?p=5532\" \/>\n<meta property=\"og:locale\" content=\"pt_BR\" \/>\n<meta property=\"og:type\" content=\"article\" \/>\n<meta property=\"og:title\" content=\"120. Aquecimento Global: Futuro Tr\u00e1gico - Blog do Professor Clebinho\" \/>\n<meta property=\"og:description\" content=\"Em nosso \u00faltimo texto explicamos o que \u00e9 o Efeito Estufa e quais gases s\u00e3o respons\u00e1veis pelo fen\u00f4meno. O post de hoje desvenda outros mist\u00e9rios dentro deste fascinante tema: O planeta realmente est\u00e1 esquentando? Que a temperatura m\u00e9dia da Terra aumentou nos \u00faltimos anos \u00e9 indiscut\u00edvel, como iremos provar a seguir. A d\u00favida que ainda [&hellip;]\" \/>\n<meta property=\"og:url\" content=\"https:\/\/www.clebinho.pro.br\/wp\/?p=5532\" \/>\n<meta property=\"og:site_name\" content=\"Blog do Professor Clebinho\" \/>\n<meta property=\"article:published_time\" content=\"2016-05-31T13:56:39+00:00\" \/>\n<meta property=\"article:modified_time\" content=\"2018-08-02T16:49:53+00:00\" \/>\n<meta property=\"og:image\" content=\"https:\/\/clebinho.pro.br\/wp\/wp-content\/uploads\/2016\/05\/1.jpg\" \/>\n\t<meta property=\"og:image:width\" content=\"350\" \/>\n\t<meta property=\"og:image:height\" content=\"248\" \/>\n\t<meta property=\"og:image:type\" content=\"image\/jpeg\" \/>\n<meta name=\"author\" content=\"Professor Clebinho\" \/>\n<meta name=\"twitter:card\" content=\"summary_large_image\" \/>\n<meta name=\"twitter:label1\" content=\"Escrito por\" \/>\n\t<meta name=\"twitter:data1\" content=\"Professor Clebinho\" \/>\n\t<meta name=\"twitter:label2\" content=\"Est. tempo de leitura\" \/>\n\t<meta name=\"twitter:data2\" content=\"5 minutos\" \/>\n<script type=\"application\/ld+json\" class=\"yoast-schema-graph\">{\"@context\":\"https:\/\/schema.org\",\"@graph\":[{\"@type\":\"WebPage\",\"@id\":\"https:\/\/www.clebinho.pro.br\/wp\/?p=5532\",\"url\":\"https:\/\/www.clebinho.pro.br\/wp\/?p=5532\",\"name\":\"120. Aquecimento Global: Futuro Tr\u00e1gico - Blog do Professor Clebinho\",\"isPartOf\":{\"@id\":\"https:\/\/www.clebinho.pro.br\/wp\/#website\"},\"datePublished\":\"2016-05-31T13:56:39+00:00\",\"dateModified\":\"2018-08-02T16:49:53+00:00\",\"author\":{\"@id\":\"https:\/\/www.clebinho.pro.br\/wp\/#\/schema\/person\/73417286de03a1ad762ac7d8ca8c6b77\"},\"breadcrumb\":{\"@id\":\"https:\/\/www.clebinho.pro.br\/wp\/?p=5532#breadcrumb\"},\"inLanguage\":\"pt-BR\",\"potentialAction\":[{\"@type\":\"ReadAction\",\"target\":[\"https:\/\/www.clebinho.pro.br\/wp\/?p=5532\"]}]},{\"@type\":\"BreadcrumbList\",\"@id\":\"https:\/\/www.clebinho.pro.br\/wp\/?p=5532#breadcrumb\",\"itemListElement\":[{\"@type\":\"ListItem\",\"position\":1,\"name\":\"In\u00edcio\",\"item\":\"https:\/\/www.clebinho.pro.br\/wp\"},{\"@type\":\"ListItem\",\"position\":2,\"name\":\"120. Aquecimento Global: Futuro Tr\u00e1gico\"}]},{\"@type\":\"WebSite\",\"@id\":\"https:\/\/www.clebinho.pro.br\/wp\/#website\",\"url\":\"https:\/\/www.clebinho.pro.br\/wp\/\",\"name\":\"Blog do Professor Clebinho\",\"description\":\"Um espa\u00e7o virtual privilegiado oferecido pelo professor Clebinho, seus alunos, ex-alunos e demais interessados no debate de atualidades, hist\u00f3ria, geografia, geopolitica e meio ambiente\",\"potentialAction\":[{\"@type\":\"SearchAction\",\"target\":{\"@type\":\"EntryPoint\",\"urlTemplate\":\"https:\/\/www.clebinho.pro.br\/wp\/?s={search_term_string}\"},\"query-input\":\"required name=search_term_string\"}],\"inLanguage\":\"pt-BR\"},{\"@type\":\"Person\",\"@id\":\"https:\/\/www.clebinho.pro.br\/wp\/#\/schema\/person\/73417286de03a1ad762ac7d8ca8c6b77\",\"name\":\"Professor Clebinho\",\"image\":{\"@type\":\"ImageObject\",\"inLanguage\":\"pt-BR\",\"@id\":\"https:\/\/www.clebinho.pro.br\/wp\/#\/schema\/person\/image\/\",\"url\":\"https:\/\/secure.gravatar.com\/avatar\/bb922115afcbfb086f9c52d1dd4a20fa?s=96&d=mm&r=g\",\"contentUrl\":\"https:\/\/secure.gravatar.com\/avatar\/bb922115afcbfb086f9c52d1dd4a20fa?s=96&d=mm&r=g\",\"caption\":\"Professor Clebinho\"},\"sameAs\":[\"https:\/\/www.clebinho.pro.br\/wp\"],\"url\":\"https:\/\/www.clebinho.pro.br\/wp\/?author=2\"}]}<\/script>\n<!-- \/ Yoast SEO plugin. -->","yoast_head_json":{"title":"120. Aquecimento Global: Futuro Tr\u00e1gico - Blog do Professor Clebinho","robots":{"index":"index","follow":"follow","max-snippet":"max-snippet:-1","max-image-preview":"max-image-preview:large","max-video-preview":"max-video-preview:-1"},"canonical":"https:\/\/www.clebinho.pro.br\/wp\/?p=5532","og_locale":"pt_BR","og_type":"article","og_title":"120. Aquecimento Global: Futuro Tr\u00e1gico - Blog do Professor Clebinho","og_description":"Em nosso \u00faltimo texto explicamos o que \u00e9 o Efeito Estufa e quais gases s\u00e3o respons\u00e1veis pelo fen\u00f4meno. O post de hoje desvenda outros mist\u00e9rios dentro deste fascinante tema: O planeta realmente est\u00e1 esquentando? Que a temperatura m\u00e9dia da Terra aumentou nos \u00faltimos anos \u00e9 indiscut\u00edvel, como iremos provar a seguir. A d\u00favida que ainda [&hellip;]","og_url":"https:\/\/www.clebinho.pro.br\/wp\/?p=5532","og_site_name":"Blog do Professor Clebinho","article_published_time":"2016-05-31T13:56:39+00:00","article_modified_time":"2018-08-02T16:49:53+00:00","og_image":[{"width":350,"height":248,"url":"https:\/\/clebinho.pro.br\/wp\/wp-content\/uploads\/2016\/05\/1.jpg","type":"image\/jpeg"}],"author":"Professor Clebinho","twitter_card":"summary_large_image","twitter_misc":{"Escrito por":"Professor Clebinho","Est. tempo de leitura":"5 minutos"},"schema":{"@context":"https:\/\/schema.org","@graph":[{"@type":"WebPage","@id":"https:\/\/www.clebinho.pro.br\/wp\/?p=5532","url":"https:\/\/www.clebinho.pro.br\/wp\/?p=5532","name":"120. Aquecimento Global: Futuro Tr\u00e1gico - Blog do Professor Clebinho","isPartOf":{"@id":"https:\/\/www.clebinho.pro.br\/wp\/#website"},"datePublished":"2016-05-31T13:56:39+00:00","dateModified":"2018-08-02T16:49:53+00:00","author":{"@id":"https:\/\/www.clebinho.pro.br\/wp\/#\/schema\/person\/73417286de03a1ad762ac7d8ca8c6b77"},"breadcrumb":{"@id":"https:\/\/www.clebinho.pro.br\/wp\/?p=5532#breadcrumb"},"inLanguage":"pt-BR","potentialAction":[{"@type":"ReadAction","target":["https:\/\/www.clebinho.pro.br\/wp\/?p=5532"]}]},{"@type":"BreadcrumbList","@id":"https:\/\/www.clebinho.pro.br\/wp\/?p=5532#breadcrumb","itemListElement":[{"@type":"ListItem","position":1,"name":"In\u00edcio","item":"https:\/\/www.clebinho.pro.br\/wp"},{"@type":"ListItem","position":2,"name":"120. Aquecimento Global: Futuro Tr\u00e1gico"}]},{"@type":"WebSite","@id":"https:\/\/www.clebinho.pro.br\/wp\/#website","url":"https:\/\/www.clebinho.pro.br\/wp\/","name":"Blog do Professor Clebinho","description":"Um espa\u00e7o virtual privilegiado oferecido pelo professor Clebinho, seus alunos, ex-alunos e demais interessados no debate de atualidades, hist\u00f3ria, geografia, geopolitica e meio ambiente","potentialAction":[{"@type":"SearchAction","target":{"@type":"EntryPoint","urlTemplate":"https:\/\/www.clebinho.pro.br\/wp\/?s={search_term_string}"},"query-input":"required name=search_term_string"}],"inLanguage":"pt-BR"},{"@type":"Person","@id":"https:\/\/www.clebinho.pro.br\/wp\/#\/schema\/person\/73417286de03a1ad762ac7d8ca8c6b77","name":"Professor Clebinho","image":{"@type":"ImageObject","inLanguage":"pt-BR","@id":"https:\/\/www.clebinho.pro.br\/wp\/#\/schema\/person\/image\/","url":"https:\/\/secure.gravatar.com\/avatar\/bb922115afcbfb086f9c52d1dd4a20fa?s=96&d=mm&r=g","contentUrl":"https:\/\/secure.gravatar.com\/avatar\/bb922115afcbfb086f9c52d1dd4a20fa?s=96&d=mm&r=g","caption":"Professor Clebinho"},"sameAs":["https:\/\/www.clebinho.pro.br\/wp"],"url":"https:\/\/www.clebinho.pro.br\/wp\/?author=2"}]}},"_links":{"self":[{"href":"https:\/\/www.clebinho.pro.br\/wp\/index.php?rest_route=\/wp\/v2\/posts\/5532"}],"collection":[{"href":"https:\/\/www.clebinho.pro.br\/wp\/index.php?rest_route=\/wp\/v2\/posts"}],"about":[{"href":"https:\/\/www.clebinho.pro.br\/wp\/index.php?rest_route=\/wp\/v2\/types\/post"}],"author":[{"embeddable":true,"href":"https:\/\/www.clebinho.pro.br\/wp\/index.php?rest_route=\/wp\/v2\/users\/2"}],"replies":[{"embeddable":true,"href":"https:\/\/www.clebinho.pro.br\/wp\/index.php?rest_route=%2Fwp%2Fv2%2Fcomments&post=5532"}],"version-history":[{"count":65,"href":"https:\/\/www.clebinho.pro.br\/wp\/index.php?rest_route=\/wp\/v2\/posts\/5532\/revisions"}],"predecessor-version":[{"id":13617,"href":"https:\/\/www.clebinho.pro.br\/wp\/index.php?rest_route=\/wp\/v2\/posts\/5532\/revisions\/13617"}],"wp:featuredmedia":[{"embeddable":true,"href":"https:\/\/www.clebinho.pro.br\/wp\/index.php?rest_route=\/wp\/v2\/media\/5634"}],"wp:attachment":[{"href":"https:\/\/www.clebinho.pro.br\/wp\/index.php?rest_route=%2Fwp%2Fv2%2Fmedia&parent=5532"}],"wp:term":[{"taxonomy":"category","embeddable":true,"href":"https:\/\/www.clebinho.pro.br\/wp\/index.php?rest_route=%2Fwp%2Fv2%2Fcategories&post=5532"},{"taxonomy":"post_tag","embeddable":true,"href":"https:\/\/www.clebinho.pro.br\/wp\/index.php?rest_route=%2Fwp%2Fv2%2Ftags&post=5532"}],"curies":[{"name":"wp","href":"https:\/\/api.w.org\/{rel}","templated":true}]}}