{"id":636,"date":"2015-04-01T06:00:08","date_gmt":"2015-04-01T09:00:08","guid":{"rendered":"http:\/\/www.clebinho.pro.br\/?p=636"},"modified":"2019-06-28T09:04:55","modified_gmt":"2019-06-28T11:04:55","slug":"e-se-morrerem-o-presidente-e-o-vice","status":"publish","type":"post","link":"https:\/\/www.clebinho.pro.br\/wp\/?p=636","title":{"rendered":"21. E Se Sa\u00edrem o Presidente e o Vice?"},"content":{"rendered":"<p style=\"text-align: justify;\">Uma quest\u00e3o bastante interessante e muito importante \u00a0surgiu nessas \u00faltimas semanas, onde o debate pol\u00edtico est\u00e1 bem acalorado.<\/p>\n<p style=\"text-align: justify;\">O que aconteceria caso\u00a0um\u00a0presidente no Brasil morresse, renunciasse ou fosse retirado do cargo, atrav\u00e9s de um impeachment e o\u00a0seu vice tamb\u00e9m n\u00e3o reunisse condi\u00e7\u00f5es de continuar o mandato?\u00a0Quem assumiria? Por quanto tempo permaneceria no cargo?<\/p>\n<div id=\"attachment_964\" style=\"width: 662px\" class=\"wp-caption aligncenter\"><a href=\"https:\/\/clebinho.pro.br\/wp\/wp-content\/uploads\/2015\/04\/FaixaPresidencial.jpg\"><img loading=\"lazy\" decoding=\"async\" aria-describedby=\"caption-attachment-964\" class=\"size-full wp-image-964\" src=\"https:\/\/clebinho.pro.br\/wp\/wp-content\/uploads\/2015\/04\/FaixaPresidencial.jpg\" alt=\"Reprodu\u00e7\u00e3o: Internet\" width=\"652\" height=\"408\" srcset=\"https:\/\/www.clebinho.pro.br\/wp\/wp-content\/uploads\/2015\/04\/FaixaPresidencial.jpg 652w, https:\/\/www.clebinho.pro.br\/wp\/wp-content\/uploads\/2015\/04\/FaixaPresidencial-300x188.jpg 300w\" sizes=\"(max-width: 652px) 100vw, 652px\" \/><\/a><p id=\"caption-attachment-964\" class=\"wp-caption-text\">Reprodu\u00e7\u00e3o: Internet<\/p><\/div>\n<h4 style=\"text-align: justify;\"><\/h4>\n<h4 style=\"text-align: justify;\"><span style=\"color: #ff0000;\">Condi\u00e7\u00f5es dos Candidatos<\/span><\/h4>\n<p style=\"text-align: justify;\">Antes da resposta, vamos observar um aspecto desconhecido de grande parte da popula\u00e7\u00e3o brasileira, a idade m\u00ednima para se candidatar a alguns cargos p\u00fablicos no Brasil:<\/p>\n<p style=\"text-align: justify;\">Em Junho de 2015 foram alteradas as idades m\u00ednimas para se candidatar a alguns cargos p\u00fablicos no Brasil. Veja como ficou:<\/p>\n<p style=\"text-align: justify;\" align=\"JUSTIFY\"><em><strong><span style=\"font-family: Arial;\">A<\/span><span style=\"font-family: Arial;\"> idade m\u00ednima de:<\/span><\/strong><\/em><\/p>\n<p style=\"text-align: justify;\" align=\"JUSTIFY\"><em><strong><span style=\"font-family: Arial;\">a) trinta e cinco anos para Presidente e Vice-Presidente da Rep\u00fablica;<\/span><\/strong><\/em><\/p>\n<p style=\"text-align: justify;\" align=\"JUSTIFY\"><em><strong><span style=\"font-family: Arial;\">b) vinte e nove anos para Senador, Governador e Vice-Governador de Estado e do Distrito Federal;<\/span><\/strong><\/em><\/p>\n<p style=\"text-align: justify;\" align=\"JUSTIFY\"><em><strong><span style=\"font-family: Arial;\">c) dezoito anos para Deputado Federal, Deputado Estadual ou Distrital, Prefeito, Vice-Prefeito e juiz de paz;<\/span><\/strong><\/em><\/p>\n<p style=\"text-align: justify;\" align=\"JUSTIFY\"><em><strong><span style=\"font-family: Arial;\">d) vinte e um anos para prefeito e dezoito anos para Vereador.<\/span><\/strong><\/em><\/p>\n<p style=\"text-align: justify;\" align=\"JUSTIFY\">Veja a reportagem completa no site <a href=\"http:\/\/noticias.uol.com.br\/politica\/ultimas-noticias\/2015\/06\/11\/camara-aprova-reducao-de-idade-para-candidatos-a-deputado.htm\" target=\"_blank\" rel=\"noopener\">UOL.<\/a><\/p>\n<div style=\"width: 423px\" class=\"wp-caption aligncenter\"><img loading=\"lazy\" decoding=\"async\" class=\"mw-mmv-final-image mw-mmv-dialog-is-open\" src=\"http:\/\/upload.wikimedia.org\/wikipedia\/commons\/f\/f2\/Palacio_Alvorada_commons.jpg\" alt=\"Pal\u00e1cio da Alvorada\" width=\"413\" height=\"276\" crossorigin=\"anonymous\" \/><p class=\"wp-caption-text\">Pal\u00e1cio da Alvorada &#8211; Resid\u00eancia Oficial do Presidente da Rep\u00fablica.<br \/>Reprodu\u00e7\u00e3o: Internet.<\/p><\/div>\n<h4 style=\"text-align: justify;\"><\/h4>\n<h4 style=\"text-align: justify;\"><span style=\"color: #ff0000;\">Candidato a Presidente<\/span><\/h4>\n<p style=\"text-align: justify;\">Para se candidatar a Presid\u00eancia da Rep\u00fablica, o cidad\u00e3o deve ter no m\u00ednimo 35 anos, como visto no item anterior e ser brasileiro nato. \u00c9 vedado ao cidad\u00e3o naturalizado se candidatar. Al\u00e9m de regras recentes que exigem\u00a0 enquadramento em condi\u00e7\u00f5es de &#8220;Ficha Limpa&#8221;, ter domic\u00edlio eleitoral no Brasil e ser afiliado a algum partido pol\u00edtico.<\/p>\n<div style=\"width: 428px\" class=\"wp-caption aligncenter\"><img loading=\"lazy\" decoding=\"async\" class=\"mw-mmv-final-image mw-mmv-dialog-is-open\" src=\"http:\/\/upload.wikimedia.org\/wikipedia\/commons\/thumb\/0\/00\/Pal%C3%A1cio_do_Planalto.jpg\/800px-Pal%C3%A1cio_do_Planalto.jpg\" alt=\"Pal\u00e1cio do Planalto\" width=\"418\" height=\"314\" crossorigin=\"anonymous\" \/><p class=\"wp-caption-text\">Pal\u00e1cio do Planalto &#8211; Sede do Poder Executivo &#8211; Local oficial de trabalho do presidente.<br \/>Reprodu\u00e7\u00e3o: Wikipedia<\/p><\/div>\n<p>.<\/p>\n<p style=\"text-align: justify;\">Voltando a pergunta, no caso do impedimento do presidente, por qualquer motivo, o vice, eleito na chapa junto com ele, deve assumir. Se ele tamb\u00e9m n\u00e3o reunir condi\u00e7\u00f5es de continuar o mandato, quem assume, pela ordem, devem ser, de maneira sucessiva: o Presidente da <strong>C\u00e2mara dos Deputados<\/strong>, o Presidente do <strong>Senado Federal<\/strong>\u00a0e o Presidente do <strong>Supremo Tribunal Federal<\/strong>.<\/p>\n<div style=\"width: 516px\" class=\"wp-caption aligncenter\"><img loading=\"lazy\" decoding=\"async\" class=\"CSS_LIGHTBOX_SCALED_IMAGE_IMG\" src=\"http:\/\/3.bp.blogspot.com\/-0dhHVhHYfRc\/UcZaSHN9IRI\/AAAAAAAAAFM\/_0FYh2KfnEo\/s1600\/Congresso-Nacional.jpg\" alt=\"Congresso Nacional\" width=\"506\" height=\"327\" \/><p class=\"wp-caption-text\">Congresso Nacional &#8211; Sede do Poder Legislativo<br \/>Reprodu\u00e7\u00e3o: Internet<\/p><\/div>\n<p>.<\/p>\n<p style=\"text-align: justify;\">Caso seja necess\u00e1rio que representantes do Legislativo ou Judici\u00e1rio assumam a presid\u00eancia, uma nova elei\u00e7\u00e3o deve ser convocada. O prazo para este novo pleito varia, se\u00a0faltarem mais de dois anos para se encerrar o mandato, \u00e9 de 90 dias, se faltarem menos de dois anos, cai para 30 dias. Os eleitos, nesse novo pleito, n\u00e3o governar\u00e3o por 4 anos, e sim, at\u00e9 completarem o mandato dos presidente e vice substitu\u00eddos.<\/p>\n<p style=\"text-align: justify;\">Um detalhe, se o mantado ainda estiver antes da metade (2 anos), as elei\u00e7\u00f5es ser\u00e3o diretas, ou seja, os brasileiros seriam convocados\u00a0para escolher um novo chefe para o Poder Executivo. Caso o mandato j\u00e1 esteja al\u00e9m da metade, quem elege o novo presidente \u00e9 o Congresso Nacional.<\/p>\n<p style=\"text-align: justify;\"><span style=\"color: #ff0000;\"><strong>Exemplo pr\u00e1tico<\/strong><\/span><\/p>\n<p style=\"text-align: justify;\">Como estamos em 2017, vamos supor que a Presidente Dilma e seu Vice-Presidente, Michel Temer, fiquem impedidos de continuarem o mandado para o qual foram reeleitos. O atual Presidente da C\u00e2mara dos Deputados, Eduardo Cunha, assumir\u00e1 e ter\u00e1 90 dias para convocar novas elei\u00e7\u00f5es. O vencedor terminar\u00e1 o atual mandado da Dilma.<\/p>\n<h4 style=\"text-align: justify;\"><span style=\"color: #ff0000;\">Condi\u00e7\u00e3o Intrigante<\/span><\/h4>\n<p style=\"text-align: justify;\">Para ser Presidente da Rep\u00fablica \u00e9 necess\u00e1rio ter, no m\u00ednimo, 35 anos. Para ser Deputado Federal e Presidente da C\u00e2mara apenas 18. Pode ent\u00e3o, o Presidente da C\u00e2mara, 3\u00ba na sucess\u00e3o, assumir a Presid\u00eancia da Rep\u00fablica, mesmo possuindo menos de\u00a0 35 anos de idade?<\/p>\n<p style=\"text-align: justify;\">Quem explica \u00e9 o jurista\u00a0Tiago Mantoan Farias Nunes em um artigo publicado:<\/p>\n<p style=\"text-align: justify;\">&#8220;N\u00e3o h\u00e1 texto constitucional vedando a <em>assun\u00e7\u00e3o<\/em> \u2013 mas sim a <em>elegibilidade<\/em> \u2013 de Deputado Federal, com idade inferior a 35 anos, que esteja na condi\u00e7\u00e3o de Presidente da C\u00e2mara Baixa. Havendo, pois, impedimento ou vac\u00e2ncia do Presidente e Vice-Presidente da Rep\u00fablica, entendemos que aquele Deputado<strong> n\u00e3o s\u00f3 pode como deve assumir<\/strong> a Chefia do Executivo Nacional provis\u00f3ria e interinamente.&#8221;<\/p>\n<p style=\"text-align: justify;\">Leia mais em <a href=\"http:\/\/jus.com.br\/artigos\/13438\/sucessao-presidencial-interina#ixzz3VEyJh0L7\" target=\"_blank\" rel=\"noopener\">Jus Navigandi.<\/a><\/p>\n<p style=\"text-align: justify;\"><strong>Espero ter aumentado o conhecimento de todos os leitores. Curtam nossa <a href=\"https:\/\/www.facebook.com\/pages\/Clebinho\/1551769148421187?ref=settings\" target=\"_blank\" rel=\"noopener\">p\u00e1gina no Facebook <\/a>e compartilhem nosso texto! Abra\u00e7o do Clebinho!<\/strong><\/p>\n<p style=\"text-align: justify;\">Publicado em 01.04.2015<\/p>\n<p style=\"text-align: justify;\"><strong>\u00a0<\/strong><\/p>\n<p>&nbsp;<\/p>\n<p>&nbsp;<\/p>\n<p>&nbsp;<\/p>\n","protected":false},"excerpt":{"rendered":"<p>Uma quest\u00e3o bastante interessante e muito importante \u00a0surgiu nessas \u00faltimas semanas, onde o debate pol\u00edtico est\u00e1 bem acalorado. O que aconteceria caso\u00a0um\u00a0presidente no Brasil morresse, renunciasse ou fosse retirado do cargo, atrav\u00e9s de um impeachment e o\u00a0seu vice tamb\u00e9m n\u00e3o reunisse condi\u00e7\u00f5es de continuar o mandato?\u00a0Quem assumiria? Por quanto tempo permaneceria no cargo? Condi\u00e7\u00f5es dos [&hellip;]<\/p>\n","protected":false},"author":2,"featured_media":964,"comment_status":"open","ping_status":"open","sticky":false,"template":"","format":"standard","meta":{"footnotes":""},"categories":[8,71,1,5,3],"tags":[641,325,323,62,66,948,326,324,327],"yoast_head":"<!-- This site is optimized with the Yoast SEO plugin v20.3 - https:\/\/yoast.com\/wordpress\/plugins\/seo\/ -->\n<title>21. E Se Sa\u00edrem o Presidente e o Vice? - Blog do Professor Clebinho<\/title>\n<meta name=\"robots\" content=\"index, follow, max-snippet:-1, max-image-preview:large, max-video-preview:-1\" \/>\n<link rel=\"canonical\" href=\"https:\/\/www.clebinho.pro.br\/wp\/?p=636\" \/>\n<meta property=\"og:locale\" content=\"pt_BR\" \/>\n<meta property=\"og:type\" content=\"article\" \/>\n<meta property=\"og:title\" content=\"21. E Se Sa\u00edrem o Presidente e o Vice? - Blog do Professor Clebinho\" \/>\n<meta property=\"og:description\" content=\"Uma quest\u00e3o bastante interessante e muito importante \u00a0surgiu nessas \u00faltimas semanas, onde o debate pol\u00edtico est\u00e1 bem acalorado. O que aconteceria caso\u00a0um\u00a0presidente no Brasil morresse, renunciasse ou fosse retirado do cargo, atrav\u00e9s de um impeachment e o\u00a0seu vice tamb\u00e9m n\u00e3o reunisse condi\u00e7\u00f5es de continuar o mandato?\u00a0Quem assumiria? Por quanto tempo permaneceria no cargo? Condi\u00e7\u00f5es dos [&hellip;]\" \/>\n<meta property=\"og:url\" content=\"https:\/\/www.clebinho.pro.br\/wp\/?p=636\" \/>\n<meta property=\"og:site_name\" content=\"Blog do Professor Clebinho\" \/>\n<meta property=\"article:published_time\" content=\"2015-04-01T09:00:08+00:00\" \/>\n<meta property=\"article:modified_time\" content=\"2019-06-28T11:04:55+00:00\" \/>\n<meta property=\"og:image\" content=\"https:\/\/clebinho.pro.br\/wp\/wp-content\/uploads\/2015\/04\/FaixaPresidencial.jpg\" \/>\n\t<meta property=\"og:image:width\" content=\"652\" \/>\n\t<meta property=\"og:image:height\" content=\"408\" \/>\n\t<meta property=\"og:image:type\" content=\"image\/jpeg\" \/>\n<meta name=\"author\" content=\"Professor Clebinho\" \/>\n<meta name=\"twitter:card\" content=\"summary_large_image\" \/>\n<meta name=\"twitter:label1\" content=\"Escrito por\" \/>\n\t<meta name=\"twitter:data1\" content=\"Professor Clebinho\" \/>\n\t<meta name=\"twitter:label2\" content=\"Est. tempo de leitura\" \/>\n\t<meta name=\"twitter:data2\" content=\"4 minutos\" \/>\n<script type=\"application\/ld+json\" class=\"yoast-schema-graph\">{\"@context\":\"https:\/\/schema.org\",\"@graph\":[{\"@type\":\"WebPage\",\"@id\":\"https:\/\/www.clebinho.pro.br\/wp\/?p=636\",\"url\":\"https:\/\/www.clebinho.pro.br\/wp\/?p=636\",\"name\":\"21. E Se Sa\u00edrem o Presidente e o Vice? - Blog do Professor Clebinho\",\"isPartOf\":{\"@id\":\"https:\/\/www.clebinho.pro.br\/wp\/#website\"},\"datePublished\":\"2015-04-01T09:00:08+00:00\",\"dateModified\":\"2019-06-28T11:04:55+00:00\",\"author\":{\"@id\":\"https:\/\/www.clebinho.pro.br\/wp\/#\/schema\/person\/73417286de03a1ad762ac7d8ca8c6b77\"},\"breadcrumb\":{\"@id\":\"https:\/\/www.clebinho.pro.br\/wp\/?p=636#breadcrumb\"},\"inLanguage\":\"pt-BR\",\"potentialAction\":[{\"@type\":\"ReadAction\",\"target\":[\"https:\/\/www.clebinho.pro.br\/wp\/?p=636\"]}]},{\"@type\":\"BreadcrumbList\",\"@id\":\"https:\/\/www.clebinho.pro.br\/wp\/?p=636#breadcrumb\",\"itemListElement\":[{\"@type\":\"ListItem\",\"position\":1,\"name\":\"In\u00edcio\",\"item\":\"https:\/\/www.clebinho.pro.br\/wp\"},{\"@type\":\"ListItem\",\"position\":2,\"name\":\"21. E Se Sa\u00edrem o Presidente e o Vice?\"}]},{\"@type\":\"WebSite\",\"@id\":\"https:\/\/www.clebinho.pro.br\/wp\/#website\",\"url\":\"https:\/\/www.clebinho.pro.br\/wp\/\",\"name\":\"Blog do Professor Clebinho\",\"description\":\"Um espa\u00e7o virtual privilegiado oferecido pelo professor Clebinho, seus alunos, ex-alunos e demais interessados no debate de atualidades, hist\u00f3ria, geografia, geopolitica e meio ambiente\",\"potentialAction\":[{\"@type\":\"SearchAction\",\"target\":{\"@type\":\"EntryPoint\",\"urlTemplate\":\"https:\/\/www.clebinho.pro.br\/wp\/?s={search_term_string}\"},\"query-input\":\"required name=search_term_string\"}],\"inLanguage\":\"pt-BR\"},{\"@type\":\"Person\",\"@id\":\"https:\/\/www.clebinho.pro.br\/wp\/#\/schema\/person\/73417286de03a1ad762ac7d8ca8c6b77\",\"name\":\"Professor Clebinho\",\"image\":{\"@type\":\"ImageObject\",\"inLanguage\":\"pt-BR\",\"@id\":\"https:\/\/www.clebinho.pro.br\/wp\/#\/schema\/person\/image\/\",\"url\":\"https:\/\/secure.gravatar.com\/avatar\/bb922115afcbfb086f9c52d1dd4a20fa?s=96&d=mm&r=g\",\"contentUrl\":\"https:\/\/secure.gravatar.com\/avatar\/bb922115afcbfb086f9c52d1dd4a20fa?s=96&d=mm&r=g\",\"caption\":\"Professor Clebinho\"},\"sameAs\":[\"https:\/\/www.clebinho.pro.br\/wp\"],\"url\":\"https:\/\/www.clebinho.pro.br\/wp\/?author=2\"}]}<\/script>\n<!-- \/ Yoast SEO plugin. -->","yoast_head_json":{"title":"21. E Se Sa\u00edrem o Presidente e o Vice? - Blog do Professor Clebinho","robots":{"index":"index","follow":"follow","max-snippet":"max-snippet:-1","max-image-preview":"max-image-preview:large","max-video-preview":"max-video-preview:-1"},"canonical":"https:\/\/www.clebinho.pro.br\/wp\/?p=636","og_locale":"pt_BR","og_type":"article","og_title":"21. E Se Sa\u00edrem o Presidente e o Vice? - Blog do Professor Clebinho","og_description":"Uma quest\u00e3o bastante interessante e muito importante \u00a0surgiu nessas \u00faltimas semanas, onde o debate pol\u00edtico est\u00e1 bem acalorado. O que aconteceria caso\u00a0um\u00a0presidente no Brasil morresse, renunciasse ou fosse retirado do cargo, atrav\u00e9s de um impeachment e o\u00a0seu vice tamb\u00e9m n\u00e3o reunisse condi\u00e7\u00f5es de continuar o mandato?\u00a0Quem assumiria? Por quanto tempo permaneceria no cargo? Condi\u00e7\u00f5es dos [&hellip;]","og_url":"https:\/\/www.clebinho.pro.br\/wp\/?p=636","og_site_name":"Blog do Professor Clebinho","article_published_time":"2015-04-01T09:00:08+00:00","article_modified_time":"2019-06-28T11:04:55+00:00","og_image":[{"width":652,"height":408,"url":"https:\/\/clebinho.pro.br\/wp\/wp-content\/uploads\/2015\/04\/FaixaPresidencial.jpg","type":"image\/jpeg"}],"author":"Professor Clebinho","twitter_card":"summary_large_image","twitter_misc":{"Escrito por":"Professor Clebinho","Est. tempo de leitura":"4 minutos"},"schema":{"@context":"https:\/\/schema.org","@graph":[{"@type":"WebPage","@id":"https:\/\/www.clebinho.pro.br\/wp\/?p=636","url":"https:\/\/www.clebinho.pro.br\/wp\/?p=636","name":"21. E Se Sa\u00edrem o Presidente e o Vice? - Blog do Professor Clebinho","isPartOf":{"@id":"https:\/\/www.clebinho.pro.br\/wp\/#website"},"datePublished":"2015-04-01T09:00:08+00:00","dateModified":"2019-06-28T11:04:55+00:00","author":{"@id":"https:\/\/www.clebinho.pro.br\/wp\/#\/schema\/person\/73417286de03a1ad762ac7d8ca8c6b77"},"breadcrumb":{"@id":"https:\/\/www.clebinho.pro.br\/wp\/?p=636#breadcrumb"},"inLanguage":"pt-BR","potentialAction":[{"@type":"ReadAction","target":["https:\/\/www.clebinho.pro.br\/wp\/?p=636"]}]},{"@type":"BreadcrumbList","@id":"https:\/\/www.clebinho.pro.br\/wp\/?p=636#breadcrumb","itemListElement":[{"@type":"ListItem","position":1,"name":"In\u00edcio","item":"https:\/\/www.clebinho.pro.br\/wp"},{"@type":"ListItem","position":2,"name":"21. E Se Sa\u00edrem o Presidente e o Vice?"}]},{"@type":"WebSite","@id":"https:\/\/www.clebinho.pro.br\/wp\/#website","url":"https:\/\/www.clebinho.pro.br\/wp\/","name":"Blog do Professor Clebinho","description":"Um espa\u00e7o virtual privilegiado oferecido pelo professor Clebinho, seus alunos, ex-alunos e demais interessados no debate de atualidades, hist\u00f3ria, geografia, geopolitica e meio ambiente","potentialAction":[{"@type":"SearchAction","target":{"@type":"EntryPoint","urlTemplate":"https:\/\/www.clebinho.pro.br\/wp\/?s={search_term_string}"},"query-input":"required name=search_term_string"}],"inLanguage":"pt-BR"},{"@type":"Person","@id":"https:\/\/www.clebinho.pro.br\/wp\/#\/schema\/person\/73417286de03a1ad762ac7d8ca8c6b77","name":"Professor Clebinho","image":{"@type":"ImageObject","inLanguage":"pt-BR","@id":"https:\/\/www.clebinho.pro.br\/wp\/#\/schema\/person\/image\/","url":"https:\/\/secure.gravatar.com\/avatar\/bb922115afcbfb086f9c52d1dd4a20fa?s=96&d=mm&r=g","contentUrl":"https:\/\/secure.gravatar.com\/avatar\/bb922115afcbfb086f9c52d1dd4a20fa?s=96&d=mm&r=g","caption":"Professor Clebinho"},"sameAs":["https:\/\/www.clebinho.pro.br\/wp"],"url":"https:\/\/www.clebinho.pro.br\/wp\/?author=2"}]}},"_links":{"self":[{"href":"https:\/\/www.clebinho.pro.br\/wp\/index.php?rest_route=\/wp\/v2\/posts\/636"}],"collection":[{"href":"https:\/\/www.clebinho.pro.br\/wp\/index.php?rest_route=\/wp\/v2\/posts"}],"about":[{"href":"https:\/\/www.clebinho.pro.br\/wp\/index.php?rest_route=\/wp\/v2\/types\/post"}],"author":[{"embeddable":true,"href":"https:\/\/www.clebinho.pro.br\/wp\/index.php?rest_route=\/wp\/v2\/users\/2"}],"replies":[{"embeddable":true,"href":"https:\/\/www.clebinho.pro.br\/wp\/index.php?rest_route=%2Fwp%2Fv2%2Fcomments&post=636"}],"version-history":[{"count":38,"href":"https:\/\/www.clebinho.pro.br\/wp\/index.php?rest_route=\/wp\/v2\/posts\/636\/revisions"}],"predecessor-version":[{"id":16285,"href":"https:\/\/www.clebinho.pro.br\/wp\/index.php?rest_route=\/wp\/v2\/posts\/636\/revisions\/16285"}],"wp:featuredmedia":[{"embeddable":true,"href":"https:\/\/www.clebinho.pro.br\/wp\/index.php?rest_route=\/wp\/v2\/media\/964"}],"wp:attachment":[{"href":"https:\/\/www.clebinho.pro.br\/wp\/index.php?rest_route=%2Fwp%2Fv2%2Fmedia&parent=636"}],"wp:term":[{"taxonomy":"category","embeddable":true,"href":"https:\/\/www.clebinho.pro.br\/wp\/index.php?rest_route=%2Fwp%2Fv2%2Fcategories&post=636"},{"taxonomy":"post_tag","embeddable":true,"href":"https:\/\/www.clebinho.pro.br\/wp\/index.php?rest_route=%2Fwp%2Fv2%2Ftags&post=636"}],"curies":[{"name":"wp","href":"https:\/\/api.w.org\/{rel}","templated":true}]}}