{"id":6952,"date":"2016-09-27T10:45:10","date_gmt":"2016-09-27T13:45:10","guid":{"rendered":"http:\/\/www.clebinho.pro.br\/?p=6952"},"modified":"2017-10-18T11:53:31","modified_gmt":"2017-10-18T14:53:31","slug":"tutsis-x-hutus","status":"publish","type":"post","link":"https:\/\/www.clebinho.pro.br\/wp\/?p=6952","title":{"rendered":"137. Ruanda: Tutsis x Hutus"},"content":{"rendered":"<p style=\"text-align: justify;\">O tema deste e do pr\u00f3ximo post \u00e9 simplesmente macabro. Uma das guerras mais terr\u00edveis da hist\u00f3ria da moderna. Uma cat\u00e1strofe humanit\u00e1ria. O maior n\u00famero de mortes em um curto espa\u00e7o de tempo j\u00e1 registrado.<\/p>\n<p style=\"text-align: justify;\">A poderosa ONU, virou as costas.<\/p>\n<p style=\"text-align: justify;\">Em dois textos, tentaremos entender\u00a0um pouco mais o incompreens\u00edvel. Vamos abordar a bizarra guerra entre <strong>Tutsis <\/strong>e<strong> Hutus<\/strong>.<\/p>\n<p style=\"text-align: justify;\"><strong>Ruanda<\/strong><\/p>\n<p style=\"text-align: justify;\"><span class=\"no-conversion\"><span lang=\"pt-br\">A atual Rep\u00fablica de Ruanda<\/span> <\/span>\u00e9 um pa\u00eds \u00a0localizado na regi\u00e3o dos Grandes Lagos da\u00a0\u00c1frica, no centro do continente.\u00a0 Faz fronteira com\u00a0Uganda, Burundi,\u00a0Tanz\u00e2nia e a gigante\u00a0Rep\u00fablica Democr\u00e1tica do Congo (antigo Zaire).<\/p>\n<div id=\"attachment_7036\" style=\"width: 310px\" class=\"wp-caption aligncenter\"><a href=\"https:\/\/clebinho.pro.br\/wp\/wp-content\/uploads\/2016\/09\/Ruanda-mapa.png\"><img loading=\"lazy\" decoding=\"async\" aria-describedby=\"caption-attachment-7036\" class=\"wp-image-7036 size-medium\" src=\"https:\/\/clebinho.pro.br\/wp\/wp-content\/uploads\/2016\/09\/Ruanda-mapa-300x279.png\" alt=\"ruanda-mapa\" width=\"300\" height=\"279\" srcset=\"https:\/\/www.clebinho.pro.br\/wp\/wp-content\/uploads\/2016\/09\/Ruanda-mapa-300x279.png 300w, https:\/\/www.clebinho.pro.br\/wp\/wp-content\/uploads\/2016\/09\/Ruanda-mapa.png 422w\" sizes=\"(max-width: 300px) 100vw, 300px\" \/><\/a><p id=\"caption-attachment-7036\" class=\"wp-caption-text\">Localiza\u00e7\u00e3o de Ruanda, antes col\u00f4nia alem\u00e3, posteriormente belga. Imagem: Internet<\/p><\/div>\n<p style=\"text-align: justify;\">.<\/p>\n<p style=\"text-align: justify;\">\u00c9 um pa\u00eds bastante pequeno, somente 26.338 Km\u00b2, pouco maior que o estado de Sergipe. Sua popula\u00e7\u00e3o \u00e9 bastante grande em rela\u00e7\u00e3o a seu tamanho, mais de 11 milh\u00f5es de habitantes, segundo o censo de 2010. Isso gera uma grande densidade demogr\u00e1fica, cerca de 320 hab.\/Km\u00b2.<\/p>\n<p style=\"text-align: justify;\">Possui um IDH ainda muito baixo, 0,483. Isso demonstra que ainda hoje o pa\u00eds n\u00e3o se recuperou totalmente de seu passado. N\u00e3o poderia ser diferente, ap\u00f3s dezenas de\u00a0anos de explora\u00e7\u00e3o e sofrimento.<\/p>\n<p style=\"text-align: justify;\"><strong>Hist\u00f3rico<\/strong><\/p>\n<p style=\"text-align: justify;\">A trag\u00e9dia remonta ao colonialismo. Durante o s\u00e9culo XIX, o continente africano foi repartido entre as pot\u00eancias europeias. Este fato juntou em mesmos pa\u00edses tribos, dialetos, religi\u00f5es e etnias diferente, gerando in\u00fameros conflitos na regi\u00e3o.\u00a0Ruanda, n\u00e3o ficou de fora.<\/p>\n<p style=\"text-align: justify;\">Pela divis\u00e3o imposta, o reino\u00a0esteve sob o dom\u00ednio alem\u00e3o. Ap\u00f3s a derrota germ\u00e2nica na I Guerra Mundial, a regi\u00e3o foi repassada para a B\u00e9lgica.<\/p>\n<div id=\"attachment_7038\" style=\"width: 260px\" class=\"wp-caption aligncenter\"><a href=\"https:\/\/clebinho.pro.br\/wp\/wp-content\/uploads\/2016\/09\/LocationRuandaUrundi.png\"><img loading=\"lazy\" decoding=\"async\" aria-describedby=\"caption-attachment-7038\" class=\"wp-image-7038 size-full\" src=\"https:\/\/clebinho.pro.br\/wp\/wp-content\/uploads\/2016\/09\/LocationRuandaUrundi.png\" alt=\"locationruandaurundi\" width=\"250\" height=\"115\" \/><\/a><p id=\"caption-attachment-7038\" class=\"wp-caption-text\">Regi\u00e3o central da \u00c1frica, colonizada pela B\u00e9lgica. A cor verde clara representa o antigo Zaire (atual Rep. Dem. do Congo). A cor verde escura representa Ruanda e Burundi. Imagem: Internet.<\/p><\/div>\n<p>&nbsp;<\/p>\n<p style=\"text-align: justify;\">A estrat\u00e9gia belga para manter o dom\u00ednio sobre sua col\u00f4nia era maquiav\u00e9lica. Entre as duas principais\u00a0etnias do local, escolheram para gerenciar o pa\u00eds os tutsis, uma minoria. Esse fato \u00e9 explicado por ser mais f\u00e1cil agradar um grupo menor do que um mais abrangente.<\/p>\n<p style=\"text-align: justify;\">Os europeus deram ao grupo minorit\u00e1rio poder e armas, para que assim, controlassem o pa\u00eds, oprimindo a maioria hutu. Deste modo, menos soldados belgas eram necess\u00e1rios para o servi\u00e7o sujo.<\/p>\n<div id=\"attachment_7042\" style=\"width: 310px\" class=\"wp-caption aligncenter\"><a href=\"https:\/\/clebinho.pro.br\/wp\/wp-content\/uploads\/2016\/09\/hqdefault.jpg\"><img loading=\"lazy\" decoding=\"async\" aria-describedby=\"caption-attachment-7042\" class=\"wp-image-7042 size-medium\" src=\"https:\/\/clebinho.pro.br\/wp\/wp-content\/uploads\/2016\/09\/hqdefault-300x225.jpg\" alt=\"hqdefault\" width=\"300\" height=\"225\" srcset=\"https:\/\/www.clebinho.pro.br\/wp\/wp-content\/uploads\/2016\/09\/hqdefault-300x225.jpg 300w, https:\/\/www.clebinho.pro.br\/wp\/wp-content\/uploads\/2016\/09\/hqdefault.jpg 480w\" sizes=\"(max-width: 300px) 100vw, 300px\" \/><\/a><p id=\"caption-attachment-7042\" class=\"wp-caption-text\">A minoria tutsi foi colocada no poder, controlando o pa\u00eds de acordo com os interesses belgas. Imagem: Internet<\/p><\/div>\n<p>&nbsp;<\/p>\n<p style=\"text-align: justify;\">A grande verdade \u00e9 que, ap\u00f3s anos de conviv\u00eancia, dificilmente se diferenciavam as etnias. O que valia era o hist\u00f3rico familiar. Mas para os belgas era interessante criar a divis\u00e3o. At\u00e9 mesmo medidas de narizes e faces foram criadas para se\u00a0identificar\u00a0\u00a0a \u00a0origem\u00a0do cidad\u00e3o.<\/p>\n<div id=\"attachment_7276\" style=\"width: 310px\" class=\"wp-caption aligncenter\"><a href=\"https:\/\/clebinho.pro.br\/wp\/wp-content\/uploads\/2016\/09\/ruanda6.jpg\"><img loading=\"lazy\" decoding=\"async\" aria-describedby=\"caption-attachment-7276\" class=\"wp-image-7276 size-medium\" src=\"https:\/\/clebinho.pro.br\/wp\/wp-content\/uploads\/2016\/09\/ruanda6-300x100.jpg\" alt=\"ruanda6\" width=\"300\" height=\"100\" srcset=\"https:\/\/www.clebinho.pro.br\/wp\/wp-content\/uploads\/2016\/09\/ruanda6-300x100.jpg 300w, https:\/\/www.clebinho.pro.br\/wp\/wp-content\/uploads\/2016\/09\/ruanda6.jpg 700w\" sizes=\"(max-width: 300px) 100vw, 300px\" \/><\/a><p id=\"caption-attachment-7276\" class=\"wp-caption-text\">Rei tutsi ao lado dos europeus. Imagem: <a href=\"http:\/\/www.myt.org.mx\/memoria\/ruanda.html\" target=\"_blank\" rel=\"noopener\">Myt.org\u00a0<\/a><\/p><\/div>\n<p>&nbsp;<\/p>\n<p style=\"text-align: justify;\">A diferen\u00e7a entre as duas etnias era m\u00ednima, mas foi acentuada pelos belgas, para que seu projeto de poder se perpetuasse. Os europeus definiram que os tutsis eram mais altos e com tra\u00e7os mais finos, frente aos hutus, mais baixos e\u00a0atarracados.<\/p>\n<p style=\"text-align: justify;\">Os hutus, come\u00e7aram a ser tratados como inferiores, moral e intelectualmente. Uma enorme rivalidade foi se formando entre os dois grupos \u00e9tnicos.<\/p>\n<p style=\"text-align: justify;\">Tornou-se obrigat\u00f3rio portar documento de identidade, discriminando qual era a sua etnia.<\/p>\n<div id=\"attachment_7041\" style=\"width: 310px\" class=\"wp-caption aligncenter\"><a href=\"https:\/\/clebinho.pro.br\/wp\/wp-content\/uploads\/2016\/09\/RUANDA_22_22.jpg\"><img loading=\"lazy\" decoding=\"async\" aria-describedby=\"caption-attachment-7041\" class=\"wp-image-7041 size-medium\" src=\"https:\/\/clebinho.pro.br\/wp\/wp-content\/uploads\/2016\/09\/RUANDA_22_22-300x200.jpg\" alt=\"ruanda_22_22\" width=\"300\" height=\"200\" srcset=\"https:\/\/www.clebinho.pro.br\/wp\/wp-content\/uploads\/2016\/09\/RUANDA_22_22-300x200.jpg 300w, https:\/\/www.clebinho.pro.br\/wp\/wp-content\/uploads\/2016\/09\/RUANDA_22_22.jpg 624w\" sizes=\"(max-width: 300px) 100vw, 300px\" \/><\/a><p id=\"caption-attachment-7041\" class=\"wp-caption-text\">Na imagem uma identidade de um cidad\u00e3o de Ruanda. Abaixo da foto, as 4 possibilidades de etnias. A op\u00e7\u00e3o n\u00e3o cortada era a etnia do cidad\u00e3o. No caso, tutsi. Imagem: Internet.<\/p><\/div>\n<p>&nbsp;<\/p>\n<p style=\"text-align: justify;\">Em 1962 o jogo virou, ap\u00f3s a independ\u00eancia de Ruanda.\u00a0Quatro\u00a0d\u00e9cadas depois, os tutsis perdem\u00a0o respaldo belga. Sendo assim, a maioria Hutu chega ao poder e inicia um processo de persegui\u00e7\u00e3o aos seus algozes. Uma bomba rel\u00f3gio estava em contagem regressiva.<\/p>\n<p style=\"text-align: justify;\">Etnias que falavam a mesma l\u00edngua e sempre compartilharam mesmos costumes, agora eram inimigas mortais. Em retalia\u00e7\u00e3o, v\u00e1rios tutsis foram perseguidos, mortos e expulsos do pa\u00eds.<\/p>\n<p style=\"text-align: justify;\"><strong>Guerra civil e viol\u00eancia<\/strong><\/p>\n<p style=\"text-align: justify;\">Com um governo Hutu e uma conviv\u00eancia dif\u00edcil entre as etnias, o pa\u00eds seguiu\u00a0seu caminho pelas d\u00e9cadas seguintes.<\/p>\n<p style=\"text-align: justify;\">A base da economia ruandesa era o caf\u00e9, produto que viu seu pre\u00e7o cair pela metade em 1989. O pa\u00eds que j\u00e1 era pobre, entrou em colapso.<\/p>\n<p style=\"text-align: justify;\">Exilados em pa\u00edses vizinhos, principalmente Uganda, os tutsis formaram uma for\u00e7a b\u00e9lica e invadiram sua antiga na\u00e7\u00e3o, com o intuito de retomar o poder. Para tal criaram a\u00a0Frente Patri\u00f3tica Ruandense (FPR), liderada por Paul Kagame.\u00a0Acusavam o governo\u00a0hutu pela crise que assolava a regi\u00e3o.<\/p>\n<div id=\"attachment_7046\" style=\"width: 310px\" class=\"wp-caption aligncenter\"><a href=\"https:\/\/clebinho.pro.br\/wp\/wp-content\/uploads\/2016\/09\/img_21480_entre-o-ceu-e-o-inferno.jpg\"><img loading=\"lazy\" decoding=\"async\" aria-describedby=\"caption-attachment-7046\" class=\"wp-image-7046 size-medium\" src=\"https:\/\/clebinho.pro.br\/wp\/wp-content\/uploads\/2016\/09\/img_21480_entre-o-ceu-e-o-inferno-300x199.jpg\" alt=\"img_21480_entre-o-ceu-e-o-inferno\" width=\"300\" height=\"199\" srcset=\"https:\/\/www.clebinho.pro.br\/wp\/wp-content\/uploads\/2016\/09\/img_21480_entre-o-ceu-e-o-inferno-300x199.jpg 300w, https:\/\/www.clebinho.pro.br\/wp\/wp-content\/uploads\/2016\/09\/img_21480_entre-o-ceu-e-o-inferno.jpg 500w\" sizes=\"(max-width: 300px) 100vw, 300px\" \/><\/a><p id=\"caption-attachment-7046\" class=\"wp-caption-text\">Paul Kagame e alguns soldados da FPR. Imagem: Internet<\/p><\/div>\n<p>&nbsp;<\/p>\n<p style=\"text-align: justify;\">Entre 1990 e 1993 uma terr\u00edvel guerra foi travada no pa\u00eds, com centenas de mortes em ambos os lados. A ONU, com atraso, \u00a0interveio, mediando uma paz, atrav\u00e9s da\u00a0cria\u00e7\u00e3o de um governo misto.<\/p>\n<p style=\"text-align: justify;\">Quando a situa\u00e7\u00e3o parecia se encaminhar para uma solu\u00e7\u00e3o, veio o cap\u00edtulo mais horrendo.<\/p>\n<p style=\"text-align: justify;\"><strong>Pr\u00f3ximo texto<\/strong><\/p>\n<p style=\"text-align: justify;\">Nosso post 138 \u00e9 um dos mais cru\u00e9is de nosso blog.\u00a0Tem in\u00edcio uma enorme limpeza \u00e9tnica.<\/p>\n<p style=\"text-align: justify;\">Como o \u00f3dio n\u00e3o \u00e9 o \u00fanico sentimento humano, traremos tamb\u00e9m um exemplo de fraternidade. \u00a0O compositor\u00a0j\u00e1 dizia, at\u00e9 no lix\u00e3o nascem flores. Mergulhados em um conflito cruel, veremos um grande ato de hero\u00edsmo, coragem e amor ao pr\u00f3ximo.\u00a0Imperd\u00edvel!<\/p>\n<p style=\"text-align: justify;\"><strong>Espero ter aum<\/strong><strong>entado seu conhecimento. Curta nossa p\u00e1gina<a href=\"https:\/\/www.facebook.com\/pages\/Clebinho\/1551769148421187?ref=settings\" target=\"_blank\" rel=\"noopener\"> no Facebook <\/a>e compartilhe nosso texto! Abra\u00e7o do Clebinho!<\/strong><\/p>\n<p style=\"text-align: justify;\">Publicado em\u00a028.09.2016<\/p>\n<p>&nbsp;<\/p>\n<p>&nbsp;<\/p>\n<p>&nbsp;<\/p>\n<p>&nbsp;<\/p>\n","protected":false},"excerpt":{"rendered":"<p>O tema deste e do pr\u00f3ximo post \u00e9 simplesmente macabro. Uma das guerras mais terr\u00edveis da hist\u00f3ria da moderna. Uma cat\u00e1strofe humanit\u00e1ria. O maior n\u00famero de mortes em um curto espa\u00e7o de tempo j\u00e1 registrado. A poderosa ONU, virou as costas. Em dois textos, tentaremos entender\u00a0um pouco mais o incompreens\u00edvel. Vamos abordar a bizarra guerra [&hellip;]<\/p>\n","protected":false},"author":2,"featured_media":7036,"comment_status":"open","ping_status":"open","sticky":false,"template":"","format":"standard","meta":{"footnotes":""},"categories":[71,139,1,4,81,5,3],"tags":[23,1244,551,1274,999,1276,1242,54,1240,1248,1252,1245,1275,1246,1241,1243,1239,1247,1273],"yoast_head":"<!-- This site is optimized with the Yoast SEO plugin v20.3 - https:\/\/yoast.com\/wordpress\/plugins\/seo\/ -->\n<title>137. Ruanda: Tutsis x Hutus - Blog do Professor Clebinho<\/title>\n<meta name=\"robots\" content=\"index, follow, max-snippet:-1, max-image-preview:large, max-video-preview:-1\" \/>\n<link rel=\"canonical\" href=\"https:\/\/www.clebinho.pro.br\/wp\/?p=6952\" \/>\n<meta property=\"og:locale\" content=\"pt_BR\" \/>\n<meta property=\"og:type\" content=\"article\" \/>\n<meta property=\"og:title\" content=\"137. Ruanda: Tutsis x Hutus - Blog do Professor Clebinho\" \/>\n<meta property=\"og:description\" content=\"O tema deste e do pr\u00f3ximo post \u00e9 simplesmente macabro. Uma das guerras mais terr\u00edveis da hist\u00f3ria da moderna. Uma cat\u00e1strofe humanit\u00e1ria. O maior n\u00famero de mortes em um curto espa\u00e7o de tempo j\u00e1 registrado. A poderosa ONU, virou as costas. Em dois textos, tentaremos entender\u00a0um pouco mais o incompreens\u00edvel. Vamos abordar a bizarra guerra [&hellip;]\" \/>\n<meta property=\"og:url\" content=\"https:\/\/www.clebinho.pro.br\/wp\/?p=6952\" \/>\n<meta property=\"og:site_name\" content=\"Blog do Professor Clebinho\" \/>\n<meta property=\"article:published_time\" content=\"2016-09-27T13:45:10+00:00\" \/>\n<meta property=\"article:modified_time\" content=\"2017-10-18T14:53:31+00:00\" \/>\n<meta property=\"og:image\" content=\"https:\/\/clebinho.pro.br\/wp\/wp-content\/uploads\/2016\/09\/Ruanda-mapa.png\" \/>\n\t<meta property=\"og:image:width\" content=\"422\" \/>\n\t<meta property=\"og:image:height\" content=\"393\" \/>\n\t<meta property=\"og:image:type\" content=\"image\/png\" \/>\n<meta name=\"author\" content=\"Professor Clebinho\" \/>\n<meta name=\"twitter:card\" content=\"summary_large_image\" \/>\n<meta name=\"twitter:label1\" content=\"Escrito por\" \/>\n\t<meta name=\"twitter:data1\" content=\"Professor Clebinho\" \/>\n\t<meta name=\"twitter:label2\" content=\"Est. tempo de leitura\" \/>\n\t<meta name=\"twitter:data2\" content=\"5 minutos\" \/>\n<script type=\"application\/ld+json\" class=\"yoast-schema-graph\">{\"@context\":\"https:\/\/schema.org\",\"@graph\":[{\"@type\":\"WebPage\",\"@id\":\"https:\/\/www.clebinho.pro.br\/wp\/?p=6952\",\"url\":\"https:\/\/www.clebinho.pro.br\/wp\/?p=6952\",\"name\":\"137. Ruanda: Tutsis x Hutus - Blog do Professor Clebinho\",\"isPartOf\":{\"@id\":\"https:\/\/www.clebinho.pro.br\/wp\/#website\"},\"datePublished\":\"2016-09-27T13:45:10+00:00\",\"dateModified\":\"2017-10-18T14:53:31+00:00\",\"author\":{\"@id\":\"https:\/\/www.clebinho.pro.br\/wp\/#\/schema\/person\/73417286de03a1ad762ac7d8ca8c6b77\"},\"breadcrumb\":{\"@id\":\"https:\/\/www.clebinho.pro.br\/wp\/?p=6952#breadcrumb\"},\"inLanguage\":\"pt-BR\",\"potentialAction\":[{\"@type\":\"ReadAction\",\"target\":[\"https:\/\/www.clebinho.pro.br\/wp\/?p=6952\"]}]},{\"@type\":\"BreadcrumbList\",\"@id\":\"https:\/\/www.clebinho.pro.br\/wp\/?p=6952#breadcrumb\",\"itemListElement\":[{\"@type\":\"ListItem\",\"position\":1,\"name\":\"In\u00edcio\",\"item\":\"https:\/\/www.clebinho.pro.br\/wp\"},{\"@type\":\"ListItem\",\"position\":2,\"name\":\"137. Ruanda: Tutsis x Hutus\"}]},{\"@type\":\"WebSite\",\"@id\":\"https:\/\/www.clebinho.pro.br\/wp\/#website\",\"url\":\"https:\/\/www.clebinho.pro.br\/wp\/\",\"name\":\"Blog do Professor Clebinho\",\"description\":\"Um espa\u00e7o virtual privilegiado oferecido pelo professor Clebinho, seus alunos, ex-alunos e demais interessados no debate de atualidades, hist\u00f3ria, geografia, geopolitica e meio ambiente\",\"potentialAction\":[{\"@type\":\"SearchAction\",\"target\":{\"@type\":\"EntryPoint\",\"urlTemplate\":\"https:\/\/www.clebinho.pro.br\/wp\/?s={search_term_string}\"},\"query-input\":\"required name=search_term_string\"}],\"inLanguage\":\"pt-BR\"},{\"@type\":\"Person\",\"@id\":\"https:\/\/www.clebinho.pro.br\/wp\/#\/schema\/person\/73417286de03a1ad762ac7d8ca8c6b77\",\"name\":\"Professor Clebinho\",\"image\":{\"@type\":\"ImageObject\",\"inLanguage\":\"pt-BR\",\"@id\":\"https:\/\/www.clebinho.pro.br\/wp\/#\/schema\/person\/image\/\",\"url\":\"https:\/\/secure.gravatar.com\/avatar\/bb922115afcbfb086f9c52d1dd4a20fa?s=96&d=mm&r=g\",\"contentUrl\":\"https:\/\/secure.gravatar.com\/avatar\/bb922115afcbfb086f9c52d1dd4a20fa?s=96&d=mm&r=g\",\"caption\":\"Professor Clebinho\"},\"sameAs\":[\"https:\/\/www.clebinho.pro.br\/wp\"],\"url\":\"https:\/\/www.clebinho.pro.br\/wp\/?author=2\"}]}<\/script>\n<!-- \/ Yoast SEO plugin. -->","yoast_head_json":{"title":"137. Ruanda: Tutsis x Hutus - Blog do Professor Clebinho","robots":{"index":"index","follow":"follow","max-snippet":"max-snippet:-1","max-image-preview":"max-image-preview:large","max-video-preview":"max-video-preview:-1"},"canonical":"https:\/\/www.clebinho.pro.br\/wp\/?p=6952","og_locale":"pt_BR","og_type":"article","og_title":"137. Ruanda: Tutsis x Hutus - Blog do Professor Clebinho","og_description":"O tema deste e do pr\u00f3ximo post \u00e9 simplesmente macabro. Uma das guerras mais terr\u00edveis da hist\u00f3ria da moderna. Uma cat\u00e1strofe humanit\u00e1ria. O maior n\u00famero de mortes em um curto espa\u00e7o de tempo j\u00e1 registrado. A poderosa ONU, virou as costas. Em dois textos, tentaremos entender\u00a0um pouco mais o incompreens\u00edvel. Vamos abordar a bizarra guerra [&hellip;]","og_url":"https:\/\/www.clebinho.pro.br\/wp\/?p=6952","og_site_name":"Blog do Professor Clebinho","article_published_time":"2016-09-27T13:45:10+00:00","article_modified_time":"2017-10-18T14:53:31+00:00","og_image":[{"width":422,"height":393,"url":"https:\/\/clebinho.pro.br\/wp\/wp-content\/uploads\/2016\/09\/Ruanda-mapa.png","type":"image\/png"}],"author":"Professor Clebinho","twitter_card":"summary_large_image","twitter_misc":{"Escrito por":"Professor Clebinho","Est. tempo de leitura":"5 minutos"},"schema":{"@context":"https:\/\/schema.org","@graph":[{"@type":"WebPage","@id":"https:\/\/www.clebinho.pro.br\/wp\/?p=6952","url":"https:\/\/www.clebinho.pro.br\/wp\/?p=6952","name":"137. Ruanda: Tutsis x Hutus - Blog do Professor Clebinho","isPartOf":{"@id":"https:\/\/www.clebinho.pro.br\/wp\/#website"},"datePublished":"2016-09-27T13:45:10+00:00","dateModified":"2017-10-18T14:53:31+00:00","author":{"@id":"https:\/\/www.clebinho.pro.br\/wp\/#\/schema\/person\/73417286de03a1ad762ac7d8ca8c6b77"},"breadcrumb":{"@id":"https:\/\/www.clebinho.pro.br\/wp\/?p=6952#breadcrumb"},"inLanguage":"pt-BR","potentialAction":[{"@type":"ReadAction","target":["https:\/\/www.clebinho.pro.br\/wp\/?p=6952"]}]},{"@type":"BreadcrumbList","@id":"https:\/\/www.clebinho.pro.br\/wp\/?p=6952#breadcrumb","itemListElement":[{"@type":"ListItem","position":1,"name":"In\u00edcio","item":"https:\/\/www.clebinho.pro.br\/wp"},{"@type":"ListItem","position":2,"name":"137. Ruanda: Tutsis x Hutus"}]},{"@type":"WebSite","@id":"https:\/\/www.clebinho.pro.br\/wp\/#website","url":"https:\/\/www.clebinho.pro.br\/wp\/","name":"Blog do Professor Clebinho","description":"Um espa\u00e7o virtual privilegiado oferecido pelo professor Clebinho, seus alunos, ex-alunos e demais interessados no debate de atualidades, hist\u00f3ria, geografia, geopolitica e meio ambiente","potentialAction":[{"@type":"SearchAction","target":{"@type":"EntryPoint","urlTemplate":"https:\/\/www.clebinho.pro.br\/wp\/?s={search_term_string}"},"query-input":"required name=search_term_string"}],"inLanguage":"pt-BR"},{"@type":"Person","@id":"https:\/\/www.clebinho.pro.br\/wp\/#\/schema\/person\/73417286de03a1ad762ac7d8ca8c6b77","name":"Professor Clebinho","image":{"@type":"ImageObject","inLanguage":"pt-BR","@id":"https:\/\/www.clebinho.pro.br\/wp\/#\/schema\/person\/image\/","url":"https:\/\/secure.gravatar.com\/avatar\/bb922115afcbfb086f9c52d1dd4a20fa?s=96&d=mm&r=g","contentUrl":"https:\/\/secure.gravatar.com\/avatar\/bb922115afcbfb086f9c52d1dd4a20fa?s=96&d=mm&r=g","caption":"Professor Clebinho"},"sameAs":["https:\/\/www.clebinho.pro.br\/wp"],"url":"https:\/\/www.clebinho.pro.br\/wp\/?author=2"}]}},"_links":{"self":[{"href":"https:\/\/www.clebinho.pro.br\/wp\/index.php?rest_route=\/wp\/v2\/posts\/6952"}],"collection":[{"href":"https:\/\/www.clebinho.pro.br\/wp\/index.php?rest_route=\/wp\/v2\/posts"}],"about":[{"href":"https:\/\/www.clebinho.pro.br\/wp\/index.php?rest_route=\/wp\/v2\/types\/post"}],"author":[{"embeddable":true,"href":"https:\/\/www.clebinho.pro.br\/wp\/index.php?rest_route=\/wp\/v2\/users\/2"}],"replies":[{"embeddable":true,"href":"https:\/\/www.clebinho.pro.br\/wp\/index.php?rest_route=%2Fwp%2Fv2%2Fcomments&post=6952"}],"version-history":[{"count":78,"href":"https:\/\/www.clebinho.pro.br\/wp\/index.php?rest_route=\/wp\/v2\/posts\/6952\/revisions"}],"predecessor-version":[{"id":11270,"href":"https:\/\/www.clebinho.pro.br\/wp\/index.php?rest_route=\/wp\/v2\/posts\/6952\/revisions\/11270"}],"wp:featuredmedia":[{"embeddable":true,"href":"https:\/\/www.clebinho.pro.br\/wp\/index.php?rest_route=\/wp\/v2\/media\/7036"}],"wp:attachment":[{"href":"https:\/\/www.clebinho.pro.br\/wp\/index.php?rest_route=%2Fwp%2Fv2%2Fmedia&parent=6952"}],"wp:term":[{"taxonomy":"category","embeddable":true,"href":"https:\/\/www.clebinho.pro.br\/wp\/index.php?rest_route=%2Fwp%2Fv2%2Fcategories&post=6952"},{"taxonomy":"post_tag","embeddable":true,"href":"https:\/\/www.clebinho.pro.br\/wp\/index.php?rest_route=%2Fwp%2Fv2%2Ftags&post=6952"}],"curies":[{"name":"wp","href":"https:\/\/api.w.org\/{rel}","templated":true}]}}