{"id":70,"date":"2015-02-04T07:00:03","date_gmt":"2015-02-04T10:00:03","guid":{"rendered":"http:\/\/srv01.hospedagemcpanel.com.br\/~clebinhopro\/wp\/?p=70"},"modified":"2019-09-09T21:16:30","modified_gmt":"2019-09-09T23:16:30","slug":"paradoxo-da-arabia-parte-2-final","status":"publish","type":"post","link":"https:\/\/www.clebinho.pro.br\/wp\/?p=70","title":{"rendered":"2. O Paradoxo da Ar\u00e1bia (Rivalidade Iraniana)"},"content":{"rendered":"<p style=\"text-align: justify;\">Continuando a prosa do post <a href=\"https:\/\/www.clebinho.pro.br\/wp\/wp\/?p=21\" target=\"_blank\" rel=\"noopener\">&#8220;O Paradoxo das Ar\u00e1bias &#8220;<\/a>, completamos a hist\u00f3ria e a nossa concep\u00e7\u00e3o sobre o tema. Vamos come\u00e7ar j\u00e1 mostrando dois inimigos ferrenhos no Oriente M\u00e9dio.<\/p>\n<div id=\"attachment_16955\" style=\"width: 310px\" class=\"wp-caption aligncenter\"><a href=\"https:\/\/clebinho.pro.br\/wp\/wp-content\/uploads\/2015\/02\/735_1301.jpg\"><img loading=\"lazy\" decoding=\"async\" aria-describedby=\"caption-attachment-16955\" class=\"wp-image-16955 size-medium\" src=\"https:\/\/clebinho.pro.br\/wp\/wp-content\/uploads\/2015\/02\/735_1301-300x297.jpg\" alt=\"\" width=\"300\" height=\"297\" srcset=\"https:\/\/www.clebinho.pro.br\/wp\/wp-content\/uploads\/2015\/02\/735_1301-300x297.jpg 300w, https:\/\/www.clebinho.pro.br\/wp\/wp-content\/uploads\/2015\/02\/735_1301-150x150.jpg 150w, https:\/\/www.clebinho.pro.br\/wp\/wp-content\/uploads\/2015\/02\/735_1301-60x60.jpg 60w, https:\/\/www.clebinho.pro.br\/wp\/wp-content\/uploads\/2015\/02\/735_1301.jpg 735w\" sizes=\"(max-width: 300px) 100vw, 300px\" \/><\/a><p id=\"caption-attachment-16955\" class=\"wp-caption-text\">Charge muito interessante. Mostra A Ar\u00e1bia Saudita (esquerda) e seu grande rival no Oriente M\u00e9dio, Ir\u00e3. A pomba da paz j\u00e1 foi fuzilada pelos dois pa\u00edses. Imagem: Internet.<\/p><\/div>\n<p style=\"text-align: justify;\">.<\/p>\n<h4 style=\"text-align: justify;\"><span style=\"color: #ff0000;\">Quest\u00f5es Paralelas<\/span><\/h4>\n<p style=\"text-align: justify;\">Como nem tudo \u00e9 t\u00e3o simples, existem quest\u00f5es paralelas e que envolvem interesses difusos e, muitas das vezes, apresentados \u00e0 opini\u00e3o p\u00fablica mundial como o principal problema. Sabe-se\u00a0que Ar\u00e1bia Saudita, pa\u00eds mu\u00e7ulmano, de maioria\u00a0Sunita, disputa a hegemonia da regi\u00e3o com o Ir\u00e3, pa\u00eds mu\u00e7ulmano, mas de maioria Xiita, dentre tantos outros conflitos religiosos naquela regi\u00e3o.<\/p>\n<div id=\"attachment_16956\" style=\"width: 310px\" class=\"wp-caption aligncenter\"><a href=\"https:\/\/clebinho.pro.br\/wp\/wp-content\/uploads\/2015\/02\/SAUDI-ARABIA-IRAN.png\"><img loading=\"lazy\" decoding=\"async\" aria-describedby=\"caption-attachment-16956\" class=\"wp-image-16956 size-medium\" src=\"https:\/\/clebinho.pro.br\/wp\/wp-content\/uploads\/2015\/02\/SAUDI-ARABIA-IRAN-300x281.png\" alt=\"\" width=\"300\" height=\"281\" srcset=\"https:\/\/www.clebinho.pro.br\/wp\/wp-content\/uploads\/2015\/02\/SAUDI-ARABIA-IRAN-300x281.png 300w, https:\/\/www.clebinho.pro.br\/wp\/wp-content\/uploads\/2015\/02\/SAUDI-ARABIA-IRAN-768x719.png 768w, https:\/\/www.clebinho.pro.br\/wp\/wp-content\/uploads\/2015\/02\/SAUDI-ARABIA-IRAN-1024x959.png 1024w, https:\/\/www.clebinho.pro.br\/wp\/wp-content\/uploads\/2015\/02\/SAUDI-ARABIA-IRAN.png 1486w\" sizes=\"(max-width: 300px) 100vw, 300px\" \/><\/a><p id=\"caption-attachment-16956\" class=\"wp-caption-text\">Apesar de vizinhos e mu\u00e7ulmanos, a Ar\u00e1bia Saudita \u00e9 sunita, o Ir\u00e3 xiita. O atual conflito no I\u00eamen, como exemplo, foi provocado pela influ\u00eancia direta das duas pot\u00eancias petrol\u00edferas. Imagem: Internet.<\/p><\/div>\n<p style=\"text-align: justify;\">.<\/p>\n<p style=\"text-align: justify;\">Os Sauditas conseguem produzir um barril de petr\u00f3leo por menos de 10 d\u00f3lares,\u00a0gra\u00e7as a abund\u00e2ncia e a facilidade de prospec\u00e7\u00e3o, a quantidade que eles exportam permite uma varia\u00e7\u00e3o e diminui\u00e7\u00e3o na margem de lucro que n\u00e3o os preocupa.<\/p>\n<p style=\"text-align: justify;\">O Ir\u00e3, apesar de tamb\u00e9m possuir enorme reserva, n\u00e3o\u00a0conta com tanta facilidade, tem um hist\u00f3rico de guerra contra os EUA e sofre um cerco comercial. O\u00a0pre\u00e7o baixo prejudica-os sobremaneira. Al\u00e9m da limita\u00e7\u00e3o de quais pa\u00edses e em quais condi\u00e7\u00f5es ele pode vender seus barris<\/p>\n<p style=\"text-align: justify;\">Pa\u00edses \u00e1rabes, aliados dos EUA, foram\u00a0protegidos das amea\u00e7as do Ir\u00e3 e do Iraque durante v\u00e1rios momentos, pois sempre foi do interesse norte-americano\u00a0que o pre\u00e7o do\u00a0petr\u00f3leo fiquei baixo, prejudicando, al\u00e9m de Ir\u00e3 e Iraque,\u00a0o maior advers\u00e1rio geopol\u00edtico dos EUA, a\u00a0R\u00fassia, pa\u00eds\u00a0dependente da exporta\u00e7\u00e3o de petr\u00f3leo e g\u00e1s.\u00a0Quanto mais barato o petr\u00f3leo, menor poder\u00a0Putin tem para amedrontar o ocidente.<\/p>\n<div style=\"width: 374px\" class=\"wp-caption aligncenter\"><img loading=\"lazy\" decoding=\"async\" title=\"Michelle e Barack Obama s\u00e3o recebidos nesta ter\u00e7a-feira (27) pelo rei Salman no aeroporto internacional de King Khalid, na Ar\u00e1bia Saudita (Foto: AFP PHOTO \/ SAUL LOEB)\" src=\"http:\/\/s2.glbimg.com\/k2czZR286urEs4l0EEleUohGGgo=\/s.glbimg.com\/jo\/g1\/f\/original\/2015\/01\/27\/obama-arabia-saudita.jpg\" alt=\"Michelle e Barack Obama recebidos pelo rei Salman na Ar\u00e1bia Saudita\" width=\"364\" height=\"273\" \/><p class=\"wp-caption-text\">Presidente Obama, o Rei Salman, da Ar\u00e1bia Saudita, e Michele Obama. O atual presidente norte-americano, Trump, \u00e9 um aliado ainda maior dos \u00e1rabes. Imagem: Internet.<\/p><\/div>\n<p style=\"text-align: justify;\">.<\/p>\n<p style=\"text-align: justify;\">Outro inimigo dos EUA, e que est\u00e1 em\u00a0grave crise econ\u00f4mica,\u00a0pelo baixo pre\u00e7o do ouro negro,\u00a0\u00e9 a Venezuela. Desta forma, n\u00e3o poderia haver melhor quadro para os EUA, coloca em situa\u00e7\u00e3o econ\u00f4mica complicada tr\u00eas advers\u00e1rios, Ir\u00e3, Venezuela e R\u00fassia, desenvolve alternativa ao petr\u00f3leo, e v\u00ea as brigas \u00e9tnicas e religiosas explodirem bem longe das Am\u00e9ricas.<\/p>\n<p style=\"text-align: justify;\">Ainda existe o Estado Isl\u00e2mico,\u00a0 radicais religiosos que, ap\u00f3s dominarem po\u00e7os de petr\u00f3leo na S\u00edria e Iraque, est\u00e3o trocando \u00f3leo por armas e explosivos no mercado negro. O poder desses radicais esta diretamente ligado ao pre\u00e7o do Petr\u00f3leo, portanto \u00e9 do interesse Norte-americano e Saudita, um pre\u00e7o baixo, neste momento.<\/p>\n<p style=\"text-align: justify;\">\u00c9 um jogo de xadrez, intrincado. &#8220;Pe\u00f5es&#8221; que s\u00e3o pa\u00edses que n\u00e3o tem nada a ver com a &#8220;guerra&#8221;, como \u00e9 o caso do Brasil, ficam \u00e0 merc\u00ea dos humores de dois ou tr\u00eas dirigentes. E os cidad\u00e3os destes pa\u00edses ficam pensando: Se gasolina \u00e9 de petr\u00f3leo, e o barril t\u00e1 abaixando de pre\u00e7o, quero que a gasolina abaixe de pre\u00e7o, sem ao menos sonhar que a coisa \u00e9 mais complexa e nunca se sabe qual ser\u00e1 o pr\u00f3ximo movimento neste tabuleiro chamado Terra.<\/p>\n<p style=\"text-align: justify;\"><span style=\"color: #ff0000;\"><strong>Interessante<\/strong><\/span><\/p>\n<p style=\"text-align: justify;\">Publiquei este texto no in\u00edcio de 2015. Na \u00e9poca, apost\u00e1vamos que os aspectos mencionados no texto deixariam o \u00f3leo negro em pre\u00e7os mais baixos. Estamos agora em 9 de setembro de 2019 e at\u00e9 hoje o petr\u00f3leo n\u00e3o recuperou seu valor, fechando em US$ 54,00. Sinal que o Blog do Clebinho estava certo.<\/p>\n<p style=\"text-align: justify;\"><strong>Espero ter aumentado seu conhecimento. Curtam nossa <a href=\"https:\/\/www.facebook.com\/pages\/Clebinho\/1551769148421187?ref=settings\" target=\"_blank\" rel=\"noopener\">p\u00e1gina no Facebook <\/a>e compartilhem nosso texto! Abra\u00e7o do Clebinho!<\/strong><\/p>\n<p style=\"text-align: justify;\">Publicado em 04.02.2015<\/p>\n<p>Revisado em 09.09.2019<\/p>\n","protected":false},"excerpt":{"rendered":"<p>Continuando a prosa do post &#8220;O Paradoxo das Ar\u00e1bias &#8220;, completamos a hist\u00f3ria e a nossa concep\u00e7\u00e3o sobre o tema. Vamos come\u00e7ar j\u00e1 mostrando dois inimigos ferrenhos no Oriente M\u00e9dio. . Quest\u00f5es Paralelas Como nem tudo \u00e9 t\u00e3o simples, existem quest\u00f5es paralelas e que envolvem interesses difusos e, muitas das vezes, apresentados \u00e0 opini\u00e3o p\u00fablica [&hellip;]<\/p>\n","protected":false},"author":2,"featured_media":16955,"comment_status":"open","ping_status":"open","sticky":false,"template":"","format":"standard","meta":{"footnotes":""},"categories":[8,11,4,5,3],"tags":[33,37,25,53,55,56,20,12,54,36,19,18,27,35,58,34,32,57],"yoast_head":"<!-- This site is optimized with the Yoast SEO plugin v20.3 - https:\/\/yoast.com\/wordpress\/plugins\/seo\/ -->\n<title>2. O Paradoxo da Ar\u00e1bia (Rivalidade Iraniana) - Blog do Professor Clebinho<\/title>\n<meta name=\"robots\" content=\"index, follow, max-snippet:-1, max-image-preview:large, max-video-preview:-1\" \/>\n<link rel=\"canonical\" href=\"https:\/\/www.clebinho.pro.br\/wp\/?p=70\" \/>\n<meta property=\"og:locale\" content=\"pt_BR\" \/>\n<meta property=\"og:type\" content=\"article\" \/>\n<meta property=\"og:title\" content=\"2. O Paradoxo da Ar\u00e1bia (Rivalidade Iraniana) - Blog do Professor Clebinho\" \/>\n<meta property=\"og:description\" content=\"Continuando a prosa do post &#8220;O Paradoxo das Ar\u00e1bias &#8220;, completamos a hist\u00f3ria e a nossa concep\u00e7\u00e3o sobre o tema. Vamos come\u00e7ar j\u00e1 mostrando dois inimigos ferrenhos no Oriente M\u00e9dio. . Quest\u00f5es Paralelas Como nem tudo \u00e9 t\u00e3o simples, existem quest\u00f5es paralelas e que envolvem interesses difusos e, muitas das vezes, apresentados \u00e0 opini\u00e3o p\u00fablica [&hellip;]\" \/>\n<meta property=\"og:url\" content=\"https:\/\/www.clebinho.pro.br\/wp\/?p=70\" \/>\n<meta property=\"og:site_name\" content=\"Blog do Professor Clebinho\" \/>\n<meta property=\"article:published_time\" content=\"2015-02-04T10:00:03+00:00\" \/>\n<meta property=\"article:modified_time\" content=\"2019-09-09T23:16:30+00:00\" \/>\n<meta property=\"og:image\" content=\"https:\/\/clebinho.pro.br\/wp\/wp-content\/uploads\/2015\/02\/735_1301.jpg\" \/>\n\t<meta property=\"og:image:width\" content=\"735\" \/>\n\t<meta property=\"og:image:height\" content=\"728\" \/>\n\t<meta property=\"og:image:type\" content=\"image\/jpeg\" \/>\n<meta name=\"author\" content=\"Professor Clebinho\" \/>\n<meta name=\"twitter:card\" content=\"summary_large_image\" \/>\n<meta name=\"twitter:label1\" content=\"Escrito por\" \/>\n\t<meta name=\"twitter:data1\" content=\"Professor Clebinho\" \/>\n\t<meta name=\"twitter:label2\" content=\"Est. tempo de leitura\" \/>\n\t<meta name=\"twitter:data2\" content=\"3 minutos\" \/>\n<script type=\"application\/ld+json\" class=\"yoast-schema-graph\">{\"@context\":\"https:\/\/schema.org\",\"@graph\":[{\"@type\":\"WebPage\",\"@id\":\"https:\/\/www.clebinho.pro.br\/wp\/?p=70\",\"url\":\"https:\/\/www.clebinho.pro.br\/wp\/?p=70\",\"name\":\"2. O Paradoxo da Ar\u00e1bia (Rivalidade Iraniana) - Blog do Professor Clebinho\",\"isPartOf\":{\"@id\":\"https:\/\/www.clebinho.pro.br\/wp\/#website\"},\"datePublished\":\"2015-02-04T10:00:03+00:00\",\"dateModified\":\"2019-09-09T23:16:30+00:00\",\"author\":{\"@id\":\"https:\/\/www.clebinho.pro.br\/wp\/#\/schema\/person\/73417286de03a1ad762ac7d8ca8c6b77\"},\"breadcrumb\":{\"@id\":\"https:\/\/www.clebinho.pro.br\/wp\/?p=70#breadcrumb\"},\"inLanguage\":\"pt-BR\",\"potentialAction\":[{\"@type\":\"ReadAction\",\"target\":[\"https:\/\/www.clebinho.pro.br\/wp\/?p=70\"]}]},{\"@type\":\"BreadcrumbList\",\"@id\":\"https:\/\/www.clebinho.pro.br\/wp\/?p=70#breadcrumb\",\"itemListElement\":[{\"@type\":\"ListItem\",\"position\":1,\"name\":\"In\u00edcio\",\"item\":\"https:\/\/www.clebinho.pro.br\/wp\"},{\"@type\":\"ListItem\",\"position\":2,\"name\":\"2. O Paradoxo da Ar\u00e1bia (Rivalidade Iraniana)\"}]},{\"@type\":\"WebSite\",\"@id\":\"https:\/\/www.clebinho.pro.br\/wp\/#website\",\"url\":\"https:\/\/www.clebinho.pro.br\/wp\/\",\"name\":\"Blog do Professor Clebinho\",\"description\":\"Um espa\u00e7o virtual privilegiado oferecido pelo professor Clebinho, seus alunos, ex-alunos e demais interessados no debate de atualidades, hist\u00f3ria, geografia, geopolitica e meio ambiente\",\"potentialAction\":[{\"@type\":\"SearchAction\",\"target\":{\"@type\":\"EntryPoint\",\"urlTemplate\":\"https:\/\/www.clebinho.pro.br\/wp\/?s={search_term_string}\"},\"query-input\":\"required name=search_term_string\"}],\"inLanguage\":\"pt-BR\"},{\"@type\":\"Person\",\"@id\":\"https:\/\/www.clebinho.pro.br\/wp\/#\/schema\/person\/73417286de03a1ad762ac7d8ca8c6b77\",\"name\":\"Professor Clebinho\",\"image\":{\"@type\":\"ImageObject\",\"inLanguage\":\"pt-BR\",\"@id\":\"https:\/\/www.clebinho.pro.br\/wp\/#\/schema\/person\/image\/\",\"url\":\"https:\/\/secure.gravatar.com\/avatar\/bb922115afcbfb086f9c52d1dd4a20fa?s=96&d=mm&r=g\",\"contentUrl\":\"https:\/\/secure.gravatar.com\/avatar\/bb922115afcbfb086f9c52d1dd4a20fa?s=96&d=mm&r=g\",\"caption\":\"Professor Clebinho\"},\"sameAs\":[\"https:\/\/www.clebinho.pro.br\/wp\"],\"url\":\"https:\/\/www.clebinho.pro.br\/wp\/?author=2\"}]}<\/script>\n<!-- \/ Yoast SEO plugin. -->","yoast_head_json":{"title":"2. O Paradoxo da Ar\u00e1bia (Rivalidade Iraniana) - Blog do Professor Clebinho","robots":{"index":"index","follow":"follow","max-snippet":"max-snippet:-1","max-image-preview":"max-image-preview:large","max-video-preview":"max-video-preview:-1"},"canonical":"https:\/\/www.clebinho.pro.br\/wp\/?p=70","og_locale":"pt_BR","og_type":"article","og_title":"2. O Paradoxo da Ar\u00e1bia (Rivalidade Iraniana) - Blog do Professor Clebinho","og_description":"Continuando a prosa do post &#8220;O Paradoxo das Ar\u00e1bias &#8220;, completamos a hist\u00f3ria e a nossa concep\u00e7\u00e3o sobre o tema. Vamos come\u00e7ar j\u00e1 mostrando dois inimigos ferrenhos no Oriente M\u00e9dio. . Quest\u00f5es Paralelas Como nem tudo \u00e9 t\u00e3o simples, existem quest\u00f5es paralelas e que envolvem interesses difusos e, muitas das vezes, apresentados \u00e0 opini\u00e3o p\u00fablica [&hellip;]","og_url":"https:\/\/www.clebinho.pro.br\/wp\/?p=70","og_site_name":"Blog do Professor Clebinho","article_published_time":"2015-02-04T10:00:03+00:00","article_modified_time":"2019-09-09T23:16:30+00:00","og_image":[{"width":735,"height":728,"url":"https:\/\/clebinho.pro.br\/wp\/wp-content\/uploads\/2015\/02\/735_1301.jpg","type":"image\/jpeg"}],"author":"Professor Clebinho","twitter_card":"summary_large_image","twitter_misc":{"Escrito por":"Professor Clebinho","Est. tempo de leitura":"3 minutos"},"schema":{"@context":"https:\/\/schema.org","@graph":[{"@type":"WebPage","@id":"https:\/\/www.clebinho.pro.br\/wp\/?p=70","url":"https:\/\/www.clebinho.pro.br\/wp\/?p=70","name":"2. O Paradoxo da Ar\u00e1bia (Rivalidade Iraniana) - Blog do Professor Clebinho","isPartOf":{"@id":"https:\/\/www.clebinho.pro.br\/wp\/#website"},"datePublished":"2015-02-04T10:00:03+00:00","dateModified":"2019-09-09T23:16:30+00:00","author":{"@id":"https:\/\/www.clebinho.pro.br\/wp\/#\/schema\/person\/73417286de03a1ad762ac7d8ca8c6b77"},"breadcrumb":{"@id":"https:\/\/www.clebinho.pro.br\/wp\/?p=70#breadcrumb"},"inLanguage":"pt-BR","potentialAction":[{"@type":"ReadAction","target":["https:\/\/www.clebinho.pro.br\/wp\/?p=70"]}]},{"@type":"BreadcrumbList","@id":"https:\/\/www.clebinho.pro.br\/wp\/?p=70#breadcrumb","itemListElement":[{"@type":"ListItem","position":1,"name":"In\u00edcio","item":"https:\/\/www.clebinho.pro.br\/wp"},{"@type":"ListItem","position":2,"name":"2. O Paradoxo da Ar\u00e1bia (Rivalidade Iraniana)"}]},{"@type":"WebSite","@id":"https:\/\/www.clebinho.pro.br\/wp\/#website","url":"https:\/\/www.clebinho.pro.br\/wp\/","name":"Blog do Professor Clebinho","description":"Um espa\u00e7o virtual privilegiado oferecido pelo professor Clebinho, seus alunos, ex-alunos e demais interessados no debate de atualidades, hist\u00f3ria, geografia, geopolitica e meio ambiente","potentialAction":[{"@type":"SearchAction","target":{"@type":"EntryPoint","urlTemplate":"https:\/\/www.clebinho.pro.br\/wp\/?s={search_term_string}"},"query-input":"required name=search_term_string"}],"inLanguage":"pt-BR"},{"@type":"Person","@id":"https:\/\/www.clebinho.pro.br\/wp\/#\/schema\/person\/73417286de03a1ad762ac7d8ca8c6b77","name":"Professor Clebinho","image":{"@type":"ImageObject","inLanguage":"pt-BR","@id":"https:\/\/www.clebinho.pro.br\/wp\/#\/schema\/person\/image\/","url":"https:\/\/secure.gravatar.com\/avatar\/bb922115afcbfb086f9c52d1dd4a20fa?s=96&d=mm&r=g","contentUrl":"https:\/\/secure.gravatar.com\/avatar\/bb922115afcbfb086f9c52d1dd4a20fa?s=96&d=mm&r=g","caption":"Professor Clebinho"},"sameAs":["https:\/\/www.clebinho.pro.br\/wp"],"url":"https:\/\/www.clebinho.pro.br\/wp\/?author=2"}]}},"_links":{"self":[{"href":"https:\/\/www.clebinho.pro.br\/wp\/index.php?rest_route=\/wp\/v2\/posts\/70"}],"collection":[{"href":"https:\/\/www.clebinho.pro.br\/wp\/index.php?rest_route=\/wp\/v2\/posts"}],"about":[{"href":"https:\/\/www.clebinho.pro.br\/wp\/index.php?rest_route=\/wp\/v2\/types\/post"}],"author":[{"embeddable":true,"href":"https:\/\/www.clebinho.pro.br\/wp\/index.php?rest_route=\/wp\/v2\/users\/2"}],"replies":[{"embeddable":true,"href":"https:\/\/www.clebinho.pro.br\/wp\/index.php?rest_route=%2Fwp%2Fv2%2Fcomments&post=70"}],"version-history":[{"count":22,"href":"https:\/\/www.clebinho.pro.br\/wp\/index.php?rest_route=\/wp\/v2\/posts\/70\/revisions"}],"predecessor-version":[{"id":16960,"href":"https:\/\/www.clebinho.pro.br\/wp\/index.php?rest_route=\/wp\/v2\/posts\/70\/revisions\/16960"}],"wp:featuredmedia":[{"embeddable":true,"href":"https:\/\/www.clebinho.pro.br\/wp\/index.php?rest_route=\/wp\/v2\/media\/16955"}],"wp:attachment":[{"href":"https:\/\/www.clebinho.pro.br\/wp\/index.php?rest_route=%2Fwp%2Fv2%2Fmedia&parent=70"}],"wp:term":[{"taxonomy":"category","embeddable":true,"href":"https:\/\/www.clebinho.pro.br\/wp\/index.php?rest_route=%2Fwp%2Fv2%2Fcategories&post=70"},{"taxonomy":"post_tag","embeddable":true,"href":"https:\/\/www.clebinho.pro.br\/wp\/index.php?rest_route=%2Fwp%2Fv2%2Ftags&post=70"}],"curies":[{"name":"wp","href":"https:\/\/api.w.org\/{rel}","templated":true}]}}