{"id":8115,"date":"2017-02-13T14:49:22","date_gmt":"2017-02-13T17:49:22","guid":{"rendered":"http:\/\/www.clebinho.pro.br\/?p=8115"},"modified":"2017-11-17T11:26:22","modified_gmt":"2017-11-17T13:26:22","slug":"a-era-dos-muros","status":"publish","type":"post","link":"https:\/\/www.clebinho.pro.br\/wp\/?p=8115","title":{"rendered":"150. O Novo Empreendimento de Trump"},"content":{"rendered":"<p style=\"text-align: justify;\">Os \u00faltimos anos da pol\u00edtica internacional foram intensos. Guerra na S\u00edria, surgimento do Estado Isl\u00e2mico, fuga de imigrantes, crises econ\u00f4micas, entre outros assuntos.<\/p>\n<p style=\"text-align: justify;\">Um dos temas mais discutidos foram as elei\u00e7\u00f5es nos EUA e a inesperada vit\u00f3ria de Donald Trump. Dono de bilh\u00f5es de d\u00f3lares e de um temperamento infantil e explosivo, o magnata deixou o mundo at\u00f4nito com suas ideias n\u00e3o convencionais. Do conjunto de sua obra eleitoral, vamos discutir um dos pontos mais extremos, a constru\u00e7\u00e3o de um muro entre os EUA e M\u00e9xico. N\u00e3o satisfeito, o bilion\u00e1rio ainda afirmou que o vizinho latino americano \u00e9 quem pagar\u00e1 pela obra.<\/p>\n<div id=\"attachment_8153\" style=\"width: 310px\" class=\"wp-caption aligncenter\"><a href=\"https:\/\/clebinho.pro.br\/wp\/wp-content\/uploads\/2017\/02\/trump.jpg\"><img loading=\"lazy\" decoding=\"async\" aria-describedby=\"caption-attachment-8153\" class=\"wp-image-8153 size-medium\" src=\"https:\/\/clebinho.pro.br\/wp\/wp-content\/uploads\/2017\/02\/trump-300x225.jpg\" alt=\"trump\" width=\"300\" height=\"225\" srcset=\"https:\/\/www.clebinho.pro.br\/wp\/wp-content\/uploads\/2017\/02\/trump-300x225.jpg 300w, https:\/\/www.clebinho.pro.br\/wp\/wp-content\/uploads\/2017\/02\/trump-1024x768.jpg 1024w\" sizes=\"(max-width: 300px) 100vw, 300px\" \/><\/a><p id=\"caption-attachment-8153\" class=\"wp-caption-text\">Apesar de falastr\u00e3o, Trump sabe muito bem monopolizar a m\u00eddia com suas opini\u00f5es fora do padr\u00e3o. Imagem: internet<\/p><\/div>\n<p>.<\/p>\n<p style=\"text-align: justify;\">Enquanto a queda do Muro de Berlim,<a href=\"https:\/\/www.clebinho.pro.br\/wp\/wp\/?p=1125\" target=\"_blank\" rel=\"noopener\"> tema em nosso blog<\/a>, assinalava o in\u00edcio da globaliza\u00e7\u00e3o, vivemos retrocessos atualmente, como a constru\u00e7\u00e3o de novas barreiras, dividindo pa\u00edses e povos.<\/p>\n<p style=\"text-align: justify;\"><span style=\"color: #ff0000;\"><strong>Fronteira EUA &#8211; M\u00e9xico<\/strong><\/span><\/p>\n<p style=\"text-align: justify;\">\u00c9 um dos limites mais policiados do mundo, tendo\u00a03.141\u00a0km de extens\u00e3o. Seu limite oeste \u00e9 entre os estados da Calif\u00f3rnia (EUA) e Baixa Calif\u00f3rnia (M\u00e9xico) e a leste entre os estados do Texas (EUA) e\u00a0Tamaulipas (M\u00e9x.).<\/p>\n<div id=\"attachment_8155\" style=\"width: 310px\" class=\"wp-caption aligncenter\"><a href=\"https:\/\/clebinho.pro.br\/wp\/wp-content\/uploads\/2017\/02\/noticias_da_rua_judaica_14_03_14_clip_image002_0011.gif\"><img loading=\"lazy\" decoding=\"async\" aria-describedby=\"caption-attachment-8155\" class=\"wp-image-8155 size-medium\" src=\"https:\/\/clebinho.pro.br\/wp\/wp-content\/uploads\/2017\/02\/noticias_da_rua_judaica_14_03_14_clip_image002_0011-300x225.gif\" alt=\"noticias_da_rua_judaica_14_03_14_clip_image002_0011\" width=\"300\" height=\"225\" \/><\/a><p id=\"caption-attachment-8155\" class=\"wp-caption-text\">Fronteira M\u00e9xico-EUA. Imagem: Internet<\/p><\/div>\n<p>.<\/p>\n<p style=\"text-align: justify;\">Por ano, milhares de pessoas tentam atravessar esta fronteira e chegar aos Estados Unidos. No ano de 2016, tivemos 65 mortes oficiais, a maioria por\u00a0desidrata\u00e7\u00e3o ou hipotermia, nas frias noites dos desertos. Alguns afogamentos tamb\u00e9m acontecem, j\u00e1 que o rio Grande representa grande parte do limite entre os dois pa\u00edses. \u00a0Por outro lado, \u00e9 uma das fronteiras mais atravessadas legalmente, com 10 milh\u00f5es de acessos por ano.<\/p>\n<p style=\"text-align: justify;\">Nas \u00faltimas d\u00e9cadas, o lado mexicano viu um aumento gigantesco de suas cidades pr\u00f3ximas a fronteira.\u00a0Isso \u00e9 f\u00e1cil de se entender tendo a maior economia do mundo t\u00e3o pr\u00f3xima. Ap\u00f3s o acordo NAFTA, <a href=\"https:\/\/www.clebinho.pro.br\/wp\/wp\/?p=6341\" target=\"_blank\" rel=\"noopener\">tema de nosso blog<\/a>, muitas empresas norte americanas se mudaram para o M\u00e9xico em busca da m\u00e3o de obra barata, gerando milhares de empregos.<\/p>\n<div id=\"attachment_8156\" style=\"width: 310px\" class=\"wp-caption aligncenter\"><a href=\"https:\/\/clebinho.pro.br\/wp\/wp-content\/uploads\/2017\/02\/009_historia_02.gif\"><img loading=\"lazy\" decoding=\"async\" aria-describedby=\"caption-attachment-8156\" class=\"wp-image-8156 size-medium\" src=\"https:\/\/clebinho.pro.br\/wp\/wp-content\/uploads\/2017\/02\/009_historia_02-300x208.gif\" alt=\"009_historia_02\" width=\"300\" height=\"208\" \/><\/a><p id=\"caption-attachment-8156\" class=\"wp-caption-text\">As maquiladoras, como s\u00e3o conhecidas as empresas norte americanas no M\u00e9xico, geram empregos no norte do pa\u00eds, intensificando a urbaniza\u00e7\u00e3o no local. Ilustra\u00e7\u00e3o: Beto Uechi\/Pingado<\/p><\/div>\n<p>.<\/p>\n<p style=\"text-align: justify;\">Al\u00e9m da economia formal, os cart\u00e9is de droga formam os maiores beneficiados, fazendo a conex\u00e3o entre os pa\u00edses produtores (Col\u00f4mbia, Peru, Bol\u00edvia) com o maior mercado de entorpecentes do mundo. Cidades como Tijuana e Juarez s\u00e3o exemplos cl\u00e1ssicos disso. Este problema \u00e9 t\u00e3o intenso, que o l\u00edder do Cartel de Sinaloa, &#8220;El Chapo&#8221; Guzm\u00e1n, foi preso e extraditado para os EUA, onde dever\u00e1 ser julgado. Confiram em reportagem da <a href=\"http:\/\/www1.folha.uol.com.br\/mundo\/2017\/01\/1851450-el-chapo-guzman-lider-do-cartel-de-sinaloa-e-extraditado-para-os-eua.shtml\" target=\"_blank\" rel=\"noopener\">Folha de SP.<\/a><\/p>\n<div id=\"attachment_8167\" style=\"width: 310px\" class=\"wp-caption aligncenter\"><a href=\"https:\/\/clebinho.pro.br\/wp\/wp-content\/uploads\/2017\/02\/cartel-sinaloa-la-paz.jpg\"><img loading=\"lazy\" decoding=\"async\" aria-describedby=\"caption-attachment-8167\" class=\"size-medium wp-image-8167\" src=\"https:\/\/clebinho.pro.br\/wp\/wp-content\/uploads\/2017\/02\/cartel-sinaloa-la-paz-300x200.jpg\" alt=\"El Cartel Jalisco Nueva Generaci\u00f3n, con presencia en La Paz y Los Cabos.\" width=\"300\" height=\"200\" srcset=\"https:\/\/www.clebinho.pro.br\/wp\/wp-content\/uploads\/2017\/02\/cartel-sinaloa-la-paz-300x200.jpg 300w, https:\/\/www.clebinho.pro.br\/wp\/wp-content\/uploads\/2017\/02\/cartel-sinaloa-la-paz.jpg 660w\" sizes=\"(max-width: 300px) 100vw, 300px\" \/><\/a><p id=\"caption-attachment-8167\" class=\"wp-caption-text\">Membros de cart\u00e9is no M\u00e9xico. Saiba mais no<a href=\"http:\/\/www.bcsnoticias.mx\/revelan-reacomodos-del-cartel-de-sinaloa-en-bcs-domina-plazas-de-droga-a-traves-de-4-grupos\/\" target=\"_blank\" rel=\"noopener\"> site BCS not\u00edcias.\u00a0<\/a><\/p><\/div>\n<p>.<\/p>\n<p style=\"text-align: justify;\">A quantidade de mexicanos que j\u00e1 migraram para os EUA \u00e9 enorme. Os n\u00fameros\u00a0podem variar pelo fato de grande parte serem ilegais, mas estima-se que\u00a0os americanos de ascend\u00eancia mexicana (inteira o parcial), compreendam 11,1% da popula\u00e7\u00e3o total dos Estados Unidos. Em n\u00fameros absolutos\u00a0s\u00e3o 35,3 milh\u00f5es de cidad\u00e3os. No passado, 500 mil imigrantes ilegais se aventuravam nesta fronteira por ano. Hoje o fluxo \u00e9 bem menor, menos de 100 mil.<\/p>\n<p style=\"text-align: justify;\">Antes de criticar Trump, devemos lembrar que desde 1990 j\u00e1 est\u00e1 em curso a constru\u00e7\u00e3o de algum bloqueio f\u00edsico entre os dois pa\u00edses, intensificado ap\u00f3s o governo Bill Clinton (1994). Atualmente, cerca de 1.130 Km de barreiras j\u00e1 est\u00e3o de p\u00e9, o que representa um ter\u00e7o do total. Em alguns locais \u00e9 feito de placas de metais, em outros realmente \u00e9 um muro de alvenaria. Em alguns casos existem at\u00e9 dois muros, separados por um v\u00e3o por onde trafegam carros de seguran\u00e7a.<\/p>\n<div id=\"attachment_8159\" style=\"width: 310px\" class=\"wp-caption aligncenter\"><a href=\"https:\/\/clebinho.pro.br\/wp\/wp-content\/uploads\/2017\/02\/muro-mex-eua-4.jpg\"><img loading=\"lazy\" decoding=\"async\" aria-describedby=\"caption-attachment-8159\" class=\"wp-image-8159 size-medium\" src=\"https:\/\/clebinho.pro.br\/wp\/wp-content\/uploads\/2017\/02\/muro-mex-eua-4-300x197.jpg\" alt=\"muro mex-eua 4\" width=\"300\" height=\"197\" srcset=\"https:\/\/www.clebinho.pro.br\/wp\/wp-content\/uploads\/2017\/02\/muro-mex-eua-4-300x197.jpg 300w, https:\/\/www.clebinho.pro.br\/wp\/wp-content\/uploads\/2017\/02\/muro-mex-eua-4.jpg 600w\" sizes=\"(max-width: 300px) 100vw, 300px\" \/><\/a><p id=\"caption-attachment-8159\" class=\"wp-caption-text\">Barreira de metal entre os EUA e M\u00e9xico. Veja mais em <a href=\"http:\/\/www.carlosromero.com.br\/2011\/12\/fronteira-mexico-estados-unidos.html\" target=\"_blank\" rel=\"noopener\">Carlos Romero<\/a>.<\/p><\/div>\n<p>.<\/p>\n<p style=\"text-align: justify;\">Segundo a imprensa, o custo estimado para se levantar uma\u00a0barreira em toda a fronteira ficar\u00e1 entre US$ 12 a US$ 15 bilh\u00f5es de d\u00f3lares\u00a0(38 a 47 bilh\u00f5es de reais). Alguns grupos independentes or\u00e7am o muro em at\u00e9 US$ 25 bilh\u00f5es. <a href=\"http:\/\/g1.globo.com\/mundo\/noticia\/congresso-dos-eua-estima-custo-do-muro-com-mexico-em-ate-us-15-bilhoes.ghtml\" target=\"_blank\" rel=\"noopener\">Confira no site G1.\u00a0<\/a><\/p>\n<p style=\"text-align: justify;\">O governo do M\u00e9xico se recusa fortemente a bancar esta aventura, que deve mesmo sobrar para os cofres norte-americanos. As rela\u00e7\u00f5es entre os dois vizinhos, membros do NAFTA, n\u00e3o anda nada amistosa.<\/p>\n<p style=\"text-align: justify;\"><span style=\"color: #ff0000;\"><strong>Preocupa\u00e7\u00e3o correta, solu\u00e7\u00e3o equivocada<\/strong><\/span><\/p>\n<p style=\"text-align: justify;\">A preocupa\u00e7\u00e3o norte americana com esta fronteira \u00e9 leg\u00edtima. Realmente milhares de pessoas e toneladas de drogas sorrateiramente atravessam a cada ano. O que se discute \u00e9 se um muro ir\u00e1 resolver este problema ou \u00e9 s\u00f3 mais um empreendimento megaloman\u00edaco de Trump.<\/p>\n<p style=\"text-align: justify;\">Muitos eleitores questionam a\u00a0solu\u00e7\u00e3o proposta. A grande d\u00favida \u00e9 se um muro conseguir\u00e1 impedir a entrada de pessoas, que antes mesmo dele existir, j\u00e1 arriscam suas vidas em desertos superquentes de dia, gelados a noite e infestados de cobras venenosas.<\/p>\n<div id=\"attachment_8160\" style=\"width: 310px\" class=\"wp-caption aligncenter\"><a href=\"https:\/\/clebinho.pro.br\/wp\/wp-content\/uploads\/2017\/02\/sop-ap-spana-span-az-_fran.jpg\"><img loading=\"lazy\" decoding=\"async\" aria-describedby=\"caption-attachment-8160\" class=\"wp-image-8160 size-medium\" src=\"https:\/\/clebinho.pro.br\/wp\/wp-content\/uploads\/2017\/02\/sop-ap-spana-span-az-_fran-300x200.jpg\" alt=\"sop-ap-spana-span-az-_fran\" width=\"300\" height=\"200\" srcset=\"https:\/\/www.clebinho.pro.br\/wp\/wp-content\/uploads\/2017\/02\/sop-ap-spana-span-az-_fran-300x200.jpg 300w, https:\/\/www.clebinho.pro.br\/wp\/wp-content\/uploads\/2017\/02\/sop-ap-spana-span-az-_fran.jpg 620w\" sizes=\"(max-width: 300px) 100vw, 300px\" \/><\/a><p id=\"caption-attachment-8160\" class=\"wp-caption-text\">Exemplo de como uma barreira n\u00e3o resolve por completo o \u00a0problema. Ilegais tentaram atravessar um autom\u00f3vel por cima da barreira. Isso nos mostra como o problema \u00e9 maior que um bloqueio\u00a0f\u00edsico. <a href=\"http:\/\/g1.globo.com\/planeta-bizarro\/noticia\/2012\/11\/dupla-tenta-cruzar-com-jjipe-cerca-de-43-m-na-fronteira-entre-eua-e-mexico.html\" target=\"_blank\" rel=\"noopener\">Leia a reportagem no site G1.<\/a><\/p><\/div>\n<p>.<\/p>\n<p style=\"text-align: justify;\">Outras perguntas se avolumam, ser\u00e1 que os coiotes, marginais que cobram para colocar o imigrante ilegal dentro dos EUA, n\u00e3o ir\u00e3o criar meios\u00a0de ultrapassar tais barreiras, seja por cima ou at\u00e9 mesmo por baixo, atrav\u00e9s de t\u00faneis?<\/p>\n<p>&nbsp;<\/p>\n<div id=\"attachment_8170\" style=\"width: 310px\" class=\"wp-caption aligncenter\"><a href=\"https:\/\/clebinho.pro.br\/wp\/wp-content\/uploads\/2017\/02\/rtrkpql-1.jpg\"><img loading=\"lazy\" decoding=\"async\" aria-describedby=\"caption-attachment-8170\" class=\"wp-image-8170 size-medium\" src=\"https:\/\/clebinho.pro.br\/wp\/wp-content\/uploads\/2017\/02\/rtrkpql-1-300x225.jpg\" alt=\"rtrkpql (1)\" width=\"300\" height=\"225\" srcset=\"https:\/\/www.clebinho.pro.br\/wp\/wp-content\/uploads\/2017\/02\/rtrkpql-1-300x225.jpg 300w, https:\/\/www.clebinho.pro.br\/wp\/wp-content\/uploads\/2017\/02\/rtrkpql-1-1024x768.jpg 1024w, https:\/\/www.clebinho.pro.br\/wp\/wp-content\/uploads\/2017\/02\/rtrkpql-1.jpg 2048w\" sizes=\"(max-width: 300px) 100vw, 300px\" \/><\/a><p id=\"caption-attachment-8170\" class=\"wp-caption-text\">A criatividade para tentar entrar nos EUA n\u00e3o tem limites. Este homem tentou entrar dentro da poltrona do ve\u00edculo. Veja mais no site do jornal <a href=\"http:\/\/www.telegraph.co.uk\/news\/picturegalleries\/worldnews\/7817733\/Bizarre-busts-US-Border-Patrol-pictures-of-the-most-bizarre-attempts-at-smuggling-people-and-drugs.html\" target=\"_blank\" rel=\"noopener\">The Telegraph.<\/a><\/p><\/div>\n<p style=\"text-align: justify;\">.<\/p>\n<p style=\"text-align: justify;\">Outro grande problema \u00e9 o ambiental. Apesar de um clima des\u00e9rtico, existe um vasto ecossistema integrado entre M\u00e9xico e os EUA. V\u00e1rios animais como jaguares e r\u00e9pteis cruzam a fronteira diariamente para se alimentar ou acasalar. Um muro provocaria uma ruptura na natureza local, com graves consequ\u00eancias a fauna.<\/p>\n<p style=\"text-align: justify;\"><span style=\"color: #ff0000;\"><strong>Jogando para a galera<\/strong><\/span><\/p>\n<p style=\"text-align: justify;\">Este montante de dinheiro, gasto em conjunto com o M\u00e9xico, poderia ser utilizado para desestimular esta tentativa de romper a fronteira a qualquer custo. Inclusive os dados atuais mostram uma diminui\u00e7\u00e3o dr\u00e1stica deste fluxo migrat\u00f3rio, tornando ainda mais ex\u00f3tica a ideia de Trump. Veja reportagem no<a href=\"http:\/\/g1.globo.com\/mundo\/noticia\/2015\/07\/fluxo-de-imigrantes-ilegais-na-fronteira-mexico-eua-tem-forte-queda.html\" target=\"_blank\" rel=\"noopener\"> site G1.<\/a>\u00a0Ainda neste tema, hoje entram mais chineses e indianos nos EUA (legais e ilegais) do que mexicanos, confiram no site do <a href=\"http:\/\/www.jb.com.br\/internacional\/noticias\/2016\/09\/08\/wsj-fluxo-imigratorio-para-eua-muda-do-mexico-para-a-asia\/\" target=\"_blank\" rel=\"noopener\">Jornal do brasil.\u00a0<\/a><\/p>\n<p style=\"text-align: justify;\">A grande verdade, pelo menos observando o que est\u00e1 n\u00edtido, \u00e9 que Trump est\u00e1 jogando para o seu eleitorado, de maioria branca, com baixa escolaridade\u00a0e morador dos estados centrais do pa\u00eds, inclusive o Texas, que apesar de ter litoral, se enquadra neste perfil e faz enorme divisa com o M\u00e9xico. A barreira tem um objetivo ideol\u00f3gico, mostrar que os EUA n\u00e3o querem mexicanos, afirmar n\u00e3o ter interesse algum em ter contato com eles.<\/p>\n<p style=\"text-align: justify;\">Uma mensagem de 25 bilh\u00f5es de d\u00f3lares.<\/p>\n<p style=\"text-align: justify;\">Este interessante\u00a0v\u00eddeo de 6 minutos nos mostra toda a fronteira entre os dois pa\u00edses, <a href=\"https:\/\/theintercept.com\/2016\/10\/29\/a-fronteira-entre-eua-e-mexico-vista-de-cima-em-toda-sua-extensao\/\" target=\"_blank\" rel=\"noopener\">confiram.<\/a><\/p>\n<p style=\"text-align: justify;\"><strong>Espero ter aum<\/strong><strong>entado seu conhecimento. Curta nossa p\u00e1gina<a href=\"https:\/\/www.facebook.com\/pages\/Clebinho\/1551769148421187?ref=settings\" target=\"_blank\" rel=\"noopener\"> no Facebook <\/a>e compartilhe nosso texto! Abra\u00e7o do Clebinho!<\/strong><\/p>\n<p style=\"text-align: justify;\">Publicado em 13.02.2017<\/p>\n","protected":false},"excerpt":{"rendered":"<p>Os \u00faltimos anos da pol\u00edtica internacional foram intensos. Guerra na S\u00edria, surgimento do Estado Isl\u00e2mico, fuga de imigrantes, crises econ\u00f4micas, entre outros assuntos. Um dos temas mais discutidos foram as elei\u00e7\u00f5es nos EUA e a inesperada vit\u00f3ria de Donald Trump. Dono de bilh\u00f5es de d\u00f3lares e de um temperamento infantil e explosivo, o magnata deixou [&hellip;]<\/p>\n","protected":false},"author":2,"featured_media":8153,"comment_status":"open","ping_status":"open","sticky":false,"template":"","format":"standard","meta":{"footnotes":""},"categories":[8,71,11,139,1,4,81,5,3],"tags":[1380,1385,53,1379,1386,248,1384,858,20,1378,520,509,910,511,1377,1176,1306,1319],"yoast_head":"<!-- This site is optimized with the Yoast SEO plugin v20.3 - https:\/\/yoast.com\/wordpress\/plugins\/seo\/ -->\n<title>150. O Novo Empreendimento de Trump - Blog do Professor Clebinho<\/title>\n<meta name=\"robots\" content=\"index, follow, max-snippet:-1, max-image-preview:large, max-video-preview:-1\" \/>\n<link rel=\"canonical\" href=\"https:\/\/www.clebinho.pro.br\/wp\/?p=8115\" \/>\n<meta property=\"og:locale\" content=\"pt_BR\" \/>\n<meta property=\"og:type\" content=\"article\" \/>\n<meta property=\"og:title\" content=\"150. O Novo Empreendimento de Trump - Blog do Professor Clebinho\" \/>\n<meta property=\"og:description\" content=\"Os \u00faltimos anos da pol\u00edtica internacional foram intensos. Guerra na S\u00edria, surgimento do Estado Isl\u00e2mico, fuga de imigrantes, crises econ\u00f4micas, entre outros assuntos. Um dos temas mais discutidos foram as elei\u00e7\u00f5es nos EUA e a inesperada vit\u00f3ria de Donald Trump. Dono de bilh\u00f5es de d\u00f3lares e de um temperamento infantil e explosivo, o magnata deixou [&hellip;]\" \/>\n<meta property=\"og:url\" content=\"https:\/\/www.clebinho.pro.br\/wp\/?p=8115\" \/>\n<meta property=\"og:site_name\" content=\"Blog do Professor Clebinho\" \/>\n<meta property=\"article:published_time\" content=\"2017-02-13T17:49:22+00:00\" \/>\n<meta property=\"article:modified_time\" content=\"2017-11-17T13:26:22+00:00\" \/>\n<meta property=\"og:image\" content=\"https:\/\/clebinho.pro.br\/wp\/wp-content\/uploads\/2017\/02\/trump.jpg\" \/>\n\t<meta property=\"og:image:width\" content=\"4272\" \/>\n\t<meta property=\"og:image:height\" content=\"3204\" \/>\n\t<meta property=\"og:image:type\" content=\"image\/jpeg\" \/>\n<meta name=\"author\" content=\"Professor Clebinho\" \/>\n<meta name=\"twitter:card\" content=\"summary_large_image\" \/>\n<meta name=\"twitter:label1\" content=\"Escrito por\" \/>\n\t<meta name=\"twitter:data1\" content=\"Professor Clebinho\" \/>\n\t<meta name=\"twitter:label2\" content=\"Est. tempo de leitura\" \/>\n\t<meta name=\"twitter:data2\" content=\"6 minutos\" \/>\n<script type=\"application\/ld+json\" class=\"yoast-schema-graph\">{\"@context\":\"https:\/\/schema.org\",\"@graph\":[{\"@type\":\"WebPage\",\"@id\":\"https:\/\/www.clebinho.pro.br\/wp\/?p=8115\",\"url\":\"https:\/\/www.clebinho.pro.br\/wp\/?p=8115\",\"name\":\"150. O Novo Empreendimento de Trump - Blog do Professor Clebinho\",\"isPartOf\":{\"@id\":\"https:\/\/www.clebinho.pro.br\/wp\/#website\"},\"datePublished\":\"2017-02-13T17:49:22+00:00\",\"dateModified\":\"2017-11-17T13:26:22+00:00\",\"author\":{\"@id\":\"https:\/\/www.clebinho.pro.br\/wp\/#\/schema\/person\/73417286de03a1ad762ac7d8ca8c6b77\"},\"breadcrumb\":{\"@id\":\"https:\/\/www.clebinho.pro.br\/wp\/?p=8115#breadcrumb\"},\"inLanguage\":\"pt-BR\",\"potentialAction\":[{\"@type\":\"ReadAction\",\"target\":[\"https:\/\/www.clebinho.pro.br\/wp\/?p=8115\"]}]},{\"@type\":\"BreadcrumbList\",\"@id\":\"https:\/\/www.clebinho.pro.br\/wp\/?p=8115#breadcrumb\",\"itemListElement\":[{\"@type\":\"ListItem\",\"position\":1,\"name\":\"In\u00edcio\",\"item\":\"https:\/\/www.clebinho.pro.br\/wp\"},{\"@type\":\"ListItem\",\"position\":2,\"name\":\"150. O Novo Empreendimento de Trump\"}]},{\"@type\":\"WebSite\",\"@id\":\"https:\/\/www.clebinho.pro.br\/wp\/#website\",\"url\":\"https:\/\/www.clebinho.pro.br\/wp\/\",\"name\":\"Blog do Professor Clebinho\",\"description\":\"Um espa\u00e7o virtual privilegiado oferecido pelo professor Clebinho, seus alunos, ex-alunos e demais interessados no debate de atualidades, hist\u00f3ria, geografia, geopolitica e meio ambiente\",\"potentialAction\":[{\"@type\":\"SearchAction\",\"target\":{\"@type\":\"EntryPoint\",\"urlTemplate\":\"https:\/\/www.clebinho.pro.br\/wp\/?s={search_term_string}\"},\"query-input\":\"required name=search_term_string\"}],\"inLanguage\":\"pt-BR\"},{\"@type\":\"Person\",\"@id\":\"https:\/\/www.clebinho.pro.br\/wp\/#\/schema\/person\/73417286de03a1ad762ac7d8ca8c6b77\",\"name\":\"Professor Clebinho\",\"image\":{\"@type\":\"ImageObject\",\"inLanguage\":\"pt-BR\",\"@id\":\"https:\/\/www.clebinho.pro.br\/wp\/#\/schema\/person\/image\/\",\"url\":\"https:\/\/secure.gravatar.com\/avatar\/bb922115afcbfb086f9c52d1dd4a20fa?s=96&d=mm&r=g\",\"contentUrl\":\"https:\/\/secure.gravatar.com\/avatar\/bb922115afcbfb086f9c52d1dd4a20fa?s=96&d=mm&r=g\",\"caption\":\"Professor Clebinho\"},\"sameAs\":[\"https:\/\/www.clebinho.pro.br\/wp\"],\"url\":\"https:\/\/www.clebinho.pro.br\/wp\/?author=2\"}]}<\/script>\n<!-- \/ Yoast SEO plugin. -->","yoast_head_json":{"title":"150. O Novo Empreendimento de Trump - Blog do Professor Clebinho","robots":{"index":"index","follow":"follow","max-snippet":"max-snippet:-1","max-image-preview":"max-image-preview:large","max-video-preview":"max-video-preview:-1"},"canonical":"https:\/\/www.clebinho.pro.br\/wp\/?p=8115","og_locale":"pt_BR","og_type":"article","og_title":"150. O Novo Empreendimento de Trump - Blog do Professor Clebinho","og_description":"Os \u00faltimos anos da pol\u00edtica internacional foram intensos. Guerra na S\u00edria, surgimento do Estado Isl\u00e2mico, fuga de imigrantes, crises econ\u00f4micas, entre outros assuntos. Um dos temas mais discutidos foram as elei\u00e7\u00f5es nos EUA e a inesperada vit\u00f3ria de Donald Trump. Dono de bilh\u00f5es de d\u00f3lares e de um temperamento infantil e explosivo, o magnata deixou [&hellip;]","og_url":"https:\/\/www.clebinho.pro.br\/wp\/?p=8115","og_site_name":"Blog do Professor Clebinho","article_published_time":"2017-02-13T17:49:22+00:00","article_modified_time":"2017-11-17T13:26:22+00:00","og_image":[{"width":4272,"height":3204,"url":"https:\/\/clebinho.pro.br\/wp\/wp-content\/uploads\/2017\/02\/trump.jpg","type":"image\/jpeg"}],"author":"Professor Clebinho","twitter_card":"summary_large_image","twitter_misc":{"Escrito por":"Professor Clebinho","Est. tempo de leitura":"6 minutos"},"schema":{"@context":"https:\/\/schema.org","@graph":[{"@type":"WebPage","@id":"https:\/\/www.clebinho.pro.br\/wp\/?p=8115","url":"https:\/\/www.clebinho.pro.br\/wp\/?p=8115","name":"150. O Novo Empreendimento de Trump - Blog do Professor Clebinho","isPartOf":{"@id":"https:\/\/www.clebinho.pro.br\/wp\/#website"},"datePublished":"2017-02-13T17:49:22+00:00","dateModified":"2017-11-17T13:26:22+00:00","author":{"@id":"https:\/\/www.clebinho.pro.br\/wp\/#\/schema\/person\/73417286de03a1ad762ac7d8ca8c6b77"},"breadcrumb":{"@id":"https:\/\/www.clebinho.pro.br\/wp\/?p=8115#breadcrumb"},"inLanguage":"pt-BR","potentialAction":[{"@type":"ReadAction","target":["https:\/\/www.clebinho.pro.br\/wp\/?p=8115"]}]},{"@type":"BreadcrumbList","@id":"https:\/\/www.clebinho.pro.br\/wp\/?p=8115#breadcrumb","itemListElement":[{"@type":"ListItem","position":1,"name":"In\u00edcio","item":"https:\/\/www.clebinho.pro.br\/wp"},{"@type":"ListItem","position":2,"name":"150. O Novo Empreendimento de Trump"}]},{"@type":"WebSite","@id":"https:\/\/www.clebinho.pro.br\/wp\/#website","url":"https:\/\/www.clebinho.pro.br\/wp\/","name":"Blog do Professor Clebinho","description":"Um espa\u00e7o virtual privilegiado oferecido pelo professor Clebinho, seus alunos, ex-alunos e demais interessados no debate de atualidades, hist\u00f3ria, geografia, geopolitica e meio ambiente","potentialAction":[{"@type":"SearchAction","target":{"@type":"EntryPoint","urlTemplate":"https:\/\/www.clebinho.pro.br\/wp\/?s={search_term_string}"},"query-input":"required name=search_term_string"}],"inLanguage":"pt-BR"},{"@type":"Person","@id":"https:\/\/www.clebinho.pro.br\/wp\/#\/schema\/person\/73417286de03a1ad762ac7d8ca8c6b77","name":"Professor Clebinho","image":{"@type":"ImageObject","inLanguage":"pt-BR","@id":"https:\/\/www.clebinho.pro.br\/wp\/#\/schema\/person\/image\/","url":"https:\/\/secure.gravatar.com\/avatar\/bb922115afcbfb086f9c52d1dd4a20fa?s=96&d=mm&r=g","contentUrl":"https:\/\/secure.gravatar.com\/avatar\/bb922115afcbfb086f9c52d1dd4a20fa?s=96&d=mm&r=g","caption":"Professor Clebinho"},"sameAs":["https:\/\/www.clebinho.pro.br\/wp"],"url":"https:\/\/www.clebinho.pro.br\/wp\/?author=2"}]}},"_links":{"self":[{"href":"https:\/\/www.clebinho.pro.br\/wp\/index.php?rest_route=\/wp\/v2\/posts\/8115"}],"collection":[{"href":"https:\/\/www.clebinho.pro.br\/wp\/index.php?rest_route=\/wp\/v2\/posts"}],"about":[{"href":"https:\/\/www.clebinho.pro.br\/wp\/index.php?rest_route=\/wp\/v2\/types\/post"}],"author":[{"embeddable":true,"href":"https:\/\/www.clebinho.pro.br\/wp\/index.php?rest_route=\/wp\/v2\/users\/2"}],"replies":[{"embeddable":true,"href":"https:\/\/www.clebinho.pro.br\/wp\/index.php?rest_route=%2Fwp%2Fv2%2Fcomments&post=8115"}],"version-history":[{"count":40,"href":"https:\/\/www.clebinho.pro.br\/wp\/index.php?rest_route=\/wp\/v2\/posts\/8115\/revisions"}],"predecessor-version":[{"id":11554,"href":"https:\/\/www.clebinho.pro.br\/wp\/index.php?rest_route=\/wp\/v2\/posts\/8115\/revisions\/11554"}],"wp:featuredmedia":[{"embeddable":true,"href":"https:\/\/www.clebinho.pro.br\/wp\/index.php?rest_route=\/wp\/v2\/media\/8153"}],"wp:attachment":[{"href":"https:\/\/www.clebinho.pro.br\/wp\/index.php?rest_route=%2Fwp%2Fv2%2Fmedia&parent=8115"}],"wp:term":[{"taxonomy":"category","embeddable":true,"href":"https:\/\/www.clebinho.pro.br\/wp\/index.php?rest_route=%2Fwp%2Fv2%2Fcategories&post=8115"},{"taxonomy":"post_tag","embeddable":true,"href":"https:\/\/www.clebinho.pro.br\/wp\/index.php?rest_route=%2Fwp%2Fv2%2Ftags&post=8115"}],"curies":[{"name":"wp","href":"https:\/\/api.w.org\/{rel}","templated":true}]}}