{"id":8916,"date":"2017-05-08T07:41:39","date_gmt":"2017-05-08T10:41:39","guid":{"rendered":"http:\/\/www.clebinho.pro.br\/?p=8916"},"modified":"2017-10-18T13:18:03","modified_gmt":"2017-10-18T16:18:03","slug":"jango-e-o-dia-que-durou-21-anos","status":"publish","type":"post","link":"https:\/\/www.clebinho.pro.br\/wp\/?p=8916","title":{"rendered":"162. Jango e o Dia Que Durou 21 Anos"},"content":{"rendered":"<p style=\"text-align: justify;\">Ap\u00f3s o curto e bizarro governo J\u00e2nio Quadros, o Brasil passou por momentos ainda mais conturbados. Pela constitui\u00e7\u00e3o, quem assumiria o governo na falta do presidente seria o vice, Jo\u00e3o Goulart, conhecido como Jango. Mas n\u00e3o foi t\u00e3o simples assim.<\/p>\n<p style=\"text-align: justify;\"><span style=\"color: #ff0000;\"><strong>Jango<\/strong><\/span><\/p>\n<p style=\"text-align: justify;\">A carreira pol\u00edtica do ga\u00facho Jo\u00e3o Belchior Marques Goulart teve in\u00edcio em 1950, quando foi\u00a0eleito deputado federal, aos 31 anos de idade. No segundo governo de Get\u00falio Vargas (1951-1954) foi Ministro do Trabalho, Ind\u00fastria e Com\u00e9rcio. Neste per\u00edodo, deu um aumento de 100% no sal\u00e1rio m\u00ednimo, j\u00e1 demonstrando sua preocupa\u00e7\u00e3o com o trabalhador de menor renda. Seu ato\u00a0levantou tanta pol\u00eamica que gerou sua ren\u00fancia, pressionado por setores da sociedade, entre eles os empres\u00e1rios, \u00a0n\u00e3o satisfeitos com a medida.<\/p>\n<div id=\"attachment_8975\" style=\"width: 310px\" class=\"wp-caption aligncenter\"><a href=\"https:\/\/clebinho.pro.br\/wp\/wp-content\/uploads\/2017\/05\/image_large.jpg\"><img loading=\"lazy\" decoding=\"async\" aria-describedby=\"caption-attachment-8975\" class=\"wp-image-8975 size-medium\" src=\"https:\/\/clebinho.pro.br\/wp\/wp-content\/uploads\/2017\/05\/image_large-300x188.jpg\" alt=\"image_large\" width=\"300\" height=\"188\" srcset=\"https:\/\/www.clebinho.pro.br\/wp\/wp-content\/uploads\/2017\/05\/image_large-300x188.jpg 300w, https:\/\/www.clebinho.pro.br\/wp\/wp-content\/uploads\/2017\/05\/image_large.jpg 780w\" sizes=\"(max-width: 300px) 100vw, 300px\" \/><\/a><p id=\"caption-attachment-8975\" class=\"wp-caption-text\">Jo\u00e3o Goulart em uma entrevista. Imagem: internet<\/p><\/div>\n<p style=\"text-align: justify;\">.<\/p>\n<p style=\"text-align: justify;\">Ap\u00f3s este per\u00edodo, Jango venceu duas elei\u00e7\u00f5es para vice-presidente, pelo partido PTB, o mesmo de Vargas. Lembrando que naquele momento, o vice era eleito separadamente em rela\u00e7\u00e3o ao presidente.<\/p>\n<p style=\"text-align: justify;\"><span style=\"color: #ff0000;\"><strong>Posse e parlamentarismo<\/strong><\/span><\/p>\n<p style=\"text-align: justify;\">Quando ocorreu a ren\u00fancia de J\u00e2nio, seu vice\u00a0estava em visita oficial \u00e0 China, pa\u00eds \u00a0comunista e muito fechado naquele momento. Por\u00e7\u00f5es de nossa sociedade, principalmente os militares, acreditavam que Jo\u00e3o Goulart no poder abriria\u00a0a possibilidade de uma revolu\u00e7\u00e3o de esquerda no Brasil. Este era um sentimento muito presente naquele momento da hist\u00f3ria, em que viv\u00edamos a disputa ideol\u00f3gica entre EUA e URSS. Qualquer opini\u00e3o ou a\u00e7\u00e3o fora do padr\u00e3o capitalista estabelecido era tida como comunista.<\/p>\n<div id=\"attachment_8973\" style=\"width: 310px\" class=\"wp-caption aligncenter\"><a href=\"https:\/\/clebinho.pro.br\/wp\/wp-content\/uploads\/2017\/05\/Jango.China_.jpg\"><img loading=\"lazy\" decoding=\"async\" aria-describedby=\"caption-attachment-8973\" class=\"wp-image-8973 size-medium\" src=\"https:\/\/clebinho.pro.br\/wp\/wp-content\/uploads\/2017\/05\/Jango.China_-300x219.jpg\" alt=\"Jango.China_\" width=\"300\" height=\"219\" srcset=\"https:\/\/www.clebinho.pro.br\/wp\/wp-content\/uploads\/2017\/05\/Jango.China_-300x219.jpg 300w, https:\/\/www.clebinho.pro.br\/wp\/wp-content\/uploads\/2017\/05\/Jango.China_.jpg 350w\" sizes=\"(max-width: 300px) 100vw, 300px\" \/><\/a><p id=\"caption-attachment-8973\" class=\"wp-caption-text\">Jango em visita oficial a China. Imagem: Internet<\/p><\/div>\n<p style=\"text-align: justify;\">.<\/p>\n<p style=\"text-align: justify;\">Parte dos militares sequer queriam permitir a volta de Jo\u00e3o Goulart\u00a0do exterior. O impasse foi t\u00e3o grande que ele teve que esperar a resolu\u00e7\u00e3o do problema em Montevid\u00e9u, capital do Uruguai. O ent\u00e3o governador do Rio Grande do Sul e cunhado de Jango, Leonel Brizola, iniciou a &#8220;batalha pela legalidade&#8221;, onde defendia o que parecia \u00f3bvio, a posse do vice na falta do presidente.<\/p>\n<div id=\"attachment_8982\" style=\"width: 310px\" class=\"wp-caption aligncenter\"><a href=\"https:\/\/clebinho.pro.br\/wp\/wp-content\/uploads\/2017\/05\/imagem_materia.jpg\"><img loading=\"lazy\" decoding=\"async\" aria-describedby=\"caption-attachment-8982\" class=\"wp-image-8982 size-medium\" src=\"https:\/\/clebinho.pro.br\/wp\/wp-content\/uploads\/2017\/05\/imagem_materia-300x198.jpg\" alt=\"imagem_materia\" width=\"300\" height=\"198\" srcset=\"https:\/\/www.clebinho.pro.br\/wp\/wp-content\/uploads\/2017\/05\/imagem_materia-300x198.jpg 300w, https:\/\/www.clebinho.pro.br\/wp\/wp-content\/uploads\/2017\/05\/imagem_materia.jpg 500w\" sizes=\"(max-width: 300px) 100vw, 300px\" \/><\/a><p id=\"caption-attachment-8982\" class=\"wp-caption-text\">Leonel Brizola, grande defensor da posse de Jango. Imagem: Internet<\/p><\/div>\n<p style=\"text-align: justify;\">.<\/p>\n<p style=\"text-align: justify;\">Ap\u00f3s dias de tens\u00f5es, em\u00a07 de setembro de 1961, Jango, enfim, tomou posse. Antes disso uma dura negocia\u00e7\u00e3o foi feita. Para que a ordem constitucional \u00a0fosse preservada,\u00a0Jo\u00e3o Goulart p\u00f4de tomar\u00a0posse, por\u00e9m, o sistema pol\u00edtico do Brasil foi modificado para parlamentarismo. Desta forma, o presidente se tornou uma figura ilustrativa no poder. Quem realmente governava era o primeiro ministro, Tancredo Neves, pol\u00edtico mineiro do PSD.<\/p>\n<p style=\"text-align: justify;\">Em janeiro de 1963 um plebiscito foi convocado para que a popula\u00e7\u00e3o legitimasse, \u00a0ou n\u00e3o, \u00a0a mudan\u00e7a de sistema pol\u00edtico no Brasil. Ap\u00f3s uma enorme campanha publicit\u00e1ria realizada pelo governo Jango, o parlamentarismo foi rejeitado. Jo\u00e3o Goulart, enfim, se torna presidente do Brasil de fato.<\/p>\n<p style=\"text-align: justify;\"><span style=\"color: #ff0000;\"><strong>Reformas de Base<\/strong><\/span><\/p>\n<p style=\"text-align: justify;\">Jo\u00e3o Goulart, no curto per\u00edodo\u00a0em que governou o Brasil, tentou implementar mudan\u00e7as dr\u00e1sticas, que modificariam completamente a estrutura social existente em nosso pa\u00eds.\u00a0O nome deste conjunto de propostas era &#8220;Reformas de Base&#8221; e estava dentro do Plano Trienal, uma s\u00e9rie de medidas para tentar tirar o Brasil da crise econ\u00f4mica em que se encontrava. Seus termos\u00a0mais pol\u00eamicos eram:<\/p>\n<ul style=\"text-align: justify;\">\n<li style=\"text-align: justify;\"><strong>Reforma Agr\u00e1ria<\/strong>: Consistia na desapropria\u00e7\u00e3o de latif\u00fandios improdutivos e sua distribui\u00e7\u00e3o para fam\u00edlias em condi\u00e7\u00f5es sociais prec\u00e1rias. As indeniza\u00e7\u00f5es seriam feitas com t\u00edtulos da d\u00edvida p\u00fablica. Isso apavorou os grandes latifundi\u00e1rios. \u00a0Se realmente essa reforma agr\u00e1ria tivesse sido feita, menos fam\u00edlias teriam vindo para as grandes cidades em busca de oportunidades e hoje os\u00a0problemas urbanos seriam menores.<\/li>\n<li style=\"text-align: justify;\"><strong>Reforma Urbana<\/strong>: Era relativamente parecida com a reforma agr\u00e1ria, por\u00e9m, focada nos im\u00f3veis urbanos. Tamb\u00e9m atrav\u00e9s de t\u00edtulos da d\u00edvida p\u00fablica, a proposta era que os inquilinos tivessem a condi\u00e7\u00e3o de comprar as habita\u00e7\u00f5es que alugavam.<\/li>\n<li style=\"text-align: justify;\"><strong>Reforma Educacional<\/strong>: Visava valorizar o magist\u00e9rio e o ensino p\u00fablico. Um dos focos era o combate ao analfabetismo, utilizando o m\u00e9todo criado por Paulo Freire, baseado nos voc\u00e1bulos mais falados pelo aluno. Focava o aprendizado na vida cotidiana do jovem, ao inv\u00e9s de\u00a0usar cartilhas uniformizadas.<\/li>\n<li style=\"text-align: justify;\"><strong>Reforma Eleitoral<\/strong>: A reforma pretendia estender o direito a voto a analfabetos e aos militares de baixa patente, que n\u00e3o podiam votar por estarem de prontid\u00e3o no dia das elei\u00e7\u00f5es. Al\u00e9m disso, previa a regulamenta\u00e7\u00e3o do Partido Comunista. Essas medidas representavam um &#8220;soco na cara&#8221; dos comandantes militares.<\/li>\n<li style=\"text-align: justify;\"><strong>Reforma fiscal<\/strong>: Ponto extremamente pol\u00eamico, j\u00e1 que pretendia limitar as remessas de lucros ao exterior, enviadas pelas multinacionais que atuavam no Brasil. Para Jango, a maior parte desse dinheiro deveria permanecer circulando aqui dentro. Essa ideia se chocou frontalmente com os interesses internacionais\u00a0presentes em nosso pa\u00eds, principalmente dos norte-americanos, atuando\u00a0aqui, por exemplo, com a GM, Coca-Cola e a Ford.<\/li>\n<li style=\"text-align: justify;\">Por fim, pelo menos em nosso resumo, previa a <strong>nacionaliza\u00e7\u00e3o<\/strong> de v\u00e1rios setores da economia, ampliando a interven\u00e7\u00e3o estatal na sociedade.<\/li>\n<\/ul>\n<div id=\"attachment_8967\" style=\"width: 310px\" class=\"wp-caption aligncenter\"><a href=\"https:\/\/clebinho.pro.br\/wp\/wp-content\/uploads\/2017\/05\/captura_de_tela_2014-07-31_as_15.07.41.png\"><img loading=\"lazy\" decoding=\"async\" aria-describedby=\"caption-attachment-8967\" class=\"wp-image-8967 size-medium\" src=\"https:\/\/clebinho.pro.br\/wp\/wp-content\/uploads\/2017\/05\/captura_de_tela_2014-07-31_as_15.07.41-300x133.png\" alt=\"captura_de_tela_2014-07-31_as_15.07.41\" width=\"300\" height=\"133\" srcset=\"https:\/\/www.clebinho.pro.br\/wp\/wp-content\/uploads\/2017\/05\/captura_de_tela_2014-07-31_as_15.07.41-300x133.png 300w, https:\/\/www.clebinho.pro.br\/wp\/wp-content\/uploads\/2017\/05\/captura_de_tela_2014-07-31_as_15.07.41.png 620w\" sizes=\"(max-width: 300px) 100vw, 300px\" \/><\/a><p id=\"caption-attachment-8967\" class=\"wp-caption-text\">Essa frase foi uma resposta de Jango contra quem o acusava de colocar a democracia em risco. Imagem: Internet<\/p><\/div>\n<p style=\"text-align: justify;\">.<\/p>\n<p style=\"text-align: justify;\">As reformas n\u00e3o foram aprovadas pelo Congresso, ent\u00e3o Jango partiu para o corpo a corpo com a popula\u00e7\u00e3o. Defendeu suas ideias em in\u00fameros com\u00edcios, chamando o povo para a luta a favor das reformas. O Brasil estava rachado, parte apoiava Jango, outros o acusavam de comunista.<\/p>\n<p style=\"text-align: justify;\">Como o leitor de nosso blog p\u00f4de perceber, Jango confrontou setores da sociedade tremendamente poderosos.<\/p>\n<p style=\"text-align: justify;\"><span style=\"color: #ff0000;\"><strong>O dia que durou 21 anos<\/strong><\/span><\/p>\n<p style=\"text-align: justify;\">Em 13 de mar\u00e7o de 1964 Jango fez um discurso inflamado no Rio de Janeiro, especificamente na Central do Brasil, \u00a0que entrou para a hist\u00f3ria. Nesse dia, o governante assinou decretos desapropriando terras e transferiu para a Uni\u00e3o o controle sobre 5 refinarias de petr\u00f3leo, al\u00e9m de prometer realizar as reformas de base. Cerca de 200 mil pessoas deram seu apoio a Jango. Veja\u00a0trechos do\u00a0discurso e saiba mais sobre este assunto no <a href=\"http:\/\/www.ebc.com.br\/cidadania\/2014\/03\/ha-50-anos-jango-defendia-reformas-em-comicio-na-central-do-brasil\" target=\"_blank\" rel=\"noopener\">site EBC.<\/a><\/p>\n<p style=\"text-align: justify;\">Para\u00a0apimentar a situa\u00e7\u00e3o, a Central do Brasil est\u00e1 localizada ao lado do Comando Militar do Leste, respons\u00e1vel pelo gerenciamento de todo o ex\u00e9rcito brasileiro nos estados do Rio de Janeiro, Esp\u00edrito Santo e Minas Gerais.\u00a0A ato foi considerado mais uma afronta ao ex\u00e9rcito.<\/p>\n<div id=\"attachment_8969\" style=\"width: 310px\" class=\"wp-caption aligncenter\"><a href=\"https:\/\/clebinho.pro.br\/wp\/wp-content\/uploads\/2017\/05\/340289-970x600-11.jpeg\"><img loading=\"lazy\" decoding=\"async\" aria-describedby=\"caption-attachment-8969\" class=\"wp-image-8969 size-medium\" src=\"https:\/\/clebinho.pro.br\/wp\/wp-content\/uploads\/2017\/05\/340289-970x600-11-300x186.jpeg\" alt=\"340289-970x600-1\" width=\"300\" height=\"186\" srcset=\"https:\/\/www.clebinho.pro.br\/wp\/wp-content\/uploads\/2017\/05\/340289-970x600-11-300x186.jpeg 300w, https:\/\/www.clebinho.pro.br\/wp\/wp-content\/uploads\/2017\/05\/340289-970x600-11.jpeg 970w\" sizes=\"(max-width: 300px) 100vw, 300px\" \/><\/a><p id=\"caption-attachment-8969\" class=\"wp-caption-text\">Hist\u00f3rico com\u00edcio na Central do Brasil. Faixas de apoio as reformas. Imagem: Internet<\/p><\/div>\n<p style=\"text-align: justify;\">.<\/p>\n<p style=\"text-align: justify;\">A resposta veio de v\u00e1rios setores da sociedade, incluindo a Igreja Cat\u00f3lica, o empresariado e setores de direita da pol\u00edtica. Uma s\u00e9rie de manifesta\u00e7\u00f5es varreram o Brasil com o nome <strong>&#8220;Marcha da fam\u00edlia com Deus pela liberdade&#8221;<\/strong>. \u00a0A ideia era se manifestar contra o &#8220;perigo comunista&#8221; que rondava nosso pa\u00eds. A primeira e maior de todas as manifesta\u00e7\u00f5es ocorreu em S\u00e3o Paulo, no dia 19 de mar\u00e7o, contando com 500 mil pessoas.<\/p>\n<div id=\"attachment_8970\" style=\"width: 310px\" class=\"wp-caption aligncenter\"><a href=\"https:\/\/clebinho.pro.br\/wp\/wp-content\/uploads\/2017\/05\/marcha-familia.jpg\"><img loading=\"lazy\" decoding=\"async\" aria-describedby=\"caption-attachment-8970\" class=\"wp-image-8970 size-medium\" src=\"https:\/\/clebinho.pro.br\/wp\/wp-content\/uploads\/2017\/05\/marcha-familia-300x161.jpg\" alt=\"marcha-familia\" width=\"300\" height=\"161\" srcset=\"https:\/\/www.clebinho.pro.br\/wp\/wp-content\/uploads\/2017\/05\/marcha-familia-300x161.jpg 300w, https:\/\/www.clebinho.pro.br\/wp\/wp-content\/uploads\/2017\/05\/marcha-familia.jpg 631w\" sizes=\"(max-width: 300px) 100vw, 300px\" \/><\/a><p id=\"caption-attachment-8970\" class=\"wp-caption-text\">A marcha, patrocinada pela Igreja Cat\u00f3lica, foi nitidamente uma manifesta\u00e7\u00e3o contra Jango. Observe as faixas contra o comunismo. Imagem: Internet<\/p><\/div>\n<p style=\"text-align: justify;\">.<\/p>\n<p style=\"text-align: justify;\">O Brasil estava completamente dividido. Na madrugada do dia 31 de mar\u00e7o de 1964 ocorreu o que j\u00e1 era esperado. Apoiados por tantos setores da sociedade, os militares se mobilizaram e tomaram o poder em Bras\u00edlia. As maiores cidades do pa\u00eds\u00a0foram ocupadas por tropas. Toda e qualquer associa\u00e7\u00e3o que apoiava Goulart foi invadida e algumas queimadas. O presidente deposto, j\u00e1 imaginando o fato, estava no Rio Grande do Sul, de onde foi para o Uruguai se exilar. A FGV (Funda\u00e7\u00e3o Get\u00falio Vargas) fez uma interessante mat\u00e9ria sobre o ex\u00edlio de Jango,<a href=\"http:\/\/cpdoc.fgv.br\/producao\/dossies\/Jango\/artigos\/Exilio\/Exilio_no_Uruguai\" target=\"_blank\" rel=\"noopener\"> confiram.<\/a><\/p>\n<p style=\"text-align: justify;\">Em 2004 os norte-americanos tornaram p\u00fablicos documentos que demonstram a participa\u00e7\u00e3o de agentes da CIA no evento. Grande parte da imprensa, como o jornal O Globo, tamb\u00e9m apoiaram a interven\u00e7\u00e3o militar.<\/p>\n<div id=\"attachment_8979\" style=\"width: 310px\" class=\"wp-caption aligncenter\"><a href=\"https:\/\/clebinho.pro.br\/wp\/wp-content\/uploads\/2017\/05\/foto_mat_27289.jpg\"><img loading=\"lazy\" decoding=\"async\" aria-describedby=\"caption-attachment-8979\" class=\"wp-image-8979 size-medium\" src=\"https:\/\/clebinho.pro.br\/wp\/wp-content\/uploads\/2017\/05\/foto_mat_27289-300x199.jpg\" alt=\"foto_mat_27289\" width=\"300\" height=\"199\" srcset=\"https:\/\/www.clebinho.pro.br\/wp\/wp-content\/uploads\/2017\/05\/foto_mat_27289-300x199.jpg 300w, https:\/\/www.clebinho.pro.br\/wp\/wp-content\/uploads\/2017\/05\/foto_mat_27289.jpg 470w\" sizes=\"(max-width: 300px) 100vw, 300px\" \/><\/a><p id=\"caption-attachment-8979\" class=\"wp-caption-text\">Vejam a tendenciosa manchete do Jornal O\u00a0Globo. Ao inv\u00e9s de retratar o golpe, escreveram que Jango havia fugido. Mazzilli era o presidente da C\u00e2mara, que assumiu provisoriamente antes dos militares. Para piorar, ainda afirmaram que a democracia estava sendo restabelecida. Imagem: Internet<\/p><\/div>\n<p style=\"text-align: justify;\">.<\/p>\n<p style=\"text-align: justify;\">Mais a frente, liberdades individuais foram suprimidas e o Brasil passou por\u00a021 anos nas m\u00e3os das for\u00e7as armadas. Mas isso \u00e9 assunto para outro texto.<\/p>\n<p style=\"text-align: justify;\">Poucas vezes aqui no blog externei minha opini\u00e3o pessoal, at\u00e9 porque o que importa s\u00e3o os fatos e n\u00e3o o que eu penso. Mas, se Jango tivesse conseguido implementar suas ideias, o Brasil hoje seria um pa\u00eds muito mais justo e melhor.<\/p>\n<p style=\"text-align: justify;\"><strong>Pr\u00f3ximos textos<\/strong><\/p>\n<p style=\"text-align: justify;\">Nossos pr\u00f3ximos posts ir\u00e3o abordar alguns dos principais fatos ocorridos durante o Regime Militar no Brasil. Vem por a\u00ed a Guerrilha do Araguaia, o sequestro do embaixador norte-americano e o atentado ao Riocentro.<\/p>\n<p style=\"text-align: justify;\"><span style=\"color: #000000;\"><strong>Espero ter aum<\/strong><\/span><strong><span style=\"color: #000000;\">entado seu conhecimento. Curta nossa p\u00e1gina<\/span><a href=\"https:\/\/www.facebook.com\/pages\/Clebinho\/1551769148421187?ref=settings\" target=\"_blank\" rel=\"noopener\"> no Facebook <\/a><span style=\"color: #000000;\">e compartilhe nosso texto! Abra\u00e7o do Clebinho!<\/span><\/strong><\/p>\n<p style=\"text-align: justify;\"><span style=\"color: #000000;\">Publicado em 08.05.2017<\/span><\/p>\n<p>&nbsp;<\/p>\n","protected":false},"excerpt":{"rendered":"<p>Ap\u00f3s o curto e bizarro governo J\u00e2nio Quadros, o Brasil passou por momentos ainda mais conturbados. Pela constitui\u00e7\u00e3o, quem assumiria o governo na falta do presidente seria o vice, Jo\u00e3o Goulart, conhecido como Jango. Mas n\u00e3o foi t\u00e3o simples assim. Jango A carreira pol\u00edtica do ga\u00facho Jo\u00e3o Belchior Marques Goulart teve in\u00edcio em 1950, quando [&hellip;]<\/p>\n","protected":false},"author":2,"featured_media":8975,"comment_status":"open","ping_status":"open","sticky":false,"template":"","format":"standard","meta":{"footnotes":""},"categories":[71,11,1,81,5,3],"tags":[25,444,376,613,600,1479,1471,463,664,922,665,1491,1473,1472],"yoast_head":"<!-- This site is optimized with the Yoast SEO plugin v20.3 - https:\/\/yoast.com\/wordpress\/plugins\/seo\/ -->\n<title>162. Jango e o Dia Que Durou 21 Anos - Blog do Professor Clebinho<\/title>\n<meta name=\"robots\" content=\"index, follow, max-snippet:-1, max-image-preview:large, max-video-preview:-1\" \/>\n<link rel=\"canonical\" href=\"https:\/\/www.clebinho.pro.br\/wp\/?p=8916\" \/>\n<meta property=\"og:locale\" content=\"pt_BR\" \/>\n<meta property=\"og:type\" content=\"article\" \/>\n<meta property=\"og:title\" content=\"162. Jango e o Dia Que Durou 21 Anos - Blog do Professor Clebinho\" \/>\n<meta property=\"og:description\" content=\"Ap\u00f3s o curto e bizarro governo J\u00e2nio Quadros, o Brasil passou por momentos ainda mais conturbados. Pela constitui\u00e7\u00e3o, quem assumiria o governo na falta do presidente seria o vice, Jo\u00e3o Goulart, conhecido como Jango. Mas n\u00e3o foi t\u00e3o simples assim. Jango A carreira pol\u00edtica do ga\u00facho Jo\u00e3o Belchior Marques Goulart teve in\u00edcio em 1950, quando [&hellip;]\" \/>\n<meta property=\"og:url\" content=\"https:\/\/www.clebinho.pro.br\/wp\/?p=8916\" \/>\n<meta property=\"og:site_name\" content=\"Blog do Professor Clebinho\" \/>\n<meta property=\"article:published_time\" content=\"2017-05-08T10:41:39+00:00\" \/>\n<meta property=\"article:modified_time\" content=\"2017-10-18T16:18:03+00:00\" \/>\n<meta property=\"og:image\" content=\"https:\/\/clebinho.pro.br\/wp\/wp-content\/uploads\/2017\/05\/image_large.jpg\" \/>\n\t<meta property=\"og:image:width\" content=\"780\" \/>\n\t<meta property=\"og:image:height\" content=\"490\" \/>\n\t<meta property=\"og:image:type\" content=\"image\/jpeg\" \/>\n<meta name=\"author\" content=\"Professor Clebinho\" \/>\n<meta name=\"twitter:card\" content=\"summary_large_image\" \/>\n<meta name=\"twitter:label1\" content=\"Escrito por\" \/>\n\t<meta name=\"twitter:data1\" content=\"Professor Clebinho\" \/>\n\t<meta name=\"twitter:label2\" content=\"Est. tempo de leitura\" \/>\n\t<meta name=\"twitter:data2\" content=\"8 minutos\" \/>\n<script type=\"application\/ld+json\" class=\"yoast-schema-graph\">{\"@context\":\"https:\/\/schema.org\",\"@graph\":[{\"@type\":\"WebPage\",\"@id\":\"https:\/\/www.clebinho.pro.br\/wp\/?p=8916\",\"url\":\"https:\/\/www.clebinho.pro.br\/wp\/?p=8916\",\"name\":\"162. Jango e o Dia Que Durou 21 Anos - Blog do Professor Clebinho\",\"isPartOf\":{\"@id\":\"https:\/\/www.clebinho.pro.br\/wp\/#website\"},\"datePublished\":\"2017-05-08T10:41:39+00:00\",\"dateModified\":\"2017-10-18T16:18:03+00:00\",\"author\":{\"@id\":\"https:\/\/www.clebinho.pro.br\/wp\/#\/schema\/person\/73417286de03a1ad762ac7d8ca8c6b77\"},\"breadcrumb\":{\"@id\":\"https:\/\/www.clebinho.pro.br\/wp\/?p=8916#breadcrumb\"},\"inLanguage\":\"pt-BR\",\"potentialAction\":[{\"@type\":\"ReadAction\",\"target\":[\"https:\/\/www.clebinho.pro.br\/wp\/?p=8916\"]}]},{\"@type\":\"BreadcrumbList\",\"@id\":\"https:\/\/www.clebinho.pro.br\/wp\/?p=8916#breadcrumb\",\"itemListElement\":[{\"@type\":\"ListItem\",\"position\":1,\"name\":\"In\u00edcio\",\"item\":\"https:\/\/www.clebinho.pro.br\/wp\"},{\"@type\":\"ListItem\",\"position\":2,\"name\":\"162. Jango e o Dia Que Durou 21 Anos\"}]},{\"@type\":\"WebSite\",\"@id\":\"https:\/\/www.clebinho.pro.br\/wp\/#website\",\"url\":\"https:\/\/www.clebinho.pro.br\/wp\/\",\"name\":\"Blog do Professor Clebinho\",\"description\":\"Um espa\u00e7o virtual privilegiado oferecido pelo professor Clebinho, seus alunos, ex-alunos e demais interessados no debate de atualidades, hist\u00f3ria, geografia, geopolitica e meio ambiente\",\"potentialAction\":[{\"@type\":\"SearchAction\",\"target\":{\"@type\":\"EntryPoint\",\"urlTemplate\":\"https:\/\/www.clebinho.pro.br\/wp\/?s={search_term_string}\"},\"query-input\":\"required name=search_term_string\"}],\"inLanguage\":\"pt-BR\"},{\"@type\":\"Person\",\"@id\":\"https:\/\/www.clebinho.pro.br\/wp\/#\/schema\/person\/73417286de03a1ad762ac7d8ca8c6b77\",\"name\":\"Professor Clebinho\",\"image\":{\"@type\":\"ImageObject\",\"inLanguage\":\"pt-BR\",\"@id\":\"https:\/\/www.clebinho.pro.br\/wp\/#\/schema\/person\/image\/\",\"url\":\"https:\/\/secure.gravatar.com\/avatar\/bb922115afcbfb086f9c52d1dd4a20fa?s=96&d=mm&r=g\",\"contentUrl\":\"https:\/\/secure.gravatar.com\/avatar\/bb922115afcbfb086f9c52d1dd4a20fa?s=96&d=mm&r=g\",\"caption\":\"Professor Clebinho\"},\"sameAs\":[\"https:\/\/www.clebinho.pro.br\/wp\"],\"url\":\"https:\/\/www.clebinho.pro.br\/wp\/?author=2\"}]}<\/script>\n<!-- \/ Yoast SEO plugin. -->","yoast_head_json":{"title":"162. Jango e o Dia Que Durou 21 Anos - Blog do Professor Clebinho","robots":{"index":"index","follow":"follow","max-snippet":"max-snippet:-1","max-image-preview":"max-image-preview:large","max-video-preview":"max-video-preview:-1"},"canonical":"https:\/\/www.clebinho.pro.br\/wp\/?p=8916","og_locale":"pt_BR","og_type":"article","og_title":"162. Jango e o Dia Que Durou 21 Anos - Blog do Professor Clebinho","og_description":"Ap\u00f3s o curto e bizarro governo J\u00e2nio Quadros, o Brasil passou por momentos ainda mais conturbados. Pela constitui\u00e7\u00e3o, quem assumiria o governo na falta do presidente seria o vice, Jo\u00e3o Goulart, conhecido como Jango. Mas n\u00e3o foi t\u00e3o simples assim. Jango A carreira pol\u00edtica do ga\u00facho Jo\u00e3o Belchior Marques Goulart teve in\u00edcio em 1950, quando [&hellip;]","og_url":"https:\/\/www.clebinho.pro.br\/wp\/?p=8916","og_site_name":"Blog do Professor Clebinho","article_published_time":"2017-05-08T10:41:39+00:00","article_modified_time":"2017-10-18T16:18:03+00:00","og_image":[{"width":780,"height":490,"url":"https:\/\/clebinho.pro.br\/wp\/wp-content\/uploads\/2017\/05\/image_large.jpg","type":"image\/jpeg"}],"author":"Professor Clebinho","twitter_card":"summary_large_image","twitter_misc":{"Escrito por":"Professor Clebinho","Est. tempo de leitura":"8 minutos"},"schema":{"@context":"https:\/\/schema.org","@graph":[{"@type":"WebPage","@id":"https:\/\/www.clebinho.pro.br\/wp\/?p=8916","url":"https:\/\/www.clebinho.pro.br\/wp\/?p=8916","name":"162. Jango e o Dia Que Durou 21 Anos - Blog do Professor Clebinho","isPartOf":{"@id":"https:\/\/www.clebinho.pro.br\/wp\/#website"},"datePublished":"2017-05-08T10:41:39+00:00","dateModified":"2017-10-18T16:18:03+00:00","author":{"@id":"https:\/\/www.clebinho.pro.br\/wp\/#\/schema\/person\/73417286de03a1ad762ac7d8ca8c6b77"},"breadcrumb":{"@id":"https:\/\/www.clebinho.pro.br\/wp\/?p=8916#breadcrumb"},"inLanguage":"pt-BR","potentialAction":[{"@type":"ReadAction","target":["https:\/\/www.clebinho.pro.br\/wp\/?p=8916"]}]},{"@type":"BreadcrumbList","@id":"https:\/\/www.clebinho.pro.br\/wp\/?p=8916#breadcrumb","itemListElement":[{"@type":"ListItem","position":1,"name":"In\u00edcio","item":"https:\/\/www.clebinho.pro.br\/wp"},{"@type":"ListItem","position":2,"name":"162. Jango e o Dia Que Durou 21 Anos"}]},{"@type":"WebSite","@id":"https:\/\/www.clebinho.pro.br\/wp\/#website","url":"https:\/\/www.clebinho.pro.br\/wp\/","name":"Blog do Professor Clebinho","description":"Um espa\u00e7o virtual privilegiado oferecido pelo professor Clebinho, seus alunos, ex-alunos e demais interessados no debate de atualidades, hist\u00f3ria, geografia, geopolitica e meio ambiente","potentialAction":[{"@type":"SearchAction","target":{"@type":"EntryPoint","urlTemplate":"https:\/\/www.clebinho.pro.br\/wp\/?s={search_term_string}"},"query-input":"required name=search_term_string"}],"inLanguage":"pt-BR"},{"@type":"Person","@id":"https:\/\/www.clebinho.pro.br\/wp\/#\/schema\/person\/73417286de03a1ad762ac7d8ca8c6b77","name":"Professor Clebinho","image":{"@type":"ImageObject","inLanguage":"pt-BR","@id":"https:\/\/www.clebinho.pro.br\/wp\/#\/schema\/person\/image\/","url":"https:\/\/secure.gravatar.com\/avatar\/bb922115afcbfb086f9c52d1dd4a20fa?s=96&d=mm&r=g","contentUrl":"https:\/\/secure.gravatar.com\/avatar\/bb922115afcbfb086f9c52d1dd4a20fa?s=96&d=mm&r=g","caption":"Professor Clebinho"},"sameAs":["https:\/\/www.clebinho.pro.br\/wp"],"url":"https:\/\/www.clebinho.pro.br\/wp\/?author=2"}]}},"_links":{"self":[{"href":"https:\/\/www.clebinho.pro.br\/wp\/index.php?rest_route=\/wp\/v2\/posts\/8916"}],"collection":[{"href":"https:\/\/www.clebinho.pro.br\/wp\/index.php?rest_route=\/wp\/v2\/posts"}],"about":[{"href":"https:\/\/www.clebinho.pro.br\/wp\/index.php?rest_route=\/wp\/v2\/types\/post"}],"author":[{"embeddable":true,"href":"https:\/\/www.clebinho.pro.br\/wp\/index.php?rest_route=\/wp\/v2\/users\/2"}],"replies":[{"embeddable":true,"href":"https:\/\/www.clebinho.pro.br\/wp\/index.php?rest_route=%2Fwp%2Fv2%2Fcomments&post=8916"}],"version-history":[{"count":93,"href":"https:\/\/www.clebinho.pro.br\/wp\/index.php?rest_route=\/wp\/v2\/posts\/8916\/revisions"}],"predecessor-version":[{"id":11308,"href":"https:\/\/www.clebinho.pro.br\/wp\/index.php?rest_route=\/wp\/v2\/posts\/8916\/revisions\/11308"}],"wp:featuredmedia":[{"embeddable":true,"href":"https:\/\/www.clebinho.pro.br\/wp\/index.php?rest_route=\/wp\/v2\/media\/8975"}],"wp:attachment":[{"href":"https:\/\/www.clebinho.pro.br\/wp\/index.php?rest_route=%2Fwp%2Fv2%2Fmedia&parent=8916"}],"wp:term":[{"taxonomy":"category","embeddable":true,"href":"https:\/\/www.clebinho.pro.br\/wp\/index.php?rest_route=%2Fwp%2Fv2%2Fcategories&post=8916"},{"taxonomy":"post_tag","embeddable":true,"href":"https:\/\/www.clebinho.pro.br\/wp\/index.php?rest_route=%2Fwp%2Fv2%2Ftags&post=8916"}],"curies":[{"name":"wp","href":"https:\/\/api.w.org\/{rel}","templated":true}]}}