{"id":9010,"date":"2017-05-15T10:28:32","date_gmt":"2017-05-15T13:28:32","guid":{"rendered":"http:\/\/www.clebinho.pro.br\/?p=9010"},"modified":"2018-05-24T09:01:07","modified_gmt":"2018-05-24T11:01:07","slug":"163-ditadura-militar-guerrilha-sequestro-e-atentado","status":"publish","type":"post","link":"https:\/\/www.clebinho.pro.br\/wp\/?p=9010","title":{"rendered":"163. Guerrilha do Araguaia &#8211; 1967-1974"},"content":{"rendered":"<p style=\"text-align: justify;\">A Ditadura Militar foi um per\u00edodo sombrio de nossa hist\u00f3ria, quando analisadas\u00a0as liberdades individuais. Com\u00a0in\u00edcio em 1964, como mostrado em nosso <a href=\"https:\/\/www.clebinho.pro.br\/wp\/wp\/?p=8916\" target=\"_blank\" rel=\"noopener\">texto anterior<\/a>, se estendeu at\u00e9 1985. Foi uma \u00e9poca\u00a0muito vasta e bastante heterog\u00eanea. Tivemos momento de grande repress\u00e3o, como no governo M\u00e9dici, assim como a distens\u00e3o dos governos posteriores. Tivemos grande crescimento econ\u00f4mico, durante a d\u00e9cada de 70, depois vieram os complicados anos 80.<\/p>\n<p style=\"text-align: justify;\">Os pr\u00f3ximos 3 textos de nosso blog t\u00eam como objetivo destacar\u00a0alguns\u00a0eventos ocorridos durante este per\u00edodo do\u00a0Brasil. Escolhidos a dedo, eles representam uma pequena fra\u00e7\u00e3o do que ocorreu em nosso pa\u00eds naquele dificultoso momento.<\/p>\n<p style=\"text-align: justify;\"><span style=\"color: #ff0000;\"><strong>Guerrilha do Araguaia<\/strong><\/span><\/p>\n<p style=\"text-align: justify;\">No final da d\u00e9cada de 1960 um grupo de brasileiros, a maioria ligados ao PCdoB (Partido Comunista do Brasil), montou o maior movimento armado contra a ditadura no\u00a0Brasil. Lembrando que naquele momento a organiza\u00e7\u00e3o\u00a0estava na ilegalidade. A inspira\u00e7\u00e3o vinha de movimentos comunistas que eclodiam pelo mundo, como\u00a0a <a href=\"https:\/\/www.clebinho.pro.br\/wp\/wp\/?p=3382\" target=\"_blank\" rel=\"noopener\">Revolu\u00e7\u00e3o Cubana<\/a>.<\/p>\n<div id=\"attachment_9047\" style=\"width: 308px\" class=\"wp-caption aligncenter\"><a href=\"https:\/\/clebinho.pro.br\/wp\/wp-content\/uploads\/2017\/05\/300px-Regiao_Guerrilha_do_Araguaia.png\"><img loading=\"lazy\" decoding=\"async\" aria-describedby=\"caption-attachment-9047\" class=\"wp-image-9047 size-medium\" src=\"https:\/\/clebinho.pro.br\/wp\/wp-content\/uploads\/2017\/05\/300px-Regiao_Guerrilha_do_Araguaia-298x300.png\" alt=\"300px-Regiao_Guerrilha_do_Araguaia\" width=\"298\" height=\"300\" srcset=\"https:\/\/www.clebinho.pro.br\/wp\/wp-content\/uploads\/2017\/05\/300px-Regiao_Guerrilha_do_Araguaia-298x300.png 298w, https:\/\/www.clebinho.pro.br\/wp\/wp-content\/uploads\/2017\/05\/300px-Regiao_Guerrilha_do_Araguaia-150x150.png 150w, https:\/\/www.clebinho.pro.br\/wp\/wp-content\/uploads\/2017\/05\/300px-Regiao_Guerrilha_do_Araguaia-60x60.png 60w, https:\/\/www.clebinho.pro.br\/wp\/wp-content\/uploads\/2017\/05\/300px-Regiao_Guerrilha_do_Araguaia.png 300w\" sizes=\"(max-width: 298px) 100vw, 298px\" \/><\/a><p id=\"caption-attachment-9047\" class=\"wp-caption-text\">Local onde se desenrolou a Guerrilha do Araguaia. Imagem: Internet<\/p><\/div>\n<p>.<\/p>\n<p style=\"text-align: justify;\">O nome \u00e9 geogr\u00e1fico, j\u00e1 que os guerrilheiros se estabeleceram pr\u00f3ximo ao rio Araguaia, nas divisas dos estados do Par\u00e1, Maranh\u00e3o e Goi\u00e1s (hoje Tocantins). \u00a0A escolha do local tem rela\u00e7\u00e3o com a pr\u00f3pria floresta amaz\u00f4nica, j\u00e1 que ali era o in\u00edcio da intrincada\u00a0forma\u00e7\u00e3o vegetal, com muita umidade e calor, dificultando as a\u00e7\u00f5es do ex\u00e9rcito em caso de confronto. Eram cerca de 70 pessoas, dividias em 3 destacamentos que nunca paravam de se mover na mata. Circulavam por uma \u00e1rea de 6.500 Km\u00b2. Durante cerca de 5 anos (1967-72) treinaram sobreviv\u00eancia na selva, se ambientaram e aprimoraram t\u00e9cnicas militares.<\/p>\n<div id=\"attachment_12996\" style=\"width: 310px\" class=\"wp-caption aligncenter\"><a href=\"https:\/\/clebinho.pro.br\/wp\/wp-content\/uploads\/2017\/05\/Comunistas-64a.jpg\"><img loading=\"lazy\" decoding=\"async\" aria-describedby=\"caption-attachment-12996\" class=\"wp-image-12996 size-medium\" src=\"https:\/\/clebinho.pro.br\/wp\/wp-content\/uploads\/2017\/05\/Comunistas-64a-300x169.jpg\" alt=\"\" width=\"300\" height=\"169\" srcset=\"https:\/\/www.clebinho.pro.br\/wp\/wp-content\/uploads\/2017\/05\/Comunistas-64a-300x169.jpg 300w, https:\/\/www.clebinho.pro.br\/wp\/wp-content\/uploads\/2017\/05\/Comunistas-64a.jpg 500w\" sizes=\"(max-width: 300px) 100vw, 300px\" \/><\/a><p id=\"caption-attachment-12996\" class=\"wp-caption-text\">Militares brasileiros na regi\u00e3o do Araguaia. imagem: Internet.<\/p><\/div>\n<p>.<\/p>\n<p style=\"text-align: justify;\">A inten\u00e7\u00e3o era se fixar na regi\u00e3o, conquistar a simpatia dos moradores locais e atrair cada vez mais brasileiros na luta contra o regime militar. Inicialmente seria uma revolta camponesa, que depois chegaria as cidades, instaurando um governo comunista em nosso pa\u00eds. Al\u00e9m dos militantes pol\u00edticos, estudantes, profissionais liberais de v\u00e1rios setores e camponeses se juntaram ao grupo em uma aventura quase suicida. Uma ideia ut\u00f3pica, mas que havia dado certo em Cuba.<\/p>\n<p style=\"text-align: justify;\">Durante 5 anos deram seguimento ao plano e fortaleceram os la\u00e7os de irmandade entre eles, at\u00e9 que o servi\u00e7o de intelig\u00eancia militar descobriu o plano. O ano de 1972 foi crucial, e marcou o in\u00edcio do fim.\u00a0Os militares prenderam, interrogaram e torturaram alguns militantes que haviam desistido da guerrilha. Assim, chegaram aos nomes,\u00a0localiza\u00e7\u00e3o e objetivos do grupo.<\/p>\n<p style=\"text-align: justify;\">Em 3 grandes opera\u00e7\u00f5es (papagaio, sucuri e marajoara), cerca de 5 mil militares se envolveram de alguma forma no combate aos guerrilheiros.\u00a0O exterm\u00ednio dos combatentes rebeldes era primordial para debelar o problema, al\u00e9m de\u00a0desestimular outras tentativas.<\/p>\n<div id=\"attachment_9052\" style=\"width: 310px\" class=\"wp-caption aligncenter\"><a href=\"https:\/\/clebinho.pro.br\/wp\/wp-content\/uploads\/2017\/05\/0_materi.jpg\"><img loading=\"lazy\" decoding=\"async\" aria-describedby=\"caption-attachment-9052\" class=\"wp-image-9052 size-medium\" src=\"https:\/\/clebinho.pro.br\/wp\/wp-content\/uploads\/2017\/05\/0_materi-300x206.jpg\" alt=\"0_materi\" width=\"300\" height=\"206\" srcset=\"https:\/\/www.clebinho.pro.br\/wp\/wp-content\/uploads\/2017\/05\/0_materi-300x206.jpg 300w, https:\/\/www.clebinho.pro.br\/wp\/wp-content\/uploads\/2017\/05\/0_materi.jpg 960w\" sizes=\"(max-width: 300px) 100vw, 300px\" \/><\/a><p id=\"caption-attachment-9052\" class=\"wp-caption-text\">Comboio de militares brasileiros chegando na regi\u00e3o do\u00a0Araguaia. Saiba mais em <a href=\"http:\/\/infograficos.estadao.com.br\/especiais\/comissao-da-verdade\/a-guerrilha.html\" target=\"_blank\" rel=\"noopener\">Estad\u00e3o\/Comiss\u00e3o da verdade.<\/a><\/p><\/div>\n<p>.<\/p>\n<p style=\"text-align: justify;\">A primeira incurs\u00e3o foi na for\u00e7a bruta. Militares entraram na selva com seus armamentos e ve\u00edculos pesados, mas n\u00e3o conseguiram vencer os guerrilheiros, j\u00e1 bastante familiarizados com a regi\u00e3o. A derrota mudou os planos\u00a0dos comandantes, que passaram\u00a0a dan\u00e7ar conforme a m\u00fasica, infiltrando agentes na regi\u00e3o, transfigurados de agr\u00f4nomos, investidores rurais ou qualquer outra dissimula\u00e7\u00e3o.<\/p>\n<p style=\"text-align: justify;\">Dinheiro correspondente a compra de um bom terreno era dado ao caboclo local que denunciasse a localiza\u00e7\u00e3o de algum guerrilheiro. Tamb\u00e9m espalharam que os guerrilheiros eram bandidos, terroristas russos e cubanos tentando dominar o Brasil. Muitos locais foram presos por suspeita de ajuda ao movimento. Torturados, eram for\u00e7ados\u00a0a delatar o que sabiam. O uso massivo de militares,\u00a0e tamb\u00e9m de m\u00e9todos\u00a0n\u00e3o convencionais, foram sufocando a guerrilha.<\/p>\n<div id=\"attachment_9055\" style=\"width: 310px\" class=\"wp-caption aligncenter\"><a href=\"https:\/\/clebinho.pro.br\/wp\/wp-content\/uploads\/2017\/05\/Guerrilha-do-Araguaia-1.jpg\"><img loading=\"lazy\" decoding=\"async\" aria-describedby=\"caption-attachment-9055\" class=\"wp-image-9055 size-medium\" src=\"https:\/\/clebinho.pro.br\/wp\/wp-content\/uploads\/2017\/05\/Guerrilha-do-Araguaia-1-300x178.jpg\" alt=\"Guerrilha-do-Araguaia-1\" width=\"300\" height=\"178\" srcset=\"https:\/\/www.clebinho.pro.br\/wp\/wp-content\/uploads\/2017\/05\/Guerrilha-do-Araguaia-1-300x178.jpg 300w, https:\/\/www.clebinho.pro.br\/wp\/wp-content\/uploads\/2017\/05\/Guerrilha-do-Araguaia-1-1024x609.jpg 1024w, https:\/\/www.clebinho.pro.br\/wp\/wp-content\/uploads\/2017\/05\/Guerrilha-do-Araguaia-1.jpg 1346w\" sizes=\"(max-width: 300px) 100vw, 300px\" \/><\/a><p id=\"caption-attachment-9055\" class=\"wp-caption-text\">Militares brasileiros na regi\u00e3o do Araguaia. O ex\u00e9rcito n\u00e3o poupou esfor\u00e7os para resolver o problema. Imagem: Internet<\/p><\/div>\n<p>.<\/p>\n<p style=\"text-align: justify;\">Os insurgentes n\u00e3o tiveram a menor chance contra tanques, avi\u00f5es, fuzis, milhares de homens, dinheiro e todo aparato estatal. \u00a0Ao final de 1974, a maioria dos revolucion\u00e1rios j\u00e1 havia sido morta, 41 ap\u00f3s a pris\u00e3o, executados.\u00a0A imprensa, censurada pela ditadura, s\u00f3 noticiou o caso depois do ocorrido.<\/p>\n<p style=\"text-align: justify;\">Entre mortos em combate e presos assassinados, 70 corpos nunca foram encontrados. At\u00e9 os dias de hoje fam\u00edlias buscam esses restos mortais para darem um fim digno a seus parentes. Em 2014, a Comiss\u00e3o da Verdade divulgou um depoimento de um sargento dizendo que somente o Major Curi\u00f3, refer\u00eancia no combate aos rebeldes, saberia dizer\u00a0onde estavam os corpos. Por\u00e9m, o militar sequer foi a audi\u00eancia. \u00a0Leia mais no site do <a href=\"https:\/\/oglobo.globo.com\/brasil\/para-sargento-unica-pessoa-que-poderia-achar-corpos-da-guerrilha-do-araguaia-o-major-curio-13576694\" target=\"_blank\" rel=\"noopener\">jornal O Globo.<\/a><\/p>\n<div id=\"attachment_9056\" style=\"width: 310px\" class=\"wp-caption aligncenter\"><a href=\"https:\/\/clebinho.pro.br\/wp\/wp-content\/uploads\/2017\/05\/Guerrilha-do-Araguaia-2.jpg\"><img loading=\"lazy\" decoding=\"async\" aria-describedby=\"caption-attachment-9056\" class=\"wp-image-9056 size-medium\" src=\"https:\/\/clebinho.pro.br\/wp\/wp-content\/uploads\/2017\/05\/Guerrilha-do-Araguaia-2-300x213.jpg\" alt=\"Guerrilha-do-Araguaia-2\" width=\"300\" height=\"213\" srcset=\"https:\/\/www.clebinho.pro.br\/wp\/wp-content\/uploads\/2017\/05\/Guerrilha-do-Araguaia-2-300x213.jpg 300w, https:\/\/www.clebinho.pro.br\/wp\/wp-content\/uploads\/2017\/05\/Guerrilha-do-Araguaia-2-1024x726.jpg 1024w, https:\/\/www.clebinho.pro.br\/wp\/wp-content\/uploads\/2017\/05\/Guerrilha-do-Araguaia-2.jpg 1414w\" sizes=\"(max-width: 300px) 100vw, 300px\" \/><\/a><p id=\"caption-attachment-9056\" class=\"wp-caption-text\">Militares observando os corpos de alguns guerrilheiros mortos. Imagem: Internet<\/p><\/div>\n<p>.<\/p>\n<p style=\"text-align: justify;\">Para sermos justos com todas as fam\u00edlias envolvidas, n\u00e3o podemos deixar de lembrar que cerca de 20 militares\u00a0brasileiros tamb\u00e9m foram mortos pela guerrilha, causando dor e sofrimento a seus parentes.<\/p>\n<p style=\"text-align: justify;\">Para os jovens de hoje, a Guerrilha do Araguaia pode parecer uma grande insanidade. Mas naquele per\u00edodo da hist\u00f3ria, para alguns militantes de esquerda, \u00a0era\u00a0\u00fanica sa\u00edda encontrada para se opor ao regime. Nessa mesma \u00f3tica de levante comunista, surgiram as FARC na florestas colombianas e o\u00a0Sendero Luminoso no Peru.<\/p>\n<p style=\"text-align: justify;\">A\u00a0lista com todos os guerrilheiros\u00a0do Araguaia est\u00e1 dispon\u00edvel no site <a href=\"https:\/\/pt.wikipedia.org\/wiki\/Lista_de_guerrilheiros_do_Araguaia\" target=\"_blank\" rel=\"noopener\">Wikip\u00e9dia, confiram.<\/a>\u00a0\u00c9 interessante ver a hist\u00f3ria de vida de cada um. Em 2014, foi lan\u00e7ado um filme contando a hist\u00f3ria do mineiro\u00a0Osvaldo Orlando da Costa, l\u00edder da guerrilha que se tornou mito na regi\u00e3o.<\/p>\n<div id=\"attachment_9218\" style=\"width: 212px\" class=\"wp-caption aligncenter\"><a href=\"https:\/\/clebinho.pro.br\/wp\/wp-content\/uploads\/2017\/05\/281718.jpg\"><img loading=\"lazy\" decoding=\"async\" aria-describedby=\"caption-attachment-9218\" class=\"wp-image-9218 size-medium\" src=\"https:\/\/clebinho.pro.br\/wp\/wp-content\/uploads\/2017\/05\/281718-202x300.jpg\" alt=\"281718\" width=\"202\" height=\"300\" srcset=\"https:\/\/www.clebinho.pro.br\/wp\/wp-content\/uploads\/2017\/05\/281718-202x300.jpg 202w, https:\/\/www.clebinho.pro.br\/wp\/wp-content\/uploads\/2017\/05\/281718-688x1024.jpg 688w, https:\/\/www.clebinho.pro.br\/wp\/wp-content\/uploads\/2017\/05\/281718.jpg 806w\" sizes=\"(max-width: 202px) 100vw, 202px\" \/><\/a><p id=\"caption-attachment-9218\" class=\"wp-caption-text\">Confira a sinopse do filme no site <a href=\"http:\/\/www.adorocinema.com\/filmes\/filme-232157\/\" target=\"_blank\" rel=\"noopener\">Adoro Cinema<\/a>.<\/p><\/div>\n<p>.<\/p>\n<p style=\"text-align: justify;\"><span style=\"color: #ff0000;\"><strong>Outras Guerrilhas<\/strong><\/span><\/p>\n<p style=\"text-align: justify;\">Outros movimentos guerrilheiros tentaram se instalar no Brasil, mas foram irrelevantes ou pouco fizeram.<\/p>\n<p style=\"text-align: justify;\">Em mar\u00e7o de 1965 um grupo de 23 combatentes tomou um quartel da pol\u00edcia (brigada no RS) e um pres\u00eddio. A ideia era tomar v\u00e1rios quart\u00e9is do ex\u00e9rcito e iniciar um levante contra o governo. Invadiram uma r\u00e1dio e de l\u00e1 fizeram um discurso conclamando a popula\u00e7\u00e3o a luta armada. Em 3 dias foram cercados e presos pelos militares. O grupo ficou conhecido como A <strong>Guerrilha de Tr\u00eas Passos, <\/strong>nome da cidade ga\u00facha onde ocorreu o fato.<\/p>\n<p style=\"text-align: justify;\">Entre 1966 e 1967 um grupo de ex-militares iniciou um movimento de guerrilha na divisa de Minas Gerais com o Esp\u00edrito Santo. Inicialmente, contaram com algum apoio financeiro cubano, que depois cessou, deixando os guerrilheiros completamente a merc\u00ea do gelado clima local. Com fome e doentes, foram facilmente localizados e presos pela policia mineira. Ficaram conhecidos como a <strong>Guerrilha do Capara\u00f3, <\/strong>serra onde se desenvolveram\u00a0os fatos.<\/p>\n<div id=\"attachment_9057\" style=\"width: 310px\" class=\"wp-caption aligncenter\"><a href=\"https:\/\/clebinho.pro.br\/wp\/wp-content\/uploads\/2017\/05\/20140325073441630819i.jpg\"><img loading=\"lazy\" decoding=\"async\" aria-describedby=\"caption-attachment-9057\" class=\"wp-image-9057 size-medium\" src=\"https:\/\/clebinho.pro.br\/wp\/wp-content\/uploads\/2017\/05\/20140325073441630819i-300x150.jpg\" alt=\"20140325073441630819i\" width=\"300\" height=\"150\" srcset=\"https:\/\/www.clebinho.pro.br\/wp\/wp-content\/uploads\/2017\/05\/20140325073441630819i-300x150.jpg 300w, https:\/\/www.clebinho.pro.br\/wp\/wp-content\/uploads\/2017\/05\/20140325073441630819i.jpg 620w\" sizes=\"(max-width: 300px) 100vw, 300px\" \/><\/a><p id=\"caption-attachment-9057\" class=\"wp-caption-text\">Foto do momento em que os guerrilheiros do Capara\u00f3 foram apresentados a imprensa. Imagem: Internet<\/p><\/div>\n<p>.<\/p>\n<p style=\"text-align: justify;\">Interessante lembrar que ap\u00f3s a pris\u00e3o dos guerrilheiros\u00a0foi mobilizado um grande aparato militar na regi\u00e3o. Fizeram uma incurs\u00e3o cinematogr\u00e1fica na serra, usando avi\u00f5es e tanques. Foi\u00a0uma demonstra\u00e7\u00e3o de for\u00e7a completamente desnecess\u00e1ria, j\u00e1 que ningu\u00e9m mais foi encontrado.<\/p>\n<p style=\"text-align: justify;\">Her\u00f3is para uns, subversivos\u00a0para outros, esses homens e mulheres constru\u00edram uma p\u00e1gina na hist\u00f3ria do Brasil.<\/p>\n<p style=\"text-align: justify;\"><span style=\"color: #000000;\"><strong>Espero ter aum<\/strong><\/span><strong><span style=\"color: #000000;\">entado seu conhecimento. Curta nossa p\u00e1gina<\/span><a href=\"https:\/\/www.facebook.com\/pages\/Clebinho\/1551769148421187?ref=settings\" target=\"_blank\" rel=\"noopener\"> no Facebook <\/a><span style=\"color: #000000;\">e compartilhe nosso texto! Abra\u00e7o do Clebinho!<\/span><\/strong><\/p>\n<p style=\"text-align: justify;\"><span style=\"color: #000000;\">Publicado em 15.05.2017<\/span><\/p>\n<p>&nbsp;<\/p>\n","protected":false},"excerpt":{"rendered":"<p>A Ditadura Militar foi um per\u00edodo sombrio de nossa hist\u00f3ria, quando analisadas\u00a0as liberdades individuais. Com\u00a0in\u00edcio em 1964, como mostrado em nosso texto anterior, se estendeu at\u00e9 1985. Foi uma \u00e9poca\u00a0muito vasta e bastante heterog\u00eanea. Tivemos momento de grande repress\u00e3o, como no governo M\u00e9dici, assim como a distens\u00e3o dos governos posteriores. Tivemos grande crescimento econ\u00f4mico, durante [&hellip;]<\/p>\n","protected":false},"author":2,"featured_media":9050,"comment_status":"open","ping_status":"open","sticky":false,"template":"","format":"standard","meta":{"footnotes":""},"categories":[71,1,4,81,5,3,140],"tags":[833,1231,444,904,341,613,1471,920,1499,1483,1481,913,1482,370],"yoast_head":"<!-- This site is optimized with the Yoast SEO plugin v20.3 - https:\/\/yoast.com\/wordpress\/plugins\/seo\/ -->\n<title>163. Guerrilha do Araguaia - 1967-1974 - Blog do Professor Clebinho<\/title>\n<meta name=\"robots\" content=\"index, follow, max-snippet:-1, max-image-preview:large, max-video-preview:-1\" \/>\n<link rel=\"canonical\" href=\"https:\/\/www.clebinho.pro.br\/wp\/?p=9010\" \/>\n<meta property=\"og:locale\" content=\"pt_BR\" \/>\n<meta property=\"og:type\" content=\"article\" \/>\n<meta property=\"og:title\" content=\"163. Guerrilha do Araguaia - 1967-1974 - Blog do Professor Clebinho\" \/>\n<meta property=\"og:description\" content=\"A Ditadura Militar foi um per\u00edodo sombrio de nossa hist\u00f3ria, quando analisadas\u00a0as liberdades individuais. Com\u00a0in\u00edcio em 1964, como mostrado em nosso texto anterior, se estendeu at\u00e9 1985. Foi uma \u00e9poca\u00a0muito vasta e bastante heterog\u00eanea. Tivemos momento de grande repress\u00e3o, como no governo M\u00e9dici, assim como a distens\u00e3o dos governos posteriores. Tivemos grande crescimento econ\u00f4mico, durante [&hellip;]\" \/>\n<meta property=\"og:url\" content=\"https:\/\/www.clebinho.pro.br\/wp\/?p=9010\" \/>\n<meta property=\"og:site_name\" content=\"Blog do Professor Clebinho\" \/>\n<meta property=\"article:published_time\" content=\"2017-05-15T13:28:32+00:00\" \/>\n<meta property=\"article:modified_time\" content=\"2018-05-24T11:01:07+00:00\" \/>\n<meta property=\"og:image\" content=\"https:\/\/clebinho.pro.br\/wp\/wp-content\/uploads\/2017\/05\/0006-013618-_19970408.jpg\" \/>\n\t<meta property=\"og:image:width\" content=\"940\" \/>\n\t<meta property=\"og:image:height\" content=\"504\" \/>\n\t<meta property=\"og:image:type\" content=\"image\/jpeg\" \/>\n<meta name=\"author\" content=\"Professor Clebinho\" \/>\n<meta name=\"twitter:card\" content=\"summary_large_image\" \/>\n<meta name=\"twitter:label1\" content=\"Escrito por\" \/>\n\t<meta name=\"twitter:data1\" content=\"Professor Clebinho\" \/>\n\t<meta name=\"twitter:label2\" content=\"Est. tempo de leitura\" \/>\n\t<meta name=\"twitter:data2\" content=\"6 minutos\" \/>\n<script type=\"application\/ld+json\" class=\"yoast-schema-graph\">{\"@context\":\"https:\/\/schema.org\",\"@graph\":[{\"@type\":\"WebPage\",\"@id\":\"https:\/\/www.clebinho.pro.br\/wp\/?p=9010\",\"url\":\"https:\/\/www.clebinho.pro.br\/wp\/?p=9010\",\"name\":\"163. Guerrilha do Araguaia - 1967-1974 - Blog do Professor Clebinho\",\"isPartOf\":{\"@id\":\"https:\/\/www.clebinho.pro.br\/wp\/#website\"},\"datePublished\":\"2017-05-15T13:28:32+00:00\",\"dateModified\":\"2018-05-24T11:01:07+00:00\",\"author\":{\"@id\":\"https:\/\/www.clebinho.pro.br\/wp\/#\/schema\/person\/73417286de03a1ad762ac7d8ca8c6b77\"},\"breadcrumb\":{\"@id\":\"https:\/\/www.clebinho.pro.br\/wp\/?p=9010#breadcrumb\"},\"inLanguage\":\"pt-BR\",\"potentialAction\":[{\"@type\":\"ReadAction\",\"target\":[\"https:\/\/www.clebinho.pro.br\/wp\/?p=9010\"]}]},{\"@type\":\"BreadcrumbList\",\"@id\":\"https:\/\/www.clebinho.pro.br\/wp\/?p=9010#breadcrumb\",\"itemListElement\":[{\"@type\":\"ListItem\",\"position\":1,\"name\":\"In\u00edcio\",\"item\":\"https:\/\/www.clebinho.pro.br\/wp\"},{\"@type\":\"ListItem\",\"position\":2,\"name\":\"163. Guerrilha do Araguaia &#8211; 1967-1974\"}]},{\"@type\":\"WebSite\",\"@id\":\"https:\/\/www.clebinho.pro.br\/wp\/#website\",\"url\":\"https:\/\/www.clebinho.pro.br\/wp\/\",\"name\":\"Blog do Professor Clebinho\",\"description\":\"Um espa\u00e7o virtual privilegiado oferecido pelo professor Clebinho, seus alunos, ex-alunos e demais interessados no debate de atualidades, hist\u00f3ria, geografia, geopolitica e meio ambiente\",\"potentialAction\":[{\"@type\":\"SearchAction\",\"target\":{\"@type\":\"EntryPoint\",\"urlTemplate\":\"https:\/\/www.clebinho.pro.br\/wp\/?s={search_term_string}\"},\"query-input\":\"required name=search_term_string\"}],\"inLanguage\":\"pt-BR\"},{\"@type\":\"Person\",\"@id\":\"https:\/\/www.clebinho.pro.br\/wp\/#\/schema\/person\/73417286de03a1ad762ac7d8ca8c6b77\",\"name\":\"Professor Clebinho\",\"image\":{\"@type\":\"ImageObject\",\"inLanguage\":\"pt-BR\",\"@id\":\"https:\/\/www.clebinho.pro.br\/wp\/#\/schema\/person\/image\/\",\"url\":\"https:\/\/secure.gravatar.com\/avatar\/bb922115afcbfb086f9c52d1dd4a20fa?s=96&d=mm&r=g\",\"contentUrl\":\"https:\/\/secure.gravatar.com\/avatar\/bb922115afcbfb086f9c52d1dd4a20fa?s=96&d=mm&r=g\",\"caption\":\"Professor Clebinho\"},\"sameAs\":[\"https:\/\/www.clebinho.pro.br\/wp\"],\"url\":\"https:\/\/www.clebinho.pro.br\/wp\/?author=2\"}]}<\/script>\n<!-- \/ Yoast SEO plugin. -->","yoast_head_json":{"title":"163. Guerrilha do Araguaia - 1967-1974 - Blog do Professor Clebinho","robots":{"index":"index","follow":"follow","max-snippet":"max-snippet:-1","max-image-preview":"max-image-preview:large","max-video-preview":"max-video-preview:-1"},"canonical":"https:\/\/www.clebinho.pro.br\/wp\/?p=9010","og_locale":"pt_BR","og_type":"article","og_title":"163. Guerrilha do Araguaia - 1967-1974 - Blog do Professor Clebinho","og_description":"A Ditadura Militar foi um per\u00edodo sombrio de nossa hist\u00f3ria, quando analisadas\u00a0as liberdades individuais. Com\u00a0in\u00edcio em 1964, como mostrado em nosso texto anterior, se estendeu at\u00e9 1985. Foi uma \u00e9poca\u00a0muito vasta e bastante heterog\u00eanea. Tivemos momento de grande repress\u00e3o, como no governo M\u00e9dici, assim como a distens\u00e3o dos governos posteriores. Tivemos grande crescimento econ\u00f4mico, durante [&hellip;]","og_url":"https:\/\/www.clebinho.pro.br\/wp\/?p=9010","og_site_name":"Blog do Professor Clebinho","article_published_time":"2017-05-15T13:28:32+00:00","article_modified_time":"2018-05-24T11:01:07+00:00","og_image":[{"width":940,"height":504,"url":"https:\/\/clebinho.pro.br\/wp\/wp-content\/uploads\/2017\/05\/0006-013618-_19970408.jpg","type":"image\/jpeg"}],"author":"Professor Clebinho","twitter_card":"summary_large_image","twitter_misc":{"Escrito por":"Professor Clebinho","Est. tempo de leitura":"6 minutos"},"schema":{"@context":"https:\/\/schema.org","@graph":[{"@type":"WebPage","@id":"https:\/\/www.clebinho.pro.br\/wp\/?p=9010","url":"https:\/\/www.clebinho.pro.br\/wp\/?p=9010","name":"163. Guerrilha do Araguaia - 1967-1974 - Blog do Professor Clebinho","isPartOf":{"@id":"https:\/\/www.clebinho.pro.br\/wp\/#website"},"datePublished":"2017-05-15T13:28:32+00:00","dateModified":"2018-05-24T11:01:07+00:00","author":{"@id":"https:\/\/www.clebinho.pro.br\/wp\/#\/schema\/person\/73417286de03a1ad762ac7d8ca8c6b77"},"breadcrumb":{"@id":"https:\/\/www.clebinho.pro.br\/wp\/?p=9010#breadcrumb"},"inLanguage":"pt-BR","potentialAction":[{"@type":"ReadAction","target":["https:\/\/www.clebinho.pro.br\/wp\/?p=9010"]}]},{"@type":"BreadcrumbList","@id":"https:\/\/www.clebinho.pro.br\/wp\/?p=9010#breadcrumb","itemListElement":[{"@type":"ListItem","position":1,"name":"In\u00edcio","item":"https:\/\/www.clebinho.pro.br\/wp"},{"@type":"ListItem","position":2,"name":"163. Guerrilha do Araguaia &#8211; 1967-1974"}]},{"@type":"WebSite","@id":"https:\/\/www.clebinho.pro.br\/wp\/#website","url":"https:\/\/www.clebinho.pro.br\/wp\/","name":"Blog do Professor Clebinho","description":"Um espa\u00e7o virtual privilegiado oferecido pelo professor Clebinho, seus alunos, ex-alunos e demais interessados no debate de atualidades, hist\u00f3ria, geografia, geopolitica e meio ambiente","potentialAction":[{"@type":"SearchAction","target":{"@type":"EntryPoint","urlTemplate":"https:\/\/www.clebinho.pro.br\/wp\/?s={search_term_string}"},"query-input":"required name=search_term_string"}],"inLanguage":"pt-BR"},{"@type":"Person","@id":"https:\/\/www.clebinho.pro.br\/wp\/#\/schema\/person\/73417286de03a1ad762ac7d8ca8c6b77","name":"Professor Clebinho","image":{"@type":"ImageObject","inLanguage":"pt-BR","@id":"https:\/\/www.clebinho.pro.br\/wp\/#\/schema\/person\/image\/","url":"https:\/\/secure.gravatar.com\/avatar\/bb922115afcbfb086f9c52d1dd4a20fa?s=96&d=mm&r=g","contentUrl":"https:\/\/secure.gravatar.com\/avatar\/bb922115afcbfb086f9c52d1dd4a20fa?s=96&d=mm&r=g","caption":"Professor Clebinho"},"sameAs":["https:\/\/www.clebinho.pro.br\/wp"],"url":"https:\/\/www.clebinho.pro.br\/wp\/?author=2"}]}},"_links":{"self":[{"href":"https:\/\/www.clebinho.pro.br\/wp\/index.php?rest_route=\/wp\/v2\/posts\/9010"}],"collection":[{"href":"https:\/\/www.clebinho.pro.br\/wp\/index.php?rest_route=\/wp\/v2\/posts"}],"about":[{"href":"https:\/\/www.clebinho.pro.br\/wp\/index.php?rest_route=\/wp\/v2\/types\/post"}],"author":[{"embeddable":true,"href":"https:\/\/www.clebinho.pro.br\/wp\/index.php?rest_route=\/wp\/v2\/users\/2"}],"replies":[{"embeddable":true,"href":"https:\/\/www.clebinho.pro.br\/wp\/index.php?rest_route=%2Fwp%2Fv2%2Fcomments&post=9010"}],"version-history":[{"count":78,"href":"https:\/\/www.clebinho.pro.br\/wp\/index.php?rest_route=\/wp\/v2\/posts\/9010\/revisions"}],"predecessor-version":[{"id":12997,"href":"https:\/\/www.clebinho.pro.br\/wp\/index.php?rest_route=\/wp\/v2\/posts\/9010\/revisions\/12997"}],"wp:featuredmedia":[{"embeddable":true,"href":"https:\/\/www.clebinho.pro.br\/wp\/index.php?rest_route=\/wp\/v2\/media\/9050"}],"wp:attachment":[{"href":"https:\/\/www.clebinho.pro.br\/wp\/index.php?rest_route=%2Fwp%2Fv2%2Fmedia&parent=9010"}],"wp:term":[{"taxonomy":"category","embeddable":true,"href":"https:\/\/www.clebinho.pro.br\/wp\/index.php?rest_route=%2Fwp%2Fv2%2Fcategories&post=9010"},{"taxonomy":"post_tag","embeddable":true,"href":"https:\/\/www.clebinho.pro.br\/wp\/index.php?rest_route=%2Fwp%2Fv2%2Ftags&post=9010"}],"curies":[{"name":"wp","href":"https:\/\/api.w.org\/{rel}","templated":true}]}}